{"id":78682,"date":"2024-03-19T07:03:50","date_gmt":"2024-03-19T11:03:50","guid":{"rendered":"https:\/\/lasprimeras.com.do\/?p=78682"},"modified":"2024-03-19T07:03:51","modified_gmt":"2024-03-19T11:03:51","slug":"ue-aprueba-el-nuevo-fondo-de-apoyo-militar-a-ucrania","status":"publish","type":"post","link":"https:\/\/lasprimeras.com.do\/index.php\/2024\/03\/19\/ue-aprueba-el-nuevo-fondo-de-apoyo-militar-a-ucrania\/","title":{"rendered":"UE aprueba el nuevo fondo de apoyo militar a Ucrania"},"content":{"rendered":"\n<p>Mosc\u00fa.-Los ministros de Exteriores de la Uni\u00f3n Europea (UE) aprobaron formalmente ayer el fondo espec\u00edfico de apoyo militar a Ucrania de 5.000 millones de euros para este a\u00f1o, tras el acuerdo pol\u00edtico que los embajadores de los Veintisiete alcanzaron la semana pasada.<\/p>\n\n\n\n<p>El denominado Fondo de Asistencia a Ucrania, de 5.000 millones, se incluye en el Fondo Europeo de Apoyo a la Paz (FEAP), a trav\u00e9s del que los Estados miembros han estado cofinanciando la entrega de equipos letales y no letales a Ucrania desde el inicio de la invasi\u00f3n rusa.<\/p>\n\n\n\n<p>El Consejo de la UE, que re\u00fane a los Estados miembros, indic\u00f3 en un comunicado que el nuevo fondo de 5.000 millones de euros \u201cpermitir\u00e1 a la UE apoyar m\u00e1s las necesidades en evoluci\u00f3n de las fuerzas armadas ucranianas mediante el suministro de equipamiento militar letal y no letal, y de entrenamiento\u201d.<\/p>\n\n\n\n<p>El fondo dedicar\u00e1 500 millones de euros a la misi\u00f3n de formaci\u00f3n de militares ucranianos, 1.000 millones a las adquisiciones conjuntas de armas para Ucrania en empresas de la UE y Noruega -con flexibilidad para comprarlas fuera si no hubiera disponibilidad a corto plazo- y 3.500 millones para entregas de equipos en los arsenales o compras unilaterales.<\/p>\n","protected":false},"excerpt":{"rendered":"<p>Mosc\u00fa.-Los ministros de Exteriores de la Uni\u00f3n Europea (UE) aprobaron formalmente ayer el fondo espec\u00edfico de apoyo militar a Ucrania de 5.000 millones de euros para este a\u00f1o, tras el&hellip;<\/p>\n","protected":false},"author":3,"featured_media":78684,"comment_status":"open","ping_status":"open","sticky":false,"template":"","format":"standard","meta":{"content-type":"","jetpack_post_was_ever_published":false,"_jetpack_newsletter_access":"","_jetpack_dont_email_post_to_subs":false,"_jetpack_newsletter_tier_id":0,"_jetpack_memberships_contains_paywalled_content":false,"_jetpack_memberships_contains_paid_content":false,"footnotes":""},"categories":[1],"tags":[1108],"class_list":["post-78682","post","type-post","status-publish","format-standard","has-post-thumbnail","hentry","category-sin-categoria","tag-ucrania"],"jetpack_featured_media_url":"https:\/\/lasprimeras.com.do\/wp-content\/uploads\/2024\/03\/13_Glo-1p01-1.jpg","jetpack-related-posts":[{"id":113520,"url":"https:\/\/lasprimeras.com.do\/index.php\/2025\/11\/03\/ue-destina-215-millones-a-venezuela-y-haiti-por-la-crisis-humanitaria-y-al-caribe-por-el-huracan-melissa\/","url_meta":{"origin":78682,"position":0},"title":"UE destina 21,5 millones a Venezuela y Hait\u00ed por la crisis humanitaria y al Caribe por el hurac\u00e1n Melissa","author":"Nelson Feliz","date":"3 de noviembre de 2025","format":false,"excerpt":"Bruselas.- La Uni\u00f3n Europea (UE) anunci\u00f3 este lunes la asignaci\u00f3n de otros 21,5 millones de euros ante el agravamiento de la crisis humanitaria en Venezuela y Hait\u00ed y a pa\u00edses del Caribe afectados por el paso del hurac\u00e1n Melissa. La financiaci\u00f3n ayudar\u00e1 a los socios humanitarios de la UE a\u2026","rel":"","context":"En \u00abECONOM\u00cdA\u00bb","block_context":{"text":"ECONOM\u00cdA","link":"https:\/\/lasprimeras.com.do\/index.php\/category\/economia\/"},"img":{"alt_text":"","src":"https:\/\/i0.wp.com\/lasprimeras.com.do\/wp-content\/uploads\/2025\/11\/Diseno-sin-titulo-2.jpg?resize=350%2C200&ssl=1","width":350,"height":200,"srcset":"https:\/\/i0.wp.com\/lasprimeras.com.do\/wp-content\/uploads\/2025\/11\/Diseno-sin-titulo-2.jpg?resize=350%2C200&ssl=1 1x, https:\/\/i0.wp.com\/lasprimeras.com.do\/wp-content\/uploads\/2025\/11\/Diseno-sin-titulo-2.jpg?resize=525%2C300&ssl=1 1.5x, https:\/\/i0.wp.com\/lasprimeras.com.do\/wp-content\/uploads\/2025\/11\/Diseno-sin-titulo-2.jpg?resize=700%2C400&ssl=1 2x"},"classes":[]},{"id":84728,"url":"https:\/\/lasprimeras.com.do\/index.php\/2024\/06\/14\/la-otan-aprueba-un-plan-para-acelerar-ayuda-de-seguridad-y-el-entrenamiento-a-ucrania\/","url_meta":{"origin":78682,"position":1},"title":"La OTAN aprueba un plan para acelerar ayuda de seguridad y el entrenamiento a Ucrania","author":"Nelson Feliz","date":"14 de junio de 2024","format":false,"excerpt":"POR LORNE COOK BRUSELAS (AP) \u2014 Los ministros de defensa de la OTAN aprobaron el viernes un plan para brindar ayuda de seguridad confiable a largo plazo y entrenamiento militar a Ucrania despu\u00e9s de que demoras en las entregas occidentales de fondos, armas y municiones ayudaron a las fuerzas invasoras\u2026","rel":"","context":"En \u00abSin categor\u00eda\u00bb","block_context":{"text":"Sin categor\u00eda","link":"https:\/\/lasprimeras.com.do\/index.php\/category\/sin-categoria\/"},"img":{"alt_text":"","src":"https:\/\/i0.wp.com\/lasprimeras.com.do\/wp-content\/uploads\/2024\/06\/AYUDA.jpg?resize=350%2C200&ssl=1","width":350,"height":200,"srcset":"https:\/\/i0.wp.com\/lasprimeras.com.do\/wp-content\/uploads\/2024\/06\/AYUDA.jpg?resize=350%2C200&ssl=1 1x, https:\/\/i0.wp.com\/lasprimeras.com.do\/wp-content\/uploads\/2024\/06\/AYUDA.jpg?resize=525%2C300&ssl=1 1.5x, https:\/\/i0.wp.com\/lasprimeras.com.do\/wp-content\/uploads\/2024\/06\/AYUDA.jpg?resize=700%2C400&ssl=1 2x"},"classes":[]},{"id":114367,"url":"https:\/\/lasprimeras.com.do\/index.php\/2025\/11\/13\/el-jefe-del-ejercito-ucraniano-visita-ciudad-sitiada-mientras-zelenskyy-enfrenta-un-escandalo\/","url_meta":{"origin":78682,"position":2},"title":"El jefe del ej\u00e9rcito ucraniano visita ciudad sitiada mientras Zelenskyy enfrenta un esc\u00e1ndalo","author":"Nelson Feliz","date":"13 de noviembre de 2025","format":false,"excerpt":"POR ILLIA NOVIKOV KIEV, Ucrania (AP) \u2014 El principal comandante militar de Ucrania dijo el jueves que hab\u00eda visitado a las tropas que mantienen la l\u00ednea del frente en una ciudad oriental clave asediada por las fuerzas rusas, mientras el presidente ucraniano, Volodymyr Zelenskyy, lidiaba con las consecuencias de un\u2026","rel":"","context":"En \u00abINTERNACIONALES\u00bb","block_context":{"text":"INTERNACIONALES","link":"https:\/\/lasprimeras.com.do\/index.php\/category\/sin-categoria\/internacionales\/"},"img":{"alt_text":"","src":"https:\/\/i0.wp.com\/lasprimeras.com.do\/wp-content\/uploads\/2025\/11\/Volodymyr-Zelenskyy.jpg?resize=350%2C200&ssl=1","width":350,"height":200,"srcset":"https:\/\/i0.wp.com\/lasprimeras.com.do\/wp-content\/uploads\/2025\/11\/Volodymyr-Zelenskyy.jpg?resize=350%2C200&ssl=1 1x, https:\/\/i0.wp.com\/lasprimeras.com.do\/wp-content\/uploads\/2025\/11\/Volodymyr-Zelenskyy.jpg?resize=525%2C300&ssl=1 1.5x, https:\/\/i0.wp.com\/lasprimeras.com.do\/wp-content\/uploads\/2025\/11\/Volodymyr-Zelenskyy.jpg?resize=700%2C400&ssl=1 2x"},"classes":[]},{"id":68284,"url":"https:\/\/lasprimeras.com.do\/index.php\/2023\/11\/23\/wsj-alemania-debe-elegir-entre-la-ayuda-a-ucrania-y-el-desarrollo-de-su-economia\/","url_meta":{"origin":78682,"position":3},"title":"WSJ: Alemania debe elegir entre la ayuda a Ucrania y el desarrollo de su econom\u00eda","author":"Nelson Feliz","date":"23 de noviembre de 2023","format":false,"excerpt":"El problema surge en medio de la congelaci\u00f3n del traspaso de dinero desde fondos no utilizados a proyectos energ\u00e9ticos y ecol\u00f3gicos. Alemania tiene que tomar una decisi\u00f3n sobre su rumbo pol\u00edtico en el futuro pr\u00f3ximo: seguir prestando ayuda financiera y militar a Ucrania en su conflicto con Rusia o invertir\u2026","rel":"","context":"En \u00abSin categor\u00eda\u00bb","block_context":{"text":"Sin categor\u00eda","link":"https:\/\/lasprimeras.com.do\/index.php\/category\/sin-categoria\/"},"img":{"alt_text":"","src":"https:\/\/i0.wp.com\/lasprimeras.com.do\/wp-content\/uploads\/2023\/11\/El-Reichstag-el-24-de-febrero-de-2023-en-Berlin-Alemania.jpg?resize=350%2C200&ssl=1","width":350,"height":200,"srcset":"https:\/\/i0.wp.com\/lasprimeras.com.do\/wp-content\/uploads\/2023\/11\/El-Reichstag-el-24-de-febrero-de-2023-en-Berlin-Alemania.jpg?resize=350%2C200&ssl=1 1x, https:\/\/i0.wp.com\/lasprimeras.com.do\/wp-content\/uploads\/2023\/11\/El-Reichstag-el-24-de-febrero-de-2023-en-Berlin-Alemania.jpg?resize=525%2C300&ssl=1 1.5x, https:\/\/i0.wp.com\/lasprimeras.com.do\/wp-content\/uploads\/2023\/11\/El-Reichstag-el-24-de-febrero-de-2023-en-Berlin-Alemania.jpg?resize=700%2C400&ssl=1 2x"},"classes":[]},{"id":92285,"url":"https:\/\/lasprimeras.com.do\/index.php\/2025\/01\/01\/termina-la-era-del-gas-ruso-barato-para-la-union-europea-al-detenerse-su-transito-por-ucrania\/","url_meta":{"origin":78682,"position":4},"title":"Termina la era del gas ruso barato para la Uni\u00f3n Europea al detenerse su tr\u00e1nsito por Ucrania","author":"Nelson Feliz","date":"1 de enero de 2025","format":false,"excerpt":"Nick Thorpe y Laura GozziT\u00edtulo del autor,BBC News El gas ruso ha dejado de fluir a los estados de la Uni\u00f3n Europea a trav\u00e9s de Ucrania despu\u00e9s de que expirara un convenio de cinco a\u00f1os, lo que marca el final de un acuerdo que dur\u00f3 d\u00e9cadas. El presidente ucraniano, Volodymyr\u2026","rel":"","context":"En \u00abINTERNACIONALES\u00bb","block_context":{"text":"INTERNACIONALES","link":"https:\/\/lasprimeras.com.do\/index.php\/category\/sin-categoria\/internacionales\/"},"img":{"alt_text":"","src":"https:\/\/i0.wp.com\/lasprimeras.com.do\/wp-content\/uploads\/2025\/01\/gas-ruso.jpg?resize=350%2C200&ssl=1","width":350,"height":200,"srcset":"https:\/\/i0.wp.com\/lasprimeras.com.do\/wp-content\/uploads\/2025\/01\/gas-ruso.jpg?resize=350%2C200&ssl=1 1x, https:\/\/i0.wp.com\/lasprimeras.com.do\/wp-content\/uploads\/2025\/01\/gas-ruso.jpg?resize=525%2C300&ssl=1 1.5x"},"classes":[]},{"id":126287,"url":"https:\/\/lasprimeras.com.do\/index.php\/2026\/03\/31\/diplomaticos-europeos-visitan-ucrania-en-el-4to-aniversario-de-la-tragedia-en-bucha\/","url_meta":{"origin":78682,"position":5},"title":"Diplom\u00e1ticos europeos visitan Ucrania en el 4to aniversario de la tragedia en Bucha","author":"Nelson Feliz","date":"31 de marzo de 2026","format":false,"excerpt":"POR LORNE COOK KIEV, Ucrania (AP) \u2014 Los principales diplom\u00e1ticos europeos visitaron Ucrania el martes para conmemorar el cuarto aniversario de las atrocidades cometidas en una localidad cercana a Kiev por las fuerzas invasoras de Rusia. Los esfuerzos encabezados por Estados Unidos para poner fin a la guerra est\u00e1n congelados\u2026","rel":"","context":"En \u00abINTERNACIONALES\u00bb","block_context":{"text":"INTERNACIONALES","link":"https:\/\/lasprimeras.com.do\/index.php\/category\/sin-categoria\/internacionales\/"},"img":{"alt_text":"","src":"https:\/\/i0.wp.com\/lasprimeras.com.do\/wp-content\/uploads\/2026\/03\/IGLE.jpg?resize=350%2C200&ssl=1","width":350,"height":200,"srcset":"https:\/\/i0.wp.com\/lasprimeras.com.do\/wp-content\/uploads\/2026\/03\/IGLE.jpg?resize=350%2C200&ssl=1 1x, https:\/\/i0.wp.com\/lasprimeras.com.do\/wp-content\/uploads\/2026\/03\/IGLE.jpg?resize=525%2C300&ssl=1 1.5x, https:\/\/i0.wp.com\/lasprimeras.com.do\/wp-content\/uploads\/2026\/03\/IGLE.jpg?resize=700%2C400&ssl=1 2x"},"classes":[]}],"jetpack_sharing_enabled":true,"_links":{"self":[{"href":"https:\/\/lasprimeras.com.do\/index.php\/wp-json\/wp\/v2\/posts\/78682","targetHints":{"allow":["GET"]}}],"collection":[{"href":"https:\/\/lasprimeras.com.do\/index.php\/wp-json\/wp\/v2\/posts"}],"about":[{"href":"https:\/\/lasprimeras.com.do\/index.php\/wp-json\/wp\/v2\/types\/post"}],"author":[{"embeddable":true,"href":"https:\/\/lasprimeras.com.do\/index.php\/wp-json\/wp\/v2\/users\/3"}],"replies":[{"embeddable":true,"href":"https:\/\/lasprimeras.com.do\/index.php\/wp-json\/wp\/v2\/comments?post=78682"}],"version-history":[{"count":1,"href":"https:\/\/lasprimeras.com.do\/index.php\/wp-json\/wp\/v2\/posts\/78682\/revisions"}],"predecessor-version":[{"id":78685,"href":"https:\/\/lasprimeras.com.do\/index.php\/wp-json\/wp\/v2\/posts\/78682\/revisions\/78685"}],"wp:featuredmedia":[{"embeddable":true,"href":"https:\/\/lasprimeras.com.do\/index.php\/wp-json\/wp\/v2\/media\/78684"}],"wp:attachment":[{"href":"https:\/\/lasprimeras.com.do\/index.php\/wp-json\/wp\/v2\/media?parent=78682"}],"wp:term":[{"taxonomy":"category","embeddable":true,"href":"https:\/\/lasprimeras.com.do\/index.php\/wp-json\/wp\/v2\/categories?post=78682"},{"taxonomy":"post_tag","embeddable":true,"href":"https:\/\/lasprimeras.com.do\/index.php\/wp-json\/wp\/v2\/tags?post=78682"}],"curies":[{"name":"wp","href":"https:\/\/api.w.org\/{rel}","templated":true}]}}