{"id":78691,"date":"2024-03-19T07:37:11","date_gmt":"2024-03-19T11:37:11","guid":{"rendered":"https:\/\/lasprimeras.com.do\/?p=78691"},"modified":"2024-03-19T07:37:12","modified_gmt":"2024-03-19T11:37:12","slug":"primarias-del-martes-incluyen-carrera-clave-por-el-senado-en-ohio-y-pistas-para-revancha-entre-biden-y-trump","status":"publish","type":"post","link":"https:\/\/lasprimeras.com.do\/index.php\/2024\/03\/19\/primarias-del-martes-incluyen-carrera-clave-por-el-senado-en-ohio-y-pistas-para-revancha-entre-biden-y-trump\/","title":{"rendered":"Primarias del martes incluyen carrera clave por el Senado en Ohio y pistas para revancha entre Biden y Trump"},"content":{"rendered":"\n<p>EE.UU.-Cinco estados celebrar\u00e1n primarias presidenciales el martes mientras el presidente Joe Biden y el expresidente Donald Trump contin\u00faan consiguiendo apoyo en todo el pa\u00eds despu\u00e9s de convertirse en los presuntos nominados de sus partidos.<\/p>\n\n\n\n<p>Se espera que Trump gane f\u00e1cilmente las primarias republicanas en Arizona, Florida, Illinois, Kansas y Ohio. Se espera que Biden haga lo mismo en todos esos estados excepto Florida, donde los dem\u00f3cratas cancelaron sus primarias y optaron por otorgarle sus 224 delegado. Esta no es una medida inusual para un partido con un titular en la Casa Blanca que busca la reelecci\u00f3n.<\/p>\n\n\n\n<p>Otras contiendas fuera de la presidencia podr\u00edan dar una idea del estado de \u00e1nimo pol\u00edtico nacional. Las primarias republicanas del Senado en Ohio enfrentan al empresario Bernie Moreno, respaldado por Trump, contra dos rivales, el secretario de Estado de Ohio, Frank Frank LaRose, y Matt Dolan, cuya familia es propietaria del equipo de b\u00e9isbol Cleveland Guardians.<\/p>\n","protected":false},"excerpt":{"rendered":"<p>EE.UU.-Cinco estados celebrar\u00e1n primarias presidenciales el martes mientras el presidente Joe Biden y el expresidente Donald Trump contin\u00faan consiguiendo apoyo en todo el pa\u00eds despu\u00e9s de convertirse en los presuntos&hellip;<\/p>\n","protected":false},"author":3,"featured_media":78692,"comment_status":"open","ping_status":"open","sticky":false,"template":"","format":"standard","meta":{"content-type":"","jetpack_post_was_ever_published":false,"_jetpack_newsletter_access":"","_jetpack_dont_email_post_to_subs":false,"_jetpack_newsletter_tier_id":0,"_jetpack_memberships_contains_paywalled_content":false,"_jetpack_memberships_contains_paid_content":false,"footnotes":""},"categories":[1],"tags":[1343],"class_list":["post-78691","post","type-post","status-publish","format-standard","has-post-thumbnail","hentry","category-sin-categoria","tag-joe-biden"],"jetpack_featured_media_url":"https:\/\/lasprimeras.com.do\/wp-content\/uploads\/2024\/03\/Diseno-sin-titulo-1.jpg","jetpack-related-posts":[{"id":78741,"url":"https:\/\/lasprimeras.com.do\/index.php\/2024\/03\/19\/biden-y-trump-logran-mas-victorias-mientras-votantes-primarios-los-instan-a-seguir-luchando\/","url_meta":{"origin":78691,"position":0},"title":"Biden y Trump logran m\u00e1s victorias mientras votantes primarios los instan a seguir luchando","author":"Nelson Feliz","date":"19 de marzo de 2024","format":false,"excerpt":"POR MICHELLE L. PRICE, PATRICK ORSAGOS Y JONATHAN J. COOPER TEMPE, Arizona (AP) \u2014 A medida que Joe Biden y Donald Trump se acercaban a una revancha en noviembre, los votantes de las primarias de todo el pa\u00eds instaron el martes a su candidato favorito a continuar la lucha y\u2026","rel":"","context":"En \u00abSin categor\u00eda\u00bb","block_context":{"text":"Sin categor\u00eda","link":"https:\/\/lasprimeras.com.do\/index.php\/category\/sin-categoria\/"},"img":{"alt_text":"VOTANTES","src":"https:\/\/i0.wp.com\/lasprimeras.com.do\/wp-content\/uploads\/2024\/03\/VOTANTES.jpg?resize=350%2C200&ssl=1","width":350,"height":200,"srcset":"https:\/\/i0.wp.com\/lasprimeras.com.do\/wp-content\/uploads\/2024\/03\/VOTANTES.jpg?resize=350%2C200&ssl=1 1x, https:\/\/i0.wp.com\/lasprimeras.com.do\/wp-content\/uploads\/2024\/03\/VOTANTES.jpg?resize=525%2C300&ssl=1 1.5x, https:\/\/i0.wp.com\/lasprimeras.com.do\/wp-content\/uploads\/2024\/03\/VOTANTES.jpg?resize=700%2C400&ssl=1 2x"},"classes":[]},{"id":78533,"url":"https:\/\/lasprimeras.com.do\/index.php\/2024\/03\/17\/trump-intensifica-retorica-oscura-en-el-discurso-electoral-de-ohio-del-candidato-bernie-moreno\/","url_meta":{"origin":78691,"position":1},"title":"Trump intensifica ret\u00f3rica oscura en el discurso electoral de Ohio del candidato Bernie Moreno","author":"Nelson Feliz","date":"17 de marzo de 2024","format":false,"excerpt":"POR MEG KINNARD Y JILL COLVIN VANDALIA, Ohio (AP) \u2014 El expresidente Donald Trump afirm\u00f3 que \u00e9l \u2013no el presidente Joe Biden\u2013 proteger\u00e1 el Seguro Social y advirti\u00f3 sobre un \u201cba\u00f1o de sangre\u201d si pierde en noviembre mientras hac\u00eda campa\u00f1a por el candidato al Senado Bernie Moreno en Ohio. Trump,\u2026","rel":"","context":"En \u00abSin categor\u00eda\u00bb","block_context":{"text":"Sin categor\u00eda","link":"https:\/\/lasprimeras.com.do\/index.php\/category\/sin-categoria\/"},"img":{"alt_text":"Donald Trump","src":"https:\/\/i0.wp.com\/lasprimeras.com.do\/wp-content\/uploads\/2024\/03\/Donald-Trump.jpg?resize=350%2C200&ssl=1","width":350,"height":200,"srcset":"https:\/\/i0.wp.com\/lasprimeras.com.do\/wp-content\/uploads\/2024\/03\/Donald-Trump.jpg?resize=350%2C200&ssl=1 1x, https:\/\/i0.wp.com\/lasprimeras.com.do\/wp-content\/uploads\/2024\/03\/Donald-Trump.jpg?resize=525%2C300&ssl=1 1.5x, https:\/\/i0.wp.com\/lasprimeras.com.do\/wp-content\/uploads\/2024\/03\/Donald-Trump.jpg?resize=700%2C400&ssl=1 2x"},"classes":[]},{"id":78738,"url":"https:\/\/lasprimeras.com.do\/index.php\/2024\/03\/19\/bernie-moreno-gana-primarias-republicanas-en-el-senado-de-ohio\/","url_meta":{"origin":78691,"position":2},"title":"Bernie Moreno gana primarias republicanas en el Senado de Ohio","author":"Nelson Feliz","date":"19 de marzo de 2024","format":false,"excerpt":"POR JULIE CARR SMYTH COLUMBUS, Ohio (AP) \u2014 El empresario de Cleveland Bernie Moreno gan\u00f3 las primarias republicanas al Senado de Ohio el martes, pocos d\u00edas despu\u00e9s de que el expresidente Donald Trump visitara el estado para impulsar a su candidato respaldado en una carrera a tres bandas que se\u2026","rel":"","context":"En \u00abSin categor\u00eda\u00bb","block_context":{"text":"Sin categor\u00eda","link":"https:\/\/lasprimeras.com.do\/index.php\/category\/sin-categoria\/"},"img":{"alt_text":"BERNIE MORENO","src":"https:\/\/i0.wp.com\/lasprimeras.com.do\/wp-content\/uploads\/2024\/03\/BERNIE-MORENO.jpg?resize=350%2C200&ssl=1","width":350,"height":200,"srcset":"https:\/\/i0.wp.com\/lasprimeras.com.do\/wp-content\/uploads\/2024\/03\/BERNIE-MORENO.jpg?resize=350%2C200&ssl=1 1x, https:\/\/i0.wp.com\/lasprimeras.com.do\/wp-content\/uploads\/2024\/03\/BERNIE-MORENO.jpg?resize=525%2C300&ssl=1 1.5x"},"classes":[]},{"id":75108,"url":"https:\/\/lasprimeras.com.do\/index.php\/2024\/01\/29\/presidente-joe-biden-celebrara-actos-de-campana-en-el-sur-de-florida\/","url_meta":{"origin":78691,"position":3},"title":"Presidente Joe Biden celebrar\u00e1 actos de campa\u00f1a en el sur de Florida","author":"BIMARY DE JES\u00daS Matos","date":"29 de enero de 2024","format":false,"excerpt":"Miami.\u2013 El presidente de Estados Unidos, el dem\u00f3crata Joe Biden, celebrar\u00e1 el martes dos actos de campa\u00f1a en Palm Beach y Miami, localidades del sureste de Florida de mayor\u00eda dem\u00f3crata. De acuerdo con la Casa Blanca, Biden viajar\u00e1 primero hasta Palm Beach, para desde ah\u00ed dirigirse a Miami. En cada\u2026","rel":"","context":"En \u00abSin categor\u00eda\u00bb","block_context":{"text":"Sin categor\u00eda","link":"https:\/\/lasprimeras.com.do\/index.php\/category\/sin-categoria\/"},"img":{"alt_text":"","src":"https:\/\/i0.wp.com\/lasprimeras.com.do\/wp-content\/uploads\/2024\/01\/Diseno-sin-titulo-10-4.webp?resize=350%2C200&ssl=1","width":350,"height":200,"srcset":"https:\/\/i0.wp.com\/lasprimeras.com.do\/wp-content\/uploads\/2024\/01\/Diseno-sin-titulo-10-4.webp?resize=350%2C200&ssl=1 1x, https:\/\/i0.wp.com\/lasprimeras.com.do\/wp-content\/uploads\/2024\/01\/Diseno-sin-titulo-10-4.webp?resize=525%2C300&ssl=1 1.5x, https:\/\/i0.wp.com\/lasprimeras.com.do\/wp-content\/uploads\/2024\/01\/Diseno-sin-titulo-10-4.webp?resize=700%2C400&ssl=1 2x"},"classes":[]},{"id":74485,"url":"https:\/\/lasprimeras.com.do\/index.php\/2024\/01\/23\/trump-gana-primarias-en-new-hampshire-mientras-la-revancha-con-biden-parece-cada-vez-mas-probable\/","url_meta":{"origin":78691,"position":4},"title":"Trump gana primarias en New Hampshire; mientras la revancha con Biden parece cada vez m\u00e1s probable","author":"Nelson Feliz","date":"23 de enero de 2024","format":false,"excerpt":"POR HOLLY RAMER, WILL WEISSERT Y JILL COLVIN https:\/\/www.youtube.com\/watch?v=6KoNrkaBfD4&t=15s MANCHESTER, NH (AP) \u2014 El expresidente Donald Trump gan\u00f3 f\u00e1cilmente las primarias de New Hampshire el martes, tomando el mando de la carrera por la nominaci\u00f3n republicana y haciendo que una revancha en noviembre contra el presidente Joe Biden parezca a\u00fan\u2026","rel":"","context":"En \u00abSin categor\u00eda\u00bb","block_context":{"text":"Sin categor\u00eda","link":"https:\/\/lasprimeras.com.do\/index.php\/category\/sin-categoria\/"},"img":{"alt_text":"Donald y Biden","src":"https:\/\/i0.wp.com\/lasprimeras.com.do\/wp-content\/uploads\/2024\/01\/Donald-y-Biden.jpg?resize=350%2C200&ssl=1","width":350,"height":200,"srcset":"https:\/\/i0.wp.com\/lasprimeras.com.do\/wp-content\/uploads\/2024\/01\/Donald-y-Biden.jpg?resize=350%2C200&ssl=1 1x, https:\/\/i0.wp.com\/lasprimeras.com.do\/wp-content\/uploads\/2024\/01\/Donald-y-Biden.jpg?resize=525%2C300&ssl=1 1.5x, https:\/\/i0.wp.com\/lasprimeras.com.do\/wp-content\/uploads\/2024\/01\/Donald-y-Biden.jpg?resize=700%2C400&ssl=1 2x"},"classes":[]},{"id":77717,"url":"https:\/\/lasprimeras.com.do\/index.php\/2024\/02\/24\/nikki-haley-intenta-molestar-a-trump-en-las-primarias-republicanas-carolina-del-sur\/","url_meta":{"origin":78691,"position":5},"title":"Nikki Haley intenta molestar a Trump en las primarias republicanas Carolina del Sur","author":"Nelson Feliz","date":"24 de febrero de 2024","format":false,"excerpt":"POR BILL BARROW COLUMBIA, Carolina del Sur (AP) \u2014 El mejor escenario para Nikki Haley para las primarias republicanas de su estado natal podr\u00eda ser lograr un desempe\u00f1o lo suficientemente bueno como para que la lista del S\u00faper Martes del 5 de marzo sea algo competitiva contra Donald Trump .\u2026","rel":"","context":"En \u00abSin categor\u00eda\u00bb","block_context":{"text":"Sin categor\u00eda","link":"https:\/\/lasprimeras.com.do\/index.php\/category\/sin-categoria\/"},"img":{"alt_text":"Nikki Haley y Donald Trump","src":"https:\/\/i0.wp.com\/lasprimeras.com.do\/wp-content\/uploads\/2024\/02\/Nikki-Haley-y-Donald-Trump.jpg?resize=350%2C200&ssl=1","width":350,"height":200,"srcset":"https:\/\/i0.wp.com\/lasprimeras.com.do\/wp-content\/uploads\/2024\/02\/Nikki-Haley-y-Donald-Trump.jpg?resize=350%2C200&ssl=1 1x, https:\/\/i0.wp.com\/lasprimeras.com.do\/wp-content\/uploads\/2024\/02\/Nikki-Haley-y-Donald-Trump.jpg?resize=525%2C300&ssl=1 1.5x, https:\/\/i0.wp.com\/lasprimeras.com.do\/wp-content\/uploads\/2024\/02\/Nikki-Haley-y-Donald-Trump.jpg?resize=700%2C400&ssl=1 2x"},"classes":[]}],"jetpack_sharing_enabled":true,"_links":{"self":[{"href":"https:\/\/lasprimeras.com.do\/index.php\/wp-json\/wp\/v2\/posts\/78691","targetHints":{"allow":["GET"]}}],"collection":[{"href":"https:\/\/lasprimeras.com.do\/index.php\/wp-json\/wp\/v2\/posts"}],"about":[{"href":"https:\/\/lasprimeras.com.do\/index.php\/wp-json\/wp\/v2\/types\/post"}],"author":[{"embeddable":true,"href":"https:\/\/lasprimeras.com.do\/index.php\/wp-json\/wp\/v2\/users\/3"}],"replies":[{"embeddable":true,"href":"https:\/\/lasprimeras.com.do\/index.php\/wp-json\/wp\/v2\/comments?post=78691"}],"version-history":[{"count":1,"href":"https:\/\/lasprimeras.com.do\/index.php\/wp-json\/wp\/v2\/posts\/78691\/revisions"}],"predecessor-version":[{"id":78693,"href":"https:\/\/lasprimeras.com.do\/index.php\/wp-json\/wp\/v2\/posts\/78691\/revisions\/78693"}],"wp:featuredmedia":[{"embeddable":true,"href":"https:\/\/lasprimeras.com.do\/index.php\/wp-json\/wp\/v2\/media\/78692"}],"wp:attachment":[{"href":"https:\/\/lasprimeras.com.do\/index.php\/wp-json\/wp\/v2\/media?parent=78691"}],"wp:term":[{"taxonomy":"category","embeddable":true,"href":"https:\/\/lasprimeras.com.do\/index.php\/wp-json\/wp\/v2\/categories?post=78691"},{"taxonomy":"post_tag","embeddable":true,"href":"https:\/\/lasprimeras.com.do\/index.php\/wp-json\/wp\/v2\/tags?post=78691"}],"curies":[{"name":"wp","href":"https:\/\/api.w.org\/{rel}","templated":true}]}}