{"id":78694,"date":"2024-03-19T07:39:14","date_gmt":"2024-03-19T11:39:14","guid":{"rendered":"https:\/\/lasprimeras.com.do\/?p=78694"},"modified":"2024-03-19T07:39:15","modified_gmt":"2024-03-19T11:39:15","slug":"blinken-discutira-el-impulso-del-alto-el-fuego-y-planes-de-posguerra-en-gaza-en-conversaciones-en-arabia-saudita-y-egipto","status":"publish","type":"post","link":"https:\/\/lasprimeras.com.do\/index.php\/2024\/03\/19\/blinken-discutira-el-impulso-del-alto-el-fuego-y-planes-de-posguerra-en-gaza-en-conversaciones-en-arabia-saudita-y-egipto\/","title":{"rendered":"Blinken discutir\u00e1 el impulso del alto el fuego y planes de posguerra en Gaza en conversaciones en Arabia Saudita y Egipto"},"content":{"rendered":"\n<p>EE.UU.-El secretario de Estado, Antony Blinken, regresa esta semana al Medio Oriente para impulsar un alto el fuego en Gaza. Las negociaciones apenas avanzan mientras la Casa Blanca expresa frustraci\u00f3n sobre el desarrollo de la guerra y trata de planear un futuro para el asediado enclave posconflicto.<\/p>\n\n\n\n<p>El secretario de Estado de Estados Unidos, Antony Blinken, visitar\u00e1 Arabia Saudita y Egipto esta semana para mantener conversaciones que, seg\u00fan dijo, se centrar\u00e1n en impulsar un alto el fuego en Gaza, la liberaci\u00f3n de rehenes en manos de militantes palestinos y la planificaci\u00f3n de una Gaza de posguerra.<\/p>\n\n\n\n<p>Hablando el martes durante una visita a Filipinas, Blinken dijo a los periodistas que ser\u00e1 necesario que se establezcan arreglos sobre c\u00f3mo abordar la gobernanza, la seguridad, la asistencia humanitaria y el redesarrollo de Gaza.<\/p>\n\n\n\n<p>Blinken dijo que Estados Unidos ha inculcado a Israel el imperativo de tener un plan, y que la esperanza sigue siendo que el conflicto termine lo antes posible.<\/p>\n","protected":false},"excerpt":{"rendered":"<p>EE.UU.-El secretario de Estado, Antony Blinken, regresa esta semana al Medio Oriente para impulsar un alto el fuego en Gaza. Las negociaciones apenas avanzan mientras la Casa Blanca expresa frustraci\u00f3n&hellip;<\/p>\n","protected":false},"author":3,"featured_media":78695,"comment_status":"open","ping_status":"open","sticky":false,"template":"","format":"standard","meta":{"content-type":"","jetpack_post_was_ever_published":false,"_jetpack_newsletter_access":"","_jetpack_dont_email_post_to_subs":false,"_jetpack_newsletter_tier_id":0,"_jetpack_memberships_contains_paywalled_content":false,"_jetpack_memberships_contains_paid_content":false,"footnotes":""},"categories":[1],"tags":[1120],"class_list":["post-78694","post","type-post","status-publish","format-standard","has-post-thumbnail","hentry","category-sin-categoria","tag-blinken"],"jetpack_featured_media_url":"https:\/\/lasprimeras.com.do\/wp-content\/uploads\/2024\/03\/Diseno-sin-titulo-1-1.jpg","jetpack-related-posts":[{"id":78989,"url":"https:\/\/lasprimeras.com.do\/index.php\/2024\/03\/22\/blinken-llega-a-israel-para-conversaciones-onu-se-prepara-para-votar-resolucion-de-alto-el-fuego\/","url_meta":{"origin":78694,"position":0},"title":"Blinken llega a Israel para conversaciones; ONU se prepara para votar resoluci\u00f3n de alto el fuego","author":"BIMARY DE JES\u00daS Matos","date":"22 de marzo de 2024","format":false,"excerpt":"EE.UU.-Estados Unidos apuesta en un doble frente para lograr un alto el fuego en Gaza. Mientras el secretario de Estado Antony Blinken visita Israel para apresurar una negociaci\u00f3n, en la ONU fluye una propuesta de Washington para una tregua inmediata en Gaza. El secretario de Estado de Estados Unidos, Antony\u2026","rel":"","context":"En \u00abSin categor\u00eda\u00bb","block_context":{"text":"Sin categor\u00eda","link":"https:\/\/lasprimeras.com.do\/index.php\/category\/sin-categoria\/"},"img":{"alt_text":"","src":"","width":0,"height":0},"classes":[]},{"id":76219,"url":"https:\/\/lasprimeras.com.do\/index.php\/2024\/02\/08\/blinken-pone-fin-a-su-ultima-mision-en-medio-oriente\/","url_meta":{"origin":78694,"position":1},"title":"Blinken pone fin a su \u00faltima misi\u00f3n en Medio Oriente","author":"Nelson Feliz","date":"8 de febrero de 2024","format":false,"excerpt":"Antony Blinken, abandon\u00f3 Oriente Medio despu\u00e9s de un nuevo desaire israel\u00ed al plan de alto el fuego propuesto en Gaza POR MATTHEW LEE TEL AVIV, Israel (AP) \u2014 El secretario de Estado de Estados Unidos, Antony Blinken, abandon\u00f3 Oriente Medio el jueves con divisiones p\u00fablicas entre Estados Unidos e Israel\u2026","rel":"","context":"En \u00abSin categor\u00eda\u00bb","block_context":{"text":"Sin categor\u00eda","link":"https:\/\/lasprimeras.com.do\/index.php\/category\/sin-categoria\/"},"img":{"alt_text":"Antony Blinken","src":"https:\/\/i0.wp.com\/lasprimeras.com.do\/wp-content\/uploads\/2024\/02\/Antony-Blinken.jpg?resize=350%2C200&ssl=1","width":350,"height":200,"srcset":"https:\/\/i0.wp.com\/lasprimeras.com.do\/wp-content\/uploads\/2024\/02\/Antony-Blinken.jpg?resize=350%2C200&ssl=1 1x, https:\/\/i0.wp.com\/lasprimeras.com.do\/wp-content\/uploads\/2024\/02\/Antony-Blinken.jpg?resize=525%2C300&ssl=1 1.5x, https:\/\/i0.wp.com\/lasprimeras.com.do\/wp-content\/uploads\/2024\/02\/Antony-Blinken.jpg?resize=700%2C400&ssl=1 2x"},"classes":[]},{"id":78867,"url":"https:\/\/lasprimeras.com.do\/index.php\/2024\/03\/21\/antony-blinken-incluye-a-israel-en-su-gira-oriente-proximo\/","url_meta":{"origin":78694,"position":2},"title":"Antony Blinken incluye a Israel en su gira Oriente Pr\u00f3ximo","author":"BIMARY DE JES\u00daS Matos","date":"21 de marzo de 2024","format":false,"excerpt":"EE.UU.-El secretario de Estado de Estados Unidos, Antony Blinken, est\u00e1 inmerso en la que es ya su sexta gira por Oriente Pr\u00f3ximo desde los atentados de Ham\u00e1s contra Israel el pasado 7 de octubre, de nuevo con una parada en Israel, donde prev\u00e9 tratar entre otras cosas la necesidad de\u2026","rel":"","context":"En \u00abSin categor\u00eda\u00bb","block_context":{"text":"Sin categor\u00eda","link":"https:\/\/lasprimeras.com.do\/index.php\/category\/sin-categoria\/"},"img":{"alt_text":"","src":"https:\/\/i0.wp.com\/lasprimeras.com.do\/wp-content\/uploads\/2024\/03\/WhatsApp-Image-2024-03-20-at-7.40.02-AM-3.jpeg?resize=350%2C200&ssl=1","width":350,"height":200},"classes":[]},{"id":77259,"url":"https:\/\/lasprimeras.com.do\/index.php\/2024\/02\/19\/blinken-viaja-a-brasil-y-argentina-mientras-lula-preside-el-g20\/","url_meta":{"origin":78694,"position":3},"title":"Blinken viaja a Brasil y Argentina mientras Lula preside el G20","author":"Nelson Feliz","date":"19 de febrero de 2024","format":false,"excerpt":"Por Nike Ching DEPARTAMENTO ESTATAL - El secretario de Estado de Estados Unidos, Antony Blinken, viajar\u00e1 a Brasil y Argentina el martes por la ma\u00f1ana para mantener conversaciones y fomentar la relaci\u00f3n con los l\u00edderes de mentalidad independiente de los dos pa\u00edses y, al mismo tiempo, asistir\u00e1 a las reuniones\u2026","rel":"","context":"En \u00abSin categor\u00eda\u00bb","block_context":{"text":"Sin categor\u00eda","link":"https:\/\/lasprimeras.com.do\/index.php\/category\/sin-categoria\/"},"img":{"alt_text":"Antony Blinken","src":"https:\/\/i0.wp.com\/lasprimeras.com.do\/wp-content\/uploads\/2024\/02\/Antony-Blinken-1.jpg?resize=350%2C200&ssl=1","width":350,"height":200,"srcset":"https:\/\/i0.wp.com\/lasprimeras.com.do\/wp-content\/uploads\/2024\/02\/Antony-Blinken-1.jpg?resize=350%2C200&ssl=1 1x, https:\/\/i0.wp.com\/lasprimeras.com.do\/wp-content\/uploads\/2024\/02\/Antony-Blinken-1.jpg?resize=525%2C300&ssl=1 1.5x, https:\/\/i0.wp.com\/lasprimeras.com.do\/wp-content\/uploads\/2024\/02\/Antony-Blinken-1.jpg?resize=700%2C400&ssl=1 2x"},"classes":[]},{"id":83128,"url":"https:\/\/lasprimeras.com.do\/index.php\/2024\/05\/12\/blinken-critica-la-conducta-de-israel-en-la-guerra-en-gaza\/","url_meta":{"origin":78694,"position":4},"title":"Blinken critica la conducta de Israel en la guerra en Gaza","author":"Nelson Feliz","date":"12 de mayo de 2024","format":false,"excerpt":"BY JOSH BOAK WILMINGTON, Delaware, EE.UU. (AP) \u2014 El secretario de Estado, Antony Blinken, pronunci\u00f3 el domingo algunas de las cr\u00edticas p\u00fablicas m\u00e1s fuertes hasta el momento de la administraci\u00f3n del presidente Joe Biden sobre la conducta de Israel en la guerra en Gaza, diciendo que las t\u00e1cticas israel\u00edes han\u2026","rel":"","context":"En \u00abSin categor\u00eda\u00bb","block_context":{"text":"Sin categor\u00eda","link":"https:\/\/lasprimeras.com.do\/index.php\/category\/sin-categoria\/"},"img":{"alt_text":"","src":"https:\/\/i0.wp.com\/lasprimeras.com.do\/wp-content\/uploads\/2024\/05\/Antony-Blinken.jpg?resize=350%2C200&ssl=1","width":350,"height":200,"srcset":"https:\/\/i0.wp.com\/lasprimeras.com.do\/wp-content\/uploads\/2024\/05\/Antony-Blinken.jpg?resize=350%2C200&ssl=1 1x, https:\/\/i0.wp.com\/lasprimeras.com.do\/wp-content\/uploads\/2024\/05\/Antony-Blinken.jpg?resize=525%2C300&ssl=1 1.5x, https:\/\/i0.wp.com\/lasprimeras.com.do\/wp-content\/uploads\/2024\/05\/Antony-Blinken.jpg?resize=700%2C400&ssl=1 2x"},"classes":[]},{"id":73464,"url":"https:\/\/lasprimeras.com.do\/index.php\/2024\/01\/11\/israel-aborda-plan-para-libertad-de-rehenes\/","url_meta":{"origin":78694,"position":5},"title":"Israel aborda plan para libertad de rehenes","author":"BIMARY DE JES\u00daS Matos","date":"11 de enero de 2024","format":false,"excerpt":"Jerusal\u00e9n.- El Gabinete de Guerra de Israel trabaja desde ayer en una propuesta de Catar para una nueva tregua en la Franja que incluir\u00eda la liberaci\u00f3n de los rehenes israel\u00edes a cambio de cuestiones como el exilio del liderazgo de Ham\u00e1s, coincidiendo con la gira por la regi\u00f3n del secretario\u2026","rel":"","context":"En \u00abSin categor\u00eda\u00bb","block_context":{"text":"Sin categor\u00eda","link":"https:\/\/lasprimeras.com.do\/index.php\/category\/sin-categoria\/"},"img":{"alt_text":"","src":"https:\/\/i0.wp.com\/lasprimeras.com.do\/wp-content\/uploads\/2024\/01\/WhatsApp-Image-2024-01-10-at-11.22.13-PM-4-2.webp?resize=350%2C200&ssl=1","width":350,"height":200},"classes":[]}],"jetpack_sharing_enabled":true,"_links":{"self":[{"href":"https:\/\/lasprimeras.com.do\/index.php\/wp-json\/wp\/v2\/posts\/78694","targetHints":{"allow":["GET"]}}],"collection":[{"href":"https:\/\/lasprimeras.com.do\/index.php\/wp-json\/wp\/v2\/posts"}],"about":[{"href":"https:\/\/lasprimeras.com.do\/index.php\/wp-json\/wp\/v2\/types\/post"}],"author":[{"embeddable":true,"href":"https:\/\/lasprimeras.com.do\/index.php\/wp-json\/wp\/v2\/users\/3"}],"replies":[{"embeddable":true,"href":"https:\/\/lasprimeras.com.do\/index.php\/wp-json\/wp\/v2\/comments?post=78694"}],"version-history":[{"count":1,"href":"https:\/\/lasprimeras.com.do\/index.php\/wp-json\/wp\/v2\/posts\/78694\/revisions"}],"predecessor-version":[{"id":78696,"href":"https:\/\/lasprimeras.com.do\/index.php\/wp-json\/wp\/v2\/posts\/78694\/revisions\/78696"}],"wp:featuredmedia":[{"embeddable":true,"href":"https:\/\/lasprimeras.com.do\/index.php\/wp-json\/wp\/v2\/media\/78695"}],"wp:attachment":[{"href":"https:\/\/lasprimeras.com.do\/index.php\/wp-json\/wp\/v2\/media?parent=78694"}],"wp:term":[{"taxonomy":"category","embeddable":true,"href":"https:\/\/lasprimeras.com.do\/index.php\/wp-json\/wp\/v2\/categories?post=78694"},{"taxonomy":"post_tag","embeddable":true,"href":"https:\/\/lasprimeras.com.do\/index.php\/wp-json\/wp\/v2\/tags?post=78694"}],"curies":[{"name":"wp","href":"https:\/\/api.w.org\/{rel}","templated":true}]}}