{"id":78697,"date":"2024-03-19T08:06:49","date_gmt":"2024-03-19T12:06:49","guid":{"rendered":"https:\/\/lasprimeras.com.do\/?p=78697"},"modified":"2024-03-19T08:06:50","modified_gmt":"2024-03-19T12:06:50","slug":"coopnama-reconoce-aportes-al-sector-cooperativo-del-profesor-julito-fulcar","status":"publish","type":"post","link":"https:\/\/lasprimeras.com.do\/index.php\/2024\/03\/19\/coopnama-reconoce-aportes-al-sector-cooperativo-del-profesor-julito-fulcar\/","title":{"rendered":"COOPNAMA reconoce aportes al sector cooperativo del profesor Julito Fulcar"},"content":{"rendered":"\n<p>Santo Domingo.- La Cooperativa Nacional de Servicios M\u00faltiples de los Maestros (COOPNAMA) reconoci\u00f3 los aportes al desarrollo cooperativo del diputado y dirigente nacional e internacional del sector, el profesor Julito Fulcar.<\/p>\n\n\n\n<p>Fulcar, es considerado l\u00edder del cooperativismo dominicano, es presidente Ad-Vitam del Consejo Nacional de Cooperativas, \u00f3rgano c\u00fapula del sector cooperativo dominicano que dirigi\u00f3 por mas de 20 a\u00f1os.\u2028\u2028El liderazgo de Fulcar en el sector cooperativo, se extiende adem\u00e1s por todo Am\u00e9rica Latina, donde fungi\u00f3 en dos ocasiones de la Confederaci\u00f3n de Cooperativas del Caribe Centro y Suram\u00e9rica.<\/p>\n\n\n\n<p>En la actualidad Fulcar es diputado al Congreso Nacional de la Rep\u00fablica Dominicana, d\u00f3nde se destaca por ser el l\u00edder y vocero de la mayor\u00eda en esa ala del parlamento dominicano, que es representada por el Partido Revolucionario Moderno (PRM), en representaci\u00f3n de la provincia Peravia, de la cual busca convertirse en senador, en las venideras elecciones de mayo pr\u00f3ximo.\u2028<\/p>\n\n\n\n<p>El acto, encabezado por el presidente del Consejo de Administraci\u00f3n, Santiago Portes, cont\u00f3 con la presencia de altos directivos del continente Americano y destacados miembros de instituciones cooperativistas.<\/p>\n\n\n\n<p>Entre los invitados se encontraban el exdiputado salvadore\u00f1o Jorge Escobar, presidente de la Cooperativa Acomi SRL de El Salvador; Marcial Gualberto Barron, presidente de la Cooperativa La Rehabilitadora de Per\u00fa; y Jerson Harrigan, presidente de la Federaci\u00f3n de Econom\u00eda Social (FEKOSCAN) de Curazao, entre otros.<\/p>\n\n\n\n<p>Adem\u00e1s, representantes de la Rep\u00fablica Dominicana participaron en el evento, como do\u00f1a Eufracia G\u00f3mez Morillo, presidenta del Consejo Nacional de Cooperativas (Conacoop); Eddy Alvarez, presidente de la Federaci\u00f3n de Cooperativas del Cibao (Fecoopcen); y una amplia representaci\u00f3n de COOPNAMA, incluyendo al vicepresidente del Consejo, Octavio del Carmen Bremon; la secretaria del Consejo, do\u00f1a Felicia Contreras; Domingo Mej\u00eda, tesorero; Julio C\u00e9sar Bugue; y todos los consejeros y gerentes encabezados por Lucas Figueroa Lapaix y do\u00f1a Ana Soto, Gerente de Servicios.<\/p>\n","protected":false},"excerpt":{"rendered":"<p>Santo Domingo.- La Cooperativa Nacional de Servicios M\u00faltiples de los Maestros (COOPNAMA) reconoci\u00f3 los aportes al desarrollo cooperativo del diputado y dirigente nacional e internacional del sector, el profesor Julito&hellip;<\/p>\n","protected":false},"author":3,"featured_media":78698,"comment_status":"open","ping_status":"open","sticky":false,"template":"","format":"standard","meta":{"content-type":"","jetpack_post_was_ever_published":false,"_jetpack_newsletter_access":"","_jetpack_dont_email_post_to_subs":false,"_jetpack_newsletter_tier_id":0,"_jetpack_memberships_contains_paywalled_content":false,"_jetpack_memberships_contains_paid_content":false,"footnotes":""},"categories":[25],"tags":[5716],"class_list":["post-78697","post","type-post","status-publish","format-standard","has-post-thumbnail","hentry","category-portada","tag-coopnama"],"jetpack_featured_media_url":"https:\/\/lasprimeras.com.do\/wp-content\/uploads\/2024\/03\/Diseno-sin-titulo-1-2-scaled.jpg","jetpack-related-posts":[{"id":90204,"url":"https:\/\/lasprimeras.com.do\/index.php\/2024\/10\/15\/coopnama-se-une-a-la-colac\/","url_meta":{"origin":78697,"position":0},"title":"Coopnama se une a la COLAC","author":"Nelson Feliz","date":"15 de octubre de 2024","format":false,"excerpt":"COLAC cuenta con 31 miembros en toda la regi\u00f3n, de los cuales solo siete siete son cooperativas dominicanas Ciudad de Panam\u00e1.- La Cooperativa Nacional de Servicios M\u00faltiples de los Maestros (Coopnama) se ha convertido en miembro de la Confederaci\u00f3n Latinoamericana de Cooperativas de Ahorro y Cr\u00e9dito (COLAC), al recibir su\u2026","rel":"","context":"En \u00abECONOM\u00cdA\u00bb","block_context":{"text":"ECONOM\u00cdA","link":"https:\/\/lasprimeras.com.do\/index.php\/category\/economia\/"},"img":{"alt_text":"","src":"https:\/\/i0.wp.com\/lasprimeras.com.do\/wp-content\/uploads\/2024\/10\/colac.jpg?resize=350%2C200&ssl=1","width":350,"height":200,"srcset":"https:\/\/i0.wp.com\/lasprimeras.com.do\/wp-content\/uploads\/2024\/10\/colac.jpg?resize=350%2C200&ssl=1 1x, https:\/\/i0.wp.com\/lasprimeras.com.do\/wp-content\/uploads\/2024\/10\/colac.jpg?resize=525%2C300&ssl=1 1.5x, https:\/\/i0.wp.com\/lasprimeras.com.do\/wp-content\/uploads\/2024\/10\/colac.jpg?resize=700%2C400&ssl=1 2x"},"classes":[]},{"id":124528,"url":"https:\/\/lasprimeras.com.do\/index.php\/2026\/03\/13\/julito-fulcar-anuncia-aprobacion-de-permuta-de-terrenos-que-garantiza-titulos-de-propiedad-a-familias-de-la-region-sur\/","url_meta":{"origin":78697,"position":1},"title":"Julito Fulcar anuncia aprobaci\u00f3n de permuta de terrenos que garantiza t\u00edtulos de propiedad a familias de la regi\u00f3n Sur","author":"Nelson Feliz","date":"13 de marzo de 2026","format":false,"excerpt":"Est\u00e1 permuta permitir\u00e1 al gobierno dotar de t\u00edtulos de propiedad a familias asentadas en localidades de San Crist\u00f3bal y Peravia en terrenos del Grupo Vicini El senador Julito Fulcar anunci\u00f3 hoy la aprobaci\u00f3n en el Senado de la Rep\u00fablica de un trascendental contrato de permuta de terrenos entre el Estado\u2026","rel":"","context":"En \u00abPOLITICA\u00bb","block_context":{"text":"POLITICA","link":"https:\/\/lasprimeras.com.do\/index.php\/category\/politica\/"},"img":{"alt_text":"","src":"https:\/\/i0.wp.com\/lasprimeras.com.do\/wp-content\/uploads\/2026\/03\/IMG-20260313-WA0347.jpg?resize=350%2C200&ssl=1","width":350,"height":200,"srcset":"https:\/\/i0.wp.com\/lasprimeras.com.do\/wp-content\/uploads\/2026\/03\/IMG-20260313-WA0347.jpg?resize=350%2C200&ssl=1 1x, https:\/\/i0.wp.com\/lasprimeras.com.do\/wp-content\/uploads\/2026\/03\/IMG-20260313-WA0347.jpg?resize=525%2C300&ssl=1 1.5x, https:\/\/i0.wp.com\/lasprimeras.com.do\/wp-content\/uploads\/2026\/03\/IMG-20260313-WA0347.jpg?resize=700%2C400&ssl=1 2x, https:\/\/i0.wp.com\/lasprimeras.com.do\/wp-content\/uploads\/2026\/03\/IMG-20260313-WA0347.jpg?resize=1050%2C600&ssl=1 3x"},"classes":[]},{"id":86478,"url":"https:\/\/lasprimeras.com.do\/index.php\/2024\/07\/26\/coopnama-clausura-cursos-de-verano-2024\/","url_meta":{"origin":78697,"position":2},"title":"COOPNAMA clausura cursos de Verano 2024","author":"Nelson Feliz","date":"26 de julio de 2024","format":false,"excerpt":"La Cooperativa de Maestros contin\u00faa siendo la instituci\u00f3n que m\u00e1s invierte en materia de educaci\u00f3n para sus dirigentes a trav\u00e9s de los Cursos de Verano. La Cooperativa Nacional de Servicios M\u00faltiples de los Maestros sostuvo que m\u00e1s de 1,500 dirigentes de 302 distritos cooperativos de todo el pa\u00eds, recibieron capacitaci\u00f3n\u2026","rel":"","context":"En \u00abNACIONALES\u00bb","block_context":{"text":"NACIONALES","link":"https:\/\/lasprimeras.com.do\/index.php\/category\/nacionales\/"},"img":{"alt_text":"","src":"https:\/\/i0.wp.com\/lasprimeras.com.do\/wp-content\/uploads\/2024\/07\/COOPNAMA.jpg?resize=350%2C200&ssl=1","width":350,"height":200,"srcset":"https:\/\/i0.wp.com\/lasprimeras.com.do\/wp-content\/uploads\/2024\/07\/COOPNAMA.jpg?resize=350%2C200&ssl=1 1x, https:\/\/i0.wp.com\/lasprimeras.com.do\/wp-content\/uploads\/2024\/07\/COOPNAMA.jpg?resize=525%2C300&ssl=1 1.5x"},"classes":[]},{"id":56575,"url":"https:\/\/lasprimeras.com.do\/index.php\/2023\/08\/02\/coopnama-realiza-capacitaciones-para-sus-dirigentes-distritales\/","url_meta":{"origin":78697,"position":3},"title":"COOPNAMA realiza capacitaciones para sus dirigentes distritales","author":"Nelson Feliz","date":"2 de agosto de 2023","format":false,"excerpt":"La Cooperativa Nacional de Servicios M\u00faltiples de los Maestros, (COOPNAMA), realiz\u00f3 sus acostumbrados \u201cCursos de Verano 2023\u201d, con la participaci\u00f3n de m\u00e1s de 1,500 dirigentes de 302 distritos cooperativos de todo el pa\u00eds en el sal\u00f3n de actos del Hotel COOPMARENA, en Juan Dolio, San Pedro de Macor\u00eds. El presidente\u2026","rel":"","context":"En \u00abNACIONALES\u00bb","block_context":{"text":"NACIONALES","link":"https:\/\/lasprimeras.com.do\/index.php\/category\/nacionales\/"},"img":{"alt_text":"Octavio Brem\u00f3n","src":"https:\/\/i0.wp.com\/lasprimeras.com.do\/wp-content\/uploads\/2023\/08\/Octavio-Bremon.jpg?resize=350%2C200&ssl=1","width":350,"height":200,"srcset":"https:\/\/i0.wp.com\/lasprimeras.com.do\/wp-content\/uploads\/2023\/08\/Octavio-Bremon.jpg?resize=350%2C200&ssl=1 1x, https:\/\/i0.wp.com\/lasprimeras.com.do\/wp-content\/uploads\/2023\/08\/Octavio-Bremon.jpg?resize=525%2C300&ssl=1 1.5x, https:\/\/i0.wp.com\/lasprimeras.com.do\/wp-content\/uploads\/2023\/08\/Octavio-Bremon.jpg?resize=700%2C400&ssl=1 2x"},"classes":[]},{"id":88016,"url":"https:\/\/lasprimeras.com.do\/index.php\/2024\/08\/21\/cooperativa-de-maestros-apertura-servicios-certificado-cooperativo-y-ahorro-infantil\/","url_meta":{"origin":78697,"position":4},"title":"Cooperativa de Maestros apertura servicios: Certificado Cooperativo y Ahorro Infantil","author":"Nelson Feliz","date":"21 de agosto de 2024","format":false,"excerpt":"- Los nuevos servicios: Certificado Cooperativo y Ahorro Infantil, nacen de las modificaciones realizadas a las nuevas pol\u00edticas de servicios puestas en marcha por la Instituci\u00f3n. El presidente del Consejo de Administraci\u00f3n de la Cooperativa Nacional de Servicios M\u00faltiples de los Maestros, Prof. Santiago Portes, apertura los nuevos servicios de\u2026","rel":"","context":"En \u00abECONOM\u00cdA\u00bb","block_context":{"text":"ECONOM\u00cdA","link":"https:\/\/lasprimeras.com.do\/index.php\/category\/economia\/"},"img":{"alt_text":"Coopnama","src":"https:\/\/i0.wp.com\/lasprimeras.com.do\/wp-content\/uploads\/2024\/08\/Coopnama-1.jpg?resize=350%2C200&ssl=1","width":350,"height":200,"srcset":"https:\/\/i0.wp.com\/lasprimeras.com.do\/wp-content\/uploads\/2024\/08\/Coopnama-1.jpg?resize=350%2C200&ssl=1 1x, https:\/\/i0.wp.com\/lasprimeras.com.do\/wp-content\/uploads\/2024\/08\/Coopnama-1.jpg?resize=525%2C300&ssl=1 1.5x"},"classes":[]},{"id":77491,"url":"https:\/\/lasprimeras.com.do\/index.php\/2024\/02\/21\/coopnama-llega-a-53-anos-como-lider-del-cooperativismo-en-el-pais\/","url_meta":{"origin":78697,"position":5},"title":"Coopnama llega a 53 a\u00f1os como l\u00edder del cooperativismo en el pa\u00eds","author":"BIMARY DE JES\u00daS Matos","date":"21 de febrero de 2024","format":false,"excerpt":"Martin Restituyo Santo Domingo.-La Cooperativa Nacional de Servicios M\u00faltiples de los Maestros (COOPNAMA), celebra 53 a\u00f1os de su fundaci\u00f3n, manteni\u00e9ndose como la empresa l\u00edder del cooperativismo en la Rep\u00fablica Dominicana, con activos al 31 de diciembre del 2023, que ascienden a m\u00e1s de 98 mil millones de pesos, para un\u2026","rel":"","context":"En \u00abPORTADA\u00bb","block_context":{"text":"PORTADA","link":"https:\/\/lasprimeras.com.do\/index.php\/category\/portada\/"},"img":{"alt_text":"","src":"https:\/\/i0.wp.com\/lasprimeras.com.do\/wp-content\/uploads\/2024\/02\/IMG-20240221-WA0128.jpg?resize=350%2C200&ssl=1","width":350,"height":200,"srcset":"https:\/\/i0.wp.com\/lasprimeras.com.do\/wp-content\/uploads\/2024\/02\/IMG-20240221-WA0128.jpg?resize=350%2C200&ssl=1 1x, https:\/\/i0.wp.com\/lasprimeras.com.do\/wp-content\/uploads\/2024\/02\/IMG-20240221-WA0128.jpg?resize=525%2C300&ssl=1 1.5x, https:\/\/i0.wp.com\/lasprimeras.com.do\/wp-content\/uploads\/2024\/02\/IMG-20240221-WA0128.jpg?resize=700%2C400&ssl=1 2x, https:\/\/i0.wp.com\/lasprimeras.com.do\/wp-content\/uploads\/2024\/02\/IMG-20240221-WA0128.jpg?resize=1050%2C600&ssl=1 3x, https:\/\/i0.wp.com\/lasprimeras.com.do\/wp-content\/uploads\/2024\/02\/IMG-20240221-WA0128.jpg?resize=1400%2C800&ssl=1 4x"},"classes":[]}],"jetpack_sharing_enabled":true,"_links":{"self":[{"href":"https:\/\/lasprimeras.com.do\/index.php\/wp-json\/wp\/v2\/posts\/78697","targetHints":{"allow":["GET"]}}],"collection":[{"href":"https:\/\/lasprimeras.com.do\/index.php\/wp-json\/wp\/v2\/posts"}],"about":[{"href":"https:\/\/lasprimeras.com.do\/index.php\/wp-json\/wp\/v2\/types\/post"}],"author":[{"embeddable":true,"href":"https:\/\/lasprimeras.com.do\/index.php\/wp-json\/wp\/v2\/users\/3"}],"replies":[{"embeddable":true,"href":"https:\/\/lasprimeras.com.do\/index.php\/wp-json\/wp\/v2\/comments?post=78697"}],"version-history":[{"count":1,"href":"https:\/\/lasprimeras.com.do\/index.php\/wp-json\/wp\/v2\/posts\/78697\/revisions"}],"predecessor-version":[{"id":78699,"href":"https:\/\/lasprimeras.com.do\/index.php\/wp-json\/wp\/v2\/posts\/78697\/revisions\/78699"}],"wp:featuredmedia":[{"embeddable":true,"href":"https:\/\/lasprimeras.com.do\/index.php\/wp-json\/wp\/v2\/media\/78698"}],"wp:attachment":[{"href":"https:\/\/lasprimeras.com.do\/index.php\/wp-json\/wp\/v2\/media?parent=78697"}],"wp:term":[{"taxonomy":"category","embeddable":true,"href":"https:\/\/lasprimeras.com.do\/index.php\/wp-json\/wp\/v2\/categories?post=78697"},{"taxonomy":"post_tag","embeddable":true,"href":"https:\/\/lasprimeras.com.do\/index.php\/wp-json\/wp\/v2\/tags?post=78697"}],"curies":[{"name":"wp","href":"https:\/\/api.w.org\/{rel}","templated":true}]}}