{"id":78700,"date":"2024-03-19T09:23:46","date_gmt":"2024-03-19T13:23:46","guid":{"rendered":"https:\/\/lasprimeras.com.do\/?p=78700"},"modified":"2024-03-19T09:23:48","modified_gmt":"2024-03-19T13:23:48","slug":"luis-el-gallo-pide-por-seguridad-nacional-se-prohiban-los-desfiles-haitianos-de-gaga-en-semana-santa","status":"publish","type":"post","link":"https:\/\/lasprimeras.com.do\/index.php\/2024\/03\/19\/luis-el-gallo-pide-por-seguridad-nacional-se-prohiban-los-desfiles-haitianos-de-gaga-en-semana-santa\/","title":{"rendered":"Luis &#8220;El Gallo&#8221; pide por seguridad nacional se proh\u00edban los desfiles haitianos de Gag\u00e1 en Semana Santa"},"content":{"rendered":"\n<p>El presidente de la Uni\u00f3n Dem\u00f3crata Cristiana -UDC-, Luis Acosta Moreta, Luis &#8220;El Gallo&#8221;, pidi\u00f3 hoy a las autoridades dominicanas que por razones de seguridad nacional, suspendan las concentraciones-desfiles de Gag\u00e1 que realizan los haitianos en la zona rural y urbana.<\/p>\n\n\n\n<p>Destac\u00f3 que esos encuentros de hechicer\u00eda y de sincretismo religioso son una muestra de fanatismo, mezclados con ron, que elevan los \u00e1nimos y pueden servir de fuente de agitaci\u00f3n, tomando en cuenta la situaci\u00f3n de violencia que hay en Hait\u00ed.<\/p>\n\n\n\n<p>A\u00f1adi\u00f3 que las autoridades tienen que ver los desfiles del Gag\u00e1 en los barrios haitianos de todo el pa\u00eds como un peligro para la seguridad nacional, ya que se podr\u00edan presentar disturbios y acciones que produzcan hechos que todos tendr\u00edan que lamentar.<\/p>\n\n\n\n<p>Pero hoy Hait\u00ed est\u00e1 en una virtual guerra civil, y en un pa\u00eds como el nuestro que tiene a cientos de miles de haitianos, en la mayor\u00eda indocumentados, permitir que se lancen a las calles ser\u00eda prender la mecha de un barril de p\u00f3lvora.<\/p>\n\n\n\n<p>Adem\u00e1s, la mayor\u00eda de los haitianos salen a los desfiles acompa\u00f1ados de sus instrumentos de trabajo, b\u00e1sicamente del machete, por lo que un exceso de emociones podr\u00eda traer una desgracia.<\/p>\n\n\n\n<p>Luis &#8220;El Gallo&#8221; dijo que est\u00e1 haciendo la advertencia con tiempo. Los organismos de seguridad del Estado tienen que prohibir que se lleven a cabo los desfiles de Gag\u00e1 en todo el territorio nacional.<\/p>\n\n\n\n<p>Apunt\u00f3 que hay antrop\u00f3logos y activistas culturales que quieren presentar al Gag\u00e1 como una manifestaci\u00f3n Dominico-Haitiana, cuando en realidad es un culto propio de los haitianos, que por a\u00f1os se les ha permitido, pero que en esta ocasi\u00f3n tiene que ser prohibido.<\/p>\n\n\n\n<p>El Gag\u00e1 no tiene nada de dominicano, es una manifestaci\u00f3n que invoca a la versi\u00f3n religiosa haitiana con los santos de la iglesia cat\u00f3lica, donde su m\u00e1xima expresi\u00f3n la tiene Belie Balcan, a este lo consideran el santo patr\u00f3n de la justicia, que defiende a las personas contra el mal y los enemigos dentro de las 21 divisiones. Es la versi\u00f3n haitiana de San Miguel.<\/p>\n\n\n\n<p>Es una penetraci\u00f3n cultural que comenz\u00f3 en los ingenios azucareros y que luego folcloristas dominicanos sean aferrado a esa idea, para justificar su pro-haitianismo.<\/p>\n\n\n\n<p>Apunt\u00f3 que en algunos casos se podr\u00eda permitir que sin manifestaciones p\u00fablicas, en sus \u00e1reas de residencia, bajo techo, los haitianos celebren sus alabanzas a sus dioses, pero nada de salir a las calles, con el machete en las manos, o colgando del hombro.<\/p>\n","protected":false},"excerpt":{"rendered":"<p>El presidente de la Uni\u00f3n Dem\u00f3crata Cristiana -UDC-, Luis Acosta Moreta, Luis &#8220;El Gallo&#8221;, pidi\u00f3 hoy a las autoridades dominicanas que por razones de seguridad nacional, suspendan las concentraciones-desfiles de&hellip;<\/p>\n","protected":false},"author":3,"featured_media":78701,"comment_status":"open","ping_status":"open","sticky":false,"template":"","format":"standard","meta":{"content-type":"","jetpack_post_was_ever_published":false,"_jetpack_newsletter_access":"","_jetpack_dont_email_post_to_subs":false,"_jetpack_newsletter_tier_id":0,"_jetpack_memberships_contains_paywalled_content":false,"_jetpack_memberships_contains_paid_content":false,"footnotes":""},"categories":[25],"tags":[1208],"class_list":["post-78700","post","type-post","status-publish","format-standard","has-post-thumbnail","hentry","category-portada","tag-luis-el-gallo"],"jetpack_featured_media_url":"https:\/\/lasprimeras.com.do\/wp-content\/uploads\/2024\/03\/WhatsApp-Image-2024-03-19-at-9.13.43-AM.jpeg","jetpack-related-posts":[{"id":123059,"url":"https:\/\/lasprimeras.com.do\/index.php\/2026\/02\/25\/denuncian-penetracion-haitiana-en-carnavales-de-la-zona-este-de-rd\/","url_meta":{"origin":78700,"position":0},"title":"Denuncian penetraci\u00f3n haitiana en carnavales de la zona Este de RD","author":"Nelson Feliz","date":"25 de febrero de 2026","format":false,"excerpt":"El presidente de la Uni\u00f3n Dem\u00f3crata Cristiana \u2013UDC-, Luis Acosta Moreta, Luis \u201cEl Gallo\u201d denunci\u00f3 hoy que los carnavales de la zona oriental del pa\u00eds destacan motivos y religiosidad haitianos, en franca violaci\u00f3n de las tradiciones dominicanas. Al mismo tiempo pidi\u00f3 que se proh\u00edban los desfiles haitianos del gaga, que\u2026","rel":"","context":"En \u00abPOLITICA\u00bb","block_context":{"text":"POLITICA","link":"https:\/\/lasprimeras.com.do\/index.php\/category\/politica\/"},"img":{"alt_text":"","src":"https:\/\/i0.wp.com\/lasprimeras.com.do\/wp-content\/uploads\/2026\/02\/IMG-20260224-WA1381.jpg?resize=350%2C200&ssl=1","width":350,"height":200,"srcset":"https:\/\/i0.wp.com\/lasprimeras.com.do\/wp-content\/uploads\/2026\/02\/IMG-20260224-WA1381.jpg?resize=350%2C200&ssl=1 1x, https:\/\/i0.wp.com\/lasprimeras.com.do\/wp-content\/uploads\/2026\/02\/IMG-20260224-WA1381.jpg?resize=525%2C300&ssl=1 1.5x, https:\/\/i0.wp.com\/lasprimeras.com.do\/wp-content\/uploads\/2026\/02\/IMG-20260224-WA1381.jpg?resize=700%2C400&ssl=1 2x, https:\/\/i0.wp.com\/lasprimeras.com.do\/wp-content\/uploads\/2026\/02\/IMG-20260224-WA1381.jpg?resize=1050%2C600&ssl=1 3x, https:\/\/i0.wp.com\/lasprimeras.com.do\/wp-content\/uploads\/2026\/02\/IMG-20260224-WA1381.jpg?resize=1400%2C800&ssl=1 4x"},"classes":[]},{"id":105715,"url":"https:\/\/lasprimeras.com.do\/index.php\/2025\/08\/06\/luis-el-gallo-pide-a-rd-alerta-maxima-ante-la-ampliacion-de-la-crisis-haitiana\/","url_meta":{"origin":78700,"position":1},"title":"Luis \u201cEl Gallo\u201d pide a RD alerta m\u00e1xima ante la ampliaci\u00f3n de la crisis haitiana","author":"Nelson Feliz","date":"6 de agosto de 2025","format":false,"excerpt":"El presidente de la Uni\u00f3n Dem\u00f3crata Cristiana \u2013UDC-, Luis Acosta Moreta, Luis \u201cEl Gallo\u201d, pidi\u00f3 hoy que el pa\u00eds se mantenga en alerta m\u00e1xima, cuando se acrecienta la guerra civil de baja intensidad de Hait\u00ed, que ha llevado hasta el cierre de la embajada norteamericana. Enfatiz\u00f3 que el momento es\u2026","rel":"","context":"En \u00abPOLITICA\u00bb","block_context":{"text":"POLITICA","link":"https:\/\/lasprimeras.com.do\/index.php\/category\/politica\/"},"img":{"alt_text":"Luis Acosta Moreta","src":"https:\/\/i0.wp.com\/lasprimeras.com.do\/wp-content\/uploads\/2025\/07\/Luis-Acosta-Moreta.png?resize=350%2C200&ssl=1","width":350,"height":200},"classes":[]},{"id":100262,"url":"https:\/\/lasprimeras.com.do\/index.php\/2025\/06\/04\/luis-el-gallo-felicita-a-migracion-por-deportar-a-cientos-de-miles-de-haitianos\/","url_meta":{"origin":78700,"position":2},"title":"Luis \u201cEl Gallo\u201d felicita a Migraci\u00f3n por deportar a cientos de miles de haitianos","author":"Nelson Feliz","date":"4 de junio de 2025","format":false,"excerpt":"El presidente de la Uni\u00f3n Dem\u00f3crata Cristiana \u2013UDC-, Luis Acosta Moreta, Luis \u201cEl Gallo\u201d, dio hoy su respaldo a la Direcci\u00f3n General de Migraci\u00f3n, por el excelente trabajo que realiza con la deportaci\u00f3n de indocumentados. Destac\u00f3 que el vicealmirante Luis Rafael Lee Ballester ejecuta una gran labor al frente de\u2026","rel":"","context":"En \u00abPOLITICA\u00bb","block_context":{"text":"POLITICA","link":"https:\/\/lasprimeras.com.do\/index.php\/category\/politica\/"},"img":{"alt_text":"Luis Acosta Moreta","src":"https:\/\/i0.wp.com\/lasprimeras.com.do\/wp-content\/uploads\/2025\/06\/Luis-Acosta-Moreta.jpg?resize=350%2C200&ssl=1","width":350,"height":200,"srcset":"https:\/\/i0.wp.com\/lasprimeras.com.do\/wp-content\/uploads\/2025\/06\/Luis-Acosta-Moreta.jpg?resize=350%2C200&ssl=1 1x, https:\/\/i0.wp.com\/lasprimeras.com.do\/wp-content\/uploads\/2025\/06\/Luis-Acosta-Moreta.jpg?resize=525%2C300&ssl=1 1.5x, https:\/\/i0.wp.com\/lasprimeras.com.do\/wp-content\/uploads\/2025\/06\/Luis-Acosta-Moreta.jpg?resize=700%2C400&ssl=1 2x"},"classes":[]},{"id":108960,"url":"https:\/\/lasprimeras.com.do\/index.php\/2025\/09\/12\/luis-el-gallo-rechaza-cuotas-de-indocumentados-para-regularizar-el-trabajo-de-los-haitianos\/","url_meta":{"origin":78700,"position":3},"title":"Luis \u201cEl Gallo\u201d rechaza cuotas de indocumentados para regularizar el trabajo de los haitianos","author":"Nelson Feliz","date":"12 de septiembre de 2025","format":false,"excerpt":"El presidente de la Uni\u00f3n Dem\u00f3crata Cristiana -UDC-, Luis Acosta Moreta, Luis \u201cEl Gallo\u201d, plante\u00f3 hoy que es inaceptable el establecimiento de cuotas de trabajo para haitianos indocumentados, y favoreci\u00f3 que sigan las deportaciones. Dijo que el Consejo Econ\u00f3mico y Social \u2013CIES- plantea entre las conclusiones de su trabajo sobre\u2026","rel":"","context":"En \u00abPOLITICA\u00bb","block_context":{"text":"POLITICA","link":"https:\/\/lasprimeras.com.do\/index.php\/category\/politica\/"},"img":{"alt_text":"Luis Acosta Moreta","src":"https:\/\/i0.wp.com\/lasprimeras.com.do\/wp-content\/uploads\/2025\/07\/WhatsApp-Image-2025-07-25-at-9.01.49-AM.jpeg?resize=350%2C200&ssl=1","width":350,"height":200,"srcset":"https:\/\/i0.wp.com\/lasprimeras.com.do\/wp-content\/uploads\/2025\/07\/WhatsApp-Image-2025-07-25-at-9.01.49-AM.jpeg?resize=350%2C200&ssl=1 1x, https:\/\/i0.wp.com\/lasprimeras.com.do\/wp-content\/uploads\/2025\/07\/WhatsApp-Image-2025-07-25-at-9.01.49-AM.jpeg?resize=525%2C300&ssl=1 1.5x, https:\/\/i0.wp.com\/lasprimeras.com.do\/wp-content\/uploads\/2025\/07\/WhatsApp-Image-2025-07-25-at-9.01.49-AM.jpeg?resize=700%2C400&ssl=1 2x"},"classes":[]},{"id":124784,"url":"https:\/\/lasprimeras.com.do\/index.php\/2026\/03\/16\/luis-el-gallo-dominicanos-deben-apartarse-de-la-crisis-haitiana\/","url_meta":{"origin":78700,"position":4},"title":"Luis \u201cEl Gallo\u201d: Dominicanos deben apartarse de la crisis haitiana","author":"Nelson Feliz","date":"16 de marzo de 2026","format":false,"excerpt":"El presidente de la Uni\u00f3n Dem\u00f3\u00e7rata Cristiana \u2013UDC-, Luis Acosta Moreta, \u201cLuis El Gallo\u201d, consider\u00f3 hoy que los dominicanos se deben mantener apartados de la crisis interna de Hait\u00ed, y seguir aplicando la pol\u00edtica de deportaci\u00f3n de migrantes indocumentados. Dijo que cualquier conversaci\u00f3n que tenga lugar entre las autoridades haitianas\u2026","rel":"","context":"En \u00abPOLITICA\u00bb","block_context":{"text":"POLITICA","link":"https:\/\/lasprimeras.com.do\/index.php\/category\/politica\/"},"img":{"alt_text":"Luis Acosta Moreta","src":"https:\/\/i0.wp.com\/lasprimeras.com.do\/wp-content\/uploads\/2025\/07\/Luis-Acosta-Moreta.png?resize=350%2C200&ssl=1","width":350,"height":200},"classes":[]},{"id":114227,"url":"https:\/\/lasprimeras.com.do\/index.php\/2025\/11\/12\/luis-el-gallo-respalda-migracion-continue-politica-contra-indocumentados\/","url_meta":{"origin":78700,"position":5},"title":"Luis \u201cEl Gallo\u201d respalda Migraci\u00f3n contin\u00fae pol\u00edtica contra indocumentados","author":"Nelson Feliz","date":"12 de noviembre de 2025","format":false,"excerpt":"El presidente de la Uni\u00f3n Dem\u00f3crata Cristiana \u2013UDC-, Luis Acosta Moreta, Luis \u201cEl Gallo\u201d dio hoy su respaldo a la pol\u00edtica migratoria del gobierno, que en el \u00faltimo a\u00f1o ha hecho posible deportar a cientos de miles de haitianos indocumentados. Destac\u00f3 que la Rep\u00fablica Dominicana tiene que protegerse de los\u2026","rel":"","context":"En \u00abPOLITICA\u00bb","block_context":{"text":"POLITICA","link":"https:\/\/lasprimeras.com.do\/index.php\/category\/politica\/"},"img":{"alt_text":"Luis Acosta Moreta","src":"https:\/\/i0.wp.com\/lasprimeras.com.do\/wp-content\/uploads\/2024\/09\/Luis-Acosta-Moreta.jpg?resize=350%2C200&ssl=1","width":350,"height":200,"srcset":"https:\/\/i0.wp.com\/lasprimeras.com.do\/wp-content\/uploads\/2024\/09\/Luis-Acosta-Moreta.jpg?resize=350%2C200&ssl=1 1x, https:\/\/i0.wp.com\/lasprimeras.com.do\/wp-content\/uploads\/2024\/09\/Luis-Acosta-Moreta.jpg?resize=525%2C300&ssl=1 1.5x, https:\/\/i0.wp.com\/lasprimeras.com.do\/wp-content\/uploads\/2024\/09\/Luis-Acosta-Moreta.jpg?resize=700%2C400&ssl=1 2x"},"classes":[]}],"jetpack_sharing_enabled":true,"_links":{"self":[{"href":"https:\/\/lasprimeras.com.do\/index.php\/wp-json\/wp\/v2\/posts\/78700","targetHints":{"allow":["GET"]}}],"collection":[{"href":"https:\/\/lasprimeras.com.do\/index.php\/wp-json\/wp\/v2\/posts"}],"about":[{"href":"https:\/\/lasprimeras.com.do\/index.php\/wp-json\/wp\/v2\/types\/post"}],"author":[{"embeddable":true,"href":"https:\/\/lasprimeras.com.do\/index.php\/wp-json\/wp\/v2\/users\/3"}],"replies":[{"embeddable":true,"href":"https:\/\/lasprimeras.com.do\/index.php\/wp-json\/wp\/v2\/comments?post=78700"}],"version-history":[{"count":1,"href":"https:\/\/lasprimeras.com.do\/index.php\/wp-json\/wp\/v2\/posts\/78700\/revisions"}],"predecessor-version":[{"id":78702,"href":"https:\/\/lasprimeras.com.do\/index.php\/wp-json\/wp\/v2\/posts\/78700\/revisions\/78702"}],"wp:featuredmedia":[{"embeddable":true,"href":"https:\/\/lasprimeras.com.do\/index.php\/wp-json\/wp\/v2\/media\/78701"}],"wp:attachment":[{"href":"https:\/\/lasprimeras.com.do\/index.php\/wp-json\/wp\/v2\/media?parent=78700"}],"wp:term":[{"taxonomy":"category","embeddable":true,"href":"https:\/\/lasprimeras.com.do\/index.php\/wp-json\/wp\/v2\/categories?post=78700"},{"taxonomy":"post_tag","embeddable":true,"href":"https:\/\/lasprimeras.com.do\/index.php\/wp-json\/wp\/v2\/tags?post=78700"}],"curies":[{"name":"wp","href":"https:\/\/api.w.org\/{rel}","templated":true}]}}