{"id":78707,"date":"2024-03-19T14:20:51","date_gmt":"2024-03-19T18:20:51","guid":{"rendered":"https:\/\/lasprimeras.com.do\/?p=78707"},"modified":"2024-03-19T14:20:52","modified_gmt":"2024-03-19T18:20:52","slug":"apresan-a-dos-hombres-por-robo-en-la-clinica-dr-cruz-jiminian","status":"publish","type":"post","link":"https:\/\/lasprimeras.com.do\/index.php\/2024\/03\/19\/apresan-a-dos-hombres-por-robo-en-la-clinica-dr-cruz-jiminian\/","title":{"rendered":"Apresan a dos hombres por robo en la Cl\u00ednica Dr. Cruz Jimini\u00e1n"},"content":{"rendered":"\n<p>Agentes policiales, adscritos a la Direcci\u00f3n Central de Investigaci\u00f3n (Dicrim), apresaron a dos hombres que el pasado 15 de marzo penetraron al \u00e1rea de Resonancia Magn\u00e9tica de la Cl\u00ednica Dr. Cruz Jimini\u00e1n, en el sector de Cristo Rey, de donde lograron sustraer una computadora completa.<\/p>\n\n\n\n<p>Los detenidos son Jos\u00e9 Luis Rosario Pimentel (a) El Burro, de 31 a\u00f1os, y V\u00edctor Manuel de los Santos Suero, de 28. &#8220;El primero fue captado por una c\u00e1mara de seguridad en la citada fecha cuando penetr\u00f3 al centro m\u00e9dico, y las im\u00e1genes muestran cuando sustrae un CPU, un teclado, una regleta, un monitor y los cables de la misma&#8221;.<\/p>\n\n\n\n<p>Agrega el reporte que &#8220;Rosario Pimentel en compa\u00f1\u00eda de De Los Santos Suero, volvi\u00f3 al d\u00eda siguiente en horas de la madrugada, para intentar llevarse un televisor plasma de 32 pulgadas, pero fue sorprendido por el personal de seguridad de la cl\u00ednica. Jos\u00e9 Luis, tras intentar burlar a los miembros de seguridad del centro m\u00e9dico result\u00f3 con heridas que se las ocasion\u00f3 al momento de lanzarse de una pared caus\u00e1ndose una lesi\u00f3n en el tal\u00f3n izquierdo&#8221;.<\/p>\n","protected":false},"excerpt":{"rendered":"<p>Agentes policiales, adscritos a la Direcci\u00f3n Central de Investigaci\u00f3n (Dicrim), apresaron a dos hombres que el pasado 15 de marzo penetraron al \u00e1rea de Resonancia Magn\u00e9tica de la Cl\u00ednica Dr.&hellip;<\/p>\n","protected":false},"author":3,"featured_media":78708,"comment_status":"open","ping_status":"open","sticky":false,"template":"","format":"standard","meta":{"content-type":"","jetpack_post_was_ever_published":false,"_jetpack_newsletter_access":"","_jetpack_dont_email_post_to_subs":false,"_jetpack_newsletter_tier_id":0,"_jetpack_memberships_contains_paywalled_content":false,"_jetpack_memberships_contains_paid_content":false,"footnotes":""},"categories":[25],"tags":[956],"class_list":["post-78707","post","type-post","status-publish","format-standard","has-post-thumbnail","hentry","category-portada","tag-clinica"],"jetpack_featured_media_url":"https:\/\/lasprimeras.com.do\/wp-content\/uploads\/2024\/03\/WhatsApp-Image-2024-03-19-at-11.25.24-AM.jpeg","jetpack-related-posts":[{"id":91615,"url":"https:\/\/lasprimeras.com.do\/index.php\/2024\/11\/28\/entregan-bonos-navidenos-clinica-cruz-jiminian-hospital-padre-billini-y-conavihsida\/","url_meta":{"origin":78707,"position":0},"title":"Entregan bonos navide\u00f1os Cl\u00ednica Cruz Jimini\u00e1n, Hospital Padre Billini y Conavihsida","author":"Nelson Feliz","date":"28 de noviembre de 2024","format":false,"excerpt":"El coordinador del Gabinete de Pol\u00edticas Sociales del Gobierno, Tony Pe\u00f1a Guaba, entreg\u00f3 este jueves durante un nutrido acto en la Cl\u00ednica Cruz Jimini\u00e1n, una cantidad considerable de bonos navide\u00f1os. Pe\u00f1a Guaba, cumple su promesa en el acto de lanzamiento del Bono Navide\u00f1o de este a\u00f1o, de que las llevar\u00eda\u2026","rel":"","context":"En \u00abECONOM\u00cdA\u00bb","block_context":{"text":"ECONOM\u00cdA","link":"https:\/\/lasprimeras.com.do\/index.php\/category\/economia\/"},"img":{"alt_text":"","src":"https:\/\/i0.wp.com\/lasprimeras.com.do\/wp-content\/uploads\/2024\/11\/pena-guaba.jpg?resize=350%2C200&ssl=1","width":350,"height":200,"srcset":"https:\/\/i0.wp.com\/lasprimeras.com.do\/wp-content\/uploads\/2024\/11\/pena-guaba.jpg?resize=350%2C200&ssl=1 1x, https:\/\/i0.wp.com\/lasprimeras.com.do\/wp-content\/uploads\/2024\/11\/pena-guaba.jpg?resize=525%2C300&ssl=1 1.5x, https:\/\/i0.wp.com\/lasprimeras.com.do\/wp-content\/uploads\/2024\/11\/pena-guaba.jpg?resize=700%2C400&ssl=1 2x"},"classes":[]},{"id":67557,"url":"https:\/\/lasprimeras.com.do\/index.php\/2023\/11\/16\/cruz-jiminian-da-inicio-a-la-navidad-con-tradicional-actividad\/","url_meta":{"origin":78707,"position":1},"title":"Cruz Jimini\u00e1n da inicio a la Navidad con tradicional actividad","author":"Nelson Feliz","date":"16 de noviembre de 2023","format":false,"excerpt":"Como cada a\u00f1o, y con una colorida y alegre actividad, el doctor F\u00e9lix Antonio Cruz Jimini\u00e1n dio inicio a la Navidad en Cristo Rey, junto a todo el equipo de la cl\u00ednica que lleva su nombre y residentes de ese sector capitalino. \"Es una tradici\u00f3n en la cl\u00ednica Cruz Jimini\u00e1n\u2026","rel":"","context":"En \u00abENTRETENIMIENTO\u00bb","block_context":{"text":"ENTRETENIMIENTO","link":"https:\/\/lasprimeras.com.do\/index.php\/category\/entretenimiento\/"},"img":{"alt_text":"F\u00e9lix Antonio Cruz Jimini\u00e1n","src":"https:\/\/i0.wp.com\/lasprimeras.com.do\/wp-content\/uploads\/2023\/11\/Felix-Antonio-Cruz-Jiminian-1.jpg?resize=350%2C200&ssl=1","width":350,"height":200,"srcset":"https:\/\/i0.wp.com\/lasprimeras.com.do\/wp-content\/uploads\/2023\/11\/Felix-Antonio-Cruz-Jiminian-1.jpg?resize=350%2C200&ssl=1 1x, https:\/\/i0.wp.com\/lasprimeras.com.do\/wp-content\/uploads\/2023\/11\/Felix-Antonio-Cruz-Jiminian-1.jpg?resize=525%2C300&ssl=1 1.5x, https:\/\/i0.wp.com\/lasprimeras.com.do\/wp-content\/uploads\/2023\/11\/Felix-Antonio-Cruz-Jiminian-1.jpg?resize=700%2C400&ssl=1 2x"},"classes":[]},{"id":118438,"url":"https:\/\/lasprimeras.com.do\/index.php\/2025\/12\/28\/dr-cruz-jiminian-aclara-falsas-acusaciones-en-su-contra-sobre-caso-senasa\/","url_meta":{"origin":78707,"position":2},"title":"Dr. Cruz Jimini\u00e1n aclar\u00e1 falsas acusaciones en su contra sobre caso SeNaSa","author":"Nelson Feliz","date":"28 de diciembre de 2025","format":false,"excerpt":"El reconocido m\u00e9dico y fil\u00e1ntropo dominicano, doctor F\u00e9lix Antonio Cruz Jimini\u00e1n, desminti\u00f3 de manera categ\u00f3rica las recientes y falsas acusaciones que intentan vincular su nombre con irregularidades en el Seguro Nacional de Salud (SeNaSa). Durante el encuentro con los medios de comunicaci\u00f3n, el Dr. Cruz Jimini\u00e1n presentar\u00e1 pruebas documentales que\u2026","rel":"","context":"En \u00abPORTADA\u00bb","block_context":{"text":"PORTADA","link":"https:\/\/lasprimeras.com.do\/index.php\/category\/portada\/"},"img":{"alt_text":"F\u00e9lix Antonio Cruz Jimini\u00e1n","src":"https:\/\/i0.wp.com\/lasprimeras.com.do\/wp-content\/uploads\/2025\/12\/Felix-Antonio-Cruz-Jiminian.jpg?resize=350%2C200&ssl=1","width":350,"height":200,"srcset":"https:\/\/i0.wp.com\/lasprimeras.com.do\/wp-content\/uploads\/2025\/12\/Felix-Antonio-Cruz-Jiminian.jpg?resize=350%2C200&ssl=1 1x, https:\/\/i0.wp.com\/lasprimeras.com.do\/wp-content\/uploads\/2025\/12\/Felix-Antonio-Cruz-Jiminian.jpg?resize=525%2C300&ssl=1 1.5x"},"classes":[]},{"id":105465,"url":"https:\/\/lasprimeras.com.do\/index.php\/2025\/08\/04\/cesac-y-fundacion-cruz-jiminian-ejecutan-jornada-integral-de-asistencia-medica-en-barahona\/","url_meta":{"origin":78707,"position":3},"title":"CESAC y Fundaci\u00f3n Cruz Jimini\u00e1n ejecutan jornada integral de asistencia m\u00e9dica en Barahona","author":"Nelson Feliz","date":"4 de agosto de 2025","format":false,"excerpt":"El Cuerpo Especializado en Seguridad Aeroportuaria y de la Aviaci\u00f3n Civil (CESAC), en colaboraci\u00f3n con la Fundaci\u00f3n Cruz Jimini\u00e1n, llev\u00f3 a cabo una jornada de acci\u00f3n c\u00edvica y asistencia m\u00e9dica comunitaria en la Escuela B\u00e1sica Aura Therma Suero F\u00e9liz-Habanero, provincia Barahona. La actividad cont\u00f3 con la participaci\u00f3n de un equipo\u2026","rel":"","context":"En \u00abSALUD\u00bb","block_context":{"text":"SALUD","link":"https:\/\/lasprimeras.com.do\/index.php\/category\/salud\/"},"img":{"alt_text":"","src":"https:\/\/i0.wp.com\/lasprimeras.com.do\/wp-content\/uploads\/2025\/08\/jornada-medica.jpg?resize=350%2C200&ssl=1","width":350,"height":200,"srcset":"https:\/\/i0.wp.com\/lasprimeras.com.do\/wp-content\/uploads\/2025\/08\/jornada-medica.jpg?resize=350%2C200&ssl=1 1x, https:\/\/i0.wp.com\/lasprimeras.com.do\/wp-content\/uploads\/2025\/08\/jornada-medica.jpg?resize=525%2C300&ssl=1 1.5x, https:\/\/i0.wp.com\/lasprimeras.com.do\/wp-content\/uploads\/2025\/08\/jornada-medica.jpg?resize=700%2C400&ssl=1 2x"},"classes":[]},{"id":106064,"url":"https:\/\/lasprimeras.com.do\/index.php\/2025\/08\/10\/franklin-garcia-fermin-encabeza-caminata-por-la-salud-en-el-parque-jardin-botanico-nacional\/","url_meta":{"origin":78707,"position":4},"title":"Franklin Garc\u00eda Ferm\u00edn encabeza \u201cCaminata por la Salud\u201d en el Parque Jard\u00edn Bot\u00e1nico Nacional","author":"Nelson Feliz","date":"10 de agosto de 2025","format":false,"excerpt":"La actividad, celebrada en el marco del 47.\u00ba aniversario de la creaci\u00f3n del MESCyT, cont\u00f3 con la colaboraci\u00f3n de la Fundaci\u00f3n Cruz Jimini\u00e1n, que preside el fil\u00e1ntropo doctor Antonio Cruz Jimini\u00e1n. El ministro de Educaci\u00f3n Superior, Ciencia y Tecnolog\u00eda (MESCyT), doctor Franklin Garc\u00eda Ferm\u00edn, encabez\u00f3 una caminata por la salud,\u2026","rel":"","context":"En \u00abNACIONALES\u00bb","block_context":{"text":"NACIONALES","link":"https:\/\/lasprimeras.com.do\/index.php\/category\/nacionales\/"},"img":{"alt_text":"Franklin Garc\u00eda Ferm\u00edn","src":"https:\/\/i0.wp.com\/lasprimeras.com.do\/wp-content\/uploads\/2025\/08\/Franklin-Garcia-Fermin.jpg?resize=350%2C200&ssl=1","width":350,"height":200,"srcset":"https:\/\/i0.wp.com\/lasprimeras.com.do\/wp-content\/uploads\/2025\/08\/Franklin-Garcia-Fermin.jpg?resize=350%2C200&ssl=1 1x, https:\/\/i0.wp.com\/lasprimeras.com.do\/wp-content\/uploads\/2025\/08\/Franklin-Garcia-Fermin.jpg?resize=525%2C300&ssl=1 1.5x, https:\/\/i0.wp.com\/lasprimeras.com.do\/wp-content\/uploads\/2025\/08\/Franklin-Garcia-Fermin.jpg?resize=700%2C400&ssl=1 2x"},"classes":[]},{"id":81144,"url":"https:\/\/lasprimeras.com.do\/index.php\/2024\/04\/17\/policia-arresta-hombre-por-robo-dentro-de-residencia-en-bonao\/","url_meta":{"origin":78707,"position":5},"title":"Polic\u00eda arresta hombre por robo dentro de residencia en Bonao","author":"BIMARY DE JES\u00daS Matos","date":"17 de abril de 2024","format":false,"excerpt":"Santo Domingo.-Agentes policiales, adscritos a la Subdirecci\u00f3n de Investigaci\u00f3n (DICRIM), del sector Palmarito, del municipio de Bonao, provincia Monse\u00f1or Nouel, apresaron a un hombre luego que una multitud le fuera encima por haber penetrado en una residencia en esa zona, en la que sustrajo dinero en efectivo, prendas, celulares, entre\u2026","rel":"","context":"En \u00abNACIONALES\u00bb","block_context":{"text":"NACIONALES","link":"https:\/\/lasprimeras.com.do\/index.php\/category\/nacionales\/"},"img":{"alt_text":"","src":"https:\/\/i0.wp.com\/lasprimeras.com.do\/wp-content\/uploads\/2024\/04\/6C3C6057-F241-4355-987F-F92FF9FDEC39.jpeg?resize=350%2C200&ssl=1","width":350,"height":200,"srcset":"https:\/\/i0.wp.com\/lasprimeras.com.do\/wp-content\/uploads\/2024\/04\/6C3C6057-F241-4355-987F-F92FF9FDEC39.jpeg?resize=350%2C200&ssl=1 1x, https:\/\/i0.wp.com\/lasprimeras.com.do\/wp-content\/uploads\/2024\/04\/6C3C6057-F241-4355-987F-F92FF9FDEC39.jpeg?resize=525%2C300&ssl=1 1.5x, https:\/\/i0.wp.com\/lasprimeras.com.do\/wp-content\/uploads\/2024\/04\/6C3C6057-F241-4355-987F-F92FF9FDEC39.jpeg?resize=700%2C400&ssl=1 2x"},"classes":[]}],"jetpack_sharing_enabled":true,"_links":{"self":[{"href":"https:\/\/lasprimeras.com.do\/index.php\/wp-json\/wp\/v2\/posts\/78707","targetHints":{"allow":["GET"]}}],"collection":[{"href":"https:\/\/lasprimeras.com.do\/index.php\/wp-json\/wp\/v2\/posts"}],"about":[{"href":"https:\/\/lasprimeras.com.do\/index.php\/wp-json\/wp\/v2\/types\/post"}],"author":[{"embeddable":true,"href":"https:\/\/lasprimeras.com.do\/index.php\/wp-json\/wp\/v2\/users\/3"}],"replies":[{"embeddable":true,"href":"https:\/\/lasprimeras.com.do\/index.php\/wp-json\/wp\/v2\/comments?post=78707"}],"version-history":[{"count":1,"href":"https:\/\/lasprimeras.com.do\/index.php\/wp-json\/wp\/v2\/posts\/78707\/revisions"}],"predecessor-version":[{"id":78709,"href":"https:\/\/lasprimeras.com.do\/index.php\/wp-json\/wp\/v2\/posts\/78707\/revisions\/78709"}],"wp:featuredmedia":[{"embeddable":true,"href":"https:\/\/lasprimeras.com.do\/index.php\/wp-json\/wp\/v2\/media\/78708"}],"wp:attachment":[{"href":"https:\/\/lasprimeras.com.do\/index.php\/wp-json\/wp\/v2\/media?parent=78707"}],"wp:term":[{"taxonomy":"category","embeddable":true,"href":"https:\/\/lasprimeras.com.do\/index.php\/wp-json\/wp\/v2\/categories?post=78707"},{"taxonomy":"post_tag","embeddable":true,"href":"https:\/\/lasprimeras.com.do\/index.php\/wp-json\/wp\/v2\/tags?post=78707"}],"curies":[{"name":"wp","href":"https:\/\/api.w.org\/{rel}","templated":true}]}}