{"id":78754,"date":"2024-03-19T23:41:43","date_gmt":"2024-03-20T03:41:43","guid":{"rendered":"https:\/\/lasprimeras.com.do\/?p=78754"},"modified":"2024-03-19T23:41:43","modified_gmt":"2024-03-20T03:41:43","slug":"marriott-international-destaca-el-papel-fundamental-de-las-mujeres-en-el-turismo","status":"publish","type":"post","link":"https:\/\/lasprimeras.com.do\/index.php\/2024\/03\/19\/marriott-international-destaca-el-papel-fundamental-de-las-mujeres-en-el-turismo\/","title":{"rendered":"Marriott International destaca el papel fundamental de las mujeres en el Turismo"},"content":{"rendered":"\n<p><strong>Plantation, Fla. &#8211;<\/strong> Marriott International resalt\u00f3 el papel que las mujeres desempe\u00f1an durante el panel \u201cTurismo y las Mujeres en Latinoam\u00e9rica\u201d.<\/p>\n\n\n\n<p>La cadena hotelera califico como un firme compromiso hacia la equidad y la inclusi\u00f3n que se refleja con una representaci\u00f3n del 54% de la fuerza laboral global por mujeres y el 47% en cargos ejecutivos.<\/p>\n\n\n\n<p>El encuentro tuvo lugar el pasado jueves y cont\u00f3 con la participaci\u00f3n de Louise Bang, Chief Sales and Marketing Officer de Marriott International para el Caribe y Latinoam\u00e9rica; Xiomara Rodr\u00edguez, Directora de Comunicaci\u00f3n de Discover Puerto Rico; Diana Olivares, Directora General de LATAM Airlines para M\u00e9xico, Centroam\u00e9rica y el Caribe; Marcela Steffens, General Manager de Marriott Barranquilla Hotel; y estuvo moderado por Mar\u00eda Molina, corresponsal de NTN24 en Washington.<\/p>\n\n\n\n<p>Durante este encuentro, representantes de Marriott International y de la industria tur\u00edstica de la regi\u00f3n coincidieron en que las mujeres han demostrado una capacidad excepcional para innovar, liderar y transformar la experiencia del viajero y de todas las personas que participan en la cadena de valor del turismo.<\/p>\n\n\n\n<p>\u201cHay magia en las relaciones que tenemos entre mujeres, tenemos que ayudarnos a fomentar el talento y demostrar que hay una carrera a seguir; una oportunidad de combinar la vida personal con la laboral y seguir incrementando el porcentaje de mujeres en posiciones de liderazgo. Necesitamos diferentes puntos de vista, experiencias y niveles de empat\u00eda, porque la mezcla de ese talento es lo que va a entregar los mejores resultados que aportaran a la sociedad, familias, y a las empresas\u201d se\u00f1al\u00f3 Louise Bang.<\/p>\n\n\n\n<p>Por otro lado, es importante resaltar el creciente n\u00famero de mujeres emprendedoras en el sector tur\u00edstico.<\/p>\n\n\n\n<p>Cada vez m\u00e1s mujeres est\u00e1n estableciendo sus propios negocios relacionados con el turismo, incluyendo alojamientos, restaurantes, tours y actividades.<\/p>\n\n\n\n<p>Este fen\u00f3meno no solo contribuye al empoderamiento econ\u00f3mico de las mujeres, sino que tambi\u00e9n enriquece la diversidad y la oferta dentro de la industria tur\u00edstica, promoviendo una mayor inclusi\u00f3n y desarrollo econ\u00f3mico en la regi\u00f3n.<\/p>\n\n\n\n<p>\u201cEstamos derribando barreras, escalando a posiciones muy altas de liderazgo en las que estamos influenciando, no solo a los que est\u00e1n a nuestro alrededor, si no tambi\u00e9n estamos inspirando a la pr\u00f3xima generaci\u00f3n que va a poder venir con una mentalidad en la que no van a pensar en g\u00e9nero a la hora de escoger una carrera\u201d puntualiz\u00f3 Xiomara Rodr\u00edguez.<\/p>\n\n\n\n<p>Seg\u00fan datos de la Organizaci\u00f3n Mundial del Turismo (OMT), la industria tur\u00edstica se caracteriza por contar con una fuerza laboral donde las mujeres representan el 54%, superando la media global en otros sectores.<\/p>\n\n\n\n<p>Adem\u00e1s, se observa una brecha salarial menor entre g\u00e9neros y un porcentaje m\u00e1s alto de mujeres ocupando roles directivos en comparaci\u00f3n con otras industrias. A pesar de estos avances, la industria tur\u00edstica a\u00fan enfrenta desaf\u00edos importantes en materia de equidad de g\u00e9nero.<\/p>\n\n\n\n<p>En ese sentido, Diana Olivares, mencion\u00f3 que en el Foro Mundial Econ\u00f3mico a\u00fan faltan 131 a\u00f1os para alcanzar la equidad econ\u00f3mica entre mujeres y hombres.<\/p>\n\n\n\n<p>\u201cEs crucial elevar la voz a trav\u00e9s de estos paneles, y ense\u00f1arles a las nuevas generaciones que no existe un g\u00e9nero espec\u00edfico para desempe\u00f1ar cualquier rol, especialmente en puestos de liderazgo. En la industria de la aviaci\u00f3n, persiste la b\u00fasqueda de mujeres l\u00edderes, ya que actualmente solo representamos el 6% a nivel global. Todav\u00eda falta mucho, por lo que continuaremos alzando la voz\u201d, agreg\u00f3.<\/p>\n\n\n\n<p>En su intervenci\u00f3n, Marcela Steffens, asegur\u00f3 que las redes de apoyo son una gran herramienta para superar los retos en la industria, por lo que hizo un llamado a las mujeres para apoyar a sus colegas en su crecimiento profesional.<\/p>\n\n\n\n<p>\u201cTenemos que encontrar la fortaleza en nosotras. Cada vez hay mayor sororidad y creo que nos sentimos orgullosas cuando vemos a una mujer crecer profesionalmente, porque es paso a paso ir de la mano y dar el espacio para ofrecer nuestro reconocimiento, agreg\u00f3.<\/p>\n\n\n\n<p>A trav\u00e9s de iniciativas todo el a\u00f1o, Marriott International renueva su compromiso de impulsar la participaci\u00f3n activa de las mujeres en el turismo regional.<\/p>\n\n\n\n<p>Con una notable presencia que abarca cerca de 500 propiedades distribuidas en 25 marcas distintas, en m\u00e1s de 37 pa\u00edses y territorios de Latinoam\u00e9rica y el Caribe, la empresa reconoce la importancia de promover la equidad de g\u00e9nero en todos los niveles de la industria.<\/p>\n\n\n\n<p>Marriott se centra en crear un entorno inclusivo que fomente el crecimiento y el liderazgo femenino en el sector tur\u00edstico. Adem\u00e1s, la plataforma de viajes, Marriott Bonvoy, no solo ofrece experiencias excepcionales a socios, sino que tambi\u00e9n sirve como un medio para conectarlos con destinos que despiertan su inter\u00e9s m\u00e1s profundo.<\/p>\n","protected":false},"excerpt":{"rendered":"<p>Plantation, Fla. &#8211; Marriott International resalt\u00f3 el papel que las mujeres desempe\u00f1an durante el panel \u201cTurismo y las Mujeres en Latinoam\u00e9rica\u201d. La cadena hotelera califico como un firme compromiso hacia&hellip;<\/p>\n","protected":false},"author":2,"featured_media":78755,"comment_status":"open","ping_status":"open","sticky":false,"template":"","format":"standard","meta":{"content-type":"","jetpack_post_was_ever_published":false,"_jetpack_newsletter_access":"","_jetpack_dont_email_post_to_subs":false,"_jetpack_newsletter_tier_id":0,"_jetpack_memberships_contains_paywalled_content":false,"_jetpack_memberships_contains_paid_content":false,"footnotes":""},"categories":[376],"tags":[259,337,12180,836,3976,375],"class_list":["post-78754","post","type-post","status-publish","format-standard","has-post-thumbnail","hentry","category-turismo","tag-caribe","tag-latinoamerica","tag-marriott-international","tag-mujeres","tag-papel","tag-turismo"],"jetpack_featured_media_url":"https:\/\/lasprimeras.com.do\/wp-content\/uploads\/2024\/03\/mujeres-turismo.jpg","jetpack-related-posts":[{"id":111123,"url":"https:\/\/lasprimeras.com.do\/index.php\/2025\/10\/05\/grupo-punta-cana-marriott-international-y-mac-hotels-inauguran-el-hotel-w-punta-cana-todo-incluido-de-lujo-en-rd\/","url_meta":{"origin":78754,"position":0},"title":"Grupo Punta Cana, Marriott International y Mac Hotels inauguran el hotel W Punta Cana todo incluido de lujo en RD","author":"Nelson Feliz","date":"5 de octubre de 2025","format":false,"excerpt":"El presidente Abinader destaca la inversi\u00f3n en turismo como motor de desarrollo. Al participar este domingo en la inauguraci\u00f3n del hotel W Punta Cana Adult All-Inclusive, con una inversi\u00f3n cercana a los 170 millones de d\u00f3lares, el presidente Luis Abinader asegur\u00f3 que hoy la Rep\u00fablica Dominicana es el mejor lugar\u2026","rel":"","context":"En \u00abPORTADA\u00bb","block_context":{"text":"PORTADA","link":"https:\/\/lasprimeras.com.do\/index.php\/category\/portada\/"},"img":{"alt_text":"","src":"https:\/\/i0.wp.com\/lasprimeras.com.do\/wp-content\/uploads\/2025\/10\/inauguran-el-hotel-w-punta-cana-primer-todo-incluido-de-lujo-en-la-rd-c4758ab7-focus-0-0-896-504.jpg?resize=350%2C200&ssl=1","width":350,"height":200,"srcset":"https:\/\/i0.wp.com\/lasprimeras.com.do\/wp-content\/uploads\/2025\/10\/inauguran-el-hotel-w-punta-cana-primer-todo-incluido-de-lujo-en-la-rd-c4758ab7-focus-0-0-896-504.jpg?resize=350%2C200&ssl=1 1x, https:\/\/i0.wp.com\/lasprimeras.com.do\/wp-content\/uploads\/2025\/10\/inauguran-el-hotel-w-punta-cana-primer-todo-incluido-de-lujo-en-la-rd-c4758ab7-focus-0-0-896-504.jpg?resize=525%2C300&ssl=1 1.5x, https:\/\/i0.wp.com\/lasprimeras.com.do\/wp-content\/uploads\/2025\/10\/inauguran-el-hotel-w-punta-cana-primer-todo-incluido-de-lujo-en-la-rd-c4758ab7-focus-0-0-896-504.jpg?resize=700%2C400&ssl=1 2x"},"classes":[]},{"id":81596,"url":"https:\/\/lasprimeras.com.do\/index.php\/2024\/04\/22\/marriott-international-logra-alcanzar-cero-emisiones-netas-de-carbono\/","url_meta":{"origin":78754,"position":1},"title":"Marriott International logra alcanzar cero emisiones netas de carbono","author":"Nelson Feliz","date":"22 de abril de 2024","format":false,"excerpt":"Bethesda, MD,- Marriott International ratifica sus objetivos de reducci\u00f3n de emisiones a corto y largo plazo con enfoque cient\u00edfico al unirse a la iniciativa Science Based Targets (SBTi). SBTi, una organizaci\u00f3n internacional dedicada a la acci\u00f3n clim\u00e1tica, desarrolla herramientas para que las empresas establezcan metas de reducci\u00f3n de gases de\u2026","rel":"","context":"En \u00abPORTADA\u00bb","block_context":{"text":"PORTADA","link":"https:\/\/lasprimeras.com.do\/index.php\/category\/portada\/"},"img":{"alt_text":"Marriott International","src":"https:\/\/i0.wp.com\/lasprimeras.com.do\/wp-content\/uploads\/2024\/04\/Marriott-International.jpg?resize=350%2C200&ssl=1","width":350,"height":200,"srcset":"https:\/\/i0.wp.com\/lasprimeras.com.do\/wp-content\/uploads\/2024\/04\/Marriott-International.jpg?resize=350%2C200&ssl=1 1x, https:\/\/i0.wp.com\/lasprimeras.com.do\/wp-content\/uploads\/2024\/04\/Marriott-International.jpg?resize=525%2C300&ssl=1 1.5x, https:\/\/i0.wp.com\/lasprimeras.com.do\/wp-content\/uploads\/2024\/04\/Marriott-International.jpg?resize=700%2C400&ssl=1 2x"},"classes":[]},{"id":125532,"url":"https:\/\/lasprimeras.com.do\/index.php\/2026\/03\/24\/adompretur-reconocera-aportes-de-cinco-mujeres-al-desarrollo-del-turismo\/","url_meta":{"origin":78754,"position":2},"title":"Adompretur reconocer\u00e1 aportes de cinco mujeres al desarrollo del turismo","author":"Nelson Feliz","date":"24 de marzo de 2026","format":false,"excerpt":"Su presidenta Sarah Hern\u00e1ndez anuncia que la gala \u201cMujeres del Turismo 2026\u201d se celebrar\u00e1 el martes 24 de marzo en el Hotel Marriott Aloft Piantini. La Asociaci\u00f3n Dominicana de Prensa Tur\u00edstica (Adompretur) anunci\u00f3 oficialmente la gala \u201cMujeres del Turismo 2026\u201d, un reconocimiento que tiene como objetivo destacar el trabajo, la\u2026","rel":"","context":"En \u00abTURISMO\u00bb","block_context":{"text":"TURISMO","link":"https:\/\/lasprimeras.com.do\/index.php\/category\/turismo\/"},"img":{"alt_text":"Adompretur celebrar\u00e1 gala para reconocer aportes de cinco mujeres al desarrollo del turismo","src":"https:\/\/i0.wp.com\/lasprimeras.com.do\/wp-content\/uploads\/2026\/03\/Adompretur-celebrara-gala-para-reconocer-aportes-de-cinco-mujeres-al-desarrollo-del-turismo.png?resize=350%2C200&ssl=1","width":350,"height":200,"srcset":"https:\/\/i0.wp.com\/lasprimeras.com.do\/wp-content\/uploads\/2026\/03\/Adompretur-celebrara-gala-para-reconocer-aportes-de-cinco-mujeres-al-desarrollo-del-turismo.png?resize=350%2C200&ssl=1 1x, https:\/\/i0.wp.com\/lasprimeras.com.do\/wp-content\/uploads\/2026\/03\/Adompretur-celebrara-gala-para-reconocer-aportes-de-cinco-mujeres-al-desarrollo-del-turismo.png?resize=525%2C300&ssl=1 1.5x, https:\/\/i0.wp.com\/lasprimeras.com.do\/wp-content\/uploads\/2026\/03\/Adompretur-celebrara-gala-para-reconocer-aportes-de-cinco-mujeres-al-desarrollo-del-turismo.png?resize=700%2C400&ssl=1 2x"},"classes":[]},{"id":52001,"url":"https:\/\/lasprimeras.com.do\/index.php\/2023\/06\/06\/homs-recibe-reconocimiento-por-aportes-al-turismo-de-salud-en-el-destino-santiago\/","url_meta":{"origin":78754,"position":3},"title":"HOMS recibe reconocimiento por aportes al turismo de salud en el destino Santiago","author":"prenxa100","date":"6 de junio de 2023","format":false,"excerpt":"El pasado a\u00f1o el hospital recibi\u00f3 la certificaci\u00f3n de Accreditation Canada por contar con procesos de atenci\u00f3n centrados en la calidad y la seguridad del paciente con est\u00e1ndares de clase mundial. Santiago. - El comit\u00e9 organizador de Expoturismo 2023, la m\u00e1s tradicional feria tur\u00edstica que se realiza en la regi\u00f3n\u2026","rel":"","context":"En \u00abSin categor\u00eda\u00bb","block_context":{"text":"Sin categor\u00eda","link":"https:\/\/lasprimeras.com.do\/index.php\/category\/sin-categoria\/"},"img":{"alt_text":"","src":"","width":0,"height":0},"classes":[]},{"id":80362,"url":"https:\/\/lasprimeras.com.do\/index.php\/2024\/04\/08\/homs-wellness-fue-inaugurado-santiago\/","url_meta":{"origin":78754,"position":4},"title":"HOMS Wellness fue inaugurado Santiago","author":"BIMARY DE JES\u00daS Matos","date":"8 de abril de 2024","format":false,"excerpt":"Santiago.- El HOMS Health and Wellness Center, en Santiago, fue inaugurado el pasado s\u00e1bado, el cual proyecta fortalecer el turismo de salud en esa provincia, as\u00ed como el crecimiento econ\u00f3mico Y creaci\u00f3n de empleos. El moderno complejo fue levantado con una inversi\u00f3n superior a los US$102 millones, y cuenta con\u2026","rel":"","context":"En \u00abNACIONALES\u00bb","block_context":{"text":"NACIONALES","link":"https:\/\/lasprimeras.com.do\/index.php\/category\/nacionales\/"},"img":{"alt_text":"","src":"https:\/\/i0.wp.com\/lasprimeras.com.do\/wp-content\/uploads\/2024\/04\/6a0c8a05-4f4b-48f5-a1d9-1ad180753c4a-7.jpg?resize=350%2C200&ssl=1","width":350,"height":200},"classes":[]},{"id":93882,"url":"https:\/\/lasprimeras.com.do\/index.php\/2025\/02\/21\/pico-duarte-fest-2025-mujeres-dominicanas-conquistan-la-cima-del-caribe\/","url_meta":{"origin":78754,"position":5},"title":"Pico Duarte Fest 2025: Mujeres Dominicanas conquistan la Cima del Caribe","author":"Nelson Feliz","date":"21 de febrero de 2025","format":false,"excerpt":"El Ayuntamiento Municipal de Jarabacoa, en colaboraci\u00f3n con Ruta de la Mujer, se enorgullece en presentar el Pico Duarte Fest 2025, una expedici\u00f3n \u00fanica que celebrar\u00e1 el D\u00eda Internacional de la Mujer llevando a 25 mujeres dominicanas a la cima del Pico Duarte, el punto m\u00e1s alto del Caribe. Bajo\u2026","rel":"","context":"En \u00abDEPORTES\u00bb","block_context":{"text":"DEPORTES","link":"https:\/\/lasprimeras.com.do\/index.php\/category\/deportes\/"},"img":{"alt_text":"","src":"https:\/\/i0.wp.com\/lasprimeras.com.do\/wp-content\/uploads\/2025\/02\/cima.jpg?resize=350%2C200&ssl=1","width":350,"height":200,"srcset":"https:\/\/i0.wp.com\/lasprimeras.com.do\/wp-content\/uploads\/2025\/02\/cima.jpg?resize=350%2C200&ssl=1 1x, https:\/\/i0.wp.com\/lasprimeras.com.do\/wp-content\/uploads\/2025\/02\/cima.jpg?resize=525%2C300&ssl=1 1.5x, https:\/\/i0.wp.com\/lasprimeras.com.do\/wp-content\/uploads\/2025\/02\/cima.jpg?resize=700%2C400&ssl=1 2x"},"classes":[]}],"jetpack_sharing_enabled":true,"_links":{"self":[{"href":"https:\/\/lasprimeras.com.do\/index.php\/wp-json\/wp\/v2\/posts\/78754","targetHints":{"allow":["GET"]}}],"collection":[{"href":"https:\/\/lasprimeras.com.do\/index.php\/wp-json\/wp\/v2\/posts"}],"about":[{"href":"https:\/\/lasprimeras.com.do\/index.php\/wp-json\/wp\/v2\/types\/post"}],"author":[{"embeddable":true,"href":"https:\/\/lasprimeras.com.do\/index.php\/wp-json\/wp\/v2\/users\/2"}],"replies":[{"embeddable":true,"href":"https:\/\/lasprimeras.com.do\/index.php\/wp-json\/wp\/v2\/comments?post=78754"}],"version-history":[{"count":1,"href":"https:\/\/lasprimeras.com.do\/index.php\/wp-json\/wp\/v2\/posts\/78754\/revisions"}],"predecessor-version":[{"id":78756,"href":"https:\/\/lasprimeras.com.do\/index.php\/wp-json\/wp\/v2\/posts\/78754\/revisions\/78756"}],"wp:featuredmedia":[{"embeddable":true,"href":"https:\/\/lasprimeras.com.do\/index.php\/wp-json\/wp\/v2\/media\/78755"}],"wp:attachment":[{"href":"https:\/\/lasprimeras.com.do\/index.php\/wp-json\/wp\/v2\/media?parent=78754"}],"wp:term":[{"taxonomy":"category","embeddable":true,"href":"https:\/\/lasprimeras.com.do\/index.php\/wp-json\/wp\/v2\/categories?post=78754"},{"taxonomy":"post_tag","embeddable":true,"href":"https:\/\/lasprimeras.com.do\/index.php\/wp-json\/wp\/v2\/tags?post=78754"}],"curies":[{"name":"wp","href":"https:\/\/api.w.org\/{rel}","templated":true}]}}