{"id":78757,"date":"2024-03-19T23:52:38","date_gmt":"2024-03-20T03:52:38","guid":{"rendered":"https:\/\/lasprimeras.com.do\/?p=78757"},"modified":"2024-03-19T23:52:39","modified_gmt":"2024-03-20T03:52:39","slug":"playa-nueva-romana-sede-de-la-primera-copa-de-futbol-intercolegial-home-heaven","status":"publish","type":"post","link":"https:\/\/lasprimeras.com.do\/index.php\/2024\/03\/19\/playa-nueva-romana-sede-de-la-primera-copa-de-futbol-intercolegial-home-heaven\/","title":{"rendered":"Playa Nueva Romana, sede de la primera Copa de F\u00fatbol Intercolegial Home &#038;Heaven"},"content":{"rendered":"\n<p><strong>El equipo del colegio Los Pininos fue el ganador en la Categor\u00eda Infantil, y el colegio ALUCE de la Categor\u00eda Juvenil.<\/strong><\/p>\n\n\n\n<p>Con el objetivo de fomentar el deporte, la integraci\u00f3n de la comunidad y dar a conocer las facilidades de Playa Nueva Romana, se realiz\u00f3 la primera Copa de f\u00fatbol Intercolegial Home &amp;Heaven, en el Sport Center del exclusivo residencial.<\/p>\n\n\n\n<p>Un encuentro en el que los ni\u00f1os y j\u00f3venes de los colegios Los Pininos y ALUCE, se dieron cita para disfrutar y competir en un torneo lleno de talento, pasi\u00f3n y esp\u00edritu deportivo, apoyados por sus padres quienes, adem\u00e1s, pudieron conocer y disfrutar de las instalaciones de Playa Nueva Romana.<\/p>\n\n\n\n<p>Esta primera edici\u00f3n de la Copa Intercolegial de f\u00fatbol tuvo como prop\u00f3sito fomentar el sano esparcimiento entre los ni\u00f1os de la comunidad, ofreciendo una opci\u00f3n para que los estudiantes demuestren sus habilidades en el campo, fortalezcan la camarader\u00eda entre colegas y fomenten los valores del trabajo en equipo.<\/p>\n\n\n\n<p>El equipo ganador de la categor\u00eda infantil fue Los Pininos, y en la categor\u00eda juvenil, y tras una ronda de penales, el equipo de ALUCE, se llev\u00f3 el trofeo.<\/p>\n\n\n\n<p>Con esta actividad deportiva Playa Nueva Romana reafirma su compromiso de ofrecer espacios seguros para la pr\u00e1ctica de f\u00fatbol, tenis, golf, voleibol, etc.; dentro de una comunidad que brinda todas las comodidades para disfrutar de una vivienda dentro de uno de los residenciales con mayor crecimiento de la Rep\u00fablica Dominicana.<\/p>\n","protected":false},"excerpt":{"rendered":"<p>El equipo del colegio Los Pininos fue el ganador en la Categor\u00eda Infantil, y el colegio ALUCE de la Categor\u00eda Juvenil. Con el objetivo de fomentar el deporte, la integraci\u00f3n&hellip;<\/p>\n","protected":false},"author":2,"featured_media":78758,"comment_status":"open","ping_status":"open","sticky":false,"template":"","format":"standard","meta":{"content-type":"","jetpack_post_was_ever_published":false,"_jetpack_newsletter_access":"","_jetpack_dont_email_post_to_subs":false,"_jetpack_newsletter_tier_id":0,"_jetpack_memberships_contains_paywalled_content":false,"_jetpack_memberships_contains_paid_content":false,"footnotes":""},"categories":[1],"tags":[642,1603,12184,12183,12182,2866,12181],"class_list":["post-78757","post","type-post","status-publish","format-standard","has-post-thumbnail","hentry","category-sin-categoria","tag-copa","tag-futbol","tag-home-heaven","tag-intercolegial","tag-playa-nueva-romana","tag-primera","tag-sede"],"jetpack_featured_media_url":"https:\/\/lasprimeras.com.do\/wp-content\/uploads\/2024\/03\/Equipo-del-colegio-Aluce-ganador-de-la-categoria-juvenil.jpg","jetpack-related-posts":[{"id":88223,"url":"https:\/\/lasprimeras.com.do\/index.php\/2024\/08\/24\/playa-nueva-romana-cierra-temporada-de-verano-con-la-primera-edicion-del-volley-fest\/","url_meta":{"origin":78757,"position":0},"title":"Playa Nueva Romana cierra temporada de verano con la primera edici\u00f3n del Volley Fest","author":"Nelson Feliz","date":"24 de agosto de 2024","format":false,"excerpt":"Playa Nueva Romana celebr\u00f3 con \u00e9xito la primera edici\u00f3n del Volley Fest, un evento que reuni\u00f3 a los amantes del deporte del voleibol de playa, en una jornada cargada de adrenalina y actividades para los deportistas, residentes y visitantes. La hermosa playa y sus encantadoras vistas al mar Caribe del\u2026","rel":"","context":"En \u00abSin categor\u00eda\u00bb","block_context":{"text":"Sin categor\u00eda","link":"https:\/\/lasprimeras.com.do\/index.php\/category\/sin-categoria\/"},"img":{"alt_text":"","src":"https:\/\/i0.wp.com\/lasprimeras.com.do\/wp-content\/uploads\/2024\/08\/Un-total-de-nueve-equipos-femeninos-y-masculinos-de-diferentes-clubes-del-pais-participaron-en-el-torneo.jpg?resize=350%2C200&ssl=1","width":350,"height":200,"srcset":"https:\/\/i0.wp.com\/lasprimeras.com.do\/wp-content\/uploads\/2024\/08\/Un-total-de-nueve-equipos-femeninos-y-masculinos-de-diferentes-clubes-del-pais-participaron-en-el-torneo.jpg?resize=350%2C200&ssl=1 1x, https:\/\/i0.wp.com\/lasprimeras.com.do\/wp-content\/uploads\/2024\/08\/Un-total-de-nueve-equipos-femeninos-y-masculinos-de-diferentes-clubes-del-pais-participaron-en-el-torneo.jpg?resize=525%2C300&ssl=1 1.5x, https:\/\/i0.wp.com\/lasprimeras.com.do\/wp-content\/uploads\/2024\/08\/Un-total-de-nueve-equipos-femeninos-y-masculinos-de-diferentes-clubes-del-pais-participaron-en-el-torneo.jpg?resize=700%2C400&ssl=1 2x"},"classes":[]},{"id":90281,"url":"https:\/\/lasprimeras.com.do\/index.php\/2024\/10\/17\/comedores-economicos-distribuyen-snack-a-jovenes-que-asisten-a-la-copa-mundial-femenina-de-futbol-sub-17\/","url_meta":{"origin":78757,"position":1},"title":"Comedores Econ\u00f3micos distribuyen snack a j\u00f3venes que asisten a la Copa Mundial Femenina de F\u00fatbol Sub-17","author":"Nelson Feliz","date":"17 de octubre de 2024","format":false,"excerpt":"Durante los 18 d\u00edas que dura el evento deportivo mundial, uno 3 mil ni\u00f1os y j\u00f3venes que asisten, recibir\u00e1n una cajita conteniendo un snack con los nutrientes necesarios cumpliendo con los requerimientos de la FIFA, organismo responsable de la organizaci\u00f3n. Unos 3 mil j\u00f3venes asistentes a la Copa Mundial Femenina\u2026","rel":"","context":"En \u00abSin categor\u00eda\u00bb","block_context":{"text":"Sin categor\u00eda","link":"https:\/\/lasprimeras.com.do\/index.php\/category\/sin-categoria\/"},"img":{"alt_text":"","src":"https:\/\/i0.wp.com\/lasprimeras.com.do\/wp-content\/uploads\/2024\/10\/comedores.jpg?resize=350%2C200&ssl=1","width":350,"height":200,"srcset":"https:\/\/i0.wp.com\/lasprimeras.com.do\/wp-content\/uploads\/2024\/10\/comedores.jpg?resize=350%2C200&ssl=1 1x, https:\/\/i0.wp.com\/lasprimeras.com.do\/wp-content\/uploads\/2024\/10\/comedores.jpg?resize=525%2C300&ssl=1 1.5x, https:\/\/i0.wp.com\/lasprimeras.com.do\/wp-content\/uploads\/2024\/10\/comedores.jpg?resize=700%2C400&ssl=1 2x"},"classes":[]},{"id":60977,"url":"https:\/\/lasprimeras.com.do\/index.php\/2023\/09\/20\/humano-seguros-promueve-copa-intercolegial-para-ninos-en-la-categoria-u13\/","url_meta":{"origin":78757,"position":2},"title":"Humano Seguros promueve Copa Intercolegial para ni\u00f1os en la categor\u00eda U13","author":"Nelson Feliz","date":"20 de septiembre de 2023","format":false,"excerpt":"Promover el bienestar integral de ni\u00f1os en edades menores a 13 a\u00f1os a trav\u00e9s del deporte, fortaleciendo, adem\u00e1s, los lazos familiares es el prop\u00f3sito de la primera Copa de F\u00fatbol Intercolegial que realiza este a\u00f1o Humano Seguros. En palabras de la Vicepresidente de Desarrollo de Mercados, Productos y Canales, Diomares\u2026","rel":"","context":"En \u00abSin categor\u00eda\u00bb","block_context":{"text":"Sin categor\u00eda","link":"https:\/\/lasprimeras.com.do\/index.php\/category\/sin-categoria\/"},"img":{"alt_text":"Copa Intercolegial","src":"https:\/\/i0.wp.com\/lasprimeras.com.do\/wp-content\/uploads\/2023\/09\/copa.jpg?resize=350%2C200&ssl=1","width":350,"height":200,"srcset":"https:\/\/i0.wp.com\/lasprimeras.com.do\/wp-content\/uploads\/2023\/09\/copa.jpg?resize=350%2C200&ssl=1 1x, https:\/\/i0.wp.com\/lasprimeras.com.do\/wp-content\/uploads\/2023\/09\/copa.jpg?resize=525%2C300&ssl=1 1.5x, https:\/\/i0.wp.com\/lasprimeras.com.do\/wp-content\/uploads\/2023\/09\/copa.jpg?resize=700%2C400&ssl=1 2x"},"classes":[]},{"id":112731,"url":"https:\/\/lasprimeras.com.do\/index.php\/2025\/10\/27\/playa-nueva-romana-se-viste-de-rosa-en-una-jornada-social-y-deportiva-con-proposito\/","url_meta":{"origin":78757,"position":3},"title":"Playa Nueva Romana se viste de rosa en una jornada social y deportiva con prop\u00f3sito","author":"Nelson Feliz","date":"27 de octubre de 2025","format":false,"excerpt":"En el marco de la conmemoraci\u00f3n del D\u00eda Mundial del C\u00e1ncer de Mama, Playa Nueva Romana desarroll\u00f3 una completa jornada social y deportiva en la que, propietarios, residentes, colaboradores e invitados especiales, se unieron bajo una misma causa: generar comunidad a trav\u00e9s de la solidaridad. La programaci\u00f3n, que se llev\u00f3\u2026","rel":"","context":"En \u00abTURISMO\u00bb","block_context":{"text":"TURISMO","link":"https:\/\/lasprimeras.com.do\/index.php\/category\/turismo\/"},"img":{"alt_text":"","src":"https:\/\/i0.wp.com\/lasprimeras.com.do\/wp-content\/uploads\/2025\/10\/ROSY-SANTANAALCALDESA-DE-RAMON-SANTANA-SANTA-VALDEZ-DR.-ALEJANDRO-MORA-E-IRINA-PEGUERO.jpg?resize=350%2C200&ssl=1","width":350,"height":200,"srcset":"https:\/\/i0.wp.com\/lasprimeras.com.do\/wp-content\/uploads\/2025\/10\/ROSY-SANTANAALCALDESA-DE-RAMON-SANTANA-SANTA-VALDEZ-DR.-ALEJANDRO-MORA-E-IRINA-PEGUERO.jpg?resize=350%2C200&ssl=1 1x, https:\/\/i0.wp.com\/lasprimeras.com.do\/wp-content\/uploads\/2025\/10\/ROSY-SANTANAALCALDESA-DE-RAMON-SANTANA-SANTA-VALDEZ-DR.-ALEJANDRO-MORA-E-IRINA-PEGUERO.jpg?resize=525%2C300&ssl=1 1.5x, https:\/\/i0.wp.com\/lasprimeras.com.do\/wp-content\/uploads\/2025\/10\/ROSY-SANTANAALCALDESA-DE-RAMON-SANTANA-SANTA-VALDEZ-DR.-ALEJANDRO-MORA-E-IRINA-PEGUERO.jpg?resize=700%2C400&ssl=1 2x"},"classes":[]},{"id":75436,"url":"https:\/\/lasprimeras.com.do\/index.php\/2024\/02\/01\/delegacion-fifa-visita-autoridades-del-gobierno-para-pasar-balance-del-mundial\/","url_meta":{"origin":78757,"position":4},"title":"Delegaci\u00f3n FIFA visita autoridades del Gobierno para pasar balance del Mundial","author":"BIMARY DE JES\u00daS Matos","date":"1 de febrero de 2024","format":false,"excerpt":"Martin Restituyo SANTO DOMINGO. El ministro de la Presidencia, Joel Santos Echavarr\u00eda, acompa\u00f1ado del viceministro de Relaciones con la Sociedad Civil del Minpre y comisionado de F\u00fatbol, Benny Metz, se reuni\u00f3 con una delegaci\u00f3n de la Federaci\u00f3n Internacional de F\u00fatbol Asociaci\u00f3n (FIFA) y autoridades de la Federaci\u00f3n Dominicana de F\u00fatbol\u2026","rel":"","context":"En \u00abSin categor\u00eda\u00bb","block_context":{"text":"Sin categor\u00eda","link":"https:\/\/lasprimeras.com.do\/index.php\/category\/sin-categoria\/"},"img":{"alt_text":"","src":"https:\/\/i0.wp.com\/lasprimeras.com.do\/wp-content\/uploads\/2024\/02\/1-millon-de-jovenes-votaran-en-las-elecciones-municipales-2.jpg?resize=350%2C200&ssl=1","width":350,"height":200,"srcset":"https:\/\/i0.wp.com\/lasprimeras.com.do\/wp-content\/uploads\/2024\/02\/1-millon-de-jovenes-votaran-en-las-elecciones-municipales-2.jpg?resize=350%2C200&ssl=1 1x, https:\/\/i0.wp.com\/lasprimeras.com.do\/wp-content\/uploads\/2024\/02\/1-millon-de-jovenes-votaran-en-las-elecciones-municipales-2.jpg?resize=525%2C300&ssl=1 1.5x"},"classes":[]},{"id":89960,"url":"https:\/\/lasprimeras.com.do\/index.php\/2024\/10\/10\/vicepresidenta-augura-exitos-a-seleccion-nacional-dominicana-de-futbol-femenino-sub-17-para-la-copa-mundial-2024\/","url_meta":{"origin":78757,"position":5},"title":"Vicepresidenta augura \u00e9xitos a selecci\u00f3n nacional dominicana de f\u00fatbol femenino Sub-17 para la Copa Mundial 2024","author":"Nelson Feliz","date":"10 de octubre de 2024","format":false,"excerpt":"La vicepresidenta de la Rep\u00fablica, Raquel Pe\u00f1a, entreg\u00f3 este mi\u00e9rcoles la bandera a la selecci\u00f3n dominicana para la Copa Mundial Femenina de F\u00fatbol Sub-17 FIFA, cuyas j\u00f3venes representar\u00e1n al pa\u00eds en este torneo que por primera vez se efect\u00faa en Rep\u00fablica. Dominicana. La vicemandataria expreso que la celebraci\u00f3n en nuestro\u2026","rel":"","context":"En \u00abSin categor\u00eda\u00bb","block_context":{"text":"Sin categor\u00eda","link":"https:\/\/lasprimeras.com.do\/index.php\/category\/sin-categoria\/"},"img":{"alt_text":"Raquel Pe\u00f1a","src":"https:\/\/i0.wp.com\/lasprimeras.com.do\/wp-content\/uploads\/2024\/07\/Raquel-Pena-1.jpg?resize=350%2C200&ssl=1","width":350,"height":200,"srcset":"https:\/\/i0.wp.com\/lasprimeras.com.do\/wp-content\/uploads\/2024\/07\/Raquel-Pena-1.jpg?resize=350%2C200&ssl=1 1x, https:\/\/i0.wp.com\/lasprimeras.com.do\/wp-content\/uploads\/2024\/07\/Raquel-Pena-1.jpg?resize=525%2C300&ssl=1 1.5x, https:\/\/i0.wp.com\/lasprimeras.com.do\/wp-content\/uploads\/2024\/07\/Raquel-Pena-1.jpg?resize=700%2C400&ssl=1 2x"},"classes":[]}],"jetpack_sharing_enabled":true,"_links":{"self":[{"href":"https:\/\/lasprimeras.com.do\/index.php\/wp-json\/wp\/v2\/posts\/78757","targetHints":{"allow":["GET"]}}],"collection":[{"href":"https:\/\/lasprimeras.com.do\/index.php\/wp-json\/wp\/v2\/posts"}],"about":[{"href":"https:\/\/lasprimeras.com.do\/index.php\/wp-json\/wp\/v2\/types\/post"}],"author":[{"embeddable":true,"href":"https:\/\/lasprimeras.com.do\/index.php\/wp-json\/wp\/v2\/users\/2"}],"replies":[{"embeddable":true,"href":"https:\/\/lasprimeras.com.do\/index.php\/wp-json\/wp\/v2\/comments?post=78757"}],"version-history":[{"count":1,"href":"https:\/\/lasprimeras.com.do\/index.php\/wp-json\/wp\/v2\/posts\/78757\/revisions"}],"predecessor-version":[{"id":78759,"href":"https:\/\/lasprimeras.com.do\/index.php\/wp-json\/wp\/v2\/posts\/78757\/revisions\/78759"}],"wp:featuredmedia":[{"embeddable":true,"href":"https:\/\/lasprimeras.com.do\/index.php\/wp-json\/wp\/v2\/media\/78758"}],"wp:attachment":[{"href":"https:\/\/lasprimeras.com.do\/index.php\/wp-json\/wp\/v2\/media?parent=78757"}],"wp:term":[{"taxonomy":"category","embeddable":true,"href":"https:\/\/lasprimeras.com.do\/index.php\/wp-json\/wp\/v2\/categories?post=78757"},{"taxonomy":"post_tag","embeddable":true,"href":"https:\/\/lasprimeras.com.do\/index.php\/wp-json\/wp\/v2\/tags?post=78757"}],"curies":[{"name":"wp","href":"https:\/\/api.w.org\/{rel}","templated":true}]}}