{"id":78760,"date":"2024-03-19T23:59:43","date_gmt":"2024-03-20T03:59:43","guid":{"rendered":"https:\/\/lasprimeras.com.do\/?p=78760"},"modified":"2024-03-19T23:59:45","modified_gmt":"2024-03-20T03:59:45","slug":"efemerides-patrias-conmemora-el-180-aniversario-de-la-batalla-de-azua","status":"publish","type":"post","link":"https:\/\/lasprimeras.com.do\/index.php\/2024\/03\/19\/efemerides-patrias-conmemora-el-180-aniversario-de-la-batalla-de-azua\/","title":{"rendered":"Efem\u00e9rides Patrias conmemora el 180 aniversario de la Batalla de Azua"},"content":{"rendered":"\n<p><strong>Azua.-&nbsp;<\/strong>La&nbsp;Presidencia de la Rep\u00fablica, a trav\u00e9s de la Comisi\u00f3n Permanente de Efem\u00e9rides Patrias, el Ministerio de Defensa, la Gobernaci\u00f3n Provincial de Azua, el Ayuntamiento de Azua y el Ministerio de Educaci\u00f3n, conmemoraron el 180 aniversario de la Batalla del 19 de Marzo, un emotivo acto patri\u00f3tico que estuvo encabezado por el presidente de la Rep\u00fablica, Luis Abinader.<\/p>\n\n\n\n<p>La ceremonia inici\u00f3 a las 8:00 de la ma\u00f1ana, conel enhestamiento de la Bandera e interpretaci\u00f3n del Himno Nacional,&nbsp;a cargo de una compa\u00f1\u00eda del Regimiento Guardia de Honor y una Banda de M\u00fasica del Ministerio de Defensa, seguido de la lectura de la orden del d\u00eda, honores militares de estilo y salva de 15 ca\u00f1onazos en honor a los h\u00e9roes de la batalla de Azua y dep\u00f3sito de ofrendas florales por diferentes instituciones.<\/p>\n\n\n\n<p>La ponderaci\u00f3n militar de la batalla, estuvo a cargo del Coronel S\u00f3crates Suazo, ERD, director de Historia del Ministerio de Defensa y a las 9:00 de la ma\u00f1ana se trasladaron a la Iglesia Nuestra Se\u00f1ora de los Remedios, donde se realiz\u00f3 un Te Deum. Luego, a las&nbsp; 10:00&nbsp; de la ma\u00f1ana se realiz\u00f3 los honores militares de estilo al Presidente de la Rep\u00fablica Luis Abinader.<\/p>\n\n\n\n<p>Juan Pablo Uribe, Presidente de la Comisi\u00f3n Permanente de Efem\u00e9rides Patrias, al ofrecer las palabras centrales del acto patri\u00f3tico dijo &nbsp;\u201cestamos conmemorando con la fuerza viva del m\u00e1s puro patriotismo, el 180 aniversario de una gesta que inscribi\u00f3 a la regi\u00f3n de Azua en las p\u00e1ginas combatientes de la dominicanidad, la batalla del 19 de Marzo de 1844, apenas 21 despu\u00e9s de la proclamaci\u00f3n de Independencia el 27 de febrero, porque los haitianos se negaban de manera rotunda a reconocer la misma, mandando un ej\u00e9rcito invasor de miles de hombres que fue derrotado\u201d.<\/p>\n\n\n\n<p>Continu\u00f3 diciendo que la batalla del 19 de marzo de 1844, nos se\u00f1ala el camino de la unidad nacional para enfrentar el grave desaf\u00edo insular que representa la violenta crisis haitiana, que ha tocado fondo.\u00a0 <\/p>\n\n\n\n<p>Asegur\u00f3 que al margen de intereses particulares o de bander\u00edas partidistas est\u00e1 el inter\u00e9s supremo de la Patria, basamentado en la soberan\u00eda nacional, la integridad territorial, la autodeterminaci\u00f3n, la convivencia social, pac\u00edfica y democr\u00e1tica y la identidad que es la dominicanidad.\u00a0<\/p>\n\n\n\n<p>Finalmente, Uribe sostuvo: \u201cComo pueblo dominicano unido fortalezcamos la orientaci\u00f3n y gu\u00eda patri\u00f3tica del presidente Luis Abinader, principal vocero de la naci\u00f3n dominicana en todos los escenarios insulares o globales\u201d.<\/p>\n\n\n\n<p>El acto concluy\u00f3 con un desfile que se constituy\u00f3 en una festividad patri\u00f3tica, donde cientos de militares, polic\u00edas y estudiantes, en la avenida Duarte, mostraron con orgullo y entusiasmo los s\u00edmbolos de la dominicanidad.&nbsp;<\/p>\n","protected":false},"excerpt":{"rendered":"<p>Azua.-&nbsp;La&nbsp;Presidencia de la Rep\u00fablica, a trav\u00e9s de la Comisi\u00f3n Permanente de Efem\u00e9rides Patrias, el Ministerio de Defensa, la Gobernaci\u00f3n Provincial de Azua, el Ayuntamiento de Azua y el Ministerio de&hellip;<\/p>\n","protected":false},"author":2,"featured_media":78761,"comment_status":"open","ping_status":"open","sticky":false,"template":"","format":"standard","meta":{"content-type":"","jetpack_post_was_ever_published":false,"_jetpack_newsletter_access":"","_jetpack_dont_email_post_to_subs":false,"_jetpack_newsletter_tier_id":0,"_jetpack_memberships_contains_paywalled_content":false,"_jetpack_memberships_contains_paid_content":false,"footnotes":""},"categories":[482],"tags":[12185],"class_list":["post-78760","post","type-post","status-publish","format-standard","has-post-thumbnail","hentry","category-historia","tag-batalla-de-azua"],"jetpack_featured_media_url":"https:\/\/lasprimeras.com.do\/wp-content\/uploads\/2024\/03\/Las-estudiantes-abanderadas-desfilaron-con-orgullo-y-fervor-patriotico.jpg","jetpack-related-posts":[{"id":125177,"url":"https:\/\/lasprimeras.com.do\/index.php\/2026\/03\/19\/abinader-encabeza-desfile-en-conmemoracion-del-182-aniversario-de-la-batalla-del-19-de-marzo\/","url_meta":{"origin":78760,"position":0},"title":"Abinader encabeza desfile en conmemoraci\u00f3n del 182 aniversario de la Batalla del 19 de Marzo","author":"Nelson Feliz","date":"19 de marzo de 2026","format":false,"excerpt":"_Presidente de la Comisi\u00f3n Permanente de Efem\u00e9rides Patrias, Juan Pablo Uribe, destaca el respaldo del presidente Luis Abinader a la memoria hist\u00f3rica y patri\u00f3tica del pa\u00eds, y le agradece por dar continuidad permanente a la honra, la memoria y el reconocimiento del valor, la determinaci\u00f3n y el hero\u00edsmo de Azua._\u2026","rel":"","context":"En \u00abNACIONALES\u00bb","block_context":{"text":"NACIONALES","link":"https:\/\/lasprimeras.com.do\/index.php\/category\/nacionales\/"},"img":{"alt_text":"","src":"https:\/\/i0.wp.com\/lasprimeras.com.do\/wp-content\/uploads\/2026\/03\/IMG-20260320-WA0083.jpg?resize=350%2C200&ssl=1","width":350,"height":200,"srcset":"https:\/\/i0.wp.com\/lasprimeras.com.do\/wp-content\/uploads\/2026\/03\/IMG-20260320-WA0083.jpg?resize=350%2C200&ssl=1 1x, https:\/\/i0.wp.com\/lasprimeras.com.do\/wp-content\/uploads\/2026\/03\/IMG-20260320-WA0083.jpg?resize=525%2C300&ssl=1 1.5x, https:\/\/i0.wp.com\/lasprimeras.com.do\/wp-content\/uploads\/2026\/03\/IMG-20260320-WA0083.jpg?resize=700%2C400&ssl=1 2x, https:\/\/i0.wp.com\/lasprimeras.com.do\/wp-content\/uploads\/2026\/03\/IMG-20260320-WA0083.jpg?resize=1050%2C600&ssl=1 3x"},"classes":[]},{"id":91059,"url":"https:\/\/lasprimeras.com.do\/index.php\/2024\/11\/08\/efemerides-patrias-conmemora-el-216-aniversario-de-la-batalla-de-palo-hincado\/","url_meta":{"origin":78760,"position":1},"title":"Efem\u00e9rides Patrias conmemora el 216 aniversario de la Batalla de Palo Hincado","author":"Nelson Feliz","date":"8 de noviembre de 2024","format":false,"excerpt":"Juan Pablo Uribe, pronunci\u00f3 un discurso en el que ponder\u00f3 la impronta de la Batalla de Palo Hincado, liderada por el brigadier, Juan S\u00e1nchez Ram\u00edrez en la construcci\u00f3n existencial de la dominicanidad. La Comisi\u00f3n Permanente de Efem\u00e9rides Patrias, el Ministerio de Defensa, Ministerio de Educaci\u00f3n, la Gobernaci\u00f3n Provincial de El\u2026","rel":"","context":"En \u00abHISTORIA\u00bb","block_context":{"text":"HISTORIA","link":"https:\/\/lasprimeras.com.do\/index.php\/category\/historia\/"},"img":{"alt_text":"Batalla de Palo Hincado","src":"https:\/\/i0.wp.com\/lasprimeras.com.do\/wp-content\/uploads\/2024\/11\/Foto-1-principal.jpg?resize=350%2C200&ssl=1","width":350,"height":200,"srcset":"https:\/\/i0.wp.com\/lasprimeras.com.do\/wp-content\/uploads\/2024\/11\/Foto-1-principal.jpg?resize=350%2C200&ssl=1 1x, https:\/\/i0.wp.com\/lasprimeras.com.do\/wp-content\/uploads\/2024\/11\/Foto-1-principal.jpg?resize=525%2C300&ssl=1 1.5x, https:\/\/i0.wp.com\/lasprimeras.com.do\/wp-content\/uploads\/2024\/11\/Foto-1-principal.jpg?resize=700%2C400&ssl=1 2x"},"classes":[]},{"id":71432,"url":"https:\/\/lasprimeras.com.do\/index.php\/2023\/12\/19\/efemerides-patrias-conmemora-el-58-aniversario-de-la-batalla-constitucionalista-del-hotel-matum\/","url_meta":{"origin":78760,"position":2},"title":"Efem\u00e9rides Patrias conmemora el 58 aniversario de la batalla constitucionalista del hotel Matum","author":"Nelson Feliz","date":"19 de diciembre de 2023","format":false,"excerpt":"La Presidencia de la Rep\u00fablica, a trav\u00e9s de la Comisi\u00f3n Permanente de Efem\u00e9rides Patrias, el Ministerio de Defensa, el Ministerio de Educaci\u00f3n, la Gobernaci\u00f3n Provincial de Santiago, la Fundaci\u00f3n Coronel Juan Mar\u00eda Lora Fern\u00e1ndez y la Empresa Distribuidora de Electricidad (Edenorte), conmemoraron el 58 aniversario de la Batalla del Hotel\u2026","rel":"","context":"En \u00abHISTORIA\u00bb","block_context":{"text":"HISTORIA","link":"https:\/\/lasprimeras.com.do\/index.php\/category\/historia\/"},"img":{"alt_text":"Juan Pablo Uribe, habla, al lado de los ni\u00f1os abanderados.","src":"https:\/\/i0.wp.com\/lasprimeras.com.do\/wp-content\/uploads\/2023\/12\/Juan-pablo-Uribe-junto-a-estudiantes-y-educadores-en-el-acto-patriotico.jpg?resize=350%2C200&ssl=1","width":350,"height":200,"srcset":"https:\/\/i0.wp.com\/lasprimeras.com.do\/wp-content\/uploads\/2023\/12\/Juan-pablo-Uribe-junto-a-estudiantes-y-educadores-en-el-acto-patriotico.jpg?resize=350%2C200&ssl=1 1x, https:\/\/i0.wp.com\/lasprimeras.com.do\/wp-content\/uploads\/2023\/12\/Juan-pablo-Uribe-junto-a-estudiantes-y-educadores-en-el-acto-patriotico.jpg?resize=525%2C300&ssl=1 1.5x, https:\/\/i0.wp.com\/lasprimeras.com.do\/wp-content\/uploads\/2023\/12\/Juan-pablo-Uribe-junto-a-estudiantes-y-educadores-en-el-acto-patriotico.jpg?resize=700%2C400&ssl=1 2x"},"classes":[]},{"id":90740,"url":"https:\/\/lasprimeras.com.do\/index.php\/2024\/10\/27\/en-el-179-aniversario-de-la-batalla-de-beller-efemerides-patrias-recuerda-que-en-la-frontera-comienza-la-patria\/","url_meta":{"origin":78760,"position":3},"title":"En el 179 aniversario de la \u201cBatalla de Beller Efem\u00e9rides Patrias\u201d recuerda que en la frontera comienza la patria","author":"Nelson Feliz","date":"27 de octubre de 2024","format":false,"excerpt":"La Presidencia de la Rep\u00fablica, a trav\u00e9s de la Comisi\u00f3n Permanente de Efem\u00e9rides Patrias, el Ministerio de Defensa, Ministerio de Educaci\u00f3n, la Gobernaci\u00f3n Provincial de Dajab\u00f3n y el Ayuntamiento de Dajab\u00f3n conmemoraron el 179 aniversario de la Batalla de Beller, que tuvo lugar el 27 de octubre de 1845, en\u2026","rel":"","context":"En \u00abNACIONALES\u00bb","block_context":{"text":"NACIONALES","link":"https:\/\/lasprimeras.com.do\/index.php\/category\/nacionales\/"},"img":{"alt_text":"Juan Pablo Uribe y Santiago River\u00f3n, al centro, encabezaron el acto en Dajab\u00f3n.","src":"https:\/\/i0.wp.com\/lasprimeras.com.do\/wp-content\/uploads\/2024\/10\/Juan-Pablo-Uribe-y-Santiago-Riveron-al-centro-encabezaron-el-acto-en-Dajabon.jpg?resize=350%2C200&ssl=1","width":350,"height":200,"srcset":"https:\/\/i0.wp.com\/lasprimeras.com.do\/wp-content\/uploads\/2024\/10\/Juan-Pablo-Uribe-y-Santiago-Riveron-al-centro-encabezaron-el-acto-en-Dajabon.jpg?resize=350%2C200&ssl=1 1x, https:\/\/i0.wp.com\/lasprimeras.com.do\/wp-content\/uploads\/2024\/10\/Juan-Pablo-Uribe-y-Santiago-Riveron-al-centro-encabezaron-el-acto-en-Dajabon.jpg?resize=525%2C300&ssl=1 1.5x, https:\/\/i0.wp.com\/lasprimeras.com.do\/wp-content\/uploads\/2024\/10\/Juan-Pablo-Uribe-y-Santiago-Riveron-al-centro-encabezaron-el-acto-en-Dajabon.jpg?resize=700%2C400&ssl=1 2x"},"classes":[]},{"id":108175,"url":"https:\/\/lasprimeras.com.do\/index.php\/2025\/09\/03\/efemerides-patrias-recuerda-el-60-aniversario-de-la-renuncia-de-caamano-a-la-presidencia-de-la-republica\/","url_meta":{"origin":78760,"position":4},"title":"Efem\u00e9rides Patrias recuerda el 60 aniversario de la renuncia de Caama\u00f1o a la presidencia de la Rep\u00fablica","author":"Nelson Feliz","date":"3 de septiembre de 2025","format":false,"excerpt":"El 3 de septiembre del a\u00f1o 1965 constituye una fecha sobresaliente en la memoria colectiva de un pueblo que debe resistir los embates de la indiferencia y el deshonor como marcas de la postmodernidad epocal, un pueblo coloso de mil batallas en su historia insular, el cual debe persistir en\u2026","rel":"","context":"En \u00abHISTORIA\u00bb","block_context":{"text":"HISTORIA","link":"https:\/\/lasprimeras.com.do\/index.php\/category\/historia\/"},"img":{"alt_text":"","src":"https:\/\/i0.wp.com\/lasprimeras.com.do\/wp-content\/uploads\/2025\/09\/Juan-Pablo-Uribe.jpg?resize=350%2C200&ssl=1","width":350,"height":200,"srcset":"https:\/\/i0.wp.com\/lasprimeras.com.do\/wp-content\/uploads\/2025\/09\/Juan-Pablo-Uribe.jpg?resize=350%2C200&ssl=1 1x, https:\/\/i0.wp.com\/lasprimeras.com.do\/wp-content\/uploads\/2025\/09\/Juan-Pablo-Uribe.jpg?resize=525%2C300&ssl=1 1.5x, https:\/\/i0.wp.com\/lasprimeras.com.do\/wp-content\/uploads\/2025\/09\/Juan-Pablo-Uribe.jpg?resize=700%2C400&ssl=1 2x"},"classes":[]},{"id":74827,"url":"https:\/\/lasprimeras.com.do\/index.php\/2024\/01\/26\/efemerides-patrias-dice-abinader-cumple-pensamiento-de-duarte-de-trabajar-para-la-patria\/","url_meta":{"origin":78760,"position":5},"title":"Efem\u00e9rides Patrias dice Abinader cumple pensamiento de Duarte de trabajar para la patria","author":"Nelson Feliz","date":"26 de enero de 2024","format":false,"excerpt":"El presidente Luis Abinader encabez\u00f3 este viernes los actos conmemorativos por el 211 aniversario del natalicio del padre de la patria, Juan Pablo Duarte, con un desfile c\u00edvico, militar-policial, que da inicio al Mes de la Patria en San Francisco de Macor\u00eds. \u201cQuien ha cumplido cabalmente el pensamiento duartiano que\u2026","rel":"","context":"En \u00abNACIONALES\u00bb","block_context":{"text":"NACIONALES","link":"https:\/\/lasprimeras.com.do\/index.php\/category\/nacionales\/"},"img":{"alt_text":"Al concluir, el mandatario deposit\u00f3 una ofrenda floral en el busto de Duarte ubicado en el Parque Duarte.PRESIDENCIA DE LA REP\u00daBLICA","src":"https:\/\/i0.wp.com\/lasprimeras.com.do\/wp-content\/uploads\/2024\/01\/Luis-Abinader-1.jpeg?resize=350%2C200&ssl=1","width":350,"height":200,"srcset":"https:\/\/i0.wp.com\/lasprimeras.com.do\/wp-content\/uploads\/2024\/01\/Luis-Abinader-1.jpeg?resize=350%2C200&ssl=1 1x, https:\/\/i0.wp.com\/lasprimeras.com.do\/wp-content\/uploads\/2024\/01\/Luis-Abinader-1.jpeg?resize=525%2C300&ssl=1 1.5x, https:\/\/i0.wp.com\/lasprimeras.com.do\/wp-content\/uploads\/2024\/01\/Luis-Abinader-1.jpeg?resize=700%2C400&ssl=1 2x"},"classes":[]}],"jetpack_sharing_enabled":true,"_links":{"self":[{"href":"https:\/\/lasprimeras.com.do\/index.php\/wp-json\/wp\/v2\/posts\/78760","targetHints":{"allow":["GET"]}}],"collection":[{"href":"https:\/\/lasprimeras.com.do\/index.php\/wp-json\/wp\/v2\/posts"}],"about":[{"href":"https:\/\/lasprimeras.com.do\/index.php\/wp-json\/wp\/v2\/types\/post"}],"author":[{"embeddable":true,"href":"https:\/\/lasprimeras.com.do\/index.php\/wp-json\/wp\/v2\/users\/2"}],"replies":[{"embeddable":true,"href":"https:\/\/lasprimeras.com.do\/index.php\/wp-json\/wp\/v2\/comments?post=78760"}],"version-history":[{"count":1,"href":"https:\/\/lasprimeras.com.do\/index.php\/wp-json\/wp\/v2\/posts\/78760\/revisions"}],"predecessor-version":[{"id":78762,"href":"https:\/\/lasprimeras.com.do\/index.php\/wp-json\/wp\/v2\/posts\/78760\/revisions\/78762"}],"wp:featuredmedia":[{"embeddable":true,"href":"https:\/\/lasprimeras.com.do\/index.php\/wp-json\/wp\/v2\/media\/78761"}],"wp:attachment":[{"href":"https:\/\/lasprimeras.com.do\/index.php\/wp-json\/wp\/v2\/media?parent=78760"}],"wp:term":[{"taxonomy":"category","embeddable":true,"href":"https:\/\/lasprimeras.com.do\/index.php\/wp-json\/wp\/v2\/categories?post=78760"},{"taxonomy":"post_tag","embeddable":true,"href":"https:\/\/lasprimeras.com.do\/index.php\/wp-json\/wp\/v2\/tags?post=78760"}],"curies":[{"name":"wp","href":"https:\/\/api.w.org\/{rel}","templated":true}]}}