{"id":78780,"date":"2024-03-20T06:31:50","date_gmt":"2024-03-20T10:31:50","guid":{"rendered":"https:\/\/lasprimeras.com.do\/?p=78780"},"modified":"2024-03-20T06:31:52","modified_gmt":"2024-03-20T10:31:52","slug":"consejo-transicion-en-haiti-esta-cada-vez-mas-cerca","status":"publish","type":"post","link":"https:\/\/lasprimeras.com.do\/index.php\/2024\/03\/20\/consejo-transicion-en-haiti-esta-cada-vez-mas-cerca\/","title":{"rendered":"Consejo transici\u00f3n en Hait\u00ed est\u00e1 cada vez m\u00e1s cerca"},"content":{"rendered":"\n<p>Puerto Pr\u00edncipe. L\u00edderes caribe\u00f1os dijeron que todos los grupos y partidos pol\u00edticos excepto uno han presentado candidatos para un consejo presidencial de transici\u00f3n encargado de seleccionar un primer ministro interino para Hait\u00ed, que sigue sumido en la violencia de las pandillas.<\/p>\n\n\n\n<p>El consejo original de nueve miembros se redujo a ocho despu\u00e9s de que el partido Pitit Desalin, liderado por el exsenador y candidato presidencial Jean-Charles Mo\u00efse, declinara un esca\u00f1o la semana pasada. Mo\u00efse est\u00e1 aliado con Guy Philippe, un exoficial de polic\u00eda y l\u00edder rebelde que cumpli\u00f3 condena en Estados Unidos despu\u00e9s de declararse culpable de lavado de dinero.<\/p>\n\n\n\n<p>El grupo del 21 de diciembre, aliado del primer ministro Ariel Henry, fue uno de los \u00faltimos que se resistieron y present\u00f3 un nombre el lunes al grupo comercial regional conocido como Caricom. Su nominaci\u00f3n se hab\u00eda retrasado por luchas internas mientras los l\u00edderes del grupo discut\u00edan sobre candidatos potenciales.<\/p>\n\n\n\n<p>Henry, que sigue excluido de Hait\u00ed porque la violencia de las pandillas ha obligado al cierre de su principal aeropuerto internacional, ha prometido dimitir una vez que se cree el consejo de transici\u00f3n.<br>Estaba en un viaje oficial a Kenia impulsando el despliegue de una fuerza policial respaldada por la ONU desde el pa\u00eds de \u00c1frica Oriental para luchar contra las pandillas en Hait\u00ed cuando hombres armados lanzaron ataques el 29 de febrero en la capital, Puerto Pr\u00edncipe, que son a\u00fan en curso. El despliegue se ha retrasado.<\/p>\n\n\n\n<p>Adem\u00e1s de seleccionar un primer ministro interino, el consejo ser\u00e1 responsable de nombrar un consejo de ministros, un consejo electoral provisional y un consejo de seguridad nacional. Todos los miembros del consejo de transici\u00f3n tambi\u00e9n deben respaldar el despliegue de una fuerza armada extranjera.<\/p>\n\n\n\n<p>Los que han obtenido un lugar en el consejo son EDE\/RED, partido liderado por el exprimer Ministro Claude Joseph; el Acuerdo de Montana, un grupo de l\u00edderes de la sociedad civil, partidos pol\u00edticos y otros; Fanmi Lavalas, el partido del expresidente Jean-Bertrand Aristide; el Colectivo 30 de Enero, que representa a partidos como el del expresidente Michel Martelly; y el sector privado.<\/p>\n\n\n\n<p>De los dos puestos restantes sin derecho a voto, uno ser\u00eda para un representante de la sociedad civil de Hait\u00ed y el otro para su sector religioso.<\/p>\n\n\n\n<p>Los funcionarios de Caricom no han publicado la lista completa de nombres de los nominados para el consejo.<\/p>\n","protected":false},"excerpt":{"rendered":"<p>Puerto Pr\u00edncipe. L\u00edderes caribe\u00f1os dijeron que todos los grupos y partidos pol\u00edticos excepto uno han presentado candidatos para un consejo presidencial de transici\u00f3n encargado de seleccionar un primer ministro interino&hellip;<\/p>\n","protected":false},"author":3,"featured_media":78781,"comment_status":"open","ping_status":"open","sticky":false,"template":"","format":"standard","meta":{"content-type":"","jetpack_post_was_ever_published":false,"_jetpack_newsletter_access":"","_jetpack_dont_email_post_to_subs":false,"_jetpack_newsletter_tier_id":0,"_jetpack_memberships_contains_paywalled_content":false,"_jetpack_memberships_contains_paid_content":false,"footnotes":""},"categories":[35],"tags":[7448],"class_list":["post-78780","post","type-post","status-publish","format-standard","has-post-thumbnail","hentry","category-nacionales","tag-haiti-2"],"jetpack_featured_media_url":"https:\/\/lasprimeras.com.do\/wp-content\/uploads\/2024\/03\/fotonoticia_20230328085143_420-1.webp","jetpack-related-posts":[{"id":120563,"url":"https:\/\/lasprimeras.com.do\/index.php\/2026\/01\/25\/ee-uu-revoca-visados-a-miembros-de-consejo-de-transicion-de-haiti-por-vinculos-criminales\/","url_meta":{"origin":78780,"position":0},"title":"EE. UU. revoca visados a miembros de Consejo de Transici\u00f3n de Hait\u00ed por v\u00ednculos criminales","author":"Nelson Feliz","date":"25 de enero de 2026","format":false,"excerpt":"Los afectados, seg\u00fan el Departamento de Estado, son dos miembros del CPT y sus familiares directos, c\u00f3nyuge e hijos Nueva York,EFE - El Departamento de Estado de Estados Unidos anunci\u00f3 este domingo la revocaci\u00f3n de visados a dos miembros del Consejo Presidencial de Transici\u00f3n (CPT) de Hait\u00ed, as\u00ed como a\u2026","rel":"","context":"En \u00abINTERNACIONALES\u00bb","block_context":{"text":"INTERNACIONALES","link":"https:\/\/lasprimeras.com.do\/index.php\/category\/sin-categoria\/internacionales\/"},"img":{"alt_text":"","src":"https:\/\/i0.wp.com\/lasprimeras.com.do\/wp-content\/uploads\/2026\/01\/Tommy-Pigott.jpg?resize=350%2C200&ssl=1","width":350,"height":200,"srcset":"https:\/\/i0.wp.com\/lasprimeras.com.do\/wp-content\/uploads\/2026\/01\/Tommy-Pigott.jpg?resize=350%2C200&ssl=1 1x, https:\/\/i0.wp.com\/lasprimeras.com.do\/wp-content\/uploads\/2026\/01\/Tommy-Pigott.jpg?resize=525%2C300&ssl=1 1.5x, https:\/\/i0.wp.com\/lasprimeras.com.do\/wp-content\/uploads\/2026\/01\/Tommy-Pigott.jpg?resize=700%2C400&ssl=1 2x"},"classes":[]},{"id":84025,"url":"https:\/\/lasprimeras.com.do\/index.php\/2024\/05\/28\/haiti-elige-un-nuevo-primer-ministro-para-un-pais-asediado-por-las-pandillas\/","url_meta":{"origin":78780,"position":1},"title":"Hait\u00ed elige un nuevo primer ministro para un pa\u00eds asediado por las pandillas","author":"Nelson Feliz","date":"28 de mayo de 2024","format":false,"excerpt":"POR D\u00c1NICA COTO SAN JUAN, Puerto Rico (AP) \u2014 El especialista en desarrollo de la ONU, Garry Conille, fue nombrado nuevo primer ministro de Hait\u00ed el martes por la noche, casi un mes despu\u00e9s de que una coalici\u00f3n dentro de un consejo de transici\u00f3n fracturado buscara elegir a otra persona\u2026","rel":"","context":"En \u00abSin categor\u00eda\u00bb","block_context":{"text":"Sin categor\u00eda","link":"https:\/\/lasprimeras.com.do\/index.php\/category\/sin-categoria\/"},"img":{"alt_text":"","src":"https:\/\/i0.wp.com\/lasprimeras.com.do\/wp-content\/uploads\/2024\/05\/Primer-ministro.jpg?resize=350%2C200&ssl=1","width":350,"height":200,"srcset":"https:\/\/i0.wp.com\/lasprimeras.com.do\/wp-content\/uploads\/2024\/05\/Primer-ministro.jpg?resize=350%2C200&ssl=1 1x, https:\/\/i0.wp.com\/lasprimeras.com.do\/wp-content\/uploads\/2024\/05\/Primer-ministro.jpg?resize=525%2C300&ssl=1 1.5x, https:\/\/i0.wp.com\/lasprimeras.com.do\/wp-content\/uploads\/2024\/05\/Primer-ministro.jpg?resize=700%2C400&ssl=1 2x"},"classes":[]},{"id":116710,"url":"https:\/\/lasprimeras.com.do\/index.php\/2025\/12\/03\/haiti-aprueba-ley-electoral-para-celebrar-comicios-generales-tras-casi-una-decada\/","url_meta":{"origin":78780,"position":2},"title":"Hait\u00ed aprueba ley electoral para celebrar comicios generales tras casi una d\u00e9cada","author":"Nelson Feliz","date":"3 de diciembre de 2025","format":false,"excerpt":"SAN JUAN, Puerto Rico (AP) \u2014 El consejo presidencial de transici\u00f3n de Hait\u00ed respald\u00f3 una ley electoral en el \u00faltimo paso hacia la celebraci\u00f3n de elecciones generales por primera vez en casi una d\u00e9cada. La aprobaci\u00f3n a finales del lunes significa que el gobierno finalmente puede publicar un calendario electoral\u2026","rel":"","context":"En \u00abINTERNACIONALES\u00bb","block_context":{"text":"INTERNACIONALES","link":"https:\/\/lasprimeras.com.do\/index.php\/category\/sin-categoria\/internacionales\/"},"img":{"alt_text":"","src":"https:\/\/i0.wp.com\/lasprimeras.com.do\/wp-content\/uploads\/2025\/12\/Marc-Marie-Yves-Mazile-y-Fritz-Alphonse-Jean.jpg?resize=350%2C200&ssl=1","width":350,"height":200,"srcset":"https:\/\/i0.wp.com\/lasprimeras.com.do\/wp-content\/uploads\/2025\/12\/Marc-Marie-Yves-Mazile-y-Fritz-Alphonse-Jean.jpg?resize=350%2C200&ssl=1 1x, https:\/\/i0.wp.com\/lasprimeras.com.do\/wp-content\/uploads\/2025\/12\/Marc-Marie-Yves-Mazile-y-Fritz-Alphonse-Jean.jpg?resize=525%2C300&ssl=1 1.5x, https:\/\/i0.wp.com\/lasprimeras.com.do\/wp-content\/uploads\/2025\/12\/Marc-Marie-Yves-Mazile-y-Fritz-Alphonse-Jean.jpg?resize=700%2C400&ssl=1 2x"},"classes":[]},{"id":83078,"url":"https:\/\/lasprimeras.com.do\/index.php\/2024\/05\/11\/consejo-presidencial-de-transicion-de-haiti-adopta-una-presidencia-rotatoria\/","url_meta":{"origin":78780,"position":3},"title":"Consejo Presidencial de Transici\u00f3n de Hait\u00ed adopta una presidencia rotatoria","author":"BIMARY DE JES\u00daS Matos","date":"11 de mayo de 2024","format":false,"excerpt":"Puerto Pr\u00edncipe.- El Consejo Presidencial de Transici\u00f3n de Hait\u00ed, instalado el 26 de abril, anunci\u00f3 este viernes que la presidencia del ente ser\u00e1 rotativa y sus grandes decisiones se tomar\u00e1n por mayor\u00eda cualificada de sus miembros, de cinco sobre siete. Esta decisi\u00f3n se tom\u00f3 a la vista de la crisis\u2026","rel":"","context":"En \u00abSin categor\u00eda\u00bb","block_context":{"text":"Sin categor\u00eda","link":"https:\/\/lasprimeras.com.do\/index.php\/category\/sin-categoria\/"},"img":{"alt_text":"","src":"https:\/\/i0.wp.com\/lasprimeras.com.do\/wp-content\/uploads\/2024\/05\/Diseno-sin-titulo-3-1.webp?resize=350%2C200&ssl=1","width":350,"height":200,"srcset":"https:\/\/i0.wp.com\/lasprimeras.com.do\/wp-content\/uploads\/2024\/05\/Diseno-sin-titulo-3-1.webp?resize=350%2C200&ssl=1 1x, https:\/\/i0.wp.com\/lasprimeras.com.do\/wp-content\/uploads\/2024\/05\/Diseno-sin-titulo-3-1.webp?resize=525%2C300&ssl=1 1.5x, https:\/\/i0.wp.com\/lasprimeras.com.do\/wp-content\/uploads\/2024\/05\/Diseno-sin-titulo-3-1.webp?resize=700%2C400&ssl=1 2x"},"classes":[]},{"id":79311,"url":"https:\/\/lasprimeras.com.do\/index.php\/2024\/03\/26\/exembajador-de-haiti-en-rd-es-el-nuevo-miembro-consejo-transicion\/","url_meta":{"origin":78780,"position":4},"title":"Exembajador de Hait\u00ed en RD es el nuevo miembro Consejo Transici\u00f3n","author":"BIMARY DE JES\u00daS Matos","date":"26 de marzo de 2024","format":false,"excerpt":"Santo Domingo.-El exembajador de Hait\u00ed en Rep\u00fablica Dominicana Smith Augustin ser\u00e1 el nuevo miembro del Consejo Presidencial de Transici\u00f3n, tras la renuncia de Dominique Dupuy del consejo. El diplom\u00e1tico haitiano fue propuesto por la coalici\u00f3n que encabeza el partido EDE-RED, liderada por el ex primer ministro Claude Joseph. Dominique Dupuy\u2026","rel":"","context":"En \u00abPORTADA\u00bb","block_context":{"text":"PORTADA","link":"https:\/\/lasprimeras.com.do\/index.php\/category\/portada\/"},"img":{"alt_text":"","src":"https:\/\/i0.wp.com\/lasprimeras.com.do\/wp-content\/uploads\/2024\/03\/1-millon-de-jovenes-votaran-en-las-elecciones-municipales-2-8.jpg?resize=350%2C200&ssl=1","width":350,"height":200,"srcset":"https:\/\/i0.wp.com\/lasprimeras.com.do\/wp-content\/uploads\/2024\/03\/1-millon-de-jovenes-votaran-en-las-elecciones-municipales-2-8.jpg?resize=350%2C200&ssl=1 1x, https:\/\/i0.wp.com\/lasprimeras.com.do\/wp-content\/uploads\/2024\/03\/1-millon-de-jovenes-votaran-en-las-elecciones-municipales-2-8.jpg?resize=525%2C300&ssl=1 1.5x, https:\/\/i0.wp.com\/lasprimeras.com.do\/wp-content\/uploads\/2024\/03\/1-millon-de-jovenes-votaran-en-las-elecciones-municipales-2-8.jpg?resize=700%2C400&ssl=1 2x, https:\/\/i0.wp.com\/lasprimeras.com.do\/wp-content\/uploads\/2024\/03\/1-millon-de-jovenes-votaran-en-las-elecciones-municipales-2-8.jpg?resize=1050%2C600&ssl=1 3x, https:\/\/i0.wp.com\/lasprimeras.com.do\/wp-content\/uploads\/2024\/03\/1-millon-de-jovenes-votaran-en-las-elecciones-municipales-2-8.jpg?resize=1400%2C800&ssl=1 4x"},"classes":[]},{"id":80927,"url":"https:\/\/lasprimeras.com.do\/index.php\/2024\/04\/14\/el-consejo-presidencial-de-transicion-de-haiti-denuncia-mala-fe-del-gobierno\/","url_meta":{"origin":78780,"position":5},"title":"El Consejo Presidencial de Transici\u00f3n de Hait\u00ed denuncia &#8220;mala fe&#8221; del Gobierno","author":"Nelson Feliz","date":"14 de abril de 2024","format":false,"excerpt":"Puerto Pr\u00edncipe,EFE- Las estructuras, partidos y alianzas pol\u00edticas que cuentan con representantes en el Consejo Presidencial de Transici\u00f3n de Hait\u00ed denunciaron las presuntas maniobras del Gobierno del primer ministro, Ariel Henry, que pone obst\u00e1culos al Consejo para permanecer m\u00e1s tiempo en el poder. Estas organizaciones expresaron, a trav\u00e9s de un\u2026","rel":"","context":"En \u00abSin categor\u00eda\u00bb","block_context":{"text":"Sin categor\u00eda","link":"https:\/\/lasprimeras.com.do\/index.php\/category\/sin-categoria\/"},"img":{"alt_text":"Consejo Presidencial de Transici\u00f3n en Hait\u00ed","src":"https:\/\/i0.wp.com\/lasprimeras.com.do\/wp-content\/uploads\/2024\/04\/Consejo-Presidencial-de-Transicion-en-Haiti.jpg?resize=350%2C200&ssl=1","width":350,"height":200,"srcset":"https:\/\/i0.wp.com\/lasprimeras.com.do\/wp-content\/uploads\/2024\/04\/Consejo-Presidencial-de-Transicion-en-Haiti.jpg?resize=350%2C200&ssl=1 1x, https:\/\/i0.wp.com\/lasprimeras.com.do\/wp-content\/uploads\/2024\/04\/Consejo-Presidencial-de-Transicion-en-Haiti.jpg?resize=525%2C300&ssl=1 1.5x, https:\/\/i0.wp.com\/lasprimeras.com.do\/wp-content\/uploads\/2024\/04\/Consejo-Presidencial-de-Transicion-en-Haiti.jpg?resize=700%2C400&ssl=1 2x"},"classes":[]}],"jetpack_sharing_enabled":true,"_links":{"self":[{"href":"https:\/\/lasprimeras.com.do\/index.php\/wp-json\/wp\/v2\/posts\/78780","targetHints":{"allow":["GET"]}}],"collection":[{"href":"https:\/\/lasprimeras.com.do\/index.php\/wp-json\/wp\/v2\/posts"}],"about":[{"href":"https:\/\/lasprimeras.com.do\/index.php\/wp-json\/wp\/v2\/types\/post"}],"author":[{"embeddable":true,"href":"https:\/\/lasprimeras.com.do\/index.php\/wp-json\/wp\/v2\/users\/3"}],"replies":[{"embeddable":true,"href":"https:\/\/lasprimeras.com.do\/index.php\/wp-json\/wp\/v2\/comments?post=78780"}],"version-history":[{"count":1,"href":"https:\/\/lasprimeras.com.do\/index.php\/wp-json\/wp\/v2\/posts\/78780\/revisions"}],"predecessor-version":[{"id":78782,"href":"https:\/\/lasprimeras.com.do\/index.php\/wp-json\/wp\/v2\/posts\/78780\/revisions\/78782"}],"wp:featuredmedia":[{"embeddable":true,"href":"https:\/\/lasprimeras.com.do\/index.php\/wp-json\/wp\/v2\/media\/78781"}],"wp:attachment":[{"href":"https:\/\/lasprimeras.com.do\/index.php\/wp-json\/wp\/v2\/media?parent=78780"}],"wp:term":[{"taxonomy":"category","embeddable":true,"href":"https:\/\/lasprimeras.com.do\/index.php\/wp-json\/wp\/v2\/categories?post=78780"},{"taxonomy":"post_tag","embeddable":true,"href":"https:\/\/lasprimeras.com.do\/index.php\/wp-json\/wp\/v2\/tags?post=78780"}],"curies":[{"name":"wp","href":"https:\/\/api.w.org\/{rel}","templated":true}]}}