{"id":78783,"date":"2024-03-20T06:33:53","date_gmt":"2024-03-20T10:33:53","guid":{"rendered":"https:\/\/lasprimeras.com.do\/?p=78783"},"modified":"2024-03-20T06:33:54","modified_gmt":"2024-03-20T10:33:54","slug":"jce-impide-a-partidos-hacer-proselitismo-frente-a-iglesias","status":"publish","type":"post","link":"https:\/\/lasprimeras.com.do\/index.php\/2024\/03\/20\/jce-impide-a-partidos-hacer-proselitismo-frente-a-iglesias\/","title":{"rendered":"JCE impide a partidos hacer proselitismo frente a iglesias"},"content":{"rendered":"\n<p>SANTO DOMINGO.-La Junta Central Electoral (JCE) traz\u00f3 ayer las pautas que deber\u00e1n regir el accionar de funcionarios p\u00fablicos, candidatos y partidos pol\u00edticos hasta concluido el proceso electoral.<\/p>\n\n\n\n<p>Incluye en esas la prohibici\u00f3n de inaugurar obras del Estado lo que, seg\u00fan explic\u00f3 el consultor jur\u00eddico del Poder Ejecutivo, abarca a todos los funcionarios y no s\u00f3lo al presidente de la Rep\u00fablica.<\/p>\n\n\n\n<p>Igualmente, los partidos pol\u00edticos no podr\u00e1n hacer actos frente a las iglesias, escuelas y hospitales, la participaci\u00f3n de militares en actividades proselitistas y regulaciones a los programas de asistencia social.<\/p>\n\n\n\n<p>Sobre estos, especifica que aquellas ayudas que se encuentren dentro de la planificaci\u00f3n regular podr\u00e1n realizarse siempre que su ejecuci\u00f3n haya sido desarrollada con anterioridad a la campa\u00f1a.<\/p>\n\n\n\n<p>Niega a las autoridades municipales utilizar dichas instituciones como plataforma para apoyar candidatos y exige neutralidad a la Liga Municipal Dominicana en su trato con las alcald\u00edas durante la campa\u00f1a electoral.<\/p>\n","protected":false},"excerpt":{"rendered":"<p>SANTO DOMINGO.-La Junta Central Electoral (JCE) traz\u00f3 ayer las pautas que deber\u00e1n regir el accionar de funcionarios p\u00fablicos, candidatos y partidos pol\u00edticos hasta concluido el proceso electoral. Incluye en esas&hellip;<\/p>\n","protected":false},"author":3,"featured_media":78784,"comment_status":"open","ping_status":"open","sticky":false,"template":"","format":"standard","meta":{"content-type":"","jetpack_post_was_ever_published":false,"_jetpack_newsletter_access":"","_jetpack_dont_email_post_to_subs":false,"_jetpack_newsletter_tier_id":0,"_jetpack_memberships_contains_paywalled_content":false,"_jetpack_memberships_contains_paid_content":false,"footnotes":""},"categories":[1],"tags":[183],"class_list":["post-78783","post","type-post","status-publish","format-standard","has-post-thumbnail","hentry","category-sin-categoria","tag-jce"],"jetpack_featured_media_url":"https:\/\/lasprimeras.com.do\/wp-content\/uploads\/2024\/03\/fotonoticia_20230328085143_420-2.webp","jetpack-related-posts":[{"id":108031,"url":"https:\/\/lasprimeras.com.do\/index.php\/2025\/09\/02\/prd-apoya-que-jce-intime-al-prm-por-campana-a-destiempo\/","url_meta":{"origin":78783,"position":0},"title":"PRD apoya que JCE intime al PRM por campa\u00f1a a destiempo","author":"Nelson Feliz","date":"2 de septiembre de 2025","format":false,"excerpt":"El Partido Revolucionario Dominicano (PRD) respald\u00f3 la decisi\u00f3n de la Junta Central Electoral (JCE) de intimar al Partido Revolucionario Moderno (PRM) por la realizaci\u00f3n de actos y declaraciones de car\u00e1cter proselitista a destiempo. El delegado pol\u00edtico del PRD ante la JCE, Fernando P\u00e9rez Volquez, dijo que la medida del \u00f3rgano\u2026","rel":"","context":"En \u00abPOLITICA\u00bb","block_context":{"text":"POLITICA","link":"https:\/\/lasprimeras.com.do\/index.php\/category\/politica\/"},"img":{"alt_text":"","src":"https:\/\/i0.wp.com\/lasprimeras.com.do\/wp-content\/uploads\/2025\/09\/jose-fernando-perez-volquez.jpg?resize=350%2C200&ssl=1","width":350,"height":200,"srcset":"https:\/\/i0.wp.com\/lasprimeras.com.do\/wp-content\/uploads\/2025\/09\/jose-fernando-perez-volquez.jpg?resize=350%2C200&ssl=1 1x, https:\/\/i0.wp.com\/lasprimeras.com.do\/wp-content\/uploads\/2025\/09\/jose-fernando-perez-volquez.jpg?resize=525%2C300&ssl=1 1.5x, https:\/\/i0.wp.com\/lasprimeras.com.do\/wp-content\/uploads\/2025\/09\/jose-fernando-perez-volquez.jpg?resize=700%2C400&ssl=1 2x"},"classes":[]},{"id":116638,"url":"https:\/\/lasprimeras.com.do\/index.php\/2025\/12\/02\/fuerza-del-pueblo-exige-a-la-jce-retirar-advertencia-por-propaganda-y-niega-violacion-electoral\/","url_meta":{"origin":78783,"position":1},"title":"Fuerza del Pueblo exige a la JCE retirar advertencia por propaganda y niega violaci\u00f3n electoral","author":"Nelson Feliz","date":"2 de diciembre de 2025","format":false,"excerpt":"En un acto de alguacil depositado el 2 de diciembre, el partido calific\u00f3 la imputaci\u00f3n como \"infundada\". La Fuerza del Pueblo (FP) exigi\u00f3 a la Junta Central Electoral (JCE) retirar la advertencia en la que se le atribuye presunta propaganda electoral prohibida durante la \"Marcha del Pueblo\", y neg\u00f3 de\u2026","rel":"","context":"En \u00abPOLITICA\u00bb","block_context":{"text":"POLITICA","link":"https:\/\/lasprimeras.com.do\/index.php\/category\/politica\/"},"img":{"alt_text":"","src":"https:\/\/i0.wp.com\/lasprimeras.com.do\/wp-content\/uploads\/2025\/12\/leonel-fernandez.jpg?resize=350%2C200&ssl=1","width":350,"height":200,"srcset":"https:\/\/i0.wp.com\/lasprimeras.com.do\/wp-content\/uploads\/2025\/12\/leonel-fernandez.jpg?resize=350%2C200&ssl=1 1x, https:\/\/i0.wp.com\/lasprimeras.com.do\/wp-content\/uploads\/2025\/12\/leonel-fernandez.jpg?resize=525%2C300&ssl=1 1.5x, https:\/\/i0.wp.com\/lasprimeras.com.do\/wp-content\/uploads\/2025\/12\/leonel-fernandez.jpg?resize=700%2C400&ssl=1 2x"},"classes":[]},{"id":102447,"url":"https:\/\/lasprimeras.com.do\/index.php\/2025\/07\/04\/luis-el-gallo-pide-se-suspenda-campana-de-los-precandidatos-y-se-le-de-un-respiro-al-pueblo-dominicano\/","url_meta":{"origin":78783,"position":2},"title":"Luis \u201cEl Gallo\u201d pide se suspenda campa\u00f1a de los precandidatos y se le d\u00e9 un respiro al pueblo dominicano","author":"Nelson Feliz","date":"4 de julio de 2025","format":false,"excerpt":"El presidente de la Uni\u00f3n Dem\u00f3crata Cristiana \u2013UDC-, Luis Acosta Moreta, Luis \u201cEl Gallo\u201d, pidi\u00f3 hoy que se suspenda la campa\u00f1a electoral a destiempo, porque est\u00e1 sirviendo de estancamiento a los programas de desarrollo y la tranquilidad ciudadana. Pidi\u00f3 a los llamados partidos mayoritarios para que controlen a sus dirigentes,\u2026","rel":"","context":"En \u00abPOLITICA\u00bb","block_context":{"text":"POLITICA","link":"https:\/\/lasprimeras.com.do\/index.php\/category\/politica\/"},"img":{"alt_text":"Luis Acosta Moreta","src":"https:\/\/i0.wp.com\/lasprimeras.com.do\/wp-content\/uploads\/2025\/07\/Luis-Acosta-Moreta.png?resize=350%2C200&ssl=1","width":350,"height":200},"classes":[]},{"id":116465,"url":"https:\/\/lasprimeras.com.do\/index.php\/2025\/12\/01\/jce-intima-a-la-fuerza-del-pueblo-por-posible-propaganda-anticipada-en-marcha-del-domingo\/","url_meta":{"origin":78783,"position":3},"title":"JCE intima a la Fuerza del Pueblo por posible propaganda anticipada en marcha del domingo","author":"Nelson Feliz","date":"1 de diciembre de 2025","format":false,"excerpt":"En un acto de alguacil, el \u00f3rgano electoral pide al partido que dirige Leonel Fern\u00e1ndez no alegar ignorancia. La Junta Central Electoral (JCE) intim\u00f3 este lunes al partido Fuerza del Pueblo (FP) al considerar que en la actividad del domingo llamada \u201cMarcha del pueblo\u201d se emplearon elementos que podr\u00edan configurar\u2026","rel":"","context":"En \u00abPOLITICA\u00bb","block_context":{"text":"POLITICA","link":"https:\/\/lasprimeras.com.do\/index.php\/category\/politica\/"},"img":{"alt_text":"","src":"https:\/\/i0.wp.com\/lasprimeras.com.do\/wp-content\/uploads\/2025\/11\/leonel.jpg?resize=350%2C200&ssl=1","width":350,"height":200,"srcset":"https:\/\/i0.wp.com\/lasprimeras.com.do\/wp-content\/uploads\/2025\/11\/leonel.jpg?resize=350%2C200&ssl=1 1x, https:\/\/i0.wp.com\/lasprimeras.com.do\/wp-content\/uploads\/2025\/11\/leonel.jpg?resize=525%2C300&ssl=1 1.5x, https:\/\/i0.wp.com\/lasprimeras.com.do\/wp-content\/uploads\/2025\/11\/leonel.jpg?resize=700%2C400&ssl=1 2x"},"classes":[]},{"id":122362,"url":"https:\/\/lasprimeras.com.do\/index.php\/2026\/02\/16\/jce-emite-reglamento-para-regular-afiliaciones-y-desafiliaciones-en-organizaciones-politicas\/","url_meta":{"origin":78783,"position":4},"title":"JCE emite reglamento para regular afiliaciones y desafiliaciones en organizaciones pol\u00edticas","author":"Nelson Feliz","date":"16 de febrero de 2026","format":false,"excerpt":"La Junta Central Electoral, una vez reciba los registros de afiliados, realizar\u00e1 los cruces pertinentes, para determinar que los mismos cumplen con lo establecido en este art\u00edculo y comunicarlo a las respectivas organizaciones. La Junta Central Electoral (JCE) emiti\u00f3 un reglamento mediante el cual buscan regular las afiliaciones y desafiliaciones\u2026","rel":"","context":"En \u00abNACIONALES\u00bb","block_context":{"text":"NACIONALES","link":"https:\/\/lasprimeras.com.do\/index.php\/category\/nacionales\/"},"img":{"alt_text":"","src":"https:\/\/i0.wp.com\/lasprimeras.com.do\/wp-content\/uploads\/2025\/10\/JCE-1.jpg?resize=350%2C200&ssl=1","width":350,"height":200,"srcset":"https:\/\/i0.wp.com\/lasprimeras.com.do\/wp-content\/uploads\/2025\/10\/JCE-1.jpg?resize=350%2C200&ssl=1 1x, https:\/\/i0.wp.com\/lasprimeras.com.do\/wp-content\/uploads\/2025\/10\/JCE-1.jpg?resize=525%2C300&ssl=1 1.5x, https:\/\/i0.wp.com\/lasprimeras.com.do\/wp-content\/uploads\/2025\/10\/JCE-1.jpg?resize=700%2C400&ssl=1 2x"},"classes":[]},{"id":70219,"url":"https:\/\/lasprimeras.com.do\/index.php\/2023\/12\/09\/jce-dispone-limites-participacion-funcionarios-en-campana-electoral\/","url_meta":{"origin":78783,"position":5},"title":"JCE dispone limites participaci\u00f3n funcionarios en campa\u00f1a electoral","author":"BIMARY DE JES\u00daS Matos","date":"9 de diciembre de 2023","format":false,"excerpt":"SANTO DOMINGO.- La Junta Central Electoral (JCE) dispuso los l\u00edmites de participaci\u00f3n de funcionarios p\u00fablicos que administran recursos econ\u00f3micos del Estado en el periodo de precampa\u00f1a y campa\u00f1a para las elecciones del 2024. El organismo inform\u00f3 que la medida no solo busca poner un alto a los candidatos, sino tambi\u00e9n\u2026","rel":"","context":"En \u00abSin categor\u00eda\u00bb","block_context":{"text":"Sin categor\u00eda","link":"https:\/\/lasprimeras.com.do\/index.php\/category\/sin-categoria\/"},"img":{"alt_text":"","src":"https:\/\/i0.wp.com\/lasprimeras.com.do\/wp-content\/uploads\/2023\/12\/WhatsApp-Image-2023-12-07-at-7.22.09-PM-5-19.jpeg?resize=350%2C200&ssl=1","width":350,"height":200,"srcset":"https:\/\/i0.wp.com\/lasprimeras.com.do\/wp-content\/uploads\/2023\/12\/WhatsApp-Image-2023-12-07-at-7.22.09-PM-5-19.jpeg?resize=350%2C200&ssl=1 1x, https:\/\/i0.wp.com\/lasprimeras.com.do\/wp-content\/uploads\/2023\/12\/WhatsApp-Image-2023-12-07-at-7.22.09-PM-5-19.jpeg?resize=525%2C300&ssl=1 1.5x, https:\/\/i0.wp.com\/lasprimeras.com.do\/wp-content\/uploads\/2023\/12\/WhatsApp-Image-2023-12-07-at-7.22.09-PM-5-19.jpeg?resize=700%2C400&ssl=1 2x, https:\/\/i0.wp.com\/lasprimeras.com.do\/wp-content\/uploads\/2023\/12\/WhatsApp-Image-2023-12-07-at-7.22.09-PM-5-19.jpeg?resize=1050%2C600&ssl=1 3x, https:\/\/i0.wp.com\/lasprimeras.com.do\/wp-content\/uploads\/2023\/12\/WhatsApp-Image-2023-12-07-at-7.22.09-PM-5-19.jpeg?resize=1400%2C800&ssl=1 4x"},"classes":[]}],"jetpack_sharing_enabled":true,"_links":{"self":[{"href":"https:\/\/lasprimeras.com.do\/index.php\/wp-json\/wp\/v2\/posts\/78783","targetHints":{"allow":["GET"]}}],"collection":[{"href":"https:\/\/lasprimeras.com.do\/index.php\/wp-json\/wp\/v2\/posts"}],"about":[{"href":"https:\/\/lasprimeras.com.do\/index.php\/wp-json\/wp\/v2\/types\/post"}],"author":[{"embeddable":true,"href":"https:\/\/lasprimeras.com.do\/index.php\/wp-json\/wp\/v2\/users\/3"}],"replies":[{"embeddable":true,"href":"https:\/\/lasprimeras.com.do\/index.php\/wp-json\/wp\/v2\/comments?post=78783"}],"version-history":[{"count":1,"href":"https:\/\/lasprimeras.com.do\/index.php\/wp-json\/wp\/v2\/posts\/78783\/revisions"}],"predecessor-version":[{"id":78785,"href":"https:\/\/lasprimeras.com.do\/index.php\/wp-json\/wp\/v2\/posts\/78783\/revisions\/78785"}],"wp:featuredmedia":[{"embeddable":true,"href":"https:\/\/lasprimeras.com.do\/index.php\/wp-json\/wp\/v2\/media\/78784"}],"wp:attachment":[{"href":"https:\/\/lasprimeras.com.do\/index.php\/wp-json\/wp\/v2\/media?parent=78783"}],"wp:term":[{"taxonomy":"category","embeddable":true,"href":"https:\/\/lasprimeras.com.do\/index.php\/wp-json\/wp\/v2\/categories?post=78783"},{"taxonomy":"post_tag","embeddable":true,"href":"https:\/\/lasprimeras.com.do\/index.php\/wp-json\/wp\/v2\/tags?post=78783"}],"curies":[{"name":"wp","href":"https:\/\/api.w.org\/{rel}","templated":true}]}}