{"id":78789,"date":"2024-03-20T06:38:35","date_gmt":"2024-03-20T10:38:35","guid":{"rendered":"https:\/\/lasprimeras.com.do\/?p=78789"},"modified":"2024-03-20T06:38:37","modified_gmt":"2024-03-20T10:38:37","slug":"lidom-dedica-campeonato-2024-2025-a-la-memoria-de-jose-leon","status":"publish","type":"post","link":"https:\/\/lasprimeras.com.do\/index.php\/2024\/03\/20\/lidom-dedica-campeonato-2024-2025-a-la-memoria-de-jose-leon\/","title":{"rendered":"Lidom dedica campeonato 2024-2025 a la memoria de Jos\u00e9 Le\u00f3n"},"content":{"rendered":"\n<p>Santo Domingo.- La Liga de B\u00e9isbol Profesional de la Rep\u00fablica Dominicana (Lidom) anunci\u00f3 que ha decidido dedicar su pr\u00f3ximo campeonato a la memoria del empresario Jos\u00e9 Le\u00f3n Asensio.<\/p>\n\n\n\n<p>La decisi\u00f3n, anunciada en un comunicado, fue tomada de manera un\u00e1nime por la junta de directores de la Lidom, para reconocer el legado de Le\u00f3n Asensio como propulsor del deporte, mostrando su apoyo de manera especial al campeonato de b\u00e9isbol dominicano.<\/p>\n\n\n\n<p>\u00abEs la liga y es nuestro b\u00e9isbol que se honra con esta dedicatoria a un hombre de bien, empresario, deportista, ciudadano ejemplar y con alto sentido de responsabilidad social\u00bb, expres\u00f3 el presidente de Lidom, Vitelio Mej\u00eda Ortiz, sobre Le\u00f3n Asensio, quien falleci\u00f3 recientemente a los 90 a\u00f1os.<\/p>\n\n\n\n<p>Mej\u00eda Ortiz a\u00f1adi\u00f3 que: \u00abEstamos entusiasmados por celebrar el legado de don Jos\u00e9 con nuestra mejor fiesta, el b\u00e9isbol profesional que tanto am\u00f3\u00bb.<\/p>\n\n\n\n<p>Le\u00f3n Asensio estuvo ligado al deporte en sentido general, respaldando a los principales clubes de b\u00e9isbol profesional y otros deportes como el baloncesto y diversas actividades de velocidad como automovilismo y motociclismo, destac\u00f3 el documento, al resaltar que tambi\u00e9n respaldo las actividades culturales.<\/p>\n","protected":false},"excerpt":{"rendered":"<p>Santo Domingo.- La Liga de B\u00e9isbol Profesional de la Rep\u00fablica Dominicana (Lidom) anunci\u00f3 que ha decidido dedicar su pr\u00f3ximo campeonato a la memoria del empresario Jos\u00e9 Le\u00f3n Asensio. La decisi\u00f3n,&hellip;<\/p>\n","protected":false},"author":3,"featured_media":78790,"comment_status":"open","ping_status":"open","sticky":false,"template":"","format":"standard","meta":{"content-type":"","jetpack_post_was_ever_published":false,"_jetpack_newsletter_access":"","_jetpack_dont_email_post_to_subs":false,"_jetpack_newsletter_tier_id":0,"_jetpack_memberships_contains_paywalled_content":false,"_jetpack_memberships_contains_paid_content":false,"footnotes":""},"categories":[1],"tags":[7258],"class_list":["post-78789","post","type-post","status-publish","format-standard","has-post-thumbnail","hentry","category-sin-categoria","tag-lidom"],"jetpack_featured_media_url":"https:\/\/lasprimeras.com.do\/wp-content\/uploads\/2024\/03\/fotonoticia_20230328085143_420.jpg","jetpack-related-posts":[{"id":120808,"url":"https:\/\/lasprimeras.com.do\/index.php\/2026\/01\/28\/banreservas-entrega-copa-a-los-leones-del-escogido-campeones-de-la-serie-final-de-lidom-25-26\/","url_meta":{"origin":78789,"position":0},"title":"Banreservas entrega copa a los Leones del Escogido, campeones de la Serie Final de LIDOM 25-26","author":"Nelson Feliz","date":"28 de enero de 2026","format":false,"excerpt":"La instituci\u00f3n financiera reafirma su compromiso con la Liga de B\u00e9isbol Profesional de la Rep\u00fablica Dominicana y el deporte nacional. El Banco de Reservas entreg\u00f3 la copa de campeones a los Leones del Escogido, ganadores de la Serie Final del Torneo de B\u00e9isbol Oto\u00f1o-Invierno Dominicano (LIDOM) 2025-2026, reafirmando as\u00ed su\u2026","rel":"","context":"En \u00abDEPORTES\u00bb","block_context":{"text":"DEPORTES","link":"https:\/\/lasprimeras.com.do\/index.php\/category\/deportes\/"},"img":{"alt_text":"","src":"https:\/\/i0.wp.com\/lasprimeras.com.do\/wp-content\/uploads\/2026\/01\/IMG-20260127-WA0909.jpg?resize=350%2C200&ssl=1","width":350,"height":200,"srcset":"https:\/\/i0.wp.com\/lasprimeras.com.do\/wp-content\/uploads\/2026\/01\/IMG-20260127-WA0909.jpg?resize=350%2C200&ssl=1 1x, https:\/\/i0.wp.com\/lasprimeras.com.do\/wp-content\/uploads\/2026\/01\/IMG-20260127-WA0909.jpg?resize=525%2C300&ssl=1 1.5x, https:\/\/i0.wp.com\/lasprimeras.com.do\/wp-content\/uploads\/2026\/01\/IMG-20260127-WA0909.jpg?resize=700%2C400&ssl=1 2x, https:\/\/i0.wp.com\/lasprimeras.com.do\/wp-content\/uploads\/2026\/01\/IMG-20260127-WA0909.jpg?resize=1050%2C600&ssl=1 3x"},"classes":[]},{"id":63751,"url":"https:\/\/lasprimeras.com.do\/index.php\/2023\/10\/15\/lidom-y-banreservas-develan-copa-del-campeonato-2023-2024\/","url_meta":{"origin":78789,"position":1},"title":"LIDOM y Banreservas develan copa del campeonato 2023-2024","author":"BIMARY DE JES\u00daS Matos","date":"15 de octubre de 2023","format":false,"excerpt":"SANTO DOMINGO.- La Liga de B\u00e9isbol Profesional de Rep\u00fablica Dominicana (Lidom) y el Banco de Reservas develaron la Copa Banreservas que habr\u00e1 de ser discutida por los seis equipos en el campeonato 2023-2024 que arranca este pr\u00f3ximo d\u00eda 19, dedicado a la comentarista deportiva Onfalia Morrillo. La actividad, celebrada en\u2026","rel":"","context":"En \u00abSin categor\u00eda\u00bb","block_context":{"text":"Sin categor\u00eda","link":"https:\/\/lasprimeras.com.do\/index.php\/category\/sin-categoria\/"},"img":{"alt_text":"","src":"https:\/\/i0.wp.com\/lasprimeras.com.do\/wp-content\/uploads\/2023\/10\/parque-vehicular-focus-0-0-896-504-3.jpg?resize=350%2C200&ssl=1","width":350,"height":200,"srcset":"https:\/\/i0.wp.com\/lasprimeras.com.do\/wp-content\/uploads\/2023\/10\/parque-vehicular-focus-0-0-896-504-3.jpg?resize=350%2C200&ssl=1 1x, https:\/\/i0.wp.com\/lasprimeras.com.do\/wp-content\/uploads\/2023\/10\/parque-vehicular-focus-0-0-896-504-3.jpg?resize=525%2C300&ssl=1 1.5x, https:\/\/i0.wp.com\/lasprimeras.com.do\/wp-content\/uploads\/2023\/10\/parque-vehicular-focus-0-0-896-504-3.jpg?resize=700%2C400&ssl=1 2x"},"classes":[]},{"id":120973,"url":"https:\/\/lasprimeras.com.do\/index.php\/2026\/01\/29\/abinader-entrega-la-bandera-dominicana-a-los-leones-del-escogido-para-la-serie-del-caribe-2026\/","url_meta":{"origin":78789,"position":2},"title":"Abinader entrega la bandera dominicana a los Leones del Escogido para la Serie del Caribe 2026","author":"Nelson Feliz","date":"29 de enero de 2026","format":false,"excerpt":"Mandatario exhorta al equipo dominicano a competir con disciplina, entrega y compromiso patri\u00f3tico en suelo mexicano. El presidente Luis Abinader recibi\u00f3 este jueves a los Leones del Escogido, campeones de la Liga de B\u00e9isbol Profesional de la Rep\u00fablica Dominicana (Lidom) en la temporada 2025-2026, quienes representar\u00e1n al pa\u00eds en la\u2026","rel":"","context":"En \u00abDEPORTES\u00bb","block_context":{"text":"DEPORTES","link":"https:\/\/lasprimeras.com.do\/index.php\/category\/deportes\/"},"img":{"alt_text":"","src":"https:\/\/i0.wp.com\/lasprimeras.com.do\/wp-content\/uploads\/2026\/01\/Luis-Escog.jpg?resize=350%2C200&ssl=1","width":350,"height":200,"srcset":"https:\/\/i0.wp.com\/lasprimeras.com.do\/wp-content\/uploads\/2026\/01\/Luis-Escog.jpg?resize=350%2C200&ssl=1 1x, https:\/\/i0.wp.com\/lasprimeras.com.do\/wp-content\/uploads\/2026\/01\/Luis-Escog.jpg?resize=525%2C300&ssl=1 1.5x, https:\/\/i0.wp.com\/lasprimeras.com.do\/wp-content\/uploads\/2026\/01\/Luis-Escog.jpg?resize=700%2C400&ssl=1 2x"},"classes":[]},{"id":114970,"url":"https:\/\/lasprimeras.com.do\/index.php\/2025\/11\/18\/senado-de-la-republica-y-la-lidom-suscriben-convenio-para-promover-el-deporte\/","url_meta":{"origin":78789,"position":3},"title":"Senado de la Rep\u00fablica y la LIDOM suscriben convenio para promover el deporte","author":"Nelson Feliz","date":"18 de noviembre de 2025","format":false,"excerpt":"Ricardo de los Santos tambi\u00e9n lanz\u00f3 la primera bola durante el partido entre Tigres del Licey y \u00c1guilas Cibae\u00f1as. El Senado de la Rep\u00fablica y la Liga Dominicana de B\u00e9isbol Profesional (LIDOM), suscribieron este lunes un acuerdo marco de colaboraci\u00f3n interinstitucional para fomentar el deporte, la educaci\u00f3n ciudadana, la identidad\u2026","rel":"","context":"En \u00abDEPORTES\u00bb","block_context":{"text":"DEPORTES","link":"https:\/\/lasprimeras.com.do\/index.php\/category\/deportes\/"},"img":{"alt_text":"","src":"https:\/\/i0.wp.com\/lasprimeras.com.do\/wp-content\/uploads\/2025\/11\/senado-a.jpg?resize=350%2C200&ssl=1","width":350,"height":200,"srcset":"https:\/\/i0.wp.com\/lasprimeras.com.do\/wp-content\/uploads\/2025\/11\/senado-a.jpg?resize=350%2C200&ssl=1 1x, https:\/\/i0.wp.com\/lasprimeras.com.do\/wp-content\/uploads\/2025\/11\/senado-a.jpg?resize=525%2C300&ssl=1 1.5x, https:\/\/i0.wp.com\/lasprimeras.com.do\/wp-content\/uploads\/2025\/11\/senado-a.jpg?resize=700%2C400&ssl=1 2x"},"classes":[]},{"id":73760,"url":"https:\/\/lasprimeras.com.do\/index.php\/2024\/01\/16\/lidom-galardona-a-mas-destacados-campana-2023-24\/","url_meta":{"origin":78789,"position":4},"title":"Lidom galardona a m\u00e1s destacados campa\u00f1a 2023-24","author":"BIMARY DE JES\u00daS Matos","date":"16 de enero de 2024","format":false,"excerpt":"Santo Domingo.- La Liga de B\u00e9isbol Profesional de Rep\u00fablica Dominicana (Lidom) realiz\u00f3 de manera formal su premiaci\u00f3n a los equipos y jugadores m\u00e1s destacados en la temporada 2023-2024. En un encuentro en el S\u00e9ptimo Cielo del estadio Quisqueya Juan Marichal, se les entregaron las distinciones a Christopher Morel, Caballero del\u2026","rel":"","context":"En \u00abSin categor\u00eda\u00bb","block_context":{"text":"Sin categor\u00eda","link":"https:\/\/lasprimeras.com.do\/index.php\/category\/sin-categoria\/"},"img":{"alt_text":"","src":"https:\/\/i0.wp.com\/lasprimeras.com.do\/wp-content\/uploads\/2024\/01\/Noticias-de-energia-13-4.webp?resize=350%2C200&ssl=1","width":350,"height":200},"classes":[]},{"id":76769,"url":"https:\/\/lasprimeras.com.do\/index.php\/2024\/02\/14\/jose-offerman-dirigira-a-los-toros-del-este-en-la-proxima-temporada\/","url_meta":{"origin":78789,"position":5},"title":"Jos\u00e9 Offerman dirigir\u00e1 a los Toros del Este en la pr\u00f3xima temporada","author":"BIMARY DE JES\u00daS Matos","date":"14 de febrero de 2024","format":false,"excerpt":"LA ROMANA.- Los Toros del Este anunciaron la contrataci\u00f3n de Jos\u00e9 Offerman como su dirigente para la pr\u00f3xima temporada de la Liga de B\u00e9isbol Profesional de la Rep\u00fablica Dominicana (Lidom). El anuncio fue realizado por el gerente general de los Toros, Jes\u00fas Mej\u00eda, quien destac\u00f3 la trayectoria de \u00e9xito de\u2026","rel":"","context":"En \u00abSin categor\u00eda\u00bb","block_context":{"text":"Sin categor\u00eda","link":"https:\/\/lasprimeras.com.do\/index.php\/category\/sin-categoria\/"},"img":{"alt_text":"","src":"https:\/\/i0.wp.com\/lasprimeras.com.do\/wp-content\/uploads\/2024\/02\/OFFERMAN-DELFINES-NEW.jpg?resize=350%2C200&ssl=1","width":350,"height":200,"srcset":"https:\/\/i0.wp.com\/lasprimeras.com.do\/wp-content\/uploads\/2024\/02\/OFFERMAN-DELFINES-NEW.jpg?resize=350%2C200&ssl=1 1x, https:\/\/i0.wp.com\/lasprimeras.com.do\/wp-content\/uploads\/2024\/02\/OFFERMAN-DELFINES-NEW.jpg?resize=525%2C300&ssl=1 1.5x, https:\/\/i0.wp.com\/lasprimeras.com.do\/wp-content\/uploads\/2024\/02\/OFFERMAN-DELFINES-NEW.jpg?resize=700%2C400&ssl=1 2x"},"classes":[]}],"jetpack_sharing_enabled":true,"_links":{"self":[{"href":"https:\/\/lasprimeras.com.do\/index.php\/wp-json\/wp\/v2\/posts\/78789","targetHints":{"allow":["GET"]}}],"collection":[{"href":"https:\/\/lasprimeras.com.do\/index.php\/wp-json\/wp\/v2\/posts"}],"about":[{"href":"https:\/\/lasprimeras.com.do\/index.php\/wp-json\/wp\/v2\/types\/post"}],"author":[{"embeddable":true,"href":"https:\/\/lasprimeras.com.do\/index.php\/wp-json\/wp\/v2\/users\/3"}],"replies":[{"embeddable":true,"href":"https:\/\/lasprimeras.com.do\/index.php\/wp-json\/wp\/v2\/comments?post=78789"}],"version-history":[{"count":1,"href":"https:\/\/lasprimeras.com.do\/index.php\/wp-json\/wp\/v2\/posts\/78789\/revisions"}],"predecessor-version":[{"id":78791,"href":"https:\/\/lasprimeras.com.do\/index.php\/wp-json\/wp\/v2\/posts\/78789\/revisions\/78791"}],"wp:featuredmedia":[{"embeddable":true,"href":"https:\/\/lasprimeras.com.do\/index.php\/wp-json\/wp\/v2\/media\/78790"}],"wp:attachment":[{"href":"https:\/\/lasprimeras.com.do\/index.php\/wp-json\/wp\/v2\/media?parent=78789"}],"wp:term":[{"taxonomy":"category","embeddable":true,"href":"https:\/\/lasprimeras.com.do\/index.php\/wp-json\/wp\/v2\/categories?post=78789"},{"taxonomy":"post_tag","embeddable":true,"href":"https:\/\/lasprimeras.com.do\/index.php\/wp-json\/wp\/v2\/tags?post=78789"}],"curies":[{"name":"wp","href":"https:\/\/api.w.org\/{rel}","templated":true}]}}