{"id":78798,"date":"2024-03-20T07:55:23","date_gmt":"2024-03-20T11:55:23","guid":{"rendered":"https:\/\/lasprimeras.com.do\/?p=78798"},"modified":"2024-03-20T07:55:25","modified_gmt":"2024-03-20T11:55:25","slug":"ley-de-arresto-de-inmigrantes-en-texas-vuelve-a-estar-en-suspenso-despues-de-entrar-en-vigor-brevemente","status":"publish","type":"post","link":"https:\/\/lasprimeras.com.do\/index.php\/2024\/03\/20\/ley-de-arresto-de-inmigrantes-en-texas-vuelve-a-estar-en-suspenso-despues-de-entrar-en-vigor-brevemente\/","title":{"rendered":"Ley de arresto de inmigrantes en Texas vuelve a estar en suspenso despu\u00e9s de entrar en vigor brevemente"},"content":{"rendered":"\n<p>MCALLEN, TEXAS, EEUU (AP) \u2014Los planes de Texas para arrestar a inmigrantes sospechosos de ingresar ilegalmente a Estados Unidos quedaron nuevamente en suspenso el mi\u00e9rcoles despu\u00e9s de generar incertidumbre a lo largo de la frontera y la ira de M\u00e9xico estall\u00f3 durante unas breves horas porque se permiti\u00f3 que la ley entrara en vigor.<\/p>\n\n\n\n<p>Una orden emitida el martes a altas horas de la noche por un panel del Tribunal de Apelaciones del Quinto Circuito de EEUU suspendi\u00f3 temporalmente \u2013nuevamente\u2013 la expansi\u00f3n estatal de Texas en materia de vigilancia fronteriza.<\/p>\n\n\n\n<p>Horas antes, la Corte Suprema de Estados Unidos hab\u00eda allanado el camino para una estricta ley de inmigraci\u00f3n, otorgando una victoria al gobernador republicano Greg Abbott y alentando a los legisladores republicanos en otros estados que est\u00e1n presionando por medidas similares.<\/p>\n\n\n\n<p>Pero m\u00e1s tarde, en una orden de 2-1, un panel de la corte de apelaciones continu\u00f3 el vaiv\u00e9n legal en torno a la ley de Texas, poni\u00e9ndola nuevamente en pausa antes de los argumentos orales que estaban programados para el mi\u00e9rcoles. No estaba claro qu\u00e9 tan r\u00e1pido podr\u00eda llegar la pr\u00f3xima decisi\u00f3n.<\/p>\n","protected":false},"excerpt":{"rendered":"<p>MCALLEN, TEXAS, EEUU (AP) \u2014Los planes de Texas para arrestar a inmigrantes sospechosos de ingresar ilegalmente a Estados Unidos quedaron nuevamente en suspenso el mi\u00e9rcoles despu\u00e9s de generar incertidumbre a&hellip;<\/p>\n","protected":false},"author":3,"featured_media":78799,"comment_status":"open","ping_status":"open","sticky":false,"template":"","format":"standard","meta":{"content-type":"","jetpack_post_was_ever_published":false,"_jetpack_newsletter_access":"","_jetpack_dont_email_post_to_subs":false,"_jetpack_newsletter_tier_id":0,"_jetpack_memberships_contains_paywalled_content":false,"_jetpack_memberships_contains_paid_content":false,"footnotes":""},"categories":[1],"tags":[102,69],"class_list":["post-78798","post","type-post","status-publish","format-standard","has-post-thumbnail","hentry","category-sin-categoria","tag-inmigrantes","tag-texas"],"jetpack_featured_media_url":"https:\/\/lasprimeras.com.do\/wp-content\/uploads\/2024\/03\/Imagen-de-WhatsApp-2024-03-18-a-las-23.45.55_a4ccf118-2.jpg","jetpack-related-posts":[{"id":79184,"url":"https:\/\/lasprimeras.com.do\/index.php\/2024\/03\/24\/texas-lanza-duras-advertencias-a-los-migrantes-te-va-a-parar-la-policia-vuelve-a-mexico\/","url_meta":{"origin":78798,"position":0},"title":"Texas lanza duras advertencias a los migrantes: \u201cTe va a parar la polic\u00eda. Vuelve a M\u00e9xico\u201d","author":"Nelson Feliz","date":"24 de marzo de 2024","format":false,"excerpt":"A pesar de la suspensi\u00f3n de la SB4, Texas ha intensificado su control migratorio, incluso utilizando barcas y personal armado para disuadir a los inmigrantes. Por Luis De Jes\u00fas La suspensi\u00f3n judicial de la ley texana de detenci\u00f3n y deportaci\u00f3n de inmigrantes SB4 no ha disminuido la intensidad en la\u2026","rel":"","context":"En \u00abSin categor\u00eda\u00bb","block_context":{"text":"Sin categor\u00eda","link":"https:\/\/lasprimeras.com.do\/index.php\/category\/sin-categoria\/"},"img":{"alt_text":"migrantes","src":"https:\/\/i0.wp.com\/lasprimeras.com.do\/wp-content\/uploads\/2024\/03\/migrantes.jpg?resize=350%2C200&ssl=1","width":350,"height":200,"srcset":"https:\/\/i0.wp.com\/lasprimeras.com.do\/wp-content\/uploads\/2024\/03\/migrantes.jpg?resize=350%2C200&ssl=1 1x, https:\/\/i0.wp.com\/lasprimeras.com.do\/wp-content\/uploads\/2024\/03\/migrantes.jpg?resize=525%2C300&ssl=1 1.5x, https:\/\/i0.wp.com\/lasprimeras.com.do\/wp-content\/uploads\/2024\/03\/migrantes.jpg?resize=700%2C400&ssl=1 2x"},"classes":[]},{"id":96054,"url":"https:\/\/lasprimeras.com.do\/index.php\/2025\/03\/25\/gobierno-de-trump-invoca-privilegio-de-secretos-de-estado-en-caso-de-deportaciones\/","url_meta":{"origin":78798,"position":1},"title":"Gobierno de Trump invoca privilegio de secretos de Estado en caso de deportaciones","author":"Nelson Feliz","date":"25 de marzo de 2025","format":false,"excerpt":"POR MICHAEL KUNZELMAN and LINDSAY WHITEHURST WASHINGTON (AP) \u2014 El gobierno del presidente estadounidense Donald Trump invoc\u00f3 el lunes un \u201cprivilegio de secretos de Estado\u201d y se neg\u00f3 a proporcionarle a un juez federal informaci\u00f3n adicional sobre la deportaci\u00f3n de migrantes venezolanos a El Salvador bajo una ley de guerra\u2026","rel":"","context":"En \u00abINTERNACIONALES\u00bb","block_context":{"text":"INTERNACIONALES","link":"https:\/\/lasprimeras.com.do\/index.php\/category\/sin-categoria\/internacionales\/"},"img":{"alt_text":"","src":"https:\/\/i0.wp.com\/lasprimeras.com.do\/wp-content\/uploads\/2025\/03\/carcel-1.jpg?resize=350%2C200&ssl=1","width":350,"height":200,"srcset":"https:\/\/i0.wp.com\/lasprimeras.com.do\/wp-content\/uploads\/2025\/03\/carcel-1.jpg?resize=350%2C200&ssl=1 1x, https:\/\/i0.wp.com\/lasprimeras.com.do\/wp-content\/uploads\/2025\/03\/carcel-1.jpg?resize=525%2C300&ssl=1 1.5x, https:\/\/i0.wp.com\/lasprimeras.com.do\/wp-content\/uploads\/2025\/03\/carcel-1.jpg?resize=700%2C400&ssl=1 2x"},"classes":[]},{"id":48672,"url":"https:\/\/lasprimeras.com.do\/index.php\/2023\/05\/03\/capturan-a-francisco-oropesa-sospechoso-de-matar-a-cinco-hondurenos-en-texas\/","url_meta":{"origin":78798,"position":2},"title":"Capturan a Francisco Oropesa, sospechoso de matar a cinco hondure\u00f1os en Texas","author":"prenxa100","date":"3 de mayo de 2023","format":false,"excerpt":"El arresto de Francisco Oropesa, de 38 a\u00f1os, se produce tras un gran despliegue policial y de diferentes agencias, que, seg\u00fan el FBI el domingo por la noche, involucr\u00f3 a m\u00e1s de 250 agentes. Por: Jerald Jim\u00e9nez San Jacinto, Texas.-. Autoridades capturaron a Francisco Oropesa, principal sospechoso del tiroteo en\u2026","rel":"","context":"En \u00abSin categor\u00eda\u00bb","block_context":{"text":"Sin categor\u00eda","link":"https:\/\/lasprimeras.com.do\/index.php\/category\/sin-categoria\/"},"img":{"alt_text":"","src":"https:\/\/i0.wp.com\/img.youtube.com\/vi\/RF3CbCv0Ct8\/0.jpg?resize=350%2C200","width":350,"height":200},"classes":[]},{"id":69324,"url":"https:\/\/lasprimeras.com.do\/index.php\/2023\/12\/01\/juez-de-texas-critica-manejo-de-la-frontera-por-parte-de-la-administracion-biden-en-disputa-sobre-barrera-de-alambre-de-puas\/","url_meta":{"origin":78798,"position":3},"title":"Juez de Texas critica manejo de la frontera por parte de la administraci\u00f3n Biden en disputa sobre barrera de alambre de p\u00faas","author":"Nelson Feliz","date":"1 de diciembre de 2023","format":false,"excerpt":"POR VALERIA GONZ\u00c1LEZ McALLEN, Texas (AP) \u2014 Los agentes de la Patrulla Fronteriza por ahora pueden cortar el alambre de p\u00faas que Texas instal\u00f3 en la frontera entre Estados Unidos y M\u00e9xico seg\u00fan el fallo de un juez que tambi\u00e9n critic\u00f3 al gobierno del presidente Joe Biden por su manejo\u2026","rel":"","context":"En \u00abSin categor\u00eda\u00bb","block_context":{"text":"Sin categor\u00eda","link":"https:\/\/lasprimeras.com.do\/index.php\/category\/sin-categoria\/"},"img":{"alt_text":"Alambres Puas","src":"https:\/\/i0.wp.com\/lasprimeras.com.do\/wp-content\/uploads\/2023\/12\/Alambres-Puas.jpg?resize=350%2C200&ssl=1","width":350,"height":200,"srcset":"https:\/\/i0.wp.com\/lasprimeras.com.do\/wp-content\/uploads\/2023\/12\/Alambres-Puas.jpg?resize=350%2C200&ssl=1 1x, https:\/\/i0.wp.com\/lasprimeras.com.do\/wp-content\/uploads\/2023\/12\/Alambres-Puas.jpg?resize=525%2C300&ssl=1 1.5x, https:\/\/i0.wp.com\/lasprimeras.com.do\/wp-content\/uploads\/2023\/12\/Alambres-Puas.jpg?resize=700%2C400&ssl=1 2x"},"classes":[]},{"id":55309,"url":"https:\/\/lasprimeras.com.do\/index.php\/2023\/07\/19\/en-texas-soldados-empujar-a-inmigrantes-al-rio-grande-una-madre-y-su-hijo-mueren\/","url_meta":{"origin":78798,"position":4},"title":"En Texas soldados empujar a inmigrantes al R\u00edo Grande: una madre y su hijo mueren","author":"Nelson Feliz","date":"19 de julio de 2023","format":false,"excerpt":"Varias personas han muerto y algunas han resultado heridas tras la orden a soldados en Texas de empujar a inmigrantes de regreso al R\u00edo Grande, a fin de evitar que pisen suelo estadounidense; una mujer y su hijo fallecieron ahogados. Los soldados y polic\u00edas desplegados en la frontera de Texas\u2026","rel":"","context":"En \u00abSin categor\u00eda\u00bb","block_context":{"text":"Sin categor\u00eda","link":"https:\/\/lasprimeras.com.do\/index.php\/category\/sin-categoria\/"},"img":{"alt_text":"","src":"https:\/\/i0.wp.com\/lasprimeras.com.do\/wp-content\/uploads\/2023\/07\/rio-grande.jpg?resize=350%2C200&ssl=1","width":350,"height":200,"srcset":"https:\/\/i0.wp.com\/lasprimeras.com.do\/wp-content\/uploads\/2023\/07\/rio-grande.jpg?resize=350%2C200&ssl=1 1x, https:\/\/i0.wp.com\/lasprimeras.com.do\/wp-content\/uploads\/2023\/07\/rio-grande.jpg?resize=525%2C300&ssl=1 1.5x, https:\/\/i0.wp.com\/lasprimeras.com.do\/wp-content\/uploads\/2023\/07\/rio-grande.jpg?resize=700%2C400&ssl=1 2x"},"classes":[]},{"id":49562,"url":"https:\/\/lasprimeras.com.do\/index.php\/2023\/05\/12\/estados-unidos-pone-fin-titulo-42-insiste-fronteras-estan-cerradas\/","url_meta":{"origin":78798,"position":5},"title":"Estados Unidos pone fin T\u00edtulo 42; insiste \u00abfronteras est\u00e1n cerradas\u00bb","author":"prenxa100","date":"12 de mayo de 2023","format":false,"excerpt":"TEXAS, EEUU,EUROPA PRESS .-Estados Unidos ha puesto fin al T\u00edtulo 42, la pol\u00edtica migratoria de la era Trump que permit\u00eda las devoluciones en caliente en el marco de la pandemia por coronavirus, con un mensaje dirigido a las personas que tratar\u00e1n de cruzar al pa\u00eds a partir de ahora: \u00abLas\u2026","rel":"","context":"En \u00abSin categor\u00eda\u00bb","block_context":{"text":"Sin categor\u00eda","link":"https:\/\/lasprimeras.com.do\/index.php\/category\/sin-categoria\/"},"img":{"alt_text":"","src":"","width":0,"height":0},"classes":[]}],"jetpack_sharing_enabled":true,"_links":{"self":[{"href":"https:\/\/lasprimeras.com.do\/index.php\/wp-json\/wp\/v2\/posts\/78798","targetHints":{"allow":["GET"]}}],"collection":[{"href":"https:\/\/lasprimeras.com.do\/index.php\/wp-json\/wp\/v2\/posts"}],"about":[{"href":"https:\/\/lasprimeras.com.do\/index.php\/wp-json\/wp\/v2\/types\/post"}],"author":[{"embeddable":true,"href":"https:\/\/lasprimeras.com.do\/index.php\/wp-json\/wp\/v2\/users\/3"}],"replies":[{"embeddable":true,"href":"https:\/\/lasprimeras.com.do\/index.php\/wp-json\/wp\/v2\/comments?post=78798"}],"version-history":[{"count":1,"href":"https:\/\/lasprimeras.com.do\/index.php\/wp-json\/wp\/v2\/posts\/78798\/revisions"}],"predecessor-version":[{"id":78800,"href":"https:\/\/lasprimeras.com.do\/index.php\/wp-json\/wp\/v2\/posts\/78798\/revisions\/78800"}],"wp:featuredmedia":[{"embeddable":true,"href":"https:\/\/lasprimeras.com.do\/index.php\/wp-json\/wp\/v2\/media\/78799"}],"wp:attachment":[{"href":"https:\/\/lasprimeras.com.do\/index.php\/wp-json\/wp\/v2\/media?parent=78798"}],"wp:term":[{"taxonomy":"category","embeddable":true,"href":"https:\/\/lasprimeras.com.do\/index.php\/wp-json\/wp\/v2\/categories?post=78798"},{"taxonomy":"post_tag","embeddable":true,"href":"https:\/\/lasprimeras.com.do\/index.php\/wp-json\/wp\/v2\/tags?post=78798"}],"curies":[{"name":"wp","href":"https:\/\/api.w.org\/{rel}","templated":true}]}}