{"id":78833,"date":"2024-03-20T22:41:04","date_gmt":"2024-03-21T02:41:04","guid":{"rendered":"https:\/\/lasprimeras.com.do\/?p=78833"},"modified":"2024-03-20T22:41:06","modified_gmt":"2024-03-21T02:41:06","slug":"perez-balbuena-llama-poblacion-a-la-prudencia-en-semana-santa","status":"publish","type":"post","link":"https:\/\/lasprimeras.com.do\/index.php\/2024\/03\/20\/perez-balbuena-llama-poblacion-a-la-prudencia-en-semana-santa\/","title":{"rendered":"P\u00e9rez Balbuena llama poblaci\u00f3n a la prudencia en Semana Santa"},"content":{"rendered":"\n<p>Por Vicente Balbuena<\/p>\n\n\n\n<p>Pennsylvania.- El presidente de la Casa Dominicana de Pennsylvania,CDP, V\u00edctor P\u00e9rez Balbuena hizo un llamado a la poblaci\u00f3n dominicana, a mantener la prudencia en \u00e9sta Semana Santa.<\/p>\n\n\n\n<p>Record\u00f3, que la misma inicia \u00e9ste domingo 24 de marzo, y concluye el pr\u00f3ximo 31con el domingo de Resurrecci\u00f3n.<\/p>\n\n\n\n<p>Opin\u00f3, que al transcurrir el tiempo, la Semana Mayor ha presentado transformaciones, que han hecho m\u00e1s mal que bien.<\/p>\n\n\n\n<p>Reconoci\u00f3, que dos d\u00e9cadas atr\u00e1s la poblaci\u00f3n manten\u00eda cierto respeto por los d\u00edas santos.<\/p>\n\n\n\n<p>&#8220;Las bebidas eran m\u00e1s limitadas en r\u00edos, balnearios y monta\u00f1as. Hoy en Semana Santa se consume mayor cantidad de bebidas alcoh\u00f3licas qu\u00e9 en las navidades, causando ri\u00f1as, muertes por intoxicaci\u00f3n y accidentes de tr\u00e1nsito, elevando cada a\u00f1o el n\u00famero de v\u00edctimas y lesionados&#8221;, apreci\u00f3.<\/p>\n","protected":false},"excerpt":{"rendered":"<p>Por Vicente Balbuena Pennsylvania.- El presidente de la Casa Dominicana de Pennsylvania,CDP, V\u00edctor P\u00e9rez Balbuena hizo un llamado a la poblaci\u00f3n dominicana, a mantener la prudencia en \u00e9sta Semana Santa.&hellip;<\/p>\n","protected":false},"author":2,"featured_media":75952,"comment_status":"open","ping_status":"open","sticky":false,"template":"","format":"standard","meta":{"content-type":"","jetpack_post_was_ever_published":false,"_jetpack_newsletter_access":"","_jetpack_dont_email_post_to_subs":false,"_jetpack_newsletter_tier_id":0,"_jetpack_memberships_contains_paywalled_content":false,"_jetpack_memberships_contains_paid_content":false,"footnotes":""},"categories":[1],"tags":[549,1417,4347,12198,12197],"class_list":["post-78833","post","type-post","status-publish","format-standard","has-post-thumbnail","hentry","category-sin-categoria","tag-dominicana","tag-poblacion","tag-prudencia","tag-semana-santa","tag-victor-perez-balbuena"],"jetpack_featured_media_url":"https:\/\/lasprimeras.com.do\/wp-content\/uploads\/2024\/02\/Victor-Perez-Balbuena.png","jetpack-related-posts":[{"id":69810,"url":"https:\/\/lasprimeras.com.do\/index.php\/2023\/12\/05\/presidente-cdp-aclara-incidente-y-desmiente-a-isaac-amaro\/","url_meta":{"origin":78833,"position":0},"title":"Presidente CDP aclara incidente y desmiente a Isaac Amaro","author":"Nelson Feliz","date":"5 de diciembre de 2023","format":false,"excerpt":"Por Tony Balbuena Pennsylvania.- El presidente de la Casa Dominicana de Pennsylvania, V\u00edctor P\u00e9rez Balbuena, aclar\u00f3 a \u00e9ste medio de prensa, la ocurrencia del hecho en que se vi\u00f3 precisado a disparar al se\u00f1or Isaac Amaro, quien result\u00f3 herido de bala. P\u00e9rez Balbuena, afirm\u00f3, que incidente se origin\u00f3 cuando dicho\u2026","rel":"","context":"En \u00abSin categor\u00eda\u00bb","block_context":{"text":"Sin categor\u00eda","link":"https:\/\/lasprimeras.com.do\/index.php\/category\/sin-categoria\/"},"img":{"alt_text":"V\u00edctor P\u00e9rez Balbuena","src":"https:\/\/i0.wp.com\/lasprimeras.com.do\/wp-content\/uploads\/2023\/12\/Victor-Perez-Balbuena.jpg?resize=350%2C200&ssl=1","width":350,"height":200,"srcset":"https:\/\/i0.wp.com\/lasprimeras.com.do\/wp-content\/uploads\/2023\/12\/Victor-Perez-Balbuena.jpg?resize=350%2C200&ssl=1 1x, https:\/\/i0.wp.com\/lasprimeras.com.do\/wp-content\/uploads\/2023\/12\/Victor-Perez-Balbuena.jpg?resize=525%2C300&ssl=1 1.5x, https:\/\/i0.wp.com\/lasprimeras.com.do\/wp-content\/uploads\/2023\/12\/Victor-Perez-Balbuena.jpg?resize=700%2C400&ssl=1 2x"},"classes":[]},{"id":126385,"url":"https:\/\/lasprimeras.com.do\/index.php\/2026\/04\/01\/ministro-de-salud-llama-a-la-prudencia-durante-la-semana-santa-2026\/","url_meta":{"origin":78833,"position":1},"title":"Ministro de Salud llama a la prudencia durante la Semana Santa 2026","author":"Nelson Feliz","date":"1 de abril de 2026","format":false,"excerpt":"_La instituci\u00f3n refuerza acciones de prevenci\u00f3n para proteger la vida y la salud de la poblaci\u00f3n durante el asueto._ El ministro de Salud, V\u00edctor Atallah, llam\u00f3 a la poblaci\u00f3n a actuar con responsabilidad durante el asueto de la Semana Santa 2026. Atallah destaca la importancia de fortalecer la prevenci\u00f3n ante\u2026","rel":"","context":"En \u00abSALUD\u00bb","block_context":{"text":"SALUD","link":"https:\/\/lasprimeras.com.do\/index.php\/category\/salud\/"},"img":{"alt_text":"","src":"https:\/\/i0.wp.com\/lasprimeras.com.do\/wp-content\/uploads\/2026\/04\/IMG-20260401-WA0458-scaled.jpg?resize=350%2C200&ssl=1","width":350,"height":200,"srcset":"https:\/\/i0.wp.com\/lasprimeras.com.do\/wp-content\/uploads\/2026\/04\/IMG-20260401-WA0458-scaled.jpg?resize=350%2C200&ssl=1 1x, https:\/\/i0.wp.com\/lasprimeras.com.do\/wp-content\/uploads\/2026\/04\/IMG-20260401-WA0458-scaled.jpg?resize=525%2C300&ssl=1 1.5x, https:\/\/i0.wp.com\/lasprimeras.com.do\/wp-content\/uploads\/2026\/04\/IMG-20260401-WA0458-scaled.jpg?resize=700%2C400&ssl=1 2x, https:\/\/i0.wp.com\/lasprimeras.com.do\/wp-content\/uploads\/2026\/04\/IMG-20260401-WA0458-scaled.jpg?resize=1050%2C600&ssl=1 3x, https:\/\/i0.wp.com\/lasprimeras.com.do\/wp-content\/uploads\/2026\/04\/IMG-20260401-WA0458-scaled.jpg?resize=1400%2C800&ssl=1 4x"},"classes":[]},{"id":75950,"url":"https:\/\/lasprimeras.com.do\/index.php\/2024\/02\/06\/presidente-del-cdp-realiza-entrega-de-alimentos\/","url_meta":{"origin":78833,"position":2},"title":"Presidente del CDP realiza entrega de alimentos","author":"Nelson Feliz","date":"6 de febrero de 2024","format":false,"excerpt":"Por Vicente Balbuena Pennsylvania.- El presidente de la Casa Dominicana de Pennsylvania, CDP, y su junta directiva, Victor P\u00e9rez Balbuena, entregaron cientos de raciones de alimentos variados en favor de igual n\u00famero de familias. \"En \u00e9ste momento en que el invierno ataca, y los art\u00edculos comestibles han experimentado alzas en\u2026","rel":"","context":"En \u00abSin categor\u00eda\u00bb","block_context":{"text":"Sin categor\u00eda","link":"https:\/\/lasprimeras.com.do\/index.php\/category\/sin-categoria\/"},"img":{"alt_text":"","src":"","width":0,"height":0},"classes":[]},{"id":79436,"url":"https:\/\/lasprimeras.com.do\/index.php\/2024\/03\/27\/reynaldo-perez-sanchez-exhorta-a-la-poblacion-actuar-con-moderacion-durante-semana-santa\/","url_meta":{"origin":78833,"position":3},"title":"Reynaldo P\u00e9rez S\u00e1nchez exhorta a la poblaci\u00f3n actuar con moderaci\u00f3n durante Semana Santa","author":"BIMARY DE JES\u00daS Matos","date":"27 de marzo de 2024","format":false,"excerpt":"Santo Domingo, Este.-. El presidente de la Uni\u00f3n Nacional de Empresas del Transporte (UNET), Reynaldo P\u00e9rez S\u00e1nchez (Moreno), exhort\u00f3 hoy a todos los dominicanos y dominicanas a actuar con moderaci\u00f3n durante el asueto de la Semana Santa. P\u00e9rez S\u00e1nchez, exhort\u00f3 a la poblaci\u00f3n dominicana actuar con \u00e9tica prudencia y servir\u2026","rel":"","context":"En \u00abPORTADA\u00bb","block_context":{"text":"PORTADA","link":"https:\/\/lasprimeras.com.do\/index.php\/category\/portada\/"},"img":{"alt_text":"","src":"","width":0,"height":0},"classes":[]},{"id":126917,"url":"https:\/\/lasprimeras.com.do\/index.php\/2026\/04\/06\/abinader-reconoce-civismo-de-la-poblacion-en-semana-santa-y-la-labor-del-coe\/","url_meta":{"origin":78833,"position":4},"title":"Abinader reconoce civismo de la poblaci\u00f3n en Semana Santa y la labor del COE","author":"Nelson Feliz","date":"6 de abril de 2026","format":false,"excerpt":"Estas declaraciones fueron ofrecidas por el mandatario tras encabezar una reuni\u00f3n del Consejo de Seguridad y Defensa Nacional. El presidente Luis Abinader reconoci\u00f3 este domingo el comportamiento civilizado de la mayor\u00eda del pueblo dominicano durante el asueto de la Semana Santa, en el que se registr\u00f3 un desplazamiento r\u00e9cord de\u2026","rel":"","context":"En \u00abNACIONALES\u00bb","block_context":{"text":"NACIONALES","link":"https:\/\/lasprimeras.com.do\/index.php\/category\/nacionales\/"},"img":{"alt_text":"Luis Abinader","src":"https:\/\/i0.wp.com\/lasprimeras.com.do\/wp-content\/uploads\/2026\/03\/Luis-Abinader-c.jpg?resize=350%2C200&ssl=1","width":350,"height":200,"srcset":"https:\/\/i0.wp.com\/lasprimeras.com.do\/wp-content\/uploads\/2026\/03\/Luis-Abinader-c.jpg?resize=350%2C200&ssl=1 1x, https:\/\/i0.wp.com\/lasprimeras.com.do\/wp-content\/uploads\/2026\/03\/Luis-Abinader-c.jpg?resize=525%2C300&ssl=1 1.5x"},"classes":[]},{"id":126399,"url":"https:\/\/lasprimeras.com.do\/index.php\/2026\/04\/01\/ricardo-de-los-santos-exhorta-a-vivir-la-semana-santa-con-fe-prudencia-y-sentido-de-unidad-nacional\/","url_meta":{"origin":78833,"position":5},"title":"Ricardo de los Santos exhorta a vivir la Semana Santa con fe, prudencia y sentido de unidad nacional","author":"Nelson Feliz","date":"1 de abril de 2026","format":false,"excerpt":"El presidente del Senado de la Rep\u00fablica, Ricardo de los Santos, dirigi\u00f3 un mensaje a la ciudadan\u00eda con motivo de la Semana Santa, destacando el valor espiritual y reflexivo de este per\u00edodo para el pueblo dominicano. En sus palabras, se\u00f1al\u00f3 que la Semana Santa representa, ante todo, una oportunidad para\u2026","rel":"","context":"En \u00abNACIONALES\u00bb","block_context":{"text":"NACIONALES","link":"https:\/\/lasprimeras.com.do\/index.php\/category\/nacionales\/"},"img":{"alt_text":"Ricardo de los Santos","src":"https:\/\/i0.wp.com\/lasprimeras.com.do\/wp-content\/uploads\/2026\/03\/Ricardo-de-los-Santos-2.jpg?resize=350%2C200&ssl=1","width":350,"height":200,"srcset":"https:\/\/i0.wp.com\/lasprimeras.com.do\/wp-content\/uploads\/2026\/03\/Ricardo-de-los-Santos-2.jpg?resize=350%2C200&ssl=1 1x, https:\/\/i0.wp.com\/lasprimeras.com.do\/wp-content\/uploads\/2026\/03\/Ricardo-de-los-Santos-2.jpg?resize=525%2C300&ssl=1 1.5x, https:\/\/i0.wp.com\/lasprimeras.com.do\/wp-content\/uploads\/2026\/03\/Ricardo-de-los-Santos-2.jpg?resize=700%2C400&ssl=1 2x"},"classes":[]}],"jetpack_sharing_enabled":true,"_links":{"self":[{"href":"https:\/\/lasprimeras.com.do\/index.php\/wp-json\/wp\/v2\/posts\/78833","targetHints":{"allow":["GET"]}}],"collection":[{"href":"https:\/\/lasprimeras.com.do\/index.php\/wp-json\/wp\/v2\/posts"}],"about":[{"href":"https:\/\/lasprimeras.com.do\/index.php\/wp-json\/wp\/v2\/types\/post"}],"author":[{"embeddable":true,"href":"https:\/\/lasprimeras.com.do\/index.php\/wp-json\/wp\/v2\/users\/2"}],"replies":[{"embeddable":true,"href":"https:\/\/lasprimeras.com.do\/index.php\/wp-json\/wp\/v2\/comments?post=78833"}],"version-history":[{"count":1,"href":"https:\/\/lasprimeras.com.do\/index.php\/wp-json\/wp\/v2\/posts\/78833\/revisions"}],"predecessor-version":[{"id":78834,"href":"https:\/\/lasprimeras.com.do\/index.php\/wp-json\/wp\/v2\/posts\/78833\/revisions\/78834"}],"wp:featuredmedia":[{"embeddable":true,"href":"https:\/\/lasprimeras.com.do\/index.php\/wp-json\/wp\/v2\/media\/75952"}],"wp:attachment":[{"href":"https:\/\/lasprimeras.com.do\/index.php\/wp-json\/wp\/v2\/media?parent=78833"}],"wp:term":[{"taxonomy":"category","embeddable":true,"href":"https:\/\/lasprimeras.com.do\/index.php\/wp-json\/wp\/v2\/categories?post=78833"},{"taxonomy":"post_tag","embeddable":true,"href":"https:\/\/lasprimeras.com.do\/index.php\/wp-json\/wp\/v2\/tags?post=78833"}],"curies":[{"name":"wp","href":"https:\/\/api.w.org\/{rel}","templated":true}]}}