{"id":78845,"date":"2024-03-20T23:32:58","date_gmt":"2024-03-21T03:32:58","guid":{"rendered":"https:\/\/lasprimeras.com.do\/?p=78845"},"modified":"2024-03-20T23:32:59","modified_gmt":"2024-03-21T03:32:59","slug":"sociedad-dominicana-de-cirugia-vascular-auspicia-conferencia-sobre-accesos-vasculares","status":"publish","type":"post","link":"https:\/\/lasprimeras.com.do\/index.php\/2024\/03\/20\/sociedad-dominicana-de-cirugia-vascular-auspicia-conferencia-sobre-accesos-vasculares\/","title":{"rendered":"Sociedad Dominicana de Cirug\u00eda Vascular auspicia conferencia sobre accesos vasculares"},"content":{"rendered":"\n<p><strong>La Sociedad Dominicana de Cirug\u00eda Vascular y Endovascular (SDCVE) ha liderado una iniciativa crucial para promover la educaci\u00f3n sobre accesos vasculares en el contexto de la hemodi\u00e1lisis.<\/strong><\/p>\n\n\n\n<p>La Sociedad Dominicana de Cirug\u00eda Vascular y Endovascular (SDCVE) auspici\u00f3 la conferencia \u201cAccesos vasculares: todo lo que necesitas saber\u201d, en colaboraci\u00f3n con el Club del Ri\u00f1\u00f3n y respaldada por la Sociedad Dominicana de Nefrolog\u00eda.<\/p>\n\n\n\n<p>La charla fue dictada por el doctor Lenin W. Roa Andr\u00e9s, reconocido cirujano vascular y miembro destacado de la SDCVE; el especialista abord\u00f3 laimportancia cr\u00edtica de los accesos vasculares en el proceso de hemodi\u00e1lisis, especialmente para pacientes que requieren un reemplazo renal.<\/p>\n\n\n\n<p>Cuando los ri\u00f1ones ya no son capaces de limpiar la sangre, podr\u00eda ser necesaria la di\u00e1lisis. El tipo m\u00e1s com\u00fan de di\u00e1lisis es la hemodi\u00e1lisis.<\/p>\n\n\n\n<p>Antes de iniciar la hemodi\u00e1lisis, debe haber una manera de extraer la sangre del organismo (unas pocas onzas a la vez) y volver a introducirla.<\/p>\n\n\n\n<p>El doctor Lenin W. Roa detall\u00f3 que la mayor\u00eda de los pacientes sometidos a hemodi\u00e1lisis dependen de accesos vasculares adecuados para recibir el tratamiento de manera efectiva.<\/p>\n\n\n\n<p>Durante la presentaci\u00f3n, ofrecida a residentes de la especialidad de nefrolog\u00eda, se enfatizaron directrices y recomendaciones claves para la evaluaci\u00f3n, elecci\u00f3n, vigilancia y manejo de las complicaciones asociadas con estos accesos.<\/p>\n\n\n\n<p><strong>Sobre la Sociedad Dominicana de Cirug\u00eda Vascular y Endovascular<\/strong><\/p>\n\n\n\n<p>La Sociedad Dominicana de Cirug\u00eda Vascular y Endovascular tiene como objetivo principal ofrecer a los pacientes de Rep\u00fablica Dominicana y el mundo, soluciones confiables y tratamientos avanzados para las diferentes enfermedades vasculares y endovasculares.<\/p>\n\n\n\n<p>Agrupa a los y las especialistas depurados y acreditados para el ejercicio de la cirug\u00eda vascular y endovascular en la Rep\u00fablica Dominicana.<\/p>\n","protected":false},"excerpt":{"rendered":"<p>La Sociedad Dominicana de Cirug\u00eda Vascular y Endovascular (SDCVE) ha liderado una iniciativa crucial para promover la educaci\u00f3n sobre accesos vasculares en el contexto de la hemodi\u00e1lisis. La Sociedad Dominicana&hellip;<\/p>\n","protected":false},"author":2,"featured_media":78846,"comment_status":"open","ping_status":"open","sticky":false,"template":"","format":"standard","meta":{"content-type":"","jetpack_post_was_ever_published":false,"_jetpack_newsletter_access":"","_jetpack_dont_email_post_to_subs":false,"_jetpack_newsletter_tier_id":0,"_jetpack_memberships_contains_paywalled_content":false,"_jetpack_memberships_contains_paid_content":false,"footnotes":""},"categories":[1],"tags":[12207,12206,667,549,12208,1693,12209],"class_list":["post-78845","post","type-post","status-publish","format-standard","has-post-thumbnail","hentry","category-sin-categoria","tag-accesos","tag-cirugia-vascular","tag-conferencia","tag-dominicana","tag-endovascular","tag-sociedad","tag-vasculares"],"jetpack_featured_media_url":"https:\/\/lasprimeras.com.do\/wp-content\/uploads\/2024\/03\/Doctor-Roa.jpg","jetpack-related-posts":[{"id":85741,"url":"https:\/\/lasprimeras.com.do\/index.php\/2024\/07\/07\/sociedad-dominicana-de-cirugia-cardiovascular-anuncia-simposio-internacional\/","url_meta":{"origin":78845,"position":0},"title":"Sociedad Dominicana de Cirug\u00eda Cardiovascular anuncia simposio internacional","author":"Nelson Feliz","date":"7 de julio de 2024","format":false,"excerpt":"La Sociedad Dominicana de Cirug\u00eda Cardiovascular (SODOCICAR) realizar\u00e1 el pr\u00f3ximo 12 y 13 de julio el primer Simposio Internacional de Cirug\u00eda Cardiovascular, encuentro que busca abordar el manejo de las enfermedades quir\u00fargicas cardiovasculares, desde la m\u00ednimamente invasiva cirug\u00eda endovascular hasta cirug\u00eda abierta. El evento contar\u00e1 con la participaci\u00f3n de destacados\u2026","rel":"","context":"En \u00abSin categor\u00eda\u00bb","block_context":{"text":"Sin categor\u00eda","link":"https:\/\/lasprimeras.com.do\/index.php\/category\/sin-categoria\/"},"img":{"alt_text":"Espedy Garc\u00eda","src":"https:\/\/i0.wp.com\/lasprimeras.com.do\/wp-content\/uploads\/2024\/07\/Espedy-Garcia.jpg?resize=350%2C200&ssl=1","width":350,"height":200,"srcset":"https:\/\/i0.wp.com\/lasprimeras.com.do\/wp-content\/uploads\/2024\/07\/Espedy-Garcia.jpg?resize=350%2C200&ssl=1 1x, https:\/\/i0.wp.com\/lasprimeras.com.do\/wp-content\/uploads\/2024\/07\/Espedy-Garcia.jpg?resize=525%2C300&ssl=1 1.5x, https:\/\/i0.wp.com\/lasprimeras.com.do\/wp-content\/uploads\/2024\/07\/Espedy-Garcia.jpg?resize=700%2C400&ssl=1 2x"},"classes":[]},{"id":109683,"url":"https:\/\/lasprimeras.com.do\/index.php\/2025\/09\/21\/sociedad-de-cirugia-cardiovascular-presenta-programa-academico\/","url_meta":{"origin":78845,"position":1},"title":"Sociedad de Cirug\u00eda Cardiovascular presenta programa acad\u00e9mico","author":"Nelson Feliz","date":"21 de septiembre de 2025","format":false,"excerpt":"La Sociedad Dominicana de Cirug\u00eda Cardiovascular present\u00f3 el Programa Acad\u00e9mico de la nueva directiva para el periodo 2025 - 2027; la organizaci\u00f3n agrupa a los profesionales de la medicina que abordan desde el punto de vista quir\u00fargico los problemas del coraz\u00f3n, arterias, venas y vasos linf\u00e1ticos. La presentaci\u00f3n del acto\u2026","rel":"","context":"En \u00abSALUD\u00bb","block_context":{"text":"SALUD","link":"https:\/\/lasprimeras.com.do\/index.php\/category\/salud\/"},"img":{"alt_text":"","src":"https:\/\/i0.wp.com\/lasprimeras.com.do\/wp-content\/uploads\/2025\/09\/SOCICAR.jpg?resize=350%2C200&ssl=1","width":350,"height":200,"srcset":"https:\/\/i0.wp.com\/lasprimeras.com.do\/wp-content\/uploads\/2025\/09\/SOCICAR.jpg?resize=350%2C200&ssl=1 1x, https:\/\/i0.wp.com\/lasprimeras.com.do\/wp-content\/uploads\/2025\/09\/SOCICAR.jpg?resize=525%2C300&ssl=1 1.5x, https:\/\/i0.wp.com\/lasprimeras.com.do\/wp-content\/uploads\/2025\/09\/SOCICAR.jpg?resize=700%2C400&ssl=1 2x"},"classes":[]},{"id":49659,"url":"https:\/\/lasprimeras.com.do\/index.php\/2023\/05\/13\/ryna-then-advierte-red-de-salud-publica-no-responde-a-accidentes-cerebro-vasculares-en-fase-aguda\/","url_meta":{"origin":78845,"position":2},"title":"Ryna Then advierte Red de Salud P\u00fablica no responde a accidentes cerebro vasculares en fase aguda","author":"prenxa100","date":"13 de mayo de 2023","format":false,"excerpt":"Santo Domingo, RD.-. La directora del servicio de Ictus y hemorragia cerebral en la Cooper University Hospital en New Jersey, doctora Ryna Then, afirm\u00f3 que los hospitales de la red de salud p\u00fablica nacional en la Rep\u00fablica Dominicana no est\u00e1n preparados para responder a las necesidades que puede presentar un\u2026","rel":"","context":"En \u00abPORTADA\u00bb","block_context":{"text":"PORTADA","link":"https:\/\/lasprimeras.com.do\/index.php\/category\/portada\/"},"img":{"alt_text":"","src":"","width":0,"height":0},"classes":[]},{"id":92227,"url":"https:\/\/lasprimeras.com.do\/index.php\/2025\/01\/01\/que-es-la-disfuncion-erectil\/","url_meta":{"origin":78845,"position":3},"title":"\u00bfQu\u00e9 es la disfunci\u00f3n er\u00e9ctil?","author":"Nelson Feliz","date":"1 de enero de 2025","format":false,"excerpt":"Tambi\u00e9n conocida como impotencia sexual, la disfunci\u00f3n er\u00e9ctil es la incapacidad constante de conseguir o mantener una erecci\u00f3n que permita una relaci\u00f3n sexual satisfactoria. Causas La disfunci\u00f3n er\u00e9ctil no es una enfermedad, sino un s\u00edntoma de alteraciones de vasos sangu\u00edneos y nervios responsables de la erecci\u00f3n. Las enfermedades cardiovasculares son\u2026","rel":"","context":"En \u00abSALUD\u00bb","block_context":{"text":"SALUD","link":"https:\/\/lasprimeras.com.do\/index.php\/category\/salud\/"},"img":{"alt_text":"Dr.Alonso y Gregorio","src":"https:\/\/i0.wp.com\/lasprimeras.com.do\/wp-content\/uploads\/2025\/01\/Dr.Alonso-y-Gregorio.jpg?resize=350%2C200&ssl=1","width":350,"height":200},"classes":[]},{"id":107790,"url":"https:\/\/lasprimeras.com.do\/index.php\/2025\/08\/31\/congreso-de-neuro-intervencion-plantea-ruta-nacional-para-transformar-la-atencion-del-ictus\/","url_meta":{"origin":78845,"position":4},"title":"Congreso de Neuro-intervenci\u00f3n plantea ruta nacional para transformar la atenci\u00f3n del ictus","author":"Nelson Feliz","date":"31 de agosto de 2025","format":false,"excerpt":"\u00bfHacia d\u00f3nde van los 44 casos de ACV diarios en RD? La Sociedad de Neuro-intervenci\u00f3n propone un \"C\u00f3digo Ictus\" para asegurar que los pacientes sean tratados en el lugar adecuado, no en el m\u00e1s cercano. El Primer Congreso de Enfermedad Cerebrovascular, celebrado este fin de semana en el Centro de\u2026","rel":"","context":"En \u00abSALUD\u00bb","block_context":{"text":"SALUD","link":"https:\/\/lasprimeras.com.do\/index.php\/category\/salud\/"},"img":{"alt_text":"","src":"https:\/\/i0.wp.com\/lasprimeras.com.do\/wp-content\/uploads\/2025\/08\/Foto-4-Directivos-de-la-Sociedad-de-Neurointervencion-y-Neurologia-Vascular.jpg?resize=350%2C200&ssl=1","width":350,"height":200,"srcset":"https:\/\/i0.wp.com\/lasprimeras.com.do\/wp-content\/uploads\/2025\/08\/Foto-4-Directivos-de-la-Sociedad-de-Neurointervencion-y-Neurologia-Vascular.jpg?resize=350%2C200&ssl=1 1x, https:\/\/i0.wp.com\/lasprimeras.com.do\/wp-content\/uploads\/2025\/08\/Foto-4-Directivos-de-la-Sociedad-de-Neurointervencion-y-Neurologia-Vascular.jpg?resize=525%2C300&ssl=1 1.5x, https:\/\/i0.wp.com\/lasprimeras.com.do\/wp-content\/uploads\/2025\/08\/Foto-4-Directivos-de-la-Sociedad-de-Neurointervencion-y-Neurologia-Vascular.jpg?resize=700%2C400&ssl=1 2x"},"classes":[]},{"id":85529,"url":"https:\/\/lasprimeras.com.do\/index.php\/2024\/07\/01\/juramentan-nueva-directora-en-hospital-dr-jose-manuel-rodriguez-jimenez-santo-socorro\/","url_meta":{"origin":78845,"position":5},"title":"Juramentan nueva directora en Hospital Dr. Jos\u00e9 Manuel Rodr\u00edguez Jim\u00e9nez (Santo Socorro)","author":"Nelson Feliz","date":"1 de julio de 2024","format":false,"excerpt":"El titular del Servicio Regional de Salud Metropolitano, doctor Edison Feliz, jurament\u00f3 este lunes a Yakaira Garc\u00eda Peralta, como nueva directora del Hospital Infantil Dr. Jos\u00e9 Manuel Rodr\u00edguez Jim\u00e9nez (Santo Socorro). En el acto de juramentaci\u00f3n en la sede del SRSM, el doctor Edison Feliz Feliz exhort\u00f3 a Garc\u00eda Peralta\u2026","rel":"","context":"En \u00abSin categor\u00eda\u00bb","block_context":{"text":"Sin categor\u00eda","link":"https:\/\/lasprimeras.com.do\/index.php\/category\/sin-categoria\/"},"img":{"alt_text":"Edison Feliz vs Yakaira Garc\u00eda Peralta","src":"https:\/\/i0.wp.com\/lasprimeras.com.do\/wp-content\/uploads\/2024\/07\/Edison-Feliz-vs-Yakaira-Garcia-Peralta.jpg?resize=350%2C200&ssl=1","width":350,"height":200,"srcset":"https:\/\/i0.wp.com\/lasprimeras.com.do\/wp-content\/uploads\/2024\/07\/Edison-Feliz-vs-Yakaira-Garcia-Peralta.jpg?resize=350%2C200&ssl=1 1x, https:\/\/i0.wp.com\/lasprimeras.com.do\/wp-content\/uploads\/2024\/07\/Edison-Feliz-vs-Yakaira-Garcia-Peralta.jpg?resize=525%2C300&ssl=1 1.5x, https:\/\/i0.wp.com\/lasprimeras.com.do\/wp-content\/uploads\/2024\/07\/Edison-Feliz-vs-Yakaira-Garcia-Peralta.jpg?resize=700%2C400&ssl=1 2x"},"classes":[]}],"jetpack_sharing_enabled":true,"_links":{"self":[{"href":"https:\/\/lasprimeras.com.do\/index.php\/wp-json\/wp\/v2\/posts\/78845","targetHints":{"allow":["GET"]}}],"collection":[{"href":"https:\/\/lasprimeras.com.do\/index.php\/wp-json\/wp\/v2\/posts"}],"about":[{"href":"https:\/\/lasprimeras.com.do\/index.php\/wp-json\/wp\/v2\/types\/post"}],"author":[{"embeddable":true,"href":"https:\/\/lasprimeras.com.do\/index.php\/wp-json\/wp\/v2\/users\/2"}],"replies":[{"embeddable":true,"href":"https:\/\/lasprimeras.com.do\/index.php\/wp-json\/wp\/v2\/comments?post=78845"}],"version-history":[{"count":1,"href":"https:\/\/lasprimeras.com.do\/index.php\/wp-json\/wp\/v2\/posts\/78845\/revisions"}],"predecessor-version":[{"id":78847,"href":"https:\/\/lasprimeras.com.do\/index.php\/wp-json\/wp\/v2\/posts\/78845\/revisions\/78847"}],"wp:featuredmedia":[{"embeddable":true,"href":"https:\/\/lasprimeras.com.do\/index.php\/wp-json\/wp\/v2\/media\/78846"}],"wp:attachment":[{"href":"https:\/\/lasprimeras.com.do\/index.php\/wp-json\/wp\/v2\/media?parent=78845"}],"wp:term":[{"taxonomy":"category","embeddable":true,"href":"https:\/\/lasprimeras.com.do\/index.php\/wp-json\/wp\/v2\/categories?post=78845"},{"taxonomy":"post_tag","embeddable":true,"href":"https:\/\/lasprimeras.com.do\/index.php\/wp-json\/wp\/v2\/tags?post=78845"}],"curies":[{"name":"wp","href":"https:\/\/api.w.org\/{rel}","templated":true}]}}