{"id":78851,"date":"2024-03-20T23:51:55","date_gmt":"2024-03-21T03:51:55","guid":{"rendered":"https:\/\/lasprimeras.com.do\/?p=78851"},"modified":"2024-03-20T23:51:57","modified_gmt":"2024-03-21T03:51:57","slug":"en-el-mes-internacional-de-la-mujer-hay-enfermedades-con-rostro-de-mujer","status":"publish","type":"post","link":"https:\/\/lasprimeras.com.do\/index.php\/2024\/03\/20\/en-el-mes-internacional-de-la-mujer-hay-enfermedades-con-rostro-de-mujer\/","title":{"rendered":"En el Mes Internacional de la Mujer: hay enfermedades con rostro de mujer"},"content":{"rendered":"\n<p>Pertenecer al g\u00e9nero femenino es el principal factor de riesgo en el caso del c\u00e1ncer de mama. Cerca del 99% de los casos de c\u00e1ncer de seno son reportados en mujeres1. La esclerosis m\u00faltiple es 3 veces m\u00e1s com\u00fan entre las mujeres.<\/p>\n\n\n\n<p>Disfrutar de una buena salud es algo que nos motiva a mantener un estilo de vida saludable, as\u00ed como a someternos peri\u00f3dicamente a chequeos m\u00e9dicos, prestar atenci\u00f3n a signos de alerta y, cuando recibimos un diagn\u00f3stico sobre alguna enfermedad, nos esforzamos por seguir el tratamiento prescrito por el m\u00e9dico.&nbsp;<\/p>\n\n\n\n<p>Si bien esto aplica a todas las personas, independientemente de su g\u00e9nero, hay enfermedades cuya incidencia en las mujeres les exigen, especialmente a ellas, tomar acciones preventivas, prestar mayor atenci\u00f3n a los signos de alerta y al control de su enfermedad.<\/p>\n\n\n\n<p>El c\u00e1ncer de mama y la esclerosis m\u00faltiple son enfermedades con rostro de mujer.&nbsp; En lo que respecta al c\u00e1ncer de mama, m\u00e1s del 99% de los casos son diagnosticados en mujeres.<\/p>\n\n\n\n<p>Y aunque una vez al a\u00f1o, el mundo se viste de rosa para generar conciencia sobre la enfermedad, es necesario seguir fomentando acciones para promover la detecci\u00f3n temprana, prestar atenci\u00f3n constantemente a las se\u00f1ales de alerta, asegurar chequeos m\u00e9dicos peri\u00f3dicos y procurar la obtenci\u00f3n de tratamiento apropiado.<\/p>\n\n\n\n<p>Seg\u00fan la American C\u00e1ncer Society, \u201clas medidas m\u00e1s importantes que se pueden tomar contra el riesgo de morir por c\u00e1ncer de seno consisten en la detecci\u00f3n temprana y recibir el tratamiento m\u00e1s adecuado para combatir la enfermedad\u201d.<\/p>\n\n\n\n<p>En el caso particular de mujeres con c\u00e1ncer de mama avanzado (metast\u00e1sico), hay dos consideraciones cr\u00edticas: la supervivencia y la supervivencia sin progresi\u00f3n.<\/p>\n\n\n\n<p>La primera hace referencia al tiempo total viviendo con c\u00e1ncer de mama metast\u00e1sico y la segunda, a la cantidad de tiempo en que el c\u00e1ncer no crece ni se propaga.<\/p>\n\n\n\n<p>Ambas metas son de las m\u00e1s importantes al recibir ese diagn\u00f3stico y son alcanzables si la paciente recibe tratamiento adecuado y oportuno.<\/p>\n\n\n\n<p>Seg\u00fan la Organizaci\u00f3n Mundial de la Salud, entre los a\u00f1os 1980 y 2020, la mortalidad por c\u00e1ncer de mama normalizada por edades se redujo en un 40% en los pa\u00edses de ingreso alto.<\/p>\n\n\n\n<p>Se\u00f1ala adem\u00e1s que los pa\u00edses que han tenido \u00e9xito en sus esfuerzos por reducir la mortalidad por c\u00e1ncer de mama han logrado una reducci\u00f3n anual del 2% al 4%, siendo pieza clave para la obtenci\u00f3n de estos resultados la puesta en marcha de estrategias para lograr el fortalecimiento primordial de los sistemas de salud para que puedan suministrar los tratamientos que ya se sabe que son eficaces.<\/p>\n\n\n\n<p>En el 2022 un aproximado de 3.244 mujeres fueron diagnosticadas con c\u00e1ncer de mama en Rep\u00fablica Dominicana, siendo el principal tipo de c\u00e1ncer en mujeres y la segunda causa de muerte por c\u00e1ncer en dicho pa\u00eds.<\/p>\n\n\n\n<p>La esclerosis m\u00faltiple es otra enfermedad que impacta especialmente a las mujeres. Se trata de una enfermedad neurol\u00f3gica cr\u00f3nica, de naturaleza inflamatoria y autoinmune, que afecta el sistema nervioso, es decir el cerebro y la m\u00e9dula espinal, y que tiene mayor incidencia en mujeres.<\/p>\n\n\n\n<p>En esta enfermedad, el sistema inmune reacciona de forma err\u00f3nea contra la mielina (sustancia que permite que un nervio transmita sus impulsos r\u00e1pidamente) en m\u00faltiples \u00e1reas dejando en ocasiones cicatrices (esclerosis). La p\u00e9rdida de mielina se acompa\u00f1a de una interrupci\u00f3n en la capacidad de los nervios para conducir impulsos el\u00e9ctricos hacia y desde el cerebro.<\/p>\n\n\n\n<p>Los s\u00edntomas y signos de la enfermedad var\u00edan de una persona a otra en funci\u00f3n de las \u00e1reas afectadas.<\/p>\n\n\n\n<p>Los m\u00e1s comunes son fatiga, dolor, problemas de vejiga e intestino, disfunci\u00f3n sexual, problemas de movimiento y coordinaci\u00f3n, problemas visuales y cognitivos y cambios emocionales. Sin embargo, cualquier s\u00edntoma o signo neurol\u00f3gico puede ser parte de la esclerosis m\u00faltiple de una persona.<\/p>\n\n\n\n<p>La raz\u00f3n por la cual afecta m\u00e1s a mujeres que hombres podr\u00eda estar relacionada a una mayor actividad y complejidad del sistema inmunitario femenino, que est\u00e1 modulado en parte por los estr\u00f3genos.<\/p>\n\n\n\n<p>\u201cDurante este mes, en el que se conmemora el D\u00eda Internacional de la Mujer, es preciso reflexionar sobre los retos que enfrentamos las mujeres para encontrar respuestas y atenci\u00f3n a nuestras necesidades en los sistemas de salud p\u00fablica.<\/p>\n\n\n\n<p>El diagn\u00f3stico temprano, el tratamiento oportuno, el seguimiento y acompa\u00f1amiento durante la enfermedad son aspectos primordiales para la construcci\u00f3n de una sociedad con mayores oportunidades y en la que se priorice el bienestar de las personas.<\/p>\n\n\n\n<p>Nuestro compromiso con las mujeres dominicanas adquiere vida precisamente en la investigaci\u00f3n y desarrollo de terapias innovadoras orientadas a atender esas necesidades insatisfechas, as\u00ed como en nuestra total disposici\u00f3n para explorar, junto con las autoridades locales, opciones y mecanismos que permitan asegurar un acceso sostenible a la innovaci\u00f3n.&nbsp;<\/p>\n\n\n\n<p>Hemos presentado algunas propuestas para que as\u00ed sea y confiamos en tener pronto buenas noticias\u201d expres\u00f3 la directora de Asuntos Corporativos para Novartis para ACC (Andes, Centroam\u00e9rica y Caribe), Irene Arguedas.<\/p>\n","protected":false},"excerpt":{"rendered":"<p>Pertenecer al g\u00e9nero femenino es el principal factor de riesgo en el caso del c\u00e1ncer de mama. Cerca del 99% de los casos de c\u00e1ncer de seno son reportados en&hellip;<\/p>\n","protected":false},"author":2,"featured_media":78852,"comment_status":"open","ping_status":"open","sticky":false,"template":"","format":"standard","meta":{"content-type":"","jetpack_post_was_ever_published":false,"_jetpack_newsletter_access":"","_jetpack_dont_email_post_to_subs":false,"_jetpack_newsletter_tier_id":0,"_jetpack_memberships_contains_paywalled_content":false,"_jetpack_memberships_contains_paid_content":false,"footnotes":""},"categories":[1],"tags":[6574,1638,12210,429,12211],"class_list":["post-78851","post","type-post","status-publish","format-standard","has-post-thumbnail","hentry","category-sin-categoria","tag-enfermedades","tag-internacional","tag-mes","tag-mujer","tag-rostro"],"jetpack_featured_media_url":"https:\/\/lasprimeras.com.do\/wp-content\/uploads\/2024\/03\/Imagen-de-apoyo-4.jpg","jetpack-related-posts":[{"id":90851,"url":"https:\/\/lasprimeras.com.do\/index.php\/2024\/10\/30\/presidente-del-senado-llama-a-realizarse-chequeos-medicos-para-deteccion-temprana-de-enfermedades\/","url_meta":{"origin":78851,"position":0},"title":"Presidente del Senado llama a realizarse chequeos m\u00e9dicos para detecci\u00f3n temprana de enfermedades","author":"Nelson Feliz","date":"30 de octubre de 2024","format":false,"excerpt":"\u00a0En el marco de la conmemoraci\u00f3n por el mes de Sensibilizaci\u00f3n contra el C\u00e1ncer de Mam\u00e1 el presidente del Senado de la Rep\u00fablica hizo un llamado a mujeres y hombres a realizarse sus chequeos m\u00e9dicos de manera peri\u00f3dica, para la detecci\u00f3n temprana de enfermedades. Ricardo de los Santos habl\u00f3 durante\u2026","rel":"","context":"En \u00abSin categor\u00eda\u00bb","block_context":{"text":"Sin categor\u00eda","link":"https:\/\/lasprimeras.com.do\/index.php\/category\/sin-categoria\/"},"img":{"alt_text":"","src":"https:\/\/i0.wp.com\/lasprimeras.com.do\/wp-content\/uploads\/2024\/10\/senado-1.jpg?resize=350%2C200&ssl=1","width":350,"height":200,"srcset":"https:\/\/i0.wp.com\/lasprimeras.com.do\/wp-content\/uploads\/2024\/10\/senado-1.jpg?resize=350%2C200&ssl=1 1x, https:\/\/i0.wp.com\/lasprimeras.com.do\/wp-content\/uploads\/2024\/10\/senado-1.jpg?resize=525%2C300&ssl=1 1.5x, https:\/\/i0.wp.com\/lasprimeras.com.do\/wp-content\/uploads\/2024\/10\/senado-1.jpg?resize=700%2C400&ssl=1 2x"},"classes":[]},{"id":64295,"url":"https:\/\/lasprimeras.com.do\/index.php\/2023\/10\/19\/mes-de-concientizacion-del-cancer-de-mama-lo-que-las-mujeres-deben-saber-sobre-su-riesgo\/","url_meta":{"origin":78851,"position":1},"title":"Mes de Concientizaci\u00f3n del C\u00e1ncer de Mama: Lo que las mujeres deben saber sobre su riesgo","author":"Nelson Feliz","date":"19 de octubre de 2023","format":false,"excerpt":"La identificaci\u00f3n de los factores de riesgo personales empodera a las mujeres para proteger su salud y garantizar el plan de detecci\u00f3n m\u00e1s adecuado, especialista de Cleveland Clinic. Un factor de riesgo significativo en muchos tipos de c\u00e1ncer, incluido el c\u00e1ncer de mama, es la obesidad. En general, se recomienda\u2026","rel":"","context":"En \u00abSin categor\u00eda\u00bb","block_context":{"text":"Sin categor\u00eda","link":"https:\/\/lasprimeras.com.do\/index.php\/category\/sin-categoria\/"},"img":{"alt_text":"C\u00e1ncer Mama concientizar","src":"https:\/\/i0.wp.com\/lasprimeras.com.do\/wp-content\/uploads\/2023\/10\/Cancer-Mama-concientizar.jpg?resize=350%2C200&ssl=1","width":350,"height":200,"srcset":"https:\/\/i0.wp.com\/lasprimeras.com.do\/wp-content\/uploads\/2023\/10\/Cancer-Mama-concientizar.jpg?resize=350%2C200&ssl=1 1x, https:\/\/i0.wp.com\/lasprimeras.com.do\/wp-content\/uploads\/2023\/10\/Cancer-Mama-concientizar.jpg?resize=525%2C300&ssl=1 1.5x, https:\/\/i0.wp.com\/lasprimeras.com.do\/wp-content\/uploads\/2023\/10\/Cancer-Mama-concientizar.jpg?resize=700%2C400&ssl=1 2x"},"classes":[]},{"id":112998,"url":"https:\/\/lasprimeras.com.do\/index.php\/2025\/10\/29\/director-de-alto-costo-alerta-sobre-el-aumento-desproporcionado-de-mujeres-diagnosticadas-con-cancer-de-mama\/","url_meta":{"origin":78851,"position":2},"title":"Director de Alto Costo alerta sobre el aumento desproporcionado de mujeres diagnosticadas con c\u00e1ncer de mama","author":"Nelson Feliz","date":"29 de octubre de 2025","format":false,"excerpt":"Sugiere elevar al m\u00e1ximo las campa\u00f1as para la prevenci\u00f3n efectiva y el diagn\u00f3stico temprano de la patolog\u00eda. El director de medicamentos de Alto Costo del Ministerio de Salud P\u00fablica, doctor Carlos S\u00e1nchez, llam\u00f3 la atenci\u00f3n ante el excesivo aumento del n\u00famero de mujeres que est\u00e1n siendo diagnosticadas con c\u00e1ncer de\u2026","rel":"","context":"En \u00abPORTADA\u00bb","block_context":{"text":"PORTADA","link":"https:\/\/lasprimeras.com.do\/index.php\/category\/portada\/"},"img":{"alt_text":"","src":"https:\/\/i0.wp.com\/lasprimeras.com.do\/wp-content\/uploads\/2025\/10\/Carlos-Sanchez.jpg?resize=350%2C200&ssl=1","width":350,"height":200,"srcset":"https:\/\/i0.wp.com\/lasprimeras.com.do\/wp-content\/uploads\/2025\/10\/Carlos-Sanchez.jpg?resize=350%2C200&ssl=1 1x, https:\/\/i0.wp.com\/lasprimeras.com.do\/wp-content\/uploads\/2025\/10\/Carlos-Sanchez.jpg?resize=525%2C300&ssl=1 1.5x, https:\/\/i0.wp.com\/lasprimeras.com.do\/wp-content\/uploads\/2025\/10\/Carlos-Sanchez.jpg?resize=700%2C400&ssl=1 2x"},"classes":[]},{"id":112349,"url":"https:\/\/lasprimeras.com.do\/index.php\/2025\/10\/21\/senasa-apuesta-por-la-prevencion-y-deteccion-temprana-del-cancer-de-mama\/","url_meta":{"origin":78851,"position":3},"title":"Senasa apuesta por la prevenci\u00f3n y detecci\u00f3n temprana del c\u00e1ncer de mama","author":"Nelson Feliz","date":"21 de octubre de 2025","format":false,"excerpt":"En el marco del mes de sensibilizaci\u00f3n sobre el c\u00e1ncer de mama, el Seguro Nacional de Salud (Senasa) se contin\u00faa sumando, como cada a\u00f1o, al llamado de la Organizaci\u00f3n Mundial de la Salud, que desde 2021 impulsa la meta de reducir en un 2,5 % anual la mortalidad por esta\u2026","rel":"","context":"En \u00abPORTADA\u00bb","block_context":{"text":"PORTADA","link":"https:\/\/lasprimeras.com.do\/index.php\/category\/portada\/"},"img":{"alt_text":"","src":"https:\/\/i0.wp.com\/lasprimeras.com.do\/wp-content\/uploads\/2025\/10\/Senasa.jpg?resize=350%2C200&ssl=1","width":350,"height":200,"srcset":"https:\/\/i0.wp.com\/lasprimeras.com.do\/wp-content\/uploads\/2025\/10\/Senasa.jpg?resize=350%2C200&ssl=1 1x, https:\/\/i0.wp.com\/lasprimeras.com.do\/wp-content\/uploads\/2025\/10\/Senasa.jpg?resize=525%2C300&ssl=1 1.5x, https:\/\/i0.wp.com\/lasprimeras.com.do\/wp-content\/uploads\/2025\/10\/Senasa.jpg?resize=700%2C400&ssl=1 2x"},"classes":[]},{"id":104053,"url":"https:\/\/lasprimeras.com.do\/index.php\/2025\/07\/21\/senasa-exhorta-a-hombres-los-afiliados-realizar-chequeos-medicos-y-prevenir-enfermedades\/","url_meta":{"origin":78851,"position":4},"title":"SeNaSa exhorta a hombres los afiliados realizar chequeos m\u00e9dicos y prevenir enfermedades","author":"Nelson Feliz","date":"21 de julio de 2025","format":false,"excerpt":"En el marco del D\u00eda del Padre, el director ejecutivo del Seguro Nacional de Salud (SeNaSa), doctor Santiago Hazim, junto al doctor William Cuello, de la Gerencia de Salud, reiteraron el compromiso de la instituci\u00f3n con la salud integral de los hombres dominicanos y la importancia de fomentar una cultura\u2026","rel":"","context":"En \u00abSALUD\u00bb","block_context":{"text":"SALUD","link":"https:\/\/lasprimeras.com.do\/index.php\/category\/salud\/"},"img":{"alt_text":"","src":"https:\/\/i0.wp.com\/lasprimeras.com.do\/wp-content\/uploads\/2025\/02\/SeNaSa.jpg?resize=350%2C200&ssl=1","width":350,"height":200,"srcset":"https:\/\/i0.wp.com\/lasprimeras.com.do\/wp-content\/uploads\/2025\/02\/SeNaSa.jpg?resize=350%2C200&ssl=1 1x, https:\/\/i0.wp.com\/lasprimeras.com.do\/wp-content\/uploads\/2025\/02\/SeNaSa.jpg?resize=525%2C300&ssl=1 1.5x, https:\/\/i0.wp.com\/lasprimeras.com.do\/wp-content\/uploads\/2025\/02\/SeNaSa.jpg?resize=700%2C400&ssl=1 2x"},"classes":[]},{"id":50765,"url":"https:\/\/lasprimeras.com.do\/index.php\/2023\/05\/23\/mujer-con-cancer-se-muere-de-dolor-y-nadie-hace-casoen-najayo\/","url_meta":{"origin":78851,"position":5},"title":"Mujer con c\u00e1ncer &#8220;se muere de dolor y nadie hace caso&#8221;en Najayo","author":"prenxa100","date":"23 de mayo de 2023","format":false,"excerpt":"Santo Domingo, RD.-. Una de las internas del Centro de Correcci\u00f3n y Rehabilitaci\u00f3n (CCR) Najayo Mujeres, denunci\u00f3 que una de sus compa\u00f1eras de prisi\u00f3n, vinculada al caso Cattleya, de nombre Cristina Virginia Gonz\u00e1lez Hern\u00e1ndez y diagnosticada con c\u00e1ncer, se \u201cest\u00e1 muriendo de dolor y nadie les hace caso\u201d. A trav\u00e9s\u2026","rel":"","context":"En \u00abNACIONALES\u00bb","block_context":{"text":"NACIONALES","link":"https:\/\/lasprimeras.com.do\/index.php\/category\/nacionales\/"},"img":{"alt_text":"","src":"","width":0,"height":0},"classes":[]}],"jetpack_sharing_enabled":true,"_links":{"self":[{"href":"https:\/\/lasprimeras.com.do\/index.php\/wp-json\/wp\/v2\/posts\/78851","targetHints":{"allow":["GET"]}}],"collection":[{"href":"https:\/\/lasprimeras.com.do\/index.php\/wp-json\/wp\/v2\/posts"}],"about":[{"href":"https:\/\/lasprimeras.com.do\/index.php\/wp-json\/wp\/v2\/types\/post"}],"author":[{"embeddable":true,"href":"https:\/\/lasprimeras.com.do\/index.php\/wp-json\/wp\/v2\/users\/2"}],"replies":[{"embeddable":true,"href":"https:\/\/lasprimeras.com.do\/index.php\/wp-json\/wp\/v2\/comments?post=78851"}],"version-history":[{"count":1,"href":"https:\/\/lasprimeras.com.do\/index.php\/wp-json\/wp\/v2\/posts\/78851\/revisions"}],"predecessor-version":[{"id":78853,"href":"https:\/\/lasprimeras.com.do\/index.php\/wp-json\/wp\/v2\/posts\/78851\/revisions\/78853"}],"wp:featuredmedia":[{"embeddable":true,"href":"https:\/\/lasprimeras.com.do\/index.php\/wp-json\/wp\/v2\/media\/78852"}],"wp:attachment":[{"href":"https:\/\/lasprimeras.com.do\/index.php\/wp-json\/wp\/v2\/media?parent=78851"}],"wp:term":[{"taxonomy":"category","embeddable":true,"href":"https:\/\/lasprimeras.com.do\/index.php\/wp-json\/wp\/v2\/categories?post=78851"},{"taxonomy":"post_tag","embeddable":true,"href":"https:\/\/lasprimeras.com.do\/index.php\/wp-json\/wp\/v2\/tags?post=78851"}],"curies":[{"name":"wp","href":"https:\/\/api.w.org\/{rel}","templated":true}]}}