{"id":78863,"date":"2024-03-21T07:13:31","date_gmt":"2024-03-21T11:13:31","guid":{"rendered":"https:\/\/lasprimeras.com.do\/?p=78863"},"modified":"2024-03-21T07:13:33","modified_gmt":"2024-03-21T11:13:33","slug":"direccion-aduanas-certifica-22-empresas","status":"publish","type":"post","link":"https:\/\/lasprimeras.com.do\/index.php\/2024\/03\/21\/direccion-aduanas-certifica-22-empresas\/","title":{"rendered":"Direcci\u00f3n Aduanas certifica 22 empresas"},"content":{"rendered":"\n<p>Santo Domingo.-Comercio. La Direcci\u00f3n General de Aduanas (DGA) certific\u00f3 22 empresas como Operador Econ\u00f3mico Autorizado (OEA), con el prop\u00f3sito de asegurar y facilitar el comercio internacional, adem\u00e1s de consolidar la confianza en la seguridad de la cadena log\u00edstica de Rep\u00fablica Dominicana.<\/p>\n\n\n\n<p>El Programa OEA ha certificado en tres a\u00f1os 313 empresas, de las cuales 222 son OEA simplificado y 91 OEA internacional, permiti\u00e9ndoles ser m\u00e1s eficientes y \u00e1giles en su cadena log\u00edstica, reduciendo sus costos y en sus operaciones de comercio exterior.<\/p>\n\n\n\n<p>En el acto se les otorgaron certificados a empresas nuevas y revalidadas que est\u00e1n en cumplimiento de los requisitos m\u00ednimos de seguridad y atraviesan rigurosos procesos de depuraci\u00f3n y validaci\u00f3n, para recibir sus certificaciones, por lo que representan confianza y seguridad para la DGA.<\/p>\n\n\n\n<p>El director de Aduanas, Eduardo Sanz Lovat\u00f3n, expres\u00f3 que el Programa OEA es una muestra de lo mejor del Estado dominicano. \u201cEs un ejemplo de continuidad y de que, como dominicanos, con orden, disciplina y sin bander\u00edas pol\u00edticas, podemos lograr ser ejemplo en Am\u00e9rica\u201d, agreg\u00f3.<\/p>\n","protected":false},"excerpt":{"rendered":"<p>Santo Domingo.-Comercio. La Direcci\u00f3n General de Aduanas (DGA) certific\u00f3 22 empresas como Operador Econ\u00f3mico Autorizado (OEA), con el prop\u00f3sito de asegurar y facilitar el comercio internacional, adem\u00e1s de consolidar la&hellip;<\/p>\n","protected":false},"author":3,"featured_media":78864,"comment_status":"open","ping_status":"open","sticky":false,"template":"","format":"standard","meta":{"content-type":"","jetpack_post_was_ever_published":false,"_jetpack_newsletter_access":"","_jetpack_dont_email_post_to_subs":false,"_jetpack_newsletter_tier_id":0,"_jetpack_memberships_contains_paywalled_content":false,"_jetpack_memberships_contains_paid_content":false,"footnotes":""},"categories":[35],"tags":[968],"class_list":["post-78863","post","type-post","status-publish","format-standard","has-post-thumbnail","hentry","category-nacionales","tag-aduanas"],"jetpack_featured_media_url":"https:\/\/lasprimeras.com.do\/wp-content\/uploads\/2024\/03\/WhatsApp-Image-2024-03-20-at-7.40.02-AM-2-scaled.jpeg","jetpack-related-posts":[{"id":115875,"url":"https:\/\/lasprimeras.com.do\/index.php\/2025\/11\/25\/dga-marca-record-historico-con-700-empresas-en-el-programa-oea\/","url_meta":{"origin":78863,"position":0},"title":"DGA marca r\u00e9cord hist\u00f3rico con 700 empresas en el programa OEA","author":"Nelson Feliz","date":"25 de noviembre de 2025","format":false,"excerpt":"Nuevas empresas se suman al modelo de cumplimiento y seguridad aduanera. La Direcci\u00f3n General de Aduanas (DGA) certific\u00f3 a 15 nuevas empresas en el programa de Operador Econ\u00f3mico Autorizado (OEA), alcanzando el pa\u00eds un hito de 700 empresas acreditadas bajo este esquema de cumplimiento y seguridad en la cadena log\u00edstica.\u2026","rel":"","context":"En \u00abECONOM\u00cdA\u00bb","block_context":{"text":"ECONOM\u00cdA","link":"https:\/\/lasprimeras.com.do\/index.php\/category\/economia\/"},"img":{"alt_text":"","src":"https:\/\/i0.wp.com\/lasprimeras.com.do\/wp-content\/uploads\/2025\/11\/principal.jpg?resize=350%2C200&ssl=1","width":350,"height":200,"srcset":"https:\/\/i0.wp.com\/lasprimeras.com.do\/wp-content\/uploads\/2025\/11\/principal.jpg?resize=350%2C200&ssl=1 1x, https:\/\/i0.wp.com\/lasprimeras.com.do\/wp-content\/uploads\/2025\/11\/principal.jpg?resize=525%2C300&ssl=1 1.5x, https:\/\/i0.wp.com\/lasprimeras.com.do\/wp-content\/uploads\/2025\/11\/principal.jpg?resize=700%2C400&ssl=1 2x"},"classes":[]},{"id":97934,"url":"https:\/\/lasprimeras.com.do\/index.php\/2025\/04\/29\/cesac-y-basc-firman-acuerdo-para-fortalecer-la-seguridad-logistica-aerea-en-la-rd\/","url_meta":{"origin":78863,"position":1},"title":"CESAC y BASC firman acuerdo para fortalecer la seguridad log\u00edstica a\u00e9rea en la RD","author":"Nelson Feliz","date":"29 de abril de 2025","format":false,"excerpt":"El cap\u00edtulo dominicano de la Business Alliance for Secure Commerce (BASC) firm\u00f3 un acuerdo de colaboraci\u00f3n interinstitucional con el Cuerpo Especializado en Seguridad Aeroportuaria y de la Aviaci\u00f3n Civil (CESAC), con el objetivo de reforzar los controles y mitigar riesgos en la cadena log\u00edstica a\u00e9rea del pa\u00eds. El convenio fue\u2026","rel":"","context":"En \u00abMILITARES\u00bb","block_context":{"text":"MILITARES","link":"https:\/\/lasprimeras.com.do\/index.php\/category\/militares\/"},"img":{"alt_text":"","src":"https:\/\/i0.wp.com\/lasprimeras.com.do\/wp-content\/uploads\/2025\/04\/acuerdo-1.jpg?resize=350%2C200&ssl=1","width":350,"height":200,"srcset":"https:\/\/i0.wp.com\/lasprimeras.com.do\/wp-content\/uploads\/2025\/04\/acuerdo-1.jpg?resize=350%2C200&ssl=1 1x, https:\/\/i0.wp.com\/lasprimeras.com.do\/wp-content\/uploads\/2025\/04\/acuerdo-1.jpg?resize=525%2C300&ssl=1 1.5x, https:\/\/i0.wp.com\/lasprimeras.com.do\/wp-content\/uploads\/2025\/04\/acuerdo-1.jpg?resize=700%2C400&ssl=1 2x"},"classes":[]},{"id":107474,"url":"https:\/\/lasprimeras.com.do\/index.php\/2025\/08\/27\/dga-y-hit-anuncian-horario-extendido-en-puerto-rio-haina\/","url_meta":{"origin":78863,"position":2},"title":"DGA y HIT anuncian horario extendido en Puerto R\u00edo Haina","author":"Nelson Feliz","date":"27 de agosto de 2025","format":false,"excerpt":"Hasta la fecha, el programa Despacho en 24 Horas (D24H), ha generado m\u00e1s de RD$1,700 millones en ahorros a los contribuyentes, as\u00ed como el incremento en la capacidad operativa. La Direcci\u00f3n General de Aduanas (DGA) y HIT Puerto R\u00edo Haina, anunciaron la implementaci\u00f3n del nuevo horario Extendido 24 horas en\u2026","rel":"","context":"En \u00abECONOM\u00cdA\u00bb","block_context":{"text":"ECONOM\u00cdA","link":"https:\/\/lasprimeras.com.do\/index.php\/category\/economia\/"},"img":{"alt_text":"De izquierda a derecha: Juan Vicens, asesor de la Direcci\u00f3n General de Aduanas; Alvin Bautista, administrador de Aduanas en HIT; Raquel Soriano, gerente de Inteligencia en DGA; Armando Rivas, vicepresidente de operaciones de HIT; Yayo Sanz Lovat\u00f3n, director general DGA; Erick Alma, CEO de HIT; Amada M\u00e9ndez, gerente de Recursos Humanos DGA; Daniel Pe\u00f1a, subdirector en DGA y Elvyn G\u00f3mez, asesor de Tecnolog\u00eda en DGA.","src":"https:\/\/i0.wp.com\/lasprimeras.com.do\/wp-content\/uploads\/2025\/08\/dga.jpg?resize=350%2C200&ssl=1","width":350,"height":200,"srcset":"https:\/\/i0.wp.com\/lasprimeras.com.do\/wp-content\/uploads\/2025\/08\/dga.jpg?resize=350%2C200&ssl=1 1x, https:\/\/i0.wp.com\/lasprimeras.com.do\/wp-content\/uploads\/2025\/08\/dga.jpg?resize=525%2C300&ssl=1 1.5x, https:\/\/i0.wp.com\/lasprimeras.com.do\/wp-content\/uploads\/2025\/08\/dga.jpg?resize=700%2C400&ssl=1 2x"},"classes":[]},{"id":49283,"url":"https:\/\/lasprimeras.com.do\/index.php\/2023\/05\/09\/aduanas-inicia-construccion-de-moderna-instalacion-en-el-aila\/","url_meta":{"origin":78863,"position":3},"title":"Aduanas inicia construcci\u00f3n de moderna instalaci\u00f3n en el AILA","author":"prenxa100","date":"9 de mayo de 2023","format":false,"excerpt":"La nueva terminal permitir\u00e1 que la capacidad de carga aumente en un 186 %, alcanzando una superficie total de 4,858.00 m2. Santo Domingo, RD. \u2013 Con la presencia de la vicepresidenta de la Rep\u00fablica, Raquel Pe\u00f1a, la Direcci\u00f3n General de Aduanas (DGA), y Aeropuertos Dominicanos Siglo XXI (AERODOM), llevar\u00e1n a\u2026","rel":"","context":"En \u00abECONOM\u00cdA\u00bb","block_context":{"text":"ECONOM\u00cdA","link":"https:\/\/lasprimeras.com.do\/index.php\/category\/economia\/"},"img":{"alt_text":"","src":"","width":0,"height":0},"classes":[]},{"id":59529,"url":"https:\/\/lasprimeras.com.do\/index.php\/2023\/09\/05\/direccion-general-de-aduanas-llama-a-proceso-de-otorgamiento-de-licencias\/","url_meta":{"origin":78863,"position":4},"title":"Direcci\u00f3n General de Aduanas llama a proceso de otorgamiento de licencias","author":"Nelson Feliz","date":"5 de septiembre de 2023","format":false,"excerpt":"La Direcci\u00f3n General de Aduanas (DGA) anunci\u00f3 la puesta en marcha de un plan de trabajo, acorde al programa de gobierno \u201cBurocracia Cero\u201d para mejorar, eficientizar, transparentar y acelerar la expedici\u00f3n de las licencias que otorga la entidad a los operadores aduaneros. Con el prop\u00f3sito de informar al p\u00fablico en\u2026","rel":"","context":"En \u00abECONOM\u00cdA\u00bb","block_context":{"text":"ECONOM\u00cdA","link":"https:\/\/lasprimeras.com.do\/index.php\/category\/economia\/"},"img":{"alt_text":"DGA","src":"https:\/\/i0.wp.com\/lasprimeras.com.do\/wp-content\/uploads\/2023\/09\/DGA.jpg?resize=350%2C200&ssl=1","width":350,"height":200,"srcset":"https:\/\/i0.wp.com\/lasprimeras.com.do\/wp-content\/uploads\/2023\/09\/DGA.jpg?resize=350%2C200&ssl=1 1x, https:\/\/i0.wp.com\/lasprimeras.com.do\/wp-content\/uploads\/2023\/09\/DGA.jpg?resize=525%2C300&ssl=1 1.5x, https:\/\/i0.wp.com\/lasprimeras.com.do\/wp-content\/uploads\/2023\/09\/DGA.jpg?resize=700%2C400&ssl=1 2x"},"classes":[]},{"id":65183,"url":"https:\/\/lasprimeras.com.do\/index.php\/2023\/10\/26\/jce-logra-certificaciones-en-las-normas-iso-9001-27001-y-54001\/","url_meta":{"origin":78863,"position":5},"title":"JCE logra certificaciones en las Normas ISO 9001, 27001 y 54001","author":"Nelson Feliz","date":"26 de octubre de 2023","format":false,"excerpt":"OEA dice \u00f3rgano electoral de RD es un referente regional. Certificaciones fueron entregadas por la empresa espa\u00f1ola AENOR luego de rigurosa auditor\u00eda. La Junta Central Electoral logr\u00f3 las certificaciones en las Normas ISO 9001, de Sistema de Gesti\u00f3n de Calidad; en la 27001, de Sistema de Gesti\u00f3n de la Seguridad\u2026","rel":"","context":"En \u00abNACIONALES\u00bb","block_context":{"text":"NACIONALES","link":"https:\/\/lasprimeras.com.do\/index.php\/category\/nacionales\/"},"img":{"alt_text":"Junta Central Electoral","src":"https:\/\/i0.wp.com\/lasprimeras.com.do\/wp-content\/uploads\/2023\/10\/ISO-4.jpg?resize=350%2C200&ssl=1","width":350,"height":200,"srcset":"https:\/\/i0.wp.com\/lasprimeras.com.do\/wp-content\/uploads\/2023\/10\/ISO-4.jpg?resize=350%2C200&ssl=1 1x, https:\/\/i0.wp.com\/lasprimeras.com.do\/wp-content\/uploads\/2023\/10\/ISO-4.jpg?resize=525%2C300&ssl=1 1.5x"},"classes":[]}],"jetpack_sharing_enabled":true,"_links":{"self":[{"href":"https:\/\/lasprimeras.com.do\/index.php\/wp-json\/wp\/v2\/posts\/78863","targetHints":{"allow":["GET"]}}],"collection":[{"href":"https:\/\/lasprimeras.com.do\/index.php\/wp-json\/wp\/v2\/posts"}],"about":[{"href":"https:\/\/lasprimeras.com.do\/index.php\/wp-json\/wp\/v2\/types\/post"}],"author":[{"embeddable":true,"href":"https:\/\/lasprimeras.com.do\/index.php\/wp-json\/wp\/v2\/users\/3"}],"replies":[{"embeddable":true,"href":"https:\/\/lasprimeras.com.do\/index.php\/wp-json\/wp\/v2\/comments?post=78863"}],"version-history":[{"count":1,"href":"https:\/\/lasprimeras.com.do\/index.php\/wp-json\/wp\/v2\/posts\/78863\/revisions"}],"predecessor-version":[{"id":78865,"href":"https:\/\/lasprimeras.com.do\/index.php\/wp-json\/wp\/v2\/posts\/78863\/revisions\/78865"}],"wp:featuredmedia":[{"embeddable":true,"href":"https:\/\/lasprimeras.com.do\/index.php\/wp-json\/wp\/v2\/media\/78864"}],"wp:attachment":[{"href":"https:\/\/lasprimeras.com.do\/index.php\/wp-json\/wp\/v2\/media?parent=78863"}],"wp:term":[{"taxonomy":"category","embeddable":true,"href":"https:\/\/lasprimeras.com.do\/index.php\/wp-json\/wp\/v2\/categories?post=78863"},{"taxonomy":"post_tag","embeddable":true,"href":"https:\/\/lasprimeras.com.do\/index.php\/wp-json\/wp\/v2\/tags?post=78863"}],"curies":[{"name":"wp","href":"https:\/\/api.w.org\/{rel}","templated":true}]}}