{"id":78867,"date":"2024-03-21T07:22:31","date_gmt":"2024-03-21T11:22:31","guid":{"rendered":"https:\/\/lasprimeras.com.do\/?p=78867"},"modified":"2024-03-21T07:22:32","modified_gmt":"2024-03-21T11:22:32","slug":"antony-blinken-incluye-a-israel-en-su-gira-oriente-proximo","status":"publish","type":"post","link":"https:\/\/lasprimeras.com.do\/index.php\/2024\/03\/21\/antony-blinken-incluye-a-israel-en-su-gira-oriente-proximo\/","title":{"rendered":"Antony Blinken incluye a Israel en su gira Oriente Pr\u00f3ximo"},"content":{"rendered":"\n<p>EE.UU.-El secretario de Estado de Estados Unidos, Antony Blinken, est\u00e1 inmerso en la que es ya su sexta gira por Oriente Pr\u00f3ximo desde los atentados de Ham\u00e1s contra Israel el pasado 7 de octubre, de nuevo con una parada en Israel, donde prev\u00e9 tratar entre otras cosas la necesidad de aumentar la llegada de ayuda humanitaria a la poblacio\u00f3n palestina.<\/p>\n\n\n\n<p>Blinken arranc\u00f3 el 14 de marzo una gira que le llev\u00f3 inicialmente a Austria, Corea del Sur y Filipinas y que, seg\u00fan el Departamento de Estado, se completar\u00e1 con escalas en Arabia Saud\u00ed, Egipto e Israel. El jefe de la diplomacia norteamericana ha asumido personalmente parte de los esfuerzos de mediaci\u00f3n de Washington para contener la actual escalada de tensiones.<\/p>\n\n\n\n<p>De hecho, los trabajos para trotar de lograr \u00abun alto el fuego inmediato\u00bb o aumentar la ayuda humanitaria en Gaza forman parte de la agenda a tratar en sus reuniones con autoridades saud\u00edes y egipcias, en las que Blinken quiere tambi\u00e9n hablar del \u00abpostconflicto\u00bb y de una arquitectura de paz en la regi\u00f3n, seg\u00fan un comunicado de su oficina.<\/p>\n\n\n\n<p>En Israel, prev\u00e9 hablar de \u00abla necesidad de garantizar la derrota de Ham\u00e1s\u00bb \u2013\u00abtambi\u00e9n en Raf\u00e1\u00bb, a\u00f1ade la nota\u2013, pero abogar\u00e1 ante sus interlocutores por que dicha ofensiva no sea a costa de la situaci\u00f3n humanitaria sobre el terreno. <\/p>\n\n\n\n<p>Estados Unidos ve necesario \u00abaumentar dr\u00e1sticamente\u00bb la entrada de ayuda y, de hecho, el propio Blinken advirti\u00f3 esta semana del riesgo de hambruna.<\/p>\n","protected":false},"excerpt":{"rendered":"<p>EE.UU.-El secretario de Estado de Estados Unidos, Antony Blinken, est\u00e1 inmerso en la que es ya su sexta gira por Oriente Pr\u00f3ximo desde los atentados de Ham\u00e1s contra Israel el&hellip;<\/p>\n","protected":false},"author":3,"featured_media":78868,"comment_status":"open","ping_status":"open","sticky":false,"template":"","format":"standard","meta":{"content-type":"","jetpack_post_was_ever_published":false,"_jetpack_newsletter_access":"","_jetpack_dont_email_post_to_subs":false,"_jetpack_newsletter_tier_id":0,"_jetpack_memberships_contains_paywalled_content":false,"_jetpack_memberships_contains_paid_content":false,"footnotes":""},"categories":[1],"tags":[8663],"class_list":["post-78867","post","type-post","status-publish","format-standard","has-post-thumbnail","hentry","category-sin-categoria","tag-antony-blinken"],"jetpack_featured_media_url":"https:\/\/lasprimeras.com.do\/wp-content\/uploads\/2024\/03\/WhatsApp-Image-2024-03-20-at-7.40.02-AM-3.jpeg","jetpack-related-posts":[{"id":76219,"url":"https:\/\/lasprimeras.com.do\/index.php\/2024\/02\/08\/blinken-pone-fin-a-su-ultima-mision-en-medio-oriente\/","url_meta":{"origin":78867,"position":0},"title":"Blinken pone fin a su \u00faltima misi\u00f3n en Medio Oriente","author":"Nelson Feliz","date":"8 de febrero de 2024","format":false,"excerpt":"Antony Blinken, abandon\u00f3 Oriente Medio despu\u00e9s de un nuevo desaire israel\u00ed al plan de alto el fuego propuesto en Gaza POR MATTHEW LEE TEL AVIV, Israel (AP) \u2014 El secretario de Estado de Estados Unidos, Antony Blinken, abandon\u00f3 Oriente Medio el jueves con divisiones p\u00fablicas entre Estados Unidos e Israel\u2026","rel":"","context":"En \u00abSin categor\u00eda\u00bb","block_context":{"text":"Sin categor\u00eda","link":"https:\/\/lasprimeras.com.do\/index.php\/category\/sin-categoria\/"},"img":{"alt_text":"Antony Blinken","src":"https:\/\/i0.wp.com\/lasprimeras.com.do\/wp-content\/uploads\/2024\/02\/Antony-Blinken.jpg?resize=350%2C200&ssl=1","width":350,"height":200,"srcset":"https:\/\/i0.wp.com\/lasprimeras.com.do\/wp-content\/uploads\/2024\/02\/Antony-Blinken.jpg?resize=350%2C200&ssl=1 1x, https:\/\/i0.wp.com\/lasprimeras.com.do\/wp-content\/uploads\/2024\/02\/Antony-Blinken.jpg?resize=525%2C300&ssl=1 1.5x, https:\/\/i0.wp.com\/lasprimeras.com.do\/wp-content\/uploads\/2024\/02\/Antony-Blinken.jpg?resize=700%2C400&ssl=1 2x"},"classes":[]},{"id":78989,"url":"https:\/\/lasprimeras.com.do\/index.php\/2024\/03\/22\/blinken-llega-a-israel-para-conversaciones-onu-se-prepara-para-votar-resolucion-de-alto-el-fuego\/","url_meta":{"origin":78867,"position":1},"title":"Blinken llega a Israel para conversaciones; ONU se prepara para votar resoluci\u00f3n de alto el fuego","author":"BIMARY DE JES\u00daS Matos","date":"22 de marzo de 2024","format":false,"excerpt":"EE.UU.-Estados Unidos apuesta en un doble frente para lograr un alto el fuego en Gaza. Mientras el secretario de Estado Antony Blinken visita Israel para apresurar una negociaci\u00f3n, en la ONU fluye una propuesta de Washington para una tregua inmediata en Gaza. El secretario de Estado de Estados Unidos, Antony\u2026","rel":"","context":"En \u00abSin categor\u00eda\u00bb","block_context":{"text":"Sin categor\u00eda","link":"https:\/\/lasprimeras.com.do\/index.php\/category\/sin-categoria\/"},"img":{"alt_text":"","src":"","width":0,"height":0},"classes":[]},{"id":66850,"url":"https:\/\/lasprimeras.com.do\/index.php\/2023\/11\/10\/blinken-dice-que-es-necesario-hacer-mas-para-salvar-vidas-palestinas-y-recibir-mas-ayuda\/","url_meta":{"origin":78867,"position":2},"title":"Blinken dice que es necesario hacer m\u00e1s para salvar vidas palestinas y recibir m\u00e1s ayuda","author":"Nelson Feliz","date":"10 de noviembre de 2023","format":false,"excerpt":"POR LA PRENSA ASOCIADA El secretario de Estado de Estados Unidos, Antony Blinken, dice que \u201cdemasiados\u201d palestinos han muerto y que es necesario hacer m\u00e1s para salvar vidas y llevar ayuda a donde m\u00e1s se necesita. Hablando en New Dheli el viernes, Bliken dijo que Estados Unidos \u201caprecia\u201d las medidas\u2026","rel":"","context":"En \u00abSin categor\u00eda\u00bb","block_context":{"text":"Sin categor\u00eda","link":"https:\/\/lasprimeras.com.do\/index.php\/category\/sin-categoria\/"},"img":{"alt_text":"ATAQUES","src":"https:\/\/i0.wp.com\/lasprimeras.com.do\/wp-content\/uploads\/2023\/11\/ATAQUES.jpg?resize=350%2C200&ssl=1","width":350,"height":200,"srcset":"https:\/\/i0.wp.com\/lasprimeras.com.do\/wp-content\/uploads\/2023\/11\/ATAQUES.jpg?resize=350%2C200&ssl=1 1x, https:\/\/i0.wp.com\/lasprimeras.com.do\/wp-content\/uploads\/2023\/11\/ATAQUES.jpg?resize=525%2C300&ssl=1 1.5x, https:\/\/i0.wp.com\/lasprimeras.com.do\/wp-content\/uploads\/2023\/11\/ATAQUES.jpg?resize=700%2C400&ssl=1 2x"},"classes":[]},{"id":78694,"url":"https:\/\/lasprimeras.com.do\/index.php\/2024\/03\/19\/blinken-discutira-el-impulso-del-alto-el-fuego-y-planes-de-posguerra-en-gaza-en-conversaciones-en-arabia-saudita-y-egipto\/","url_meta":{"origin":78867,"position":3},"title":"Blinken discutir\u00e1 el impulso del alto el fuego y planes de posguerra en Gaza en conversaciones en Arabia Saudita y Egipto","author":"BIMARY DE JES\u00daS Matos","date":"19 de marzo de 2024","format":false,"excerpt":"EE.UU.-El secretario de Estado, Antony Blinken, regresa esta semana al Medio Oriente para impulsar un alto el fuego en Gaza. Las negociaciones apenas avanzan mientras la Casa Blanca expresa frustraci\u00f3n sobre el desarrollo de la guerra y trata de planear un futuro para el asediado enclave posconflicto. El secretario de\u2026","rel":"","context":"En \u00abSin categor\u00eda\u00bb","block_context":{"text":"Sin categor\u00eda","link":"https:\/\/lasprimeras.com.do\/index.php\/category\/sin-categoria\/"},"img":{"alt_text":"","src":"","width":0,"height":0},"classes":[]},{"id":74032,"url":"https:\/\/lasprimeras.com.do\/index.php\/2024\/01\/18\/blinken-plantea-que-la-paz-requiere-un-estado-palestino\/","url_meta":{"origin":78867,"position":4},"title":"Blinken plantea que la paz requiere un Estado palestino","author":"BIMARY DE JES\u00daS Matos","date":"18 de enero de 2024","format":false,"excerpt":"DAVOS.-La estabilidad en Oriente Medio, actualmente rota por el conflicto en Gaza, requiere que se avance hacia la construcci\u00f3n de un Estado palestino, pero tambi\u00e9n que \u00e9ste sea transparente, libre de corrupci\u00f3n, y no opuesto frontalmente a Israel, asegur\u00f3 ayer el secretario de Estado de Estados Unidos, Antony Blinken. En\u2026","rel":"","context":"En \u00abSin categor\u00eda\u00bb","block_context":{"text":"Sin categor\u00eda","link":"https:\/\/lasprimeras.com.do\/index.php\/category\/sin-categoria\/"},"img":{"alt_text":"","src":"https:\/\/i0.wp.com\/lasprimeras.com.do\/wp-content\/uploads\/2024\/01\/WhatsApp-Image-2024-01-17-at-6.23.17-PM-1-2.jpeg?resize=350%2C200&ssl=1","width":350,"height":200,"srcset":"https:\/\/i0.wp.com\/lasprimeras.com.do\/wp-content\/uploads\/2024\/01\/WhatsApp-Image-2024-01-17-at-6.23.17-PM-1-2.jpeg?resize=350%2C200&ssl=1 1x, https:\/\/i0.wp.com\/lasprimeras.com.do\/wp-content\/uploads\/2024\/01\/WhatsApp-Image-2024-01-17-at-6.23.17-PM-1-2.jpeg?resize=525%2C300&ssl=1 1.5x"},"classes":[]},{"id":83128,"url":"https:\/\/lasprimeras.com.do\/index.php\/2024\/05\/12\/blinken-critica-la-conducta-de-israel-en-la-guerra-en-gaza\/","url_meta":{"origin":78867,"position":5},"title":"Blinken critica la conducta de Israel en la guerra en Gaza","author":"Nelson Feliz","date":"12 de mayo de 2024","format":false,"excerpt":"BY JOSH BOAK WILMINGTON, Delaware, EE.UU. (AP) \u2014 El secretario de Estado, Antony Blinken, pronunci\u00f3 el domingo algunas de las cr\u00edticas p\u00fablicas m\u00e1s fuertes hasta el momento de la administraci\u00f3n del presidente Joe Biden sobre la conducta de Israel en la guerra en Gaza, diciendo que las t\u00e1cticas israel\u00edes han\u2026","rel":"","context":"En \u00abSin categor\u00eda\u00bb","block_context":{"text":"Sin categor\u00eda","link":"https:\/\/lasprimeras.com.do\/index.php\/category\/sin-categoria\/"},"img":{"alt_text":"","src":"https:\/\/i0.wp.com\/lasprimeras.com.do\/wp-content\/uploads\/2024\/05\/Antony-Blinken.jpg?resize=350%2C200&ssl=1","width":350,"height":200,"srcset":"https:\/\/i0.wp.com\/lasprimeras.com.do\/wp-content\/uploads\/2024\/05\/Antony-Blinken.jpg?resize=350%2C200&ssl=1 1x, https:\/\/i0.wp.com\/lasprimeras.com.do\/wp-content\/uploads\/2024\/05\/Antony-Blinken.jpg?resize=525%2C300&ssl=1 1.5x, https:\/\/i0.wp.com\/lasprimeras.com.do\/wp-content\/uploads\/2024\/05\/Antony-Blinken.jpg?resize=700%2C400&ssl=1 2x"},"classes":[]}],"jetpack_sharing_enabled":true,"_links":{"self":[{"href":"https:\/\/lasprimeras.com.do\/index.php\/wp-json\/wp\/v2\/posts\/78867","targetHints":{"allow":["GET"]}}],"collection":[{"href":"https:\/\/lasprimeras.com.do\/index.php\/wp-json\/wp\/v2\/posts"}],"about":[{"href":"https:\/\/lasprimeras.com.do\/index.php\/wp-json\/wp\/v2\/types\/post"}],"author":[{"embeddable":true,"href":"https:\/\/lasprimeras.com.do\/index.php\/wp-json\/wp\/v2\/users\/3"}],"replies":[{"embeddable":true,"href":"https:\/\/lasprimeras.com.do\/index.php\/wp-json\/wp\/v2\/comments?post=78867"}],"version-history":[{"count":1,"href":"https:\/\/lasprimeras.com.do\/index.php\/wp-json\/wp\/v2\/posts\/78867\/revisions"}],"predecessor-version":[{"id":78869,"href":"https:\/\/lasprimeras.com.do\/index.php\/wp-json\/wp\/v2\/posts\/78867\/revisions\/78869"}],"wp:featuredmedia":[{"embeddable":true,"href":"https:\/\/lasprimeras.com.do\/index.php\/wp-json\/wp\/v2\/media\/78868"}],"wp:attachment":[{"href":"https:\/\/lasprimeras.com.do\/index.php\/wp-json\/wp\/v2\/media?parent=78867"}],"wp:term":[{"taxonomy":"category","embeddable":true,"href":"https:\/\/lasprimeras.com.do\/index.php\/wp-json\/wp\/v2\/categories?post=78867"},{"taxonomy":"post_tag","embeddable":true,"href":"https:\/\/lasprimeras.com.do\/index.php\/wp-json\/wp\/v2\/tags?post=78867"}],"curies":[{"name":"wp","href":"https:\/\/api.w.org\/{rel}","templated":true}]}}