{"id":78880,"date":"2024-03-21T07:44:22","date_gmt":"2024-03-21T11:44:22","guid":{"rendered":"https:\/\/lasprimeras.com.do\/?p=78880"},"modified":"2024-03-21T07:44:23","modified_gmt":"2024-03-21T11:44:23","slug":"mp-obtiene-20-anos-de-prision-en-contra-de-un-hombre-que-violo-sexualmente-a-una-adolescente-de-15-anos","status":"publish","type":"post","link":"https:\/\/lasprimeras.com.do\/index.php\/2024\/03\/21\/mp-obtiene-20-anos-de-prision-en-contra-de-un-hombre-que-violo-sexualmente-a-una-adolescente-de-15-anos\/","title":{"rendered":"MP obtiene 20 a\u00f1os de prisi\u00f3n en contra de un hombre que viol\u00f3 sexualmente a una adolescente de 15 a\u00f1os"},"content":{"rendered":"\n<p>Martin Restituyo<\/p>\n\n\n\n<p>SANTO DOMINGO ESTE (Rep\u00fablica Dominicana). &#8211; La Fiscal\u00eda de Santo Domingo Este y Norte obtuvo una condena de 20 a\u00f1os de prisi\u00f3n y una indemnizaci\u00f3n de un mill\u00f3n de pesos en contra de un hombre que viol\u00f3 sexualmente a una menor de 15 a\u00f1os de edad, en un hecho ocurrido en este municipio en el a\u00f1o 2021.<\/p>\n\n\n\n<p>La condena y el pago de una indemnizaci\u00f3n le fue impuesta a Yefry Vargas S\u00e1nchez por el Quinto Tribunal Colegiado, que integran los jueces Julio Aybar Ortiz, Laisa Matos Dur\u00e1n y Nelcy Xiomara Ortega Ram\u00edrez, por los hechos cometidos en perjuicio de la adolescente, nombre se omite para preservar su integridad.<\/p>\n\n\n\n<p>El Ministerio P\u00fablico, representado por la fiscal litigante Ivette Mateo, demostr\u00f3 con suficientes elementos de prueba que el hoy condenado violent\u00f3 los art\u00edculos 332-1 del C\u00f3digo Penal Dominicano, modificado por la Ley 24-97 y los art\u00edculos 12, 14, 15, 18 y 396 de la Ley 136-03, tipificado como violencia sexual.<\/p>\n\n\n\n<p>El expediente instrumentado por la fiscal Investigadora Clara Arroyo, relata que el encartado result\u00f3 apresado la tras la denuncia presentada ante el Ministerio P\u00fablico.<\/p>\n\n\n\n<p>El \u00f3rgano persecutor realiz\u00f3 a la adolescente evaluaciones psicol\u00f3gicas, forenses, procesales y documentales, que determinaron el abuso cometido en contra de la v\u00edctima, mismo que provoc\u00f3 a la v\u00edctima alteraci\u00f3n en su estado de actitud.<\/p>\n\n\n\n<p>La sentencia deber\u00e1 ser cumplida en la Penitenciar\u00eda Nacional de La Victoria.<\/p>\n\n\n\n<p><\/p>\n\n\n\n<p><\/p>\n","protected":false},"excerpt":{"rendered":"<p>Martin Restituyo SANTO DOMINGO ESTE (Rep\u00fablica Dominicana). &#8211; La Fiscal\u00eda de Santo Domingo Este y Norte obtuvo una condena de 20 a\u00f1os de prisi\u00f3n y una indemnizaci\u00f3n de un mill\u00f3n&hellip;<\/p>\n","protected":false},"author":3,"featured_media":78881,"comment_status":"open","ping_status":"open","sticky":false,"template":"","format":"standard","meta":{"content-type":"","jetpack_post_was_ever_published":false,"_jetpack_newsletter_access":"","_jetpack_dont_email_post_to_subs":false,"_jetpack_newsletter_tier_id":0,"_jetpack_memberships_contains_paywalled_content":false,"_jetpack_memberships_contains_paid_content":false,"footnotes":""},"categories":[35],"tags":[290],"class_list":["post-78880","post","type-post","status-publish","format-standard","has-post-thumbnail","hentry","category-nacionales","tag-ministerio-publico"],"jetpack_featured_media_url":"https:\/\/lasprimeras.com.do\/wp-content\/uploads\/2024\/03\/IMG-20240321-WA0000.jpg","jetpack-related-posts":[{"id":95739,"url":"https:\/\/lasprimeras.com.do\/index.php\/2025\/03\/18\/condenan-a-20-anos-de-prision-tres-hombres-en-diferentes-casos-de-incesto-en-la-vega\/","url_meta":{"origin":78880,"position":0},"title":"Condenan a 20 a\u00f1os de prisi\u00f3n tres hombres en diferentes casos de incesto en La Vega","author":"Nelson Feliz","date":"18 de marzo de 2025","format":false,"excerpt":"El Ministerio P\u00fablico de esta jurisdicci\u00f3n logr\u00f3 que fueran sentenciados a 20 a\u00f1os de prisi\u00f3n tres hombres hallados culpables de cometer incesto en diferentes casos ocurridos en La Vega. Uno de los hombres fue condenado a 20 a\u00f1os de prisi\u00f3n tras ser hallado culpable de violar sexualmente a una sobrina\u2026","rel":"","context":"En \u00abJUSTICIA\u00bb","block_context":{"text":"JUSTICIA","link":"https:\/\/lasprimeras.com.do\/index.php\/category\/justicia\/"},"img":{"alt_text":"","src":"https:\/\/i0.wp.com\/lasprimeras.com.do\/wp-content\/uploads\/2025\/03\/PFLaVega-Header.jpg?resize=350%2C200&ssl=1","width":350,"height":200,"srcset":"https:\/\/i0.wp.com\/lasprimeras.com.do\/wp-content\/uploads\/2025\/03\/PFLaVega-Header.jpg?resize=350%2C200&ssl=1 1x, https:\/\/i0.wp.com\/lasprimeras.com.do\/wp-content\/uploads\/2025\/03\/PFLaVega-Header.jpg?resize=525%2C300&ssl=1 1.5x, https:\/\/i0.wp.com\/lasprimeras.com.do\/wp-content\/uploads\/2025\/03\/PFLaVega-Header.jpg?resize=700%2C400&ssl=1 2x, https:\/\/i0.wp.com\/lasprimeras.com.do\/wp-content\/uploads\/2025\/03\/PFLaVega-Header.jpg?resize=1050%2C600&ssl=1 3x, https:\/\/i0.wp.com\/lasprimeras.com.do\/wp-content\/uploads\/2025\/03\/PFLaVega-Header.jpg?resize=1400%2C800&ssl=1 4x"},"classes":[]},{"id":76886,"url":"https:\/\/lasprimeras.com.do\/index.php\/2024\/02\/15\/condena-de-20-anos-a-hombre-por-violar-sexualmente-una-menor-en-santo-domingo-norte\/","url_meta":{"origin":78880,"position":1},"title":"Condena de 20 a\u00f1os a hombre por violar sexualmente una menor en Santo Domingo Norte","author":"Nelson Feliz","date":"15 de febrero de 2024","format":false,"excerpt":"La fiscalia obtuvo la sentencia contra hombre que, en complicidad con una t\u00eda, violaba sexualmente menor de edad. Un tribunal impuso una condena de 20 a\u00f1os de prisi\u00f3n en contra de un hombre que, en repetidas ocasiones, viol\u00f3 sexualmente a una menor de 11 a\u00f1os de edad, en complicidad con\u2026","rel":"","context":"En \u00abJUSTICIA\u00bb","block_context":{"text":"JUSTICIA","link":"https:\/\/lasprimeras.com.do\/index.php\/category\/justicia\/"},"img":{"alt_text":"Condena","src":"https:\/\/i0.wp.com\/lasprimeras.com.do\/wp-content\/uploads\/2024\/02\/condena.jpg?resize=350%2C200&ssl=1","width":350,"height":200,"srcset":"https:\/\/i0.wp.com\/lasprimeras.com.do\/wp-content\/uploads\/2024\/02\/condena.jpg?resize=350%2C200&ssl=1 1x, https:\/\/i0.wp.com\/lasprimeras.com.do\/wp-content\/uploads\/2024\/02\/condena.jpg?resize=525%2C300&ssl=1 1.5x, https:\/\/i0.wp.com\/lasprimeras.com.do\/wp-content\/uploads\/2024\/02\/condena.jpg?resize=700%2C400&ssl=1 2x"},"classes":[]},{"id":95742,"url":"https:\/\/lasprimeras.com.do\/index.php\/2025\/03\/18\/condena-a-cinco-anos-de-prision-un-hombre-que-abuso-sexualmente-de-un-adolescente-en-santiago-rodriguez\/","url_meta":{"origin":78880,"position":2},"title":"Condena a cinco a\u00f1os de prisi\u00f3n un hombre que abus\u00f3 sexualmente de un adolescente en Santiago Rodr\u00edguez","author":"Nelson Feliz","date":"18 de marzo de 2025","format":false,"excerpt":"A solicitud del Ministerio P\u00fablico del Distrito Judicial de Santiago Rodr\u00edguez, el Tribunal Colegiado conden\u00f3 a cinco a\u00f1os de prisi\u00f3n a un hombre hallado culpable de abusar sexualmente de un vecino adolescente en esta localidad. La sentencia establece que el condenado cumplir\u00e1 la pena en la c\u00e1rcel p\u00fablica de Santiago\u2026","rel":"","context":"En \u00abJUSTICIA\u00bb","block_context":{"text":"JUSTICIA","link":"https:\/\/lasprimeras.com.do\/index.php\/category\/justicia\/"},"img":{"alt_text":"","src":"https:\/\/i0.wp.com\/lasprimeras.com.do\/wp-content\/uploads\/2025\/03\/PGR.jpg?resize=350%2C200&ssl=1","width":350,"height":200,"srcset":"https:\/\/i0.wp.com\/lasprimeras.com.do\/wp-content\/uploads\/2025\/03\/PGR.jpg?resize=350%2C200&ssl=1 1x, https:\/\/i0.wp.com\/lasprimeras.com.do\/wp-content\/uploads\/2025\/03\/PGR.jpg?resize=525%2C300&ssl=1 1.5x, https:\/\/i0.wp.com\/lasprimeras.com.do\/wp-content\/uploads\/2025\/03\/PGR.jpg?resize=700%2C400&ssl=1 2x"},"classes":[]},{"id":49917,"url":"https:\/\/lasprimeras.com.do\/index.php\/2023\/05\/15\/condenan-a-15-anos-de-prision-hombre-que-abusaba-sexualmente-de-una-menor\/","url_meta":{"origin":78880,"position":3},"title":"Condenan a 15 a\u00f1os de prisi\u00f3n hombre que abusaba sexualmente de una menor","author":"prenxa100","date":"15 de mayo de 2023","format":false,"excerpt":"Por Martin Restituyo SANTO DOMINGO, NORTE (RD). \u2013 El Ministerio P\u00fablico de Santo Domingo Este obtuvo una condena de 15 a\u00f1os de prisi\u00f3n en contra de un hombre que abusaba sexualmente a una ni\u00f1a de 12 a\u00f1os en un hecho ocurrido en el a\u00f1o 2022, en Villa Mella de este\u2026","rel":"","context":"En \u00abJUSTICIA\u00bb","block_context":{"text":"JUSTICIA","link":"https:\/\/lasprimeras.com.do\/index.php\/category\/justicia\/"},"img":{"alt_text":"","src":"","width":0,"height":0},"classes":[]},{"id":98663,"url":"https:\/\/lasprimeras.com.do\/index.php\/2025\/05\/09\/20-anos-de-prision-para-hombre-que-violo-sexualmente-a-una-mujer-en-boca-chica\/","url_meta":{"origin":78880,"position":4},"title":"20 a\u00f1os de prisi\u00f3n para hombre que viol\u00f3 sexualmente a una mujer en Boca Chica","author":"Nelson Feliz","date":"9 de mayo de 2025","format":false,"excerpt":"Un tribunal acogi\u00f3 la acusaci\u00f3n presentada por el Ministerio P\u00fablico contra un hombre que viol\u00f3 sexualmente a una mujer y lo conden\u00f3 a 20 a\u00f1os de prisi\u00f3n. El Ministerio P\u00fablico, representado por la fiscal litigante Evelyn Pe\u00f1a, demostr\u00f3 la culpabilidad de Carlos Alberto Virgen Juan, en los hechos cometidos en\u2026","rel":"","context":"En \u00abJUSTICIA\u00bb","block_context":{"text":"JUSTICIA","link":"https:\/\/lasprimeras.com.do\/index.php\/category\/justicia\/"},"img":{"alt_text":"","src":"","width":0,"height":0},"classes":[]},{"id":116473,"url":"https:\/\/lasprimeras.com.do\/index.php\/2025\/12\/01\/veinte-anos-de-prision-para-hombre-que-violo-sexualmente-a-adolescente-de-13-anos\/","url_meta":{"origin":78880,"position":5},"title":"Veinte a\u00f1os de prisi\u00f3n para hombre que viol\u00f3 sexualmente a adolescente de 13 a\u00f1os","author":"Nelson Feliz","date":"1 de diciembre de 2025","format":false,"excerpt":"Atendiendo a la solicitud del Ministerio P\u00fablico, un tribunal de Santo Domingo Este conden\u00f3 a un hombre que viol\u00f3 sexualmente a una adolescente de 13 a\u00f1os, en un hecho ocurrido en enero de este a\u00f1o. El procesado Johansel Estiven P\u00e9rez viol\u00f3 varios art\u00edculos del C\u00f3digo Penal Dominicano, modificado por la\u2026","rel":"","context":"En \u00abJUSTICIA\u00bb","block_context":{"text":"JUSTICIA","link":"https:\/\/lasprimeras.com.do\/index.php\/category\/justicia\/"},"img":{"alt_text":"Condena","src":"https:\/\/i0.wp.com\/lasprimeras.com.do\/wp-content\/uploads\/2023\/08\/Condena.jpg?resize=350%2C200&ssl=1","width":350,"height":200},"classes":[]}],"jetpack_sharing_enabled":true,"_links":{"self":[{"href":"https:\/\/lasprimeras.com.do\/index.php\/wp-json\/wp\/v2\/posts\/78880","targetHints":{"allow":["GET"]}}],"collection":[{"href":"https:\/\/lasprimeras.com.do\/index.php\/wp-json\/wp\/v2\/posts"}],"about":[{"href":"https:\/\/lasprimeras.com.do\/index.php\/wp-json\/wp\/v2\/types\/post"}],"author":[{"embeddable":true,"href":"https:\/\/lasprimeras.com.do\/index.php\/wp-json\/wp\/v2\/users\/3"}],"replies":[{"embeddable":true,"href":"https:\/\/lasprimeras.com.do\/index.php\/wp-json\/wp\/v2\/comments?post=78880"}],"version-history":[{"count":1,"href":"https:\/\/lasprimeras.com.do\/index.php\/wp-json\/wp\/v2\/posts\/78880\/revisions"}],"predecessor-version":[{"id":78882,"href":"https:\/\/lasprimeras.com.do\/index.php\/wp-json\/wp\/v2\/posts\/78880\/revisions\/78882"}],"wp:featuredmedia":[{"embeddable":true,"href":"https:\/\/lasprimeras.com.do\/index.php\/wp-json\/wp\/v2\/media\/78881"}],"wp:attachment":[{"href":"https:\/\/lasprimeras.com.do\/index.php\/wp-json\/wp\/v2\/media?parent=78880"}],"wp:term":[{"taxonomy":"category","embeddable":true,"href":"https:\/\/lasprimeras.com.do\/index.php\/wp-json\/wp\/v2\/categories?post=78880"},{"taxonomy":"post_tag","embeddable":true,"href":"https:\/\/lasprimeras.com.do\/index.php\/wp-json\/wp\/v2\/tags?post=78880"}],"curies":[{"name":"wp","href":"https:\/\/api.w.org\/{rel}","templated":true}]}}