{"id":78891,"date":"2024-03-21T12:28:38","date_gmt":"2024-03-21T16:28:38","guid":{"rendered":"https:\/\/lasprimeras.com.do\/?p=78891"},"modified":"2024-03-21T12:28:40","modified_gmt":"2024-03-21T16:28:40","slug":"rd-contara-con-innovadores-equipos-medicos-de-china-para-erradicar-enfermedades","status":"publish","type":"post","link":"https:\/\/lasprimeras.com.do\/index.php\/2024\/03\/21\/rd-contara-con-innovadores-equipos-medicos-de-china-para-erradicar-enfermedades\/","title":{"rendered":"RD contar\u00e1 con innovadores equipos m\u00e9dicos de China para erradicar enfermedades"},"content":{"rendered":"\n<p>Martin Restituyo<\/p>\n\n\n\n<p>Distrito Nacional, RD.- Representantes de la empresa Haifu Medical, de la Rep\u00fablica Popular China, presentan en el pa\u00eds detalles de innovadoras maquinarias de tecnolog\u00eda no invasiva, cuyos tratamientos buscan erradicar enfermedades como el c\u00e1ncer de mama, p\u00e1ncreas y de h\u00edgado, y otras ginecol\u00f3gicas como mioma uterino, verrugas genitales y una que afecta a gran parte de la poblaci\u00f3n, el papiloma humano, entre otras.<\/p>\n\n\n\n<p>Los detalles fueron presentados por la comisi\u00f3n invitada por la Fundaci\u00f3n Cruz Jimini\u00e1n, que preside el doctor F\u00e9lix Antonio Cruz Jimini\u00e1n, en el sal\u00f3n de eventos del Servicio Regional de Salud Metropolitano (SRSM), una acci\u00f3n en colaboraci\u00f3n con la ONG.<\/p>\n\n\n\n<p>Estos equipos tecnol\u00f3gicos se utilizan para el tratamiento tambi\u00e9n entre otras enfermedades como: c\u00e1ncer de ri\u00f1\u00f3n, de hueso y otros tipos de tejidos blandos; adenomiosis uterina y placenta acreta.<\/p>\n\n\n\n<p>El doctor Cruz Jimini\u00e1n, quien ser\u00e1 intermediario en procesos para la importaci\u00f3n los modernos aparatos m\u00e9dicos, agradeci\u00f3 a la comisi\u00f3n de China pensar en el pa\u00eds en la prevenci\u00f3n y lucha contra estos tipos de enfermedades, trayendo tecnolog\u00eda de punta para hacer m\u00e1s eficientes los procesos m\u00e9dicos, traduci\u00e9ndose as\u00ed en la mejor\u00eda de la salud de la ciudadan\u00eda.<\/p>\n\n\n\n<p>El veterano m\u00e9dico explica que pr\u00f3ximamente en la cl\u00ednica Doctor Cruz Jimini\u00e1n ser\u00edan instaladas las primeras de estas m\u00e1quinas en el pa\u00eds.<\/p>\n\n\n\n<p>Entre los equipos se encuentra el Sistema de Ultrasonido Focalizado de Alta Intensidad guiado por Ultrasonido (USgHIFU, por su sigla en ingl\u00e9s) para Ablaci\u00f3n T\u00e9rmica de Tumores, modelo JC 200, cuya terapia minimiza el da\u00f1o al paciente.<\/p>\n\n\n\n<p>Adem\u00e1s, el Dispositivo Terap\u00e9utico de Ultrasoido para Ginecolog\u00eda, el Seapostar modelo CZF500, dise\u00f1ado especialmente para el tratamiento de enfermedades ginecol\u00f3gicas como lesiones epiteliales no neopl\u00e1sicas vulvares, cervicitis, condiloma acuminata (verrugas genitales), e infecci\u00f3n cervical para el virus del papiloma humano (VPH).<\/p>\n\n\n\n<p>La Comitiva de la Rep\u00fablica Popular China estuvo integrada por los doctores Rosie Xing, directora de Comercios Internacionales; Armando Junyan Gu, representante para Iberoam\u00e9rica; Los licenciados, Ram\u00f3n Liberato, representante para la Rep\u00fablica Dominicana, y Francisco Mart\u00ednez, coordinador de la empresa Haifu Medical en el pa\u00eds.<\/p>\n\n\n\n<p>Sobre Haifu Medical<\/p>\n\n\n\n<p>Esta empresa de la Rep\u00fablica Popular China, fue fundada en el a\u00f1o 1999, trabajando en todo momento en el sector salud en el desarrollo de nuevas tecnolog\u00edas.<\/p>\n","protected":false},"excerpt":{"rendered":"<p>Martin Restituyo Distrito Nacional, RD.- Representantes de la empresa Haifu Medical, de la Rep\u00fablica Popular China, presentan en el pa\u00eds detalles de innovadoras maquinarias de tecnolog\u00eda no invasiva, cuyos tratamientos&hellip;<\/p>\n","protected":false},"author":3,"featured_media":78892,"comment_status":"open","ping_status":"open","sticky":false,"template":"","format":"standard","meta":{"content-type":"","jetpack_post_was_ever_published":false,"_jetpack_newsletter_access":"","_jetpack_dont_email_post_to_subs":false,"_jetpack_newsletter_tier_id":0,"_jetpack_memberships_contains_paywalled_content":false,"_jetpack_memberships_contains_paid_content":false,"footnotes":""},"categories":[35],"tags":[961],"class_list":["post-78891","post","type-post","status-publish","format-standard","has-post-thumbnail","hentry","category-nacionales","tag-medicos"],"jetpack_featured_media_url":"https:\/\/lasprimeras.com.do\/wp-content\/uploads\/2024\/03\/WhatsApp-Image-2024-03-21-at-11.44.13-AM.jpeg","jetpack-related-posts":[{"id":80176,"url":"https:\/\/lasprimeras.com.do\/index.php\/2024\/04\/04\/cruz-jiminian-inaugura-moderna-unidad-de-endoscopia-y-hepatologia\/","url_meta":{"origin":78891,"position":0},"title":"Cruz Jimini\u00e1n inaugura moderna Unidad de Endoscopia y Hepatolog\u00eda","author":"Nelson Feliz","date":"4 de abril de 2024","format":false,"excerpt":"Por Martin Restituyo El doctor F\u00e9lix Antonio Cruz Jimini\u00e1n dej\u00f3 inaugurado este jueves la Unidad de Endoscopia y Hepatolog\u00eda (HEPAGASTRO) en la cl\u00ednica que lleva su nombre, la cual contar\u00e1 con equipos de alta tecnolog\u00eda que permiten una evaluaci\u00f3n y detecci\u00f3n de lesiones en etapas precoces. Entre los equipos figura\u2026","rel":"","context":"En \u00abPORTADA\u00bb","block_context":{"text":"PORTADA","link":"https:\/\/lasprimeras.com.do\/index.php\/category\/portada\/"},"img":{"alt_text":"","src":"","width":0,"height":0},"classes":[]},{"id":91847,"url":"https:\/\/lasprimeras.com.do\/index.php\/2024\/12\/03\/cooperativa-de-maestros-realiza-jornada-de-salud-con-el-doctor-cruz-jiminian\/","url_meta":{"origin":78891,"position":1},"title":"Cooperativa de Maestros realiza jornada de salud con el doctor Cruz Jiminian","author":"Nelson Feliz","date":"3 de diciembre de 2024","format":false,"excerpt":"La jornada de concientizaci\u00f3n sobre la diabetes, la obesidad y la hipertensi\u00f3n se llev\u00f3 a cabo en el marco de la Semana de la Calidad que se celebra por primera vez en COOPNAMA. La Cooperativa Nacional de Servicios M\u00faltiples de los Maestros (COOPNAMA), realiz\u00f3 una conferencia magistral, titulada: \u201cSe puede\u2026","rel":"","context":"En \u00abSALUD\u00bb","block_context":{"text":"SALUD","link":"https:\/\/lasprimeras.com.do\/index.php\/category\/salud\/"},"img":{"alt_text":"","src":"https:\/\/i0.wp.com\/lasprimeras.com.do\/wp-content\/uploads\/2024\/12\/cooperativas.jpg?resize=350%2C200&ssl=1","width":350,"height":200,"srcset":"https:\/\/i0.wp.com\/lasprimeras.com.do\/wp-content\/uploads\/2024\/12\/cooperativas.jpg?resize=350%2C200&ssl=1 1x, https:\/\/i0.wp.com\/lasprimeras.com.do\/wp-content\/uploads\/2024\/12\/cooperativas.jpg?resize=525%2C300&ssl=1 1.5x"},"classes":[]},{"id":91615,"url":"https:\/\/lasprimeras.com.do\/index.php\/2024\/11\/28\/entregan-bonos-navidenos-clinica-cruz-jiminian-hospital-padre-billini-y-conavihsida\/","url_meta":{"origin":78891,"position":2},"title":"Entregan bonos navide\u00f1os Cl\u00ednica Cruz Jimini\u00e1n, Hospital Padre Billini y Conavihsida","author":"Nelson Feliz","date":"28 de noviembre de 2024","format":false,"excerpt":"El coordinador del Gabinete de Pol\u00edticas Sociales del Gobierno, Tony Pe\u00f1a Guaba, entreg\u00f3 este jueves durante un nutrido acto en la Cl\u00ednica Cruz Jimini\u00e1n, una cantidad considerable de bonos navide\u00f1os. Pe\u00f1a Guaba, cumple su promesa en el acto de lanzamiento del Bono Navide\u00f1o de este a\u00f1o, de que las llevar\u00eda\u2026","rel":"","context":"En \u00abECONOM\u00cdA\u00bb","block_context":{"text":"ECONOM\u00cdA","link":"https:\/\/lasprimeras.com.do\/index.php\/category\/economia\/"},"img":{"alt_text":"","src":"https:\/\/i0.wp.com\/lasprimeras.com.do\/wp-content\/uploads\/2024\/11\/pena-guaba.jpg?resize=350%2C200&ssl=1","width":350,"height":200,"srcset":"https:\/\/i0.wp.com\/lasprimeras.com.do\/wp-content\/uploads\/2024\/11\/pena-guaba.jpg?resize=350%2C200&ssl=1 1x, https:\/\/i0.wp.com\/lasprimeras.com.do\/wp-content\/uploads\/2024\/11\/pena-guaba.jpg?resize=525%2C300&ssl=1 1.5x, https:\/\/i0.wp.com\/lasprimeras.com.do\/wp-content\/uploads\/2024\/11\/pena-guaba.jpg?resize=700%2C400&ssl=1 2x"},"classes":[]},{"id":78851,"url":"https:\/\/lasprimeras.com.do\/index.php\/2024\/03\/20\/en-el-mes-internacional-de-la-mujer-hay-enfermedades-con-rostro-de-mujer\/","url_meta":{"origin":78891,"position":3},"title":"En el Mes Internacional de la Mujer: hay enfermedades con rostro de mujer","author":"Nelson Feliz","date":"20 de marzo de 2024","format":false,"excerpt":"Pertenecer al g\u00e9nero femenino es el principal factor de riesgo en el caso del c\u00e1ncer de mama. Cerca del 99% de los casos de c\u00e1ncer de seno son reportados en mujeres1. La esclerosis m\u00faltiple es 3 veces m\u00e1s com\u00fan entre las mujeres. Disfrutar de una buena salud es algo que\u2026","rel":"","context":"En \u00abSin categor\u00eda\u00bb","block_context":{"text":"Sin categor\u00eda","link":"https:\/\/lasprimeras.com.do\/index.php\/category\/sin-categoria\/"},"img":{"alt_text":"","src":"https:\/\/i0.wp.com\/lasprimeras.com.do\/wp-content\/uploads\/2024\/03\/Imagen-de-apoyo-4.jpg?resize=350%2C200&ssl=1","width":350,"height":200,"srcset":"https:\/\/i0.wp.com\/lasprimeras.com.do\/wp-content\/uploads\/2024\/03\/Imagen-de-apoyo-4.jpg?resize=350%2C200&ssl=1 1x, https:\/\/i0.wp.com\/lasprimeras.com.do\/wp-content\/uploads\/2024\/03\/Imagen-de-apoyo-4.jpg?resize=525%2C300&ssl=1 1.5x"},"classes":[]},{"id":118438,"url":"https:\/\/lasprimeras.com.do\/index.php\/2025\/12\/28\/dr-cruz-jiminian-aclara-falsas-acusaciones-en-su-contra-sobre-caso-senasa\/","url_meta":{"origin":78891,"position":4},"title":"Dr. Cruz Jimini\u00e1n aclar\u00e1 falsas acusaciones en su contra sobre caso SeNaSa","author":"Nelson Feliz","date":"28 de diciembre de 2025","format":false,"excerpt":"El reconocido m\u00e9dico y fil\u00e1ntropo dominicano, doctor F\u00e9lix Antonio Cruz Jimini\u00e1n, desminti\u00f3 de manera categ\u00f3rica las recientes y falsas acusaciones que intentan vincular su nombre con irregularidades en el Seguro Nacional de Salud (SeNaSa). Durante el encuentro con los medios de comunicaci\u00f3n, el Dr. Cruz Jimini\u00e1n presentar\u00e1 pruebas documentales que\u2026","rel":"","context":"En \u00abPORTADA\u00bb","block_context":{"text":"PORTADA","link":"https:\/\/lasprimeras.com.do\/index.php\/category\/portada\/"},"img":{"alt_text":"F\u00e9lix Antonio Cruz Jimini\u00e1n","src":"https:\/\/i0.wp.com\/lasprimeras.com.do\/wp-content\/uploads\/2025\/12\/Felix-Antonio-Cruz-Jiminian.jpg?resize=350%2C200&ssl=1","width":350,"height":200,"srcset":"https:\/\/i0.wp.com\/lasprimeras.com.do\/wp-content\/uploads\/2025\/12\/Felix-Antonio-Cruz-Jiminian.jpg?resize=350%2C200&ssl=1 1x, https:\/\/i0.wp.com\/lasprimeras.com.do\/wp-content\/uploads\/2025\/12\/Felix-Antonio-Cruz-Jiminian.jpg?resize=525%2C300&ssl=1 1.5x"},"classes":[]},{"id":68465,"url":"https:\/\/lasprimeras.com.do\/index.php\/2023\/11\/24\/china-asegura-a-la-oms-que-brote-de-infecciones-respiratorias-es-por-patogenos-conocidos\/","url_meta":{"origin":78891,"position":5},"title":"China asegura a la OMS que brote de infecciones respiratorias es por &#8220;pat\u00f3genos conocidos&#8221;","author":"Nelson Feliz","date":"24 de noviembre de 2023","format":false,"excerpt":"La notificaci\u00f3n se produce despu\u00e9s de que la OMS pidiera esta semana a China informaci\u00f3n detallada sobre el reciente incremento en casos de enfermedades respiratorias. Las autoridades chinas informaron este jueves a la Organizaci\u00f3n Mundial de la Salud (OMS) de que el brote de infecciones respiratorias que sufre estos d\u00edas\u2026","rel":"","context":"En \u00abSin categor\u00eda\u00bb","block_context":{"text":"Sin categor\u00eda","link":"https:\/\/lasprimeras.com.do\/index.php\/category\/sin-categoria\/"},"img":{"alt_text":"","src":"https:\/\/i0.wp.com\/lasprimeras.com.do\/wp-content\/uploads\/2023\/11\/656098758b934.jpeg?resize=350%2C200&ssl=1","width":350,"height":200,"srcset":"https:\/\/i0.wp.com\/lasprimeras.com.do\/wp-content\/uploads\/2023\/11\/656098758b934.jpeg?resize=350%2C200&ssl=1 1x, https:\/\/i0.wp.com\/lasprimeras.com.do\/wp-content\/uploads\/2023\/11\/656098758b934.jpeg?resize=525%2C300&ssl=1 1.5x, https:\/\/i0.wp.com\/lasprimeras.com.do\/wp-content\/uploads\/2023\/11\/656098758b934.jpeg?resize=700%2C400&ssl=1 2x"},"classes":[]}],"jetpack_sharing_enabled":true,"_links":{"self":[{"href":"https:\/\/lasprimeras.com.do\/index.php\/wp-json\/wp\/v2\/posts\/78891","targetHints":{"allow":["GET"]}}],"collection":[{"href":"https:\/\/lasprimeras.com.do\/index.php\/wp-json\/wp\/v2\/posts"}],"about":[{"href":"https:\/\/lasprimeras.com.do\/index.php\/wp-json\/wp\/v2\/types\/post"}],"author":[{"embeddable":true,"href":"https:\/\/lasprimeras.com.do\/index.php\/wp-json\/wp\/v2\/users\/3"}],"replies":[{"embeddable":true,"href":"https:\/\/lasprimeras.com.do\/index.php\/wp-json\/wp\/v2\/comments?post=78891"}],"version-history":[{"count":1,"href":"https:\/\/lasprimeras.com.do\/index.php\/wp-json\/wp\/v2\/posts\/78891\/revisions"}],"predecessor-version":[{"id":78893,"href":"https:\/\/lasprimeras.com.do\/index.php\/wp-json\/wp\/v2\/posts\/78891\/revisions\/78893"}],"wp:featuredmedia":[{"embeddable":true,"href":"https:\/\/lasprimeras.com.do\/index.php\/wp-json\/wp\/v2\/media\/78892"}],"wp:attachment":[{"href":"https:\/\/lasprimeras.com.do\/index.php\/wp-json\/wp\/v2\/media?parent=78891"}],"wp:term":[{"taxonomy":"category","embeddable":true,"href":"https:\/\/lasprimeras.com.do\/index.php\/wp-json\/wp\/v2\/categories?post=78891"},{"taxonomy":"post_tag","embeddable":true,"href":"https:\/\/lasprimeras.com.do\/index.php\/wp-json\/wp\/v2\/tags?post=78891"}],"curies":[{"name":"wp","href":"https:\/\/api.w.org\/{rel}","templated":true}]}}