{"id":78906,"date":"2024-03-21T14:34:19","date_gmt":"2024-03-21T18:34:19","guid":{"rendered":"https:\/\/lasprimeras.com.do\/?p=78906"},"modified":"2024-03-21T14:34:20","modified_gmt":"2024-03-21T18:34:20","slug":"abel-en-mayo-sera-el-pueblo-dominicano-contra-el-gobierno-del-prm","status":"publish","type":"post","link":"https:\/\/lasprimeras.com.do\/index.php\/2024\/03\/21\/abel-en-mayo-sera-el-pueblo-dominicano-contra-el-gobierno-del-prm\/","title":{"rendered":"Abel: &#8220;En mayo ser\u00e1 el pueblo dominicano contra el Gobierno del PRM&#8221;"},"content":{"rendered":"\n<p>Santo Domingo.-El candidato presidencial del Partido de la Liberaci\u00f3n Dominicano (PLD), Abel Mart\u00ednez, declar\u00f3 que en las pr\u00f3ximas elecciones presidenciales habr\u00e1 una contienda entre el pueblo y el Gobierno del PRM.<\/p>\n\n\n\n<p>Abel Mart\u00ednez se\u00f1al\u00f3 que con la participaci\u00f3n masiva del pueblo dominicano en los comicios presidenciales, el actual Gobierno tendr\u00e1 dificultades, porque el malestar social se expresar\u00e1 con el voto.<\/p>\n\n\n\n<p>El futuro seguro es con el PLD y con ustedes, quienes son l\u00edderes y voceros de este proyecto presidencial que es del pa\u00eds y es del PLD, un partido comprometido con hacer la real transformaci\u00f3n en Rep\u00fablica Dominicana&#8221;, explic\u00f3.<\/p>\n\n\n\n<p>El l\u00edder del pueblo dominicano habl\u00f3 de esta manera, junto al presidente del PLD, Danilo Medina, durante un almuerzo que sostuvieron con decenas de candidatos a alcaldes y directores municipales electos en las pasadas elecciones de febrero.<\/p>\n\n\n\n<p>En ese sentido, los pr\u00f3ximos alcaldes y directores, quienes asumir\u00e1n sus posiciones en abril, se comprometieron en trabajar de forma incansable para que Abel Mart\u00ednez se convierta en el presidente de todos los dominicanos.<\/p>\n\n\n\n<p>Adem\u00e1s de las autoridades electas, Abel y Danilo, estuvieron presentes el secretario general del PLD, Charlie Mariotti; la candidata vicepresidencial, Zoraima Cuello; el coordinador general de Campa\u00f1a, Andr\u00e9s Navarro, y Johnny Pujols, coordinador de Gabinete.<\/p>\n\n\n\n<p>De igual modo, Ram\u00f3n Santos, presidente de la Federaci\u00f3n Dominicana de Distritos Municipales, y Francis Jorge, coordinadora de la Escuela de Formaci\u00f3n en Gobernanza Municipal del PLD.<\/p>\n\n\n\n<p>Asimismo, los miembros del Comit\u00e9 Pol\u00edtico, Robert de la Cruz, Jos\u00e9 Dant\u00e9s y Alexis Lantigua. Tambi\u00e9n el coordinador general de Comunicaciones, Roberto Rodr\u00edguez Marchena y los coordinadores general y operativo del Sector Externo, Edwin Espinal y Orlandito Tejeda, respectiva.<\/p>\n","protected":false},"excerpt":{"rendered":"<p>Santo Domingo.-El candidato presidencial del Partido de la Liberaci\u00f3n Dominicano (PLD), Abel Mart\u00ednez, declar\u00f3 que en las pr\u00f3ximas elecciones presidenciales habr\u00e1 una contienda entre el pueblo y el Gobierno del&hellip;<\/p>\n","protected":false},"author":3,"featured_media":78907,"comment_status":"open","ping_status":"open","sticky":false,"template":"","format":"standard","meta":{"content-type":"","jetpack_post_was_ever_published":false,"_jetpack_newsletter_access":"","_jetpack_dont_email_post_to_subs":false,"_jetpack_newsletter_tier_id":0,"_jetpack_memberships_contains_paywalled_content":false,"_jetpack_memberships_contains_paid_content":false,"footnotes":""},"categories":[1],"tags":[822],"class_list":["post-78906","post","type-post","status-publish","format-standard","has-post-thumbnail","hentry","category-sin-categoria","tag-abel-martinez"],"jetpack_featured_media_url":"https:\/\/lasprimeras.com.do\/wp-content\/uploads\/2024\/03\/WhatsApp-Image-2024-03-21-at-2.24.18-PM-1.jpeg","jetpack-related-posts":[{"id":113297,"url":"https:\/\/lasprimeras.com.do\/index.php\/2025\/10\/31\/comision-del-pld-se-reune-con-abel-martinez\/","url_meta":{"origin":78906,"position":0},"title":"Comision del PLD se reune con Abel Martinez","author":"Nelson Feliz","date":"31 de octubre de 2025","format":false,"excerpt":"La Comisi\u00f3n del PLD conformada para trabajar el Protocolo de Aspirantes Presidenciales se re\u00fane con Abel Mart\u00ednez. La comisi\u00f3n encargada de trabajar el Protocolo de Aspirantes Presidenciales del Partido de la Liberaci\u00f3n Dominicana (PLD) sostuvo un encuentro con Abel Mart\u00ednez, pasado candidato presidencial pelede\u00edsta en el que se intercambiaron ideas\u2026","rel":"","context":"En \u00abPOLITICA\u00bb","block_context":{"text":"POLITICA","link":"https:\/\/lasprimeras.com.do\/index.php\/category\/politica\/"},"img":{"alt_text":"","src":"https:\/\/i0.wp.com\/lasprimeras.com.do\/wp-content\/uploads\/2025\/10\/COMISION-CON-ABEL-2.jpg?resize=350%2C200&ssl=1","width":350,"height":200,"srcset":"https:\/\/i0.wp.com\/lasprimeras.com.do\/wp-content\/uploads\/2025\/10\/COMISION-CON-ABEL-2.jpg?resize=350%2C200&ssl=1 1x, https:\/\/i0.wp.com\/lasprimeras.com.do\/wp-content\/uploads\/2025\/10\/COMISION-CON-ABEL-2.jpg?resize=525%2C300&ssl=1 1.5x, https:\/\/i0.wp.com\/lasprimeras.com.do\/wp-content\/uploads\/2025\/10\/COMISION-CON-ABEL-2.jpg?resize=700%2C400&ssl=1 2x"},"classes":[]},{"id":109804,"url":"https:\/\/lasprimeras.com.do\/index.php\/2025\/09\/20\/abel-martinez-el-hoyo-corrupto-en-senasa-solo-es-equiparable-al-hoyo-ineficiente-del-sector-electrico\/","url_meta":{"origin":78906,"position":1},"title":"Abel Mart\u00ednez: \u201cEl hoyo corrupto en SENASA\u201d solo es equiparable al hoyo ineficiente del sector el\u00e9ctrico","author":"Nelson Feliz","date":"20 de septiembre de 2025","format":false,"excerpt":"El miembro del Comit\u00e9 Pol\u00edtico del Partido de la Liberaci\u00f3n Dominicana (PLD), Abel Mart\u00ednez, calific\u00f3 como un verdadero abismo de corrupci\u00f3n el esc\u00e1ndalo en SENASA, se\u00f1alando que ese \u201choyo criminal contra el erario\u201d solo puede compararse con el \u201choyo ineficiente y sin fondo\u201d del sector el\u00e9ctrico dominicano. Mart\u00ednez demand\u00f3 que\u2026","rel":"","context":"En \u00abPOLITICA\u00bb","block_context":{"text":"POLITICA","link":"https:\/\/lasprimeras.com.do\/index.php\/category\/politica\/"},"img":{"alt_text":"","src":"https:\/\/i0.wp.com\/lasprimeras.com.do\/wp-content\/uploads\/2025\/09\/Abel-Martinez.jpg?resize=350%2C200&ssl=1","width":350,"height":200,"srcset":"https:\/\/i0.wp.com\/lasprimeras.com.do\/wp-content\/uploads\/2025\/09\/Abel-Martinez.jpg?resize=350%2C200&ssl=1 1x, https:\/\/i0.wp.com\/lasprimeras.com.do\/wp-content\/uploads\/2025\/09\/Abel-Martinez.jpg?resize=525%2C300&ssl=1 1.5x, https:\/\/i0.wp.com\/lasprimeras.com.do\/wp-content\/uploads\/2025\/09\/Abel-Martinez.jpg?resize=700%2C400&ssl=1 2x"},"classes":[]},{"id":105326,"url":"https:\/\/lasprimeras.com.do\/index.php\/2025\/08\/01\/dirigentes-pld-ny-sorprendidos-por-declaracion-abel-martinez\/","url_meta":{"origin":78906,"position":2},"title":"Dirigentes PLD-NY sorprendidos por declaraci\u00f3n Abel Mart\u00ednez","author":"Nelson Feliz","date":"1 de agosto de 2025","format":false,"excerpt":"https:\/\/www.youtube.com\/shorts\/4LgodnZNGB8 Por Ram\u00f3n Mercedes NUEVA YORK.- Varios altos dirigentes de la seccional del PLD en esta ciudad, solicitando no ser identificados, afirman estar sorprendidos por la proclama que ante algunos dirigentes del partido hiciera la semana pasada en Queens el aspirante presidencial de la entidad pol\u00edtica, Abel Mart\u00ednez. Mart\u00ednez proclam\u00f3\u2026","rel":"","context":"En \u00abPOLITICA\u00bb","block_context":{"text":"POLITICA","link":"https:\/\/lasprimeras.com.do\/index.php\/category\/politica\/"},"img":{"alt_text":"","src":"https:\/\/i0.wp.com\/lasprimeras.com.do\/wp-content\/uploads\/2025\/08\/WhatsApp-Image-2025-08-01-at-5.43.21-AM-1.jpeg?resize=350%2C200&ssl=1","width":350,"height":200,"srcset":"https:\/\/i0.wp.com\/lasprimeras.com.do\/wp-content\/uploads\/2025\/08\/WhatsApp-Image-2025-08-01-at-5.43.21-AM-1.jpeg?resize=350%2C200&ssl=1 1x, https:\/\/i0.wp.com\/lasprimeras.com.do\/wp-content\/uploads\/2025\/08\/WhatsApp-Image-2025-08-01-at-5.43.21-AM-1.jpeg?resize=525%2C300&ssl=1 1.5x, https:\/\/i0.wp.com\/lasprimeras.com.do\/wp-content\/uploads\/2025\/08\/WhatsApp-Image-2025-08-01-at-5.43.21-AM-1.jpeg?resize=700%2C400&ssl=1 2x"},"classes":[]},{"id":104644,"url":"https:\/\/lasprimeras.com.do\/index.php\/2025\/07\/25\/abel-martinez-asegura-que-la-mejor-coyuntura-para-el-regreso-del-pld-al-poder-es-ahora\/","url_meta":{"origin":78906,"position":3},"title":"Abel Mart\u00ednez asegura que la mejor coyuntura para el regreso del PLD al poder es ahora","author":"Nelson Feliz","date":"25 de julio de 2025","format":false,"excerpt":"El miembro del Comit\u00e9 Pol\u00edtico del PLD , Abel Mart\u00ednez, considera que, con el reencuentro en 2028 entre el PLD y el pueblo dominicano, se cerrar\u00e1 el paso de las actuales promesas incumplidas, regresando las soluciones reales a los problemas que enfrenta RD.,\u00abLa historia nos da una nueva oportunidad, y\u2026","rel":"","context":"En \u00abPOLITICA\u00bb","block_context":{"text":"POLITICA","link":"https:\/\/lasprimeras.com.do\/index.php\/category\/politica\/"},"img":{"alt_text":"","src":"https:\/\/i0.wp.com\/lasprimeras.com.do\/wp-content\/uploads\/2024\/09\/ABEL-MARTINEZ.jpg?resize=350%2C200&ssl=1","width":350,"height":200,"srcset":"https:\/\/i0.wp.com\/lasprimeras.com.do\/wp-content\/uploads\/2024\/09\/ABEL-MARTINEZ.jpg?resize=350%2C200&ssl=1 1x, https:\/\/i0.wp.com\/lasprimeras.com.do\/wp-content\/uploads\/2024\/09\/ABEL-MARTINEZ.jpg?resize=525%2C300&ssl=1 1.5x, https:\/\/i0.wp.com\/lasprimeras.com.do\/wp-content\/uploads\/2024\/09\/ABEL-MARTINEZ.jpg?resize=700%2C400&ssl=1 2x"},"classes":[]},{"id":104762,"url":"https:\/\/lasprimeras.com.do\/index.php\/2025\/07\/27\/abel-martinez-dice-sera-proclamado-candidato-presidencial-en-2027\/","url_meta":{"origin":78906,"position":4},"title":"Abel Mart\u00ednez dice ser\u00e1 proclamado candidato presidencial en 2027","author":"Nelson Feliz","date":"27 de julio de 2025","format":false,"excerpt":"En un encuentro con l\u00edderes del Partido de la Liberaci\u00f3n Dominicana (PLD), dirigentes comunitarios y ciudadanos comprometidos, Abel Mart\u00ednez reafirm\u00f3 su determinaci\u00f3n de trabajar por un \u00abnuevo comienzo\u00bb para la Rep\u00fablica Dominicana. El exalcalde de Santiago estuvo acompa\u00f1ado por su esposa, la comunicadora Nahiony Reyes. Anunci\u00f3 que en 2027 ser\u00e1\u2026","rel":"","context":"En \u00abPOLITICA\u00bb","block_context":{"text":"POLITICA","link":"https:\/\/lasprimeras.com.do\/index.php\/category\/politica\/"},"img":{"alt_text":"Abel Mart\u00ednez","src":"https:\/\/i0.wp.com\/lasprimeras.com.do\/wp-content\/uploads\/2024\/05\/Abel-Martinez-4.jpg?resize=350%2C200&ssl=1","width":350,"height":200,"srcset":"https:\/\/i0.wp.com\/lasprimeras.com.do\/wp-content\/uploads\/2024\/05\/Abel-Martinez-4.jpg?resize=350%2C200&ssl=1 1x, https:\/\/i0.wp.com\/lasprimeras.com.do\/wp-content\/uploads\/2024\/05\/Abel-Martinez-4.jpg?resize=525%2C300&ssl=1 1.5x, https:\/\/i0.wp.com\/lasprimeras.com.do\/wp-content\/uploads\/2024\/05\/Abel-Martinez-4.jpg?resize=700%2C400&ssl=1 2x"},"classes":[]},{"id":111705,"url":"https:\/\/lasprimeras.com.do\/index.php\/2025\/10\/12\/abel-martinez-este-gobierno-llego-como-el-cambio-y-va-a-salir-como-el-fallo\/","url_meta":{"origin":78906,"position":5},"title":"Abel Mart\u00ednez: \u201cEste gobierno lleg\u00f3 como \u201cel cambio\u201d y va a salir como \u201cel fallo\u201d","author":"Nelson Feliz","date":"12 de octubre de 2025","format":false,"excerpt":"El miembro del Comit\u00e9 Politico del Partido de la Liberaci\u00f3n Dominicana (PLD), Abel Martinez, lament\u00f3 la dif\u00edcil situaci\u00f3n que enfrenta el pueblo dominicano como consecuencia de las malas ejecutorias de un gobierno ineficaz e indolente que, se visti\u00f3 de cambio y ha resultado un gran fallo, llevando al pa\u00eds por\u2026","rel":"","context":"En \u00abPOLITICA\u00bb","block_context":{"text":"POLITICA","link":"https:\/\/lasprimeras.com.do\/index.php\/category\/politica\/"},"img":{"alt_text":"","src":"https:\/\/i0.wp.com\/lasprimeras.com.do\/wp-content\/uploads\/2025\/10\/Abel-Martinez-1-1.jpg?resize=350%2C200&ssl=1","width":350,"height":200,"srcset":"https:\/\/i0.wp.com\/lasprimeras.com.do\/wp-content\/uploads\/2025\/10\/Abel-Martinez-1-1.jpg?resize=350%2C200&ssl=1 1x, https:\/\/i0.wp.com\/lasprimeras.com.do\/wp-content\/uploads\/2025\/10\/Abel-Martinez-1-1.jpg?resize=525%2C300&ssl=1 1.5x, https:\/\/i0.wp.com\/lasprimeras.com.do\/wp-content\/uploads\/2025\/10\/Abel-Martinez-1-1.jpg?resize=700%2C400&ssl=1 2x"},"classes":[]}],"jetpack_sharing_enabled":true,"_links":{"self":[{"href":"https:\/\/lasprimeras.com.do\/index.php\/wp-json\/wp\/v2\/posts\/78906","targetHints":{"allow":["GET"]}}],"collection":[{"href":"https:\/\/lasprimeras.com.do\/index.php\/wp-json\/wp\/v2\/posts"}],"about":[{"href":"https:\/\/lasprimeras.com.do\/index.php\/wp-json\/wp\/v2\/types\/post"}],"author":[{"embeddable":true,"href":"https:\/\/lasprimeras.com.do\/index.php\/wp-json\/wp\/v2\/users\/3"}],"replies":[{"embeddable":true,"href":"https:\/\/lasprimeras.com.do\/index.php\/wp-json\/wp\/v2\/comments?post=78906"}],"version-history":[{"count":1,"href":"https:\/\/lasprimeras.com.do\/index.php\/wp-json\/wp\/v2\/posts\/78906\/revisions"}],"predecessor-version":[{"id":78908,"href":"https:\/\/lasprimeras.com.do\/index.php\/wp-json\/wp\/v2\/posts\/78906\/revisions\/78908"}],"wp:featuredmedia":[{"embeddable":true,"href":"https:\/\/lasprimeras.com.do\/index.php\/wp-json\/wp\/v2\/media\/78907"}],"wp:attachment":[{"href":"https:\/\/lasprimeras.com.do\/index.php\/wp-json\/wp\/v2\/media?parent=78906"}],"wp:term":[{"taxonomy":"category","embeddable":true,"href":"https:\/\/lasprimeras.com.do\/index.php\/wp-json\/wp\/v2\/categories?post=78906"},{"taxonomy":"post_tag","embeddable":true,"href":"https:\/\/lasprimeras.com.do\/index.php\/wp-json\/wp\/v2\/tags?post=78906"}],"curies":[{"name":"wp","href":"https:\/\/api.w.org\/{rel}","templated":true}]}}