{"id":78909,"date":"2024-03-21T14:51:43","date_gmt":"2024-03-21T18:51:43","guid":{"rendered":"https:\/\/lasprimeras.com.do\/?p=78909"},"modified":"2024-03-21T14:51:44","modified_gmt":"2024-03-21T18:51:44","slug":"incendio-afecta-apartamento-en-el-residencial-ciudad-real-ii","status":"publish","type":"post","link":"https:\/\/lasprimeras.com.do\/index.php\/2024\/03\/21\/incendio-afecta-apartamento-en-el-residencial-ciudad-real-ii\/","title":{"rendered":"Incendio afecta apartamento en el Residencial Ciudad Real II"},"content":{"rendered":"\n<p>Santo Domingo.-Un incendio afect\u00f3 la ma\u00f1ana de este jueves a unos de los apartamentos del Residencial Ciudad Real ll, ubicado en la avenida Rep\u00fablica de Colombia, Santo Domingo.<\/p>\n\n\n\n<p>Conforme a lo indicado a Hoy Digital por el general Jos\u00e9 Luis Fr\u00f3meta Herasme, jefe del Cuerpo de Bomberos del Distrito Nacional, el siniestro fue controlado en su totalidad, y t\u00e9cnicos de la instituci\u00f3n realizan las pesquisas de lugar para determinar las causas.<\/p>\n\n\n\n<p>\u00abEs un cuarto nivel, tipo penthouse, que tiene un \u00e1rea de madera que se incendi\u00f3, y ya en el lugar se encuentra el departamento t\u00e9cnico haciendo la investigaci\u00f3n del incendio\u00bb, dijo Herasme durante una llamada telef\u00f3nica.<\/p>\n\n\n\n<p>Adem\u00e1s, sostuvo que \u00abgracias a Dios\u00bb no resultaron personas afectadas por el fuego.<\/p>\n\n\n\n<p>Indic\u00f3 que a la escena del hecho acudieron seis unidades de bomberos.<\/p>\n","protected":false},"excerpt":{"rendered":"<p>Santo Domingo.-Un incendio afect\u00f3 la ma\u00f1ana de este jueves a unos de los apartamentos del Residencial Ciudad Real ll, ubicado en la avenida Rep\u00fablica de Colombia, Santo Domingo. Conforme a&hellip;<\/p>\n","protected":false},"author":3,"featured_media":78910,"comment_status":"open","ping_status":"open","sticky":false,"template":"","format":"standard","meta":{"content-type":"","jetpack_post_was_ever_published":false,"_jetpack_newsletter_access":"","_jetpack_dont_email_post_to_subs":false,"_jetpack_newsletter_tier_id":0,"_jetpack_memberships_contains_paywalled_content":false,"_jetpack_memberships_contains_paid_content":false,"footnotes":""},"categories":[35],"tags":[4072],"class_list":["post-78909","post","type-post","status-publish","format-standard","has-post-thumbnail","hentry","category-nacionales","tag-residencial"],"jetpack_featured_media_url":"https:\/\/lasprimeras.com.do\/wp-content\/uploads\/2024\/03\/WhatsApp-Image-2024-03-21-at-10.55.09-AM-1.jpeg","jetpack-related-posts":[{"id":68189,"url":"https:\/\/lasprimeras.com.do\/index.php\/2023\/11\/22\/ministerio-de-educacion-suspende-labores-tras-un-conato-de-incendio\/","url_meta":{"origin":78909,"position":0},"title":"Ministerio de Educaci\u00f3n suspende labores tras un conato de incendio","author":"Nelson Feliz","date":"22 de noviembre de 2023","format":false,"excerpt":"El Ministerio de Educaci\u00f3n (Minerd) suspendi\u00f3 sus labores administrativas debido a un conato de incendio en el primer piso del edificio que aloja su sede principal. Hasta el momento no se ha informado de personas afectadas.El fuego fue controlado por unidades del Cuerpo de Bomberos de Santo Domingo. Sofocan conato\u2026","rel":"","context":"En \u00abNACIONALES\u00bb","block_context":{"text":"NACIONALES","link":"https:\/\/lasprimeras.com.do\/index.php\/category\/nacionales\/"},"img":{"alt_text":"","src":"https:\/\/i0.wp.com\/lasprimeras.com.do\/wp-content\/uploads\/2023\/11\/INCENDIO-MINERD.jpg?resize=350%2C200&ssl=1","width":350,"height":200,"srcset":"https:\/\/i0.wp.com\/lasprimeras.com.do\/wp-content\/uploads\/2023\/11\/INCENDIO-MINERD.jpg?resize=350%2C200&ssl=1 1x, https:\/\/i0.wp.com\/lasprimeras.com.do\/wp-content\/uploads\/2023\/11\/INCENDIO-MINERD.jpg?resize=525%2C300&ssl=1 1.5x, https:\/\/i0.wp.com\/lasprimeras.com.do\/wp-content\/uploads\/2023\/11\/INCENDIO-MINERD.jpg?resize=700%2C400&ssl=1 2x, https:\/\/i0.wp.com\/lasprimeras.com.do\/wp-content\/uploads\/2023\/11\/INCENDIO-MINERD.jpg?resize=1050%2C600&ssl=1 3x"},"classes":[]},{"id":60744,"url":"https:\/\/lasprimeras.com.do\/index.php\/2023\/09\/18\/ocho-vehiculos-destruidos-y-otros-11-afectados-en-incendio-en-santiago\/","url_meta":{"origin":78909,"position":1},"title":"Ocho veh\u00edculos destruidos y otros 11 afectados en incendio en Santiago","author":"Nelson Feliz","date":"18 de septiembre de 2023","format":false,"excerpt":"No hay reportes de personas afectadas por el incendio ocurrido en parqueo subterr\u00e1neo. Ocho veh\u00edculos fueron destruidos y otros 11 resultaron afectados en un incendio que ocurri\u00f3 en el parqueo subterr\u00e1neo de un residencial en el sector El Dorado, al norte de Santiago. Los residentes del complejo habitacional Milhojas fueron\u2026","rel":"","context":"En \u00abNACIONALES\u00bb","block_context":{"text":"NACIONALES","link":"https:\/\/lasprimeras.com.do\/index.php\/category\/nacionales\/"},"img":{"alt_text":"incendio","src":"https:\/\/i0.wp.com\/lasprimeras.com.do\/wp-content\/uploads\/2023\/09\/incendio.jpg?resize=350%2C200&ssl=1","width":350,"height":200,"srcset":"https:\/\/i0.wp.com\/lasprimeras.com.do\/wp-content\/uploads\/2023\/09\/incendio.jpg?resize=350%2C200&ssl=1 1x, https:\/\/i0.wp.com\/lasprimeras.com.do\/wp-content\/uploads\/2023\/09\/incendio.jpg?resize=525%2C300&ssl=1 1.5x, https:\/\/i0.wp.com\/lasprimeras.com.do\/wp-content\/uploads\/2023\/09\/incendio.jpg?resize=700%2C400&ssl=1 2x"},"classes":[]},{"id":86787,"url":"https:\/\/lasprimeras.com.do\/index.php\/2024\/07\/31\/sistema-911-coordina-asistencia-en-incendio-de-tienda-en-bajos-de-haina\/","url_meta":{"origin":78909,"position":2},"title":"Sistema 911 coordina asistencia en incendio de tienda en Bajos de Haina","author":"Nelson Feliz","date":"31 de julio de 2024","format":false,"excerpt":"Las autoridades han desplegado m\u00faltiples unidades para controlar el incendio y asistir a los afectados en el lugar. El evento contin\u00faa en desarrollo. El Sistema Nacional de Atenci\u00f3n a Emergencias y Seguridad 911 coordin\u00f3 la asistencia de los Cuerpos de Bomberos de San Crist\u00f3bal, Haina, Distrito Nacional, Yaguate, Santo Domingo\u2026","rel":"","context":"En \u00abNACIONALES\u00bb","block_context":{"text":"NACIONALES","link":"https:\/\/lasprimeras.com.do\/index.php\/category\/nacionales\/"},"img":{"alt_text":"","src":"https:\/\/i0.wp.com\/lasprimeras.com.do\/wp-content\/uploads\/2024\/08\/incendio-1.jpg?resize=350%2C200&ssl=1","width":350,"height":200,"srcset":"https:\/\/i0.wp.com\/lasprimeras.com.do\/wp-content\/uploads\/2024\/08\/incendio-1.jpg?resize=350%2C200&ssl=1 1x, https:\/\/i0.wp.com\/lasprimeras.com.do\/wp-content\/uploads\/2024\/08\/incendio-1.jpg?resize=525%2C300&ssl=1 1.5x, https:\/\/i0.wp.com\/lasprimeras.com.do\/wp-content\/uploads\/2024\/08\/incendio-1.jpg?resize=700%2C400&ssl=1 2x"},"classes":[]},{"id":55840,"url":"https:\/\/lasprimeras.com.do\/index.php\/2023\/07\/25\/administracion-de-jet-set-dice-rayo-provoco-incendio-afecto-su-planta-electrica\/","url_meta":{"origin":78909,"position":3},"title":"Administraci\u00f3n de Jet Set dice rayo provoc\u00f3 incendio afect\u00f3 su planta el\u00e9ctrica","author":"Nelson Feliz","date":"25 de julio de 2023","format":false,"excerpt":"Un rayo provoc\u00f3 el incendio que afect\u00f3 la tarde de este martes la planta el\u00e9ctrica de la discoteca Jet Set, ubicada en la avenida Independencia del Distrito Nacional. As\u00ed lo inform\u00f3 el establecimiento de entretenimiento a trav\u00e9s de un comunicado de prensa. \"La situaci\u00f3n se dio, sin pasar a mayores,\u2026","rel":"","context":"En \u00abNACIONALES\u00bb","block_context":{"text":"NACIONALES","link":"https:\/\/lasprimeras.com.do\/index.php\/category\/nacionales\/"},"img":{"alt_text":"planta el\u00e9ctrica de Jet Set afectada por el fuego","src":"https:\/\/i0.wp.com\/lasprimeras.com.do\/wp-content\/uploads\/2023\/07\/planta-electrica-de-Jet-Set-afectada-por-el-fuego.jpg?resize=350%2C200&ssl=1","width":350,"height":200,"srcset":"https:\/\/i0.wp.com\/lasprimeras.com.do\/wp-content\/uploads\/2023\/07\/planta-electrica-de-Jet-Set-afectada-por-el-fuego.jpg?resize=350%2C200&ssl=1 1x, https:\/\/i0.wp.com\/lasprimeras.com.do\/wp-content\/uploads\/2023\/07\/planta-electrica-de-Jet-Set-afectada-por-el-fuego.jpg?resize=525%2C300&ssl=1 1.5x, https:\/\/i0.wp.com\/lasprimeras.com.do\/wp-content\/uploads\/2023\/07\/planta-electrica-de-Jet-Set-afectada-por-el-fuego.jpg?resize=700%2C400&ssl=1 2x"},"classes":[]},{"id":68216,"url":"https:\/\/lasprimeras.com.do\/index.php\/2023\/11\/22\/una-cocina-y-una-manejadora-de-aire-acondicionado-habrian-originado-incendio-en-el-minerd\/","url_meta":{"origin":78909,"position":4},"title":"Una cocina y una manejadora de aire acondicionado habr\u00edan originado incendio en el Minerd","author":"BIMARY DE JES\u00daS Matos","date":"22 de noviembre de 2023","format":false,"excerpt":"Santo Domingo.-Una peque\u00f1a cocina en el \u00e1rea de recursos humanos, juntamente con una \"manejadora\" de aire acondicionado, ubicada en el pasillo frente al departamento, habr\u00edan sido el punto de origen del incendio reportado la ma\u00f1ana de este mi\u00e9rcoles en las instalaciones del Ministerio de Educaci\u00f3n. Seg\u00fan inform\u00f3 el general Jos\u00e9\u2026","rel":"","context":"En \u00abNACIONALES\u00bb","block_context":{"text":"NACIONALES","link":"https:\/\/lasprimeras.com.do\/index.php\/category\/nacionales\/"},"img":{"alt_text":"","src":"https:\/\/i0.wp.com\/lasprimeras.com.do\/wp-content\/uploads\/2023\/11\/Noticias-de-energia-18-1.jpg?resize=350%2C200&ssl=1","width":350,"height":200,"srcset":"https:\/\/i0.wp.com\/lasprimeras.com.do\/wp-content\/uploads\/2023\/11\/Noticias-de-energia-18-1.jpg?resize=350%2C200&ssl=1 1x, https:\/\/i0.wp.com\/lasprimeras.com.do\/wp-content\/uploads\/2023\/11\/Noticias-de-energia-18-1.jpg?resize=525%2C300&ssl=1 1.5x, https:\/\/i0.wp.com\/lasprimeras.com.do\/wp-content\/uploads\/2023\/11\/Noticias-de-energia-18-1.jpg?resize=700%2C400&ssl=1 2x"},"classes":[]},{"id":58178,"url":"https:\/\/lasprimeras.com.do\/index.php\/2023\/08\/21\/incendio-afecta-edificios-en-brooklyn-hay-10-bomberos-heridos\/","url_meta":{"origin":78909,"position":5},"title":"Incendio afecta edificios en Brooklyn; hay 10 bomberos heridos","author":"Nelson Feliz","date":"21 de agosto de 2023","format":false,"excerpt":"El fuego arras\u00f3 con varios negocios y desafi\u00f3 a m\u00e1s de 200 bomberos y personal de emergencias. Un fuerte incendio afect\u00f3 la tarde de este domingo el condado de Brooklyn en la ciudad de Nueva York, donde se han reportado 10 bomberos y personal de emergencia heridos. Seg\u00fan informa Univision\u2026","rel":"","context":"En \u00abSin categor\u00eda\u00bb","block_context":{"text":"Sin categor\u00eda","link":"https:\/\/lasprimeras.com.do\/index.php\/category\/sin-categoria\/"},"img":{"alt_text":"El incendio en el condado de Brooklyn, en Nueva York, arras\u00f3 con varios negocios.","src":"https:\/\/i0.wp.com\/lasprimeras.com.do\/wp-content\/uploads\/2023\/08\/Incendio-1.jpg?resize=350%2C200&ssl=1","width":350,"height":200,"srcset":"https:\/\/i0.wp.com\/lasprimeras.com.do\/wp-content\/uploads\/2023\/08\/Incendio-1.jpg?resize=350%2C200&ssl=1 1x, https:\/\/i0.wp.com\/lasprimeras.com.do\/wp-content\/uploads\/2023\/08\/Incendio-1.jpg?resize=525%2C300&ssl=1 1.5x, https:\/\/i0.wp.com\/lasprimeras.com.do\/wp-content\/uploads\/2023\/08\/Incendio-1.jpg?resize=700%2C400&ssl=1 2x"},"classes":[]}],"jetpack_sharing_enabled":true,"_links":{"self":[{"href":"https:\/\/lasprimeras.com.do\/index.php\/wp-json\/wp\/v2\/posts\/78909","targetHints":{"allow":["GET"]}}],"collection":[{"href":"https:\/\/lasprimeras.com.do\/index.php\/wp-json\/wp\/v2\/posts"}],"about":[{"href":"https:\/\/lasprimeras.com.do\/index.php\/wp-json\/wp\/v2\/types\/post"}],"author":[{"embeddable":true,"href":"https:\/\/lasprimeras.com.do\/index.php\/wp-json\/wp\/v2\/users\/3"}],"replies":[{"embeddable":true,"href":"https:\/\/lasprimeras.com.do\/index.php\/wp-json\/wp\/v2\/comments?post=78909"}],"version-history":[{"count":1,"href":"https:\/\/lasprimeras.com.do\/index.php\/wp-json\/wp\/v2\/posts\/78909\/revisions"}],"predecessor-version":[{"id":78911,"href":"https:\/\/lasprimeras.com.do\/index.php\/wp-json\/wp\/v2\/posts\/78909\/revisions\/78911"}],"wp:featuredmedia":[{"embeddable":true,"href":"https:\/\/lasprimeras.com.do\/index.php\/wp-json\/wp\/v2\/media\/78910"}],"wp:attachment":[{"href":"https:\/\/lasprimeras.com.do\/index.php\/wp-json\/wp\/v2\/media?parent=78909"}],"wp:term":[{"taxonomy":"category","embeddable":true,"href":"https:\/\/lasprimeras.com.do\/index.php\/wp-json\/wp\/v2\/categories?post=78909"},{"taxonomy":"post_tag","embeddable":true,"href":"https:\/\/lasprimeras.com.do\/index.php\/wp-json\/wp\/v2\/tags?post=78909"}],"curies":[{"name":"wp","href":"https:\/\/api.w.org\/{rel}","templated":true}]}}