{"id":78926,"date":"2024-03-21T19:38:59","date_gmt":"2024-03-21T23:38:59","guid":{"rendered":"https:\/\/lasprimeras.com.do\/?p=78926"},"modified":"2024-03-21T19:39:01","modified_gmt":"2024-03-21T23:39:01","slug":"agropecuarios-con-luis-realiza-donacion-de-10000-plantas-de-cafe-a-productores-de-mahoma-rancho-arriba-san-jose-de-ocoa","status":"publish","type":"post","link":"https:\/\/lasprimeras.com.do\/index.php\/2024\/03\/21\/agropecuarios-con-luis-realiza-donacion-de-10000-plantas-de-cafe-a-productores-de-mahoma-rancho-arriba-san-jose-de-ocoa\/","title":{"rendered":"Agropecuarios con Lu\u00eds realiza donaci\u00f3n de 10,000 plantas de caf\u00e9 a productores de Mahoma, Rancho Arriba, San Jos\u00e9 de Ocoa"},"content":{"rendered":"\n<p>Martin Restituyo<\/p>\n\n\n\n<p>San Jos\u00e9 de Ocoa.-Agropecuarios con Lu\u00eds, equipo que apoya el cambio del presidente Luis Abinader y el desarrollo sostenible del sector agropecuario en Rep\u00fablica Dominicana, ha llevado a cabo una generosa donaci\u00f3n de 10,000 plantas de caf\u00e9 a los productores de la comunidad de Mahoma, ubicada en Rancho Arriba, provincia de San Jos\u00e9 de Ocoa.<\/p>\n\n\n\n<p>La entrega de estas plantas de caf\u00e9 se llev\u00f3 a cabo el dia de hoy, en una ceremonia emotiva y llena de esperanza para los agricultores locales. En representaci\u00f3n de Agropecuarios con Lu\u00eds, Manuel Alejandro Castillo tuvo el honor de entregar personalmente estas plantas de caf\u00e9 a los productores de Mahoma.<\/p>\n\n\n\n<p>Esta donaci\u00f3n representa un impulso significativo para la econom\u00eda agr\u00edcola de la zona y una oportunidad para fortalecer la producci\u00f3n cafetalera en la regi\u00f3n.<\/p>\n\n\n\n<p>Eric Rivero l\u00edder y fundador de Agropecuarios con Lu\u00eds, expres\u00f3 su satisfacci\u00f3n por poder contribuir al crecimiento y desarrollo de los productores de caf\u00e9 de Mahoma. &#8220;Estamos comprometidos con el bienestar de nuestros agricultores y con el fortalecimiento del sector agropecuario dominicano. Esta donaci\u00f3n es solo el comienzo de nuestro apoyo continuo a la comunidad de Mahoma y a todos los productores de caf\u00e9 de San Jos\u00e9 de Ocoa&#8221;, afirm\u00f3.<\/p>\n\n\n\n<p>Los beneficiarios de esta donaci\u00f3n se mostraron agradecidos y entusiasmados con la posibilidad de mejorar sus medios de vida a trav\u00e9s de la producci\u00f3n de caf\u00e9. Se espera que esta iniciativa tenga un impacto positivo en la econom\u00eda local y en la calidad de vida de los habitantes de Mahoma y sus alrededores.<\/p>\n\n\n\n<p>Agropecuarios con Lu\u00eds reafirma su compromiso con el desarrollo agr\u00edcola sostenible y su apoyo constante a las comunidades rurales de Rep\u00fablica Dominicana. La organizaci\u00f3n contin\u00faa trabajando en proyectos y programas que promueven la prosperidad y el bienestar de los agricultores dominicanos.<\/p>\n","protected":false},"excerpt":{"rendered":"<p>Martin Restituyo San Jos\u00e9 de Ocoa.-Agropecuarios con Lu\u00eds, equipo que apoya el cambio del presidente Luis Abinader y el desarrollo sostenible del sector agropecuario en Rep\u00fablica Dominicana, ha llevado a&hellip;<\/p>\n","protected":false},"author":3,"featured_media":78927,"comment_status":"open","ping_status":"open","sticky":false,"template":"","format":"standard","meta":{"content-type":"","jetpack_post_was_ever_published":false,"_jetpack_newsletter_access":"","_jetpack_dont_email_post_to_subs":false,"_jetpack_newsletter_tier_id":0,"_jetpack_memberships_contains_paywalled_content":false,"_jetpack_memberships_contains_paid_content":false,"footnotes":""},"categories":[35],"tags":[7769],"class_list":["post-78926","post","type-post","status-publish","format-standard","has-post-thumbnail","hentry","category-nacionales","tag-agropecuarios"],"jetpack_featured_media_url":"https:\/\/lasprimeras.com.do\/wp-content\/uploads\/2024\/03\/WhatsApp-Image-2024-03-21-at-5.52.46-PM-1.jpeg","jetpack-related-posts":[{"id":69480,"url":"https:\/\/lasprimeras.com.do\/index.php\/2023\/12\/03\/luis-abinader-en-este-gobierno-estamos-aranando-los-chelitos-para-llevarlos-donde-se-necesiten\/","url_meta":{"origin":78926,"position":0},"title":"Luis Abinader: \u201cEn este Gobierno estamos ara\u00f1ando los chelitos para llevarlos donde se necesiten\u201d","author":"Nelson Feliz","date":"3 de diciembre de 2023","format":false,"excerpt":"El jefe de Estado inaugur\u00f3 el tramo carretero Rancho Arriba-Nizao en San Jos\u00e9 de Ocoa. El presidente Luis Abinader inaugur\u00f3 el tramo carretero Rancho Arriba-Nizao, que servir\u00e1 para conectar la parte sur y norte del pa\u00eds. El mandatario expres\u00f3 que a\u00fan hay obras pendientes para beneficiar a la provincia y\u2026","rel":"","context":"En \u00abNACIONALES\u00bb","block_context":{"text":"NACIONALES","link":"https:\/\/lasprimeras.com.do\/index.php\/category\/nacionales\/"},"img":{"alt_text":"Luis Abinader","src":"https:\/\/i0.wp.com\/lasprimeras.com.do\/wp-content\/uploads\/2023\/12\/Luis-Abinader-8.jpg?resize=350%2C200&ssl=1","width":350,"height":200,"srcset":"https:\/\/i0.wp.com\/lasprimeras.com.do\/wp-content\/uploads\/2023\/12\/Luis-Abinader-8.jpg?resize=350%2C200&ssl=1 1x, https:\/\/i0.wp.com\/lasprimeras.com.do\/wp-content\/uploads\/2023\/12\/Luis-Abinader-8.jpg?resize=525%2C300&ssl=1 1.5x, https:\/\/i0.wp.com\/lasprimeras.com.do\/wp-content\/uploads\/2023\/12\/Luis-Abinader-8.jpg?resize=700%2C400&ssl=1 2x"},"classes":[]},{"id":101566,"url":"https:\/\/lasprimeras.com.do\/index.php\/2025\/06\/23\/comedores-economicos-realiza-amplio-operativo-de-entrega-de-raciones-crudas-en-san-jose-de-ocoa\/","url_meta":{"origin":78926,"position":1},"title":"Comedores Econ\u00f3micos realiza amplio operativo de entrega de raciones crudas en San Jos\u00e9 de Ocoa","author":"Nelson Feliz","date":"23 de junio de 2025","format":false,"excerpt":"Los operativos que se ejecutan tanto de alimentos crudos como la entrega de raciones cocidas que diariamente se sirven en todo el territorio nacional a trav\u00e9s de los 146 comedores productores y de expendios diseminados en toda la geograf\u00eda nacional y las cocinas m\u00f3viles de manera gratuita, continuaran realiz\u00e1ndose en\u2026","rel":"","context":"En \u00abNACIONALES\u00bb","block_context":{"text":"NACIONALES","link":"https:\/\/lasprimeras.com.do\/index.php\/category\/nacionales\/"},"img":{"alt_text":"","src":"https:\/\/i0.wp.com\/lasprimeras.com.do\/wp-content\/uploads\/2025\/06\/comeores-1.jpg?resize=350%2C200&ssl=1","width":350,"height":200,"srcset":"https:\/\/i0.wp.com\/lasprimeras.com.do\/wp-content\/uploads\/2025\/06\/comeores-1.jpg?resize=350%2C200&ssl=1 1x, https:\/\/i0.wp.com\/lasprimeras.com.do\/wp-content\/uploads\/2025\/06\/comeores-1.jpg?resize=525%2C300&ssl=1 1.5x, https:\/\/i0.wp.com\/lasprimeras.com.do\/wp-content\/uploads\/2025\/06\/comeores-1.jpg?resize=700%2C400&ssl=1 2x"},"classes":[]},{"id":123630,"url":"https:\/\/lasprimeras.com.do\/index.php\/2026\/03\/03\/pld-en-san-jose-de-ocoa-indignacion-de-ocoa-con-anuncio-de-obras-inexistentes\/","url_meta":{"origin":78926,"position":2},"title":"PLD en San Jos\u00e9 de Ocoa: Indignaci\u00f3n de Ocoa con anuncio de obras inexistentes","author":"Nelson Feliz","date":"3 de marzo de 2026","format":false,"excerpt":"El PLD en San Jos\u00e9 de Ocoa responde al Presidente de la Rep\u00fablica. Niega la construcci\u00f3n de 25 obras en la provincia. El Partido de la Liberaci\u00f3n Dominicana (PLD), en San Jos\u00e9 de Ocoa, desminti\u00f3 que el gobierno del PRM haya construido 25 obras como se\u00f1al\u00f3 el presidente de la\u2026","rel":"","context":"En \u00abPOLITICA\u00bb","block_context":{"text":"POLITICA","link":"https:\/\/lasprimeras.com.do\/index.php\/category\/politica\/"},"img":{"alt_text":"","src":"https:\/\/i0.wp.com\/lasprimeras.com.do\/wp-content\/uploads\/2026\/03\/Foto.jpg?resize=350%2C200&ssl=1","width":350,"height":200,"srcset":"https:\/\/i0.wp.com\/lasprimeras.com.do\/wp-content\/uploads\/2026\/03\/Foto.jpg?resize=350%2C200&ssl=1 1x, https:\/\/i0.wp.com\/lasprimeras.com.do\/wp-content\/uploads\/2026\/03\/Foto.jpg?resize=525%2C300&ssl=1 1.5x, https:\/\/i0.wp.com\/lasprimeras.com.do\/wp-content\/uploads\/2026\/03\/Foto.jpg?resize=700%2C400&ssl=1 2x"},"classes":[]},{"id":68584,"url":"https:\/\/lasprimeras.com.do\/index.php\/2023\/11\/25\/roberto-angel-supervisa-ampliacion-de-acciones-sociales-del-gobierno-y-reparacion-de-viviendas-en-sj-de-ocoa\/","url_meta":{"origin":78926,"position":3},"title":"Roberto \u00c1ngel supervisa ampliaci\u00f3n de acciones sociales del Gobierno y reparaci\u00f3n de viviendas en SJ de Ocoa","author":"BIMARY DE JES\u00daS Matos","date":"25 de noviembre de 2023","format":false,"excerpt":"San Jos\u00e9 de Ocoa. - El director general de Proyectos Estrat\u00e9gicos y Especiales de la Presidencia, Roberto \u00c1ngel Salcedo, inici\u00f3 este viernes un programa masivo de fumigacion en esta provincia y supervis\u00f3 la ampliaci\u00f3n de las acciones sociales del Gobierno en beneficio de las miles de familias afectadas por las\u2026","rel":"","context":"En \u00abPORTADA\u00bb","block_context":{"text":"PORTADA","link":"https:\/\/lasprimeras.com.do\/index.php\/category\/portada\/"},"img":{"alt_text":"","src":"https:\/\/i0.wp.com\/lasprimeras.com.do\/wp-content\/uploads\/2023\/11\/WhatsApp-Image-2023-11-25-at-5.12.29-PM-3.jpeg?resize=350%2C200&ssl=1","width":350,"height":200,"srcset":"https:\/\/i0.wp.com\/lasprimeras.com.do\/wp-content\/uploads\/2023\/11\/WhatsApp-Image-2023-11-25-at-5.12.29-PM-3.jpeg?resize=350%2C200&ssl=1 1x, https:\/\/i0.wp.com\/lasprimeras.com.do\/wp-content\/uploads\/2023\/11\/WhatsApp-Image-2023-11-25-at-5.12.29-PM-3.jpeg?resize=525%2C300&ssl=1 1.5x, https:\/\/i0.wp.com\/lasprimeras.com.do\/wp-content\/uploads\/2023\/11\/WhatsApp-Image-2023-11-25-at-5.12.29-PM-3.jpeg?resize=700%2C400&ssl=1 2x"},"classes":[]},{"id":68085,"url":"https:\/\/lasprimeras.com.do\/index.php\/2023\/11\/21\/mas-de-2-5-millones-de-metros-de-invernaderos-fueron-arrasados-por-desborde-de-rio-nizao-en-rancho-arriba\/","url_meta":{"origin":78926,"position":4},"title":"M\u00e1s de 2.5 millones de metros de invernaderos fueron arrasados por desborde de r\u00edo Nizao en Rancho Arriba","author":"BIMARY DE JES\u00daS Matos","date":"21 de noviembre de 2023","format":false,"excerpt":"Santo Domingo.-Unos dos millones seiscientos mil metros de invernaderos fueron arrasados por la crecida del r\u00edo Nizao en el municipio Rancho Arriba, de la provincia San Jos\u00e9 de Ocoa, tras el \u201cmayor evento de lluvias jam\u00e1s registrado\u201d en Rep\u00fablica Dominicana, inform\u00f3 este martes el viceministro de Producci\u00f3n y Mercadeo del\u2026","rel":"","context":"En \u00abPORTADA\u00bb","block_context":{"text":"PORTADA","link":"https:\/\/lasprimeras.com.do\/index.php\/category\/portada\/"},"img":{"alt_text":"","src":"https:\/\/i0.wp.com\/lasprimeras.com.do\/wp-content\/uploads\/2023\/11\/Noticias-de-energia-6-1.jpg?resize=350%2C200&ssl=1","width":350,"height":200,"srcset":"https:\/\/i0.wp.com\/lasprimeras.com.do\/wp-content\/uploads\/2023\/11\/Noticias-de-energia-6-1.jpg?resize=350%2C200&ssl=1 1x, https:\/\/i0.wp.com\/lasprimeras.com.do\/wp-content\/uploads\/2023\/11\/Noticias-de-energia-6-1.jpg?resize=525%2C300&ssl=1 1.5x"},"classes":[]},{"id":114207,"url":"https:\/\/lasprimeras.com.do\/index.php\/2025\/11\/12\/hector-guzman-advierte-precios-alimentos-continuaran-aumentando-en-rd\/","url_meta":{"origin":78926,"position":5},"title":"H\u00e9ctor Guzm\u00e1n advierte precios alimentos continuar\u00e1n aumentando en RD","author":"Nelson Feliz","date":"12 de noviembre de 2025","format":false,"excerpt":"El vicepresidente del Partido Revolucionario Dominicano (PRD) H\u00e9ctor Guzm\u00e1n, advirti\u00f3 que los precios de los alimentos continuar\u00e1n aumentando en las pr\u00f3ximas semanas debido a la combinaci\u00f3n de problemas estructurales en la producci\u00f3n agr\u00edcola y los da\u00f1os ocasionados por la tormenta Melissa. Guzm\u00e1n, explic\u00f3 que los precios de las hortalizas, v\u00edveres,\u2026","rel":"","context":"En \u00abPOLITICA\u00bb","block_context":{"text":"POLITICA","link":"https:\/\/lasprimeras.com.do\/index.php\/category\/politica\/"},"img":{"alt_text":"H\u00e9ctor Guzm\u00e1n","src":"https:\/\/i0.wp.com\/lasprimeras.com.do\/wp-content\/uploads\/2025\/11\/Hector-Guzman-1.png?resize=350%2C200&ssl=1","width":350,"height":200,"srcset":"https:\/\/i0.wp.com\/lasprimeras.com.do\/wp-content\/uploads\/2025\/11\/Hector-Guzman-1.png?resize=350%2C200&ssl=1 1x, https:\/\/i0.wp.com\/lasprimeras.com.do\/wp-content\/uploads\/2025\/11\/Hector-Guzman-1.png?resize=525%2C300&ssl=1 1.5x"},"classes":[]}],"jetpack_sharing_enabled":true,"_links":{"self":[{"href":"https:\/\/lasprimeras.com.do\/index.php\/wp-json\/wp\/v2\/posts\/78926","targetHints":{"allow":["GET"]}}],"collection":[{"href":"https:\/\/lasprimeras.com.do\/index.php\/wp-json\/wp\/v2\/posts"}],"about":[{"href":"https:\/\/lasprimeras.com.do\/index.php\/wp-json\/wp\/v2\/types\/post"}],"author":[{"embeddable":true,"href":"https:\/\/lasprimeras.com.do\/index.php\/wp-json\/wp\/v2\/users\/3"}],"replies":[{"embeddable":true,"href":"https:\/\/lasprimeras.com.do\/index.php\/wp-json\/wp\/v2\/comments?post=78926"}],"version-history":[{"count":1,"href":"https:\/\/lasprimeras.com.do\/index.php\/wp-json\/wp\/v2\/posts\/78926\/revisions"}],"predecessor-version":[{"id":78928,"href":"https:\/\/lasprimeras.com.do\/index.php\/wp-json\/wp\/v2\/posts\/78926\/revisions\/78928"}],"wp:featuredmedia":[{"embeddable":true,"href":"https:\/\/lasprimeras.com.do\/index.php\/wp-json\/wp\/v2\/media\/78927"}],"wp:attachment":[{"href":"https:\/\/lasprimeras.com.do\/index.php\/wp-json\/wp\/v2\/media?parent=78926"}],"wp:term":[{"taxonomy":"category","embeddable":true,"href":"https:\/\/lasprimeras.com.do\/index.php\/wp-json\/wp\/v2\/categories?post=78926"},{"taxonomy":"post_tag","embeddable":true,"href":"https:\/\/lasprimeras.com.do\/index.php\/wp-json\/wp\/v2\/tags?post=78926"}],"curies":[{"name":"wp","href":"https:\/\/api.w.org\/{rel}","templated":true}]}}