{"id":78932,"date":"2024-03-21T19:43:07","date_gmt":"2024-03-21T23:43:07","guid":{"rendered":"https:\/\/lasprimeras.com.do\/?p=78932"},"modified":"2024-03-21T19:43:09","modified_gmt":"2024-03-21T23:43:09","slug":"apresados-tres-hombres-en-barahona-por-posesion-de-drogas","status":"publish","type":"post","link":"https:\/\/lasprimeras.com.do\/index.php\/2024\/03\/21\/apresados-tres-hombres-en-barahona-por-posesion-de-drogas\/","title":{"rendered":"Apresados tres hombres en Barahona por posesi\u00f3n de drogas"},"content":{"rendered":"\n<p>Martin Restituyo<\/p>\n\n\n\n<p>Barahona.-Agentes policiales, adscritos a la Direcci\u00f3n Regional Sur, realizaron varios operativos preventivos en el distrito municipal de Villa Central, provincia de Barahona, donde lograron la captura de tres personas por posesi\u00f3n de sustancias narc\u00f3ticas, dinero y otros elementos.<\/p>\n\n\n\n<p>Los detenidos son Jos\u00e9 S\u00e1nchez, de 42 a\u00f1os; Yean Antoniel Santana, de 28; y Kenny Aseduan, de 33, todos residentes en Los Solares de Milton del mencionado distrito municipal.<\/p>\n\n\n\n<p>De acuerdo con el informe preliminar, los prevenidos estaban en posesi\u00f3n de dos carteras con 58 gramos de diferentes sustancias narc\u00f3ticas, dos radios de comunicaci\u00f3n, un televisor de 32 pulgadas 19 unidades de cigarrillos, 26 cajetillas de f\u00f3sforos, la suma de 1,050 pesos en efectivo, una balanza y otras evidencias il\u00edcitas.<\/p>\n\n\n\n<p>Se inform\u00f3 que los detenidos fueron remitidos a la Direcci\u00f3n Nacional de Control de Drogas (DNCD), para los fines legales correspondientes.<\/p>\n","protected":false},"excerpt":{"rendered":"<p>Martin Restituyo Barahona.-Agentes policiales, adscritos a la Direcci\u00f3n Regional Sur, realizaron varios operativos preventivos en el distrito municipal de Villa Central, provincia de Barahona, donde lograron la captura de tres&hellip;<\/p>\n","protected":false},"author":3,"featured_media":78933,"comment_status":"open","ping_status":"open","sticky":false,"template":"","format":"standard","meta":{"content-type":"","jetpack_post_was_ever_published":false,"_jetpack_newsletter_access":"","_jetpack_dont_email_post_to_subs":false,"_jetpack_newsletter_tier_id":0,"_jetpack_memberships_contains_paywalled_content":false,"_jetpack_memberships_contains_paid_content":false,"footnotes":""},"categories":[35],"tags":[477],"class_list":["post-78932","post","type-post","status-publish","format-standard","has-post-thumbnail","hentry","category-nacionales","tag-pn"],"jetpack_featured_media_url":"https:\/\/lasprimeras.com.do\/wp-content\/uploads\/2024\/03\/WhatsApp-Image-2024-03-21-at-5.36.41-PM.jpeg","jetpack-related-posts":[{"id":78963,"url":"https:\/\/lasprimeras.com.do\/index.php\/2024\/03\/21\/apresan-tres-hombres-en-barahona-por-posesion-de-drogas\/","url_meta":{"origin":78932,"position":0},"title":"Apresan tres hombres en Barahona por posesi\u00f3n de drogas","author":"Nelson Feliz","date":"21 de marzo de 2024","format":false,"excerpt":"Agentes policiales, adscritos a la Direcci\u00f3n Regional Sur, realizaron varios operativos preventivos en el distrito municipal de Villa Central, provincia de Barahona. Donde lograron la captura de tres personas por posesi\u00f3n de sustancias narc\u00f3ticas, dinero y otros elementos. Los detenidos son Jos\u00e9 S\u00e1nchez, de 42 a\u00f1os; Yean Antoniel Santana, de\u2026","rel":"","context":"En \u00abMILITARES\u00bb","block_context":{"text":"MILITARES","link":"https:\/\/lasprimeras.com.do\/index.php\/category\/militares\/"},"img":{"alt_text":"DROGAS","src":"https:\/\/i0.wp.com\/lasprimeras.com.do\/wp-content\/uploads\/2024\/03\/DROGAS.jpg?resize=350%2C200&ssl=1","width":350,"height":200,"srcset":"https:\/\/i0.wp.com\/lasprimeras.com.do\/wp-content\/uploads\/2024\/03\/DROGAS.jpg?resize=350%2C200&ssl=1 1x, https:\/\/i0.wp.com\/lasprimeras.com.do\/wp-content\/uploads\/2024\/03\/DROGAS.jpg?resize=525%2C300&ssl=1 1.5x, https:\/\/i0.wp.com\/lasprimeras.com.do\/wp-content\/uploads\/2024\/03\/DROGAS.jpg?resize=700%2C400&ssl=1 2x"},"classes":[]},{"id":104057,"url":"https:\/\/lasprimeras.com.do\/index.php\/2025\/07\/21\/apresan-a-dos-hombres-con-arma-de-fuego-ilegal-y-presuntas-sustancias-narcoticas-en-barahona\/","url_meta":{"origin":78932,"position":1},"title":"Apresan a dos hombres con arma de fuego ilegal y presuntas sustancias narc\u00f3ticas en Barahona","author":"Nelson Feliz","date":"21 de julio de 2025","format":false,"excerpt":"Agentes policiales adscritos a los distintos departamentos lograron apresar a dos hombres en el municipio de Cabral, provincia Barahona, por posesi\u00f3n ilegal de arma de fuego y presuntas sustancias narc\u00f3ticas. Seg\u00fan el informe preliminar, los arrestos se produjeron durante un operativo realizado en el sector Los Botaos, donde fueron detenidos\u2026","rel":"","context":"En \u00abMILITARES\u00bb","block_context":{"text":"MILITARES","link":"https:\/\/lasprimeras.com.do\/index.php\/category\/militares\/"},"img":{"alt_text":"","src":"https:\/\/i0.wp.com\/lasprimeras.com.do\/wp-content\/uploads\/2025\/07\/una-2.jpg?resize=350%2C200&ssl=1","width":350,"height":200,"srcset":"https:\/\/i0.wp.com\/lasprimeras.com.do\/wp-content\/uploads\/2025\/07\/una-2.jpg?resize=350%2C200&ssl=1 1x, https:\/\/i0.wp.com\/lasprimeras.com.do\/wp-content\/uploads\/2025\/07\/una-2.jpg?resize=525%2C300&ssl=1 1.5x, https:\/\/i0.wp.com\/lasprimeras.com.do\/wp-content\/uploads\/2025\/07\/una-2.jpg?resize=700%2C400&ssl=1 2x"},"classes":[]},{"id":61584,"url":"https:\/\/lasprimeras.com.do\/index.php\/2023\/09\/28\/apresan-dos-hombres-en-barahona-buscados-por-estafa-en-santo-domingo\/","url_meta":{"origin":78932,"position":2},"title":"Apresan dos hombres en Barahona buscados por estafa en Santo Domingo","author":"Nelson Feliz","date":"28 de septiembre de 2023","format":false,"excerpt":"Mediante allanamiento ocupan sustancias narc\u00f3ticas y dinero en efectivo. Por Mart\u00edn Restituyo Miembros del Departamento de Investigaci\u00f3n (DICRIM), adscritos a la Direcci\u00f3n Regional Sur, apresar\u00f3n en el municipio de Vicente Noble, provincia de Barahona, a dos hombres que estaban siendo buscados en la ciudad de Santo Domingo por el agentes\u2026","rel":"","context":"En \u00abMILITARES\u00bb","block_context":{"text":"MILITARES","link":"https:\/\/lasprimeras.com.do\/index.php\/category\/militares\/"},"img":{"alt_text":"","src":"https:\/\/i0.wp.com\/lasprimeras.com.do\/wp-content\/uploads\/2023\/09\/Drogas-1-1.jpg?resize=350%2C200&ssl=1","width":350,"height":200,"srcset":"https:\/\/i0.wp.com\/lasprimeras.com.do\/wp-content\/uploads\/2023\/09\/Drogas-1-1.jpg?resize=350%2C200&ssl=1 1x, https:\/\/i0.wp.com\/lasprimeras.com.do\/wp-content\/uploads\/2023\/09\/Drogas-1-1.jpg?resize=525%2C300&ssl=1 1.5x, https:\/\/i0.wp.com\/lasprimeras.com.do\/wp-content\/uploads\/2023\/09\/Drogas-1-1.jpg?resize=700%2C400&ssl=1 2x"},"classes":[]},{"id":112687,"url":"https:\/\/lasprimeras.com.do\/index.php\/2025\/10\/25\/interceptan-hombre-en-barahona-con-10-paquetes-de-presunta-cocaina\/","url_meta":{"origin":78932,"position":3},"title":"Interceptan hombre en Barahona con 10 paquetes de presunta coca\u00edna","author":"Nelson Feliz","date":"25 de octubre de 2025","format":false,"excerpt":"La sustancia fue ocupada en el interior de un bulto escondido en una caleta en el ba\u00fal del carro Oficiales de la Direccion Nacional de Control de Drogas (DNCD) y miembros del Ministerio P\u00fablico, apoyados por agentes policiales, incautaron 10 paquetes de presunta coca\u00edna (m\u00e1s de 10,000 gramos) durante un\u2026","rel":"","context":"En \u00abMILITARES\u00bb","block_context":{"text":"MILITARES","link":"https:\/\/lasprimeras.com.do\/index.php\/category\/militares\/"},"img":{"alt_text":"","src":"https:\/\/i0.wp.com\/lasprimeras.com.do\/wp-content\/uploads\/2025\/10\/dos-2.jpg?resize=350%2C200&ssl=1","width":350,"height":200,"srcset":"https:\/\/i0.wp.com\/lasprimeras.com.do\/wp-content\/uploads\/2025\/10\/dos-2.jpg?resize=350%2C200&ssl=1 1x, https:\/\/i0.wp.com\/lasprimeras.com.do\/wp-content\/uploads\/2025\/10\/dos-2.jpg?resize=525%2C300&ssl=1 1.5x, https:\/\/i0.wp.com\/lasprimeras.com.do\/wp-content\/uploads\/2025\/10\/dos-2.jpg?resize=700%2C400&ssl=1 2x"},"classes":[]},{"id":127899,"url":"https:\/\/lasprimeras.com.do\/index.php\/2026\/04\/17\/detienen-chofer-y-cobrador-de-autobus-con-once-paquetes-de-presunta-marihuana-en-barahona\/","url_meta":{"origin":78932,"position":4},"title":"Detienen ch\u00f3fer y cobrador de autob\u00fas con once paquetes de presunta marihuana en Barahona","author":"Nelson Feliz","date":"17 de abril de 2026","format":false,"excerpt":"_Las pacas del vegetal, con un peso preliminar de 18 libras, estaban ocultas dentro de un saco de pl\u00e1tanos_ En la continuaci\u00f3n del reforzamiento de las operaciones de interdicci\u00f3n en contra del trafico de estupefacientes, agentes de la Direccion Nacional de Control de Drogas (DNCD) y miembros del Ministerio P\u00fablico,\u2026","rel":"","context":"En \u00abMILITARES\u00bb","block_context":{"text":"MILITARES","link":"https:\/\/lasprimeras.com.do\/index.php\/category\/militares\/"},"img":{"alt_text":"","src":"https:\/\/i0.wp.com\/lasprimeras.com.do\/wp-content\/uploads\/2026\/04\/IMG-20260417-WA0190.jpg?resize=350%2C200&ssl=1","width":350,"height":200,"srcset":"https:\/\/i0.wp.com\/lasprimeras.com.do\/wp-content\/uploads\/2026\/04\/IMG-20260417-WA0190.jpg?resize=350%2C200&ssl=1 1x, https:\/\/i0.wp.com\/lasprimeras.com.do\/wp-content\/uploads\/2026\/04\/IMG-20260417-WA0190.jpg?resize=525%2C300&ssl=1 1.5x, https:\/\/i0.wp.com\/lasprimeras.com.do\/wp-content\/uploads\/2026\/04\/IMG-20260417-WA0190.jpg?resize=700%2C400&ssl=1 2x"},"classes":[]},{"id":93633,"url":"https:\/\/lasprimeras.com.do\/index.php\/2025\/02\/15\/dncd-apresan-979-personas-y-ocupan-157-000-gramos-de-narcoticos\/","url_meta":{"origin":78932,"position":5},"title":"DNCD apresan 979 personas y ocupan 157 000 gramos de narc\u00f3ticos","author":"Nelson Feliz","date":"15 de febrero de 2025","format":false,"excerpt":"Agentes de la Direcci\u00f3n Nacional de Control de Drogas (DNCD) y miembros del Ministerio P\u00fablico, ocuparon durante la \u00faltima semana m\u00e1s de 157, 000 gramos de distintos narc\u00f3ticos, en operativos y allanamientos realizados a nivel nacional. Durante unos 95 allanamientos y m\u00e1s de tres mil operativos, los equipos operativos de\u2026","rel":"","context":"En \u00abMILITARES\u00bb","block_context":{"text":"MILITARES","link":"https:\/\/lasprimeras.com.do\/index.php\/category\/militares\/"},"img":{"alt_text":"","src":"https:\/\/i0.wp.com\/lasprimeras.com.do\/wp-content\/uploads\/2025\/02\/dncd.jpg?resize=350%2C200&ssl=1","width":350,"height":200,"srcset":"https:\/\/i0.wp.com\/lasprimeras.com.do\/wp-content\/uploads\/2025\/02\/dncd.jpg?resize=350%2C200&ssl=1 1x, https:\/\/i0.wp.com\/lasprimeras.com.do\/wp-content\/uploads\/2025\/02\/dncd.jpg?resize=525%2C300&ssl=1 1.5x, https:\/\/i0.wp.com\/lasprimeras.com.do\/wp-content\/uploads\/2025\/02\/dncd.jpg?resize=700%2C400&ssl=1 2x"},"classes":[]}],"jetpack_sharing_enabled":true,"_links":{"self":[{"href":"https:\/\/lasprimeras.com.do\/index.php\/wp-json\/wp\/v2\/posts\/78932","targetHints":{"allow":["GET"]}}],"collection":[{"href":"https:\/\/lasprimeras.com.do\/index.php\/wp-json\/wp\/v2\/posts"}],"about":[{"href":"https:\/\/lasprimeras.com.do\/index.php\/wp-json\/wp\/v2\/types\/post"}],"author":[{"embeddable":true,"href":"https:\/\/lasprimeras.com.do\/index.php\/wp-json\/wp\/v2\/users\/3"}],"replies":[{"embeddable":true,"href":"https:\/\/lasprimeras.com.do\/index.php\/wp-json\/wp\/v2\/comments?post=78932"}],"version-history":[{"count":1,"href":"https:\/\/lasprimeras.com.do\/index.php\/wp-json\/wp\/v2\/posts\/78932\/revisions"}],"predecessor-version":[{"id":78934,"href":"https:\/\/lasprimeras.com.do\/index.php\/wp-json\/wp\/v2\/posts\/78932\/revisions\/78934"}],"wp:featuredmedia":[{"embeddable":true,"href":"https:\/\/lasprimeras.com.do\/index.php\/wp-json\/wp\/v2\/media\/78933"}],"wp:attachment":[{"href":"https:\/\/lasprimeras.com.do\/index.php\/wp-json\/wp\/v2\/media?parent=78932"}],"wp:term":[{"taxonomy":"category","embeddable":true,"href":"https:\/\/lasprimeras.com.do\/index.php\/wp-json\/wp\/v2\/categories?post=78932"},{"taxonomy":"post_tag","embeddable":true,"href":"https:\/\/lasprimeras.com.do\/index.php\/wp-json\/wp\/v2\/tags?post=78932"}],"curies":[{"name":"wp","href":"https:\/\/api.w.org\/{rel}","templated":true}]}}