{"id":78971,"date":"2024-03-21T23:23:45","date_gmt":"2024-03-22T03:23:45","guid":{"rendered":"https:\/\/lasprimeras.com.do\/?p=78971"},"modified":"2024-03-21T23:23:46","modified_gmt":"2024-03-22T03:23:46","slug":"idoppril-instala-nuevo-modulo-de-atencion-en-los-alcarrizos-2","status":"publish","type":"post","link":"https:\/\/lasprimeras.com.do\/index.php\/2024\/03\/21\/idoppril-instala-nuevo-modulo-de-atencion-en-los-alcarrizos-2\/","title":{"rendered":"IDOPPRIL instala nuevo m\u00f3dulo de atenci\u00f3n en Los Alcarrizos"},"content":{"rendered":"\n<p>El Instituto Dominicano de Prevenci\u00f3n y Protecci\u00f3n de Riesgos Laborales (IDOPPRIL) dej\u00f3 en funcionamiento su nuevo m\u00f3dulo de atenci\u00f3n al usuario en el Hospital General Dr. Vinicio Calventi, del municipio Los Alcarrizos.<\/p>\n\n\n\n<p>El director ejecutivo del IDOPPRIL, doctor Fausto L\u00f3pez Sol\u00eds, explic\u00f3 que en lo adelante los afiliados de Los Alcarrizos, Pedro Brand, Villa Altagracia, Manoguayabo y zonas circundantes.<\/p>\n\n\n\n<p>&nbsp;De su lado, el director general del Hospital General Dr. Vinicio Calventi, doctor Jos\u00e9 Alfredo Alfaro manifest\u00f3 que el m\u00f3dulo contara con las atenciones del centro asistencial desde donde se tramitaran los procesos sin tener que trasladarse a la oficina central en la capital.<\/p>\n\n\n\n<p>Indic\u00f3 que la puesta en funcionamiento de este m\u00f3dulo trae consigo diversos beneficios para los trabajadores y empleadores de la zona.<\/p>\n\n\n\n<p>\u201cUna vez m\u00e1s, ponemos en evidencia que estamos creando cercan\u00eda, eficiencia, calidad y dignidad en los servicios que brindamos\u201d, manifest\u00f3 el director del IDOPPRIL.<\/p>\n\n\n\n<p>Agreg\u00f3 que acciones como esta llenan de orgullo al IDOPPRIL, por dar cumplimiento a la agenda de cambio desarrollada desde el gobierno central en favor del pueblo dominicano.<\/p>\n\n\n\n<p>\u201cEs justo destacar que este municipio representa un pilar importante en la industria, la micro, peque\u00f1a y mediana empresa, zona franca\u201d, prosigui\u00f3 L\u00f3pez Sol\u00eds.<\/p>\n\n\n\n<p>Asimismo, resalt\u00f3 que, \u201ccon las grandes inversiones que realiza el gobierno, como el telef\u00e9rico, la extensi\u00f3n del Metro, la Circunvalaci\u00f3n, entre otras importantes obras, este municipio proyecta un potencial incalculable de desarrollo y bienestar para su gente\u201d.<\/p>\n\n\n\n<p>El doctor L\u00f3pez Sol\u00eds detall\u00f3 que en la nueva gesti\u00f3n del IDOPPRIL, adem\u00e1s de este moderno m\u00f3dulo de servicio al cliente, han puesto a disposici\u00f3n de los trabajadores 17 espacios similares en: Santo Domingo Norte y Este, Distrito Nacional, La Vega, Hig\u00fcey y Punta Cana (La Altagracia), Santiago, Mao y Esperanza (Valverde), Puerto Plata, El\u00edas Pi\u00f1a, Boca Chica, Bajos de Haina, San Crist\u00f3bal y Monte Plata. A\u00f1adi\u00f3 que pr\u00f3ximamente entregar\u00e1n otros dos, uno en San Jos\u00e9 de Ocoa y otro en Pedro Brand (provincia Santo Domingo).<\/p>\n\n\n\n<p>El doctor Fausto L\u00f3pez Sol\u00eds aprovech\u00f3 para informar que esta gesti\u00f3n del IDOPPRIL ha otorgado beneficios a los afiliados en diversos renglones de protecci\u00f3n, como son: incapacidades m\u00e9dicas, pagos \u00fanicos, pensi\u00f3n por discapacidad (retroactivo) y por sobrevivencia. Asimismo, por orfandad, viudez, indemnizaciones, entre otras.<\/p>\n\n\n\n<p>Precis\u00f3 que en pagos de prestaciones han desembolsado un total equivalente a RD$5 mil 547 millones 727 mil 149.20.<\/p>\n\n\n\n<p>\u201cHoy, delante de Dios, reafirmamos nuestro compromiso de continuar trabajando con determinaci\u00f3n a favor de la clase obrera de la Rep\u00fablica Dominicana, as\u00ed como nos exige el se\u00f1or presidente de la Rep\u00fablica, Luis Abinader\u201d, dijo el director del IDOPPRIL.<\/p>\n","protected":false},"excerpt":{"rendered":"<p>El Instituto Dominicano de Prevenci\u00f3n y Protecci\u00f3n de Riesgos Laborales (IDOPPRIL) dej\u00f3 en funcionamiento su nuevo m\u00f3dulo de atenci\u00f3n al usuario en el Hospital General Dr. Vinicio Calventi, del municipio&hellip;<\/p>\n","protected":false},"author":2,"featured_media":78972,"comment_status":"open","ping_status":"open","sticky":false,"template":"","format":"standard","meta":{"content-type":"","jetpack_post_was_ever_published":false,"_jetpack_newsletter_access":"","_jetpack_dont_email_post_to_subs":false,"_jetpack_newsletter_tier_id":0,"_jetpack_memberships_contains_paywalled_content":false,"_jetpack_memberships_contains_paid_content":false,"footnotes":""},"categories":[25],"tags":[409,8009,66,10978],"class_list":["post-78971","post","type-post","status-publish","format-standard","has-post-thumbnail","hentry","category-portada","tag-atencion","tag-idoppril","tag-los-alcarrizos","tag-modulo"],"jetpack_featured_media_url":"https:\/\/lasprimeras.com.do\/wp-content\/uploads\/2024\/03\/Fausto-Lopez-Solis.jpg","jetpack-related-posts":[{"id":78894,"url":"https:\/\/lasprimeras.com.do\/index.php\/2024\/03\/21\/idoppril-instala-nuevo-modulo-de-atencion-en-los-alcarrizos\/","url_meta":{"origin":78971,"position":0},"title":"IDOPPRIL instala nuevo m\u00f3dulo de atenci\u00f3n en Los Alcarrizos","author":"BIMARY DE JES\u00daS Matos","date":"21 de marzo de 2024","format":false,"excerpt":"Martin Restituyo Santo Domingo. - El Instituto Dominicano de Prevenci\u00f3n y Protecci\u00f3n de Riesgos Laborales (IDOPPRIL) dej\u00f3 en funcionamiento su nuevo m\u00f3dulo de atenci\u00f3n al usuario en el Hospital General Dr. Vinicio Calventi, del municipio Los Alcarrizos. El director ejecutivo del IDOPPRIL, doctor Fausto L\u00f3pez Sol\u00eds, explic\u00f3 que en lo\u2026","rel":"","context":"En \u00abPORTADA\u00bb","block_context":{"text":"PORTADA","link":"https:\/\/lasprimeras.com.do\/index.php\/category\/portada\/"},"img":{"alt_text":"","src":"https:\/\/i0.wp.com\/lasprimeras.com.do\/wp-content\/uploads\/2024\/03\/WhatsApp-Image-2024-03-21-at-10.55.09-AM.jpeg?resize=350%2C200&ssl=1","width":350,"height":200,"srcset":"https:\/\/i0.wp.com\/lasprimeras.com.do\/wp-content\/uploads\/2024\/03\/WhatsApp-Image-2024-03-21-at-10.55.09-AM.jpeg?resize=350%2C200&ssl=1 1x, https:\/\/i0.wp.com\/lasprimeras.com.do\/wp-content\/uploads\/2024\/03\/WhatsApp-Image-2024-03-21-at-10.55.09-AM.jpeg?resize=525%2C300&ssl=1 1.5x, https:\/\/i0.wp.com\/lasprimeras.com.do\/wp-content\/uploads\/2024\/03\/WhatsApp-Image-2024-03-21-at-10.55.09-AM.jpeg?resize=700%2C400&ssl=1 2x, https:\/\/i0.wp.com\/lasprimeras.com.do\/wp-content\/uploads\/2024\/03\/WhatsApp-Image-2024-03-21-at-10.55.09-AM.jpeg?resize=1050%2C600&ssl=1 3x, https:\/\/i0.wp.com\/lasprimeras.com.do\/wp-content\/uploads\/2024\/03\/WhatsApp-Image-2024-03-21-at-10.55.09-AM.jpeg?resize=1400%2C800&ssl=1 4x"},"classes":[]},{"id":87412,"url":"https:\/\/lasprimeras.com.do\/index.php\/2024\/08\/11\/idoppril-estrena-nuevo-modulo-de-atencion-en-constanza\/","url_meta":{"origin":78971,"position":1},"title":"IDOPPRIL estrena nuevo m\u00f3dulo de atenci\u00f3n en Constanza","author":"Nelson Feliz","date":"11 de agosto de 2024","format":false,"excerpt":"El Instituto Dominicano de Prevenci\u00f3n y Protecci\u00f3n de Riesgos Laborales (IDOPPRIL) inaugur\u00f3 un nuevo m\u00f3dulo de servicios en el Hospital Pedro Antonio C\u00e9spedes, en Constanza, provincia La Vega, con el cual se eleva a 19 la cantidad de espacios para atender a los trabajadores accidentados durante su jornada laboral. El\u2026","rel":"","context":"En \u00abSin categor\u00eda\u00bb","block_context":{"text":"Sin categor\u00eda","link":"https:\/\/lasprimeras.com.do\/index.php\/category\/sin-categoria\/"},"img":{"alt_text":"IDOPPRIL CONSTANZA","src":"https:\/\/i0.wp.com\/lasprimeras.com.do\/wp-content\/uploads\/2024\/08\/IDOPPRIL-CONSTANZA.jpg?resize=350%2C200&ssl=1","width":350,"height":200,"srcset":"https:\/\/i0.wp.com\/lasprimeras.com.do\/wp-content\/uploads\/2024\/08\/IDOPPRIL-CONSTANZA.jpg?resize=350%2C200&ssl=1 1x, https:\/\/i0.wp.com\/lasprimeras.com.do\/wp-content\/uploads\/2024\/08\/IDOPPRIL-CONSTANZA.jpg?resize=525%2C300&ssl=1 1.5x"},"classes":[]},{"id":128472,"url":"https:\/\/lasprimeras.com.do\/index.php\/2026\/04\/23\/idoppril-inaugura-nuevo-modulo-en-veron\/","url_meta":{"origin":78971,"position":2},"title":"IDOPPRIL inaugura nuevo m\u00f3dulo en Ver\u00f3n","author":"Nelson Feliz","date":"23 de abril de 2026","format":false,"excerpt":"Burgos destaca avances en cobertura y atenci\u00f3n a afiliados El Instituto Dominicano de Prevenci\u00f3n y Protecci\u00f3n de Riesgos Laborales (IDOPPRIL) abri\u00f3 un nuevo m\u00f3dulo de atenci\u00f3n en Ver\u00f3n, Punta Cana, con el objetivo de acercar sus servicios a los trabajadores de la zona y fortalecer la respuesta institucional en materia\u2026","rel":"","context":"En \u00abECONOM\u00cdA\u00bb","block_context":{"text":"ECONOM\u00cdA","link":"https:\/\/lasprimeras.com.do\/index.php\/category\/economia\/"},"img":{"alt_text":"","src":"https:\/\/i0.wp.com\/lasprimeras.com.do\/wp-content\/uploads\/2026\/04\/IDOPRRIL-1.jpg?resize=350%2C200&ssl=1","width":350,"height":200,"srcset":"https:\/\/i0.wp.com\/lasprimeras.com.do\/wp-content\/uploads\/2026\/04\/IDOPRRIL-1.jpg?resize=350%2C200&ssl=1 1x, https:\/\/i0.wp.com\/lasprimeras.com.do\/wp-content\/uploads\/2026\/04\/IDOPRRIL-1.jpg?resize=525%2C300&ssl=1 1.5x, https:\/\/i0.wp.com\/lasprimeras.com.do\/wp-content\/uploads\/2026\/04\/IDOPRRIL-1.jpg?resize=700%2C400&ssl=1 2x"},"classes":[]},{"id":120316,"url":"https:\/\/lasprimeras.com.do\/index.php\/2026\/01\/21\/cable-de-alta-tension-mata-joven-en-los-alcarrizos\/","url_meta":{"origin":78971,"position":3},"title":"Cable de alta tensi\u00f3n mata joven en Los Alcarrizos","author":"Nelson Feliz","date":"21 de enero de 2026","format":false,"excerpt":"Un joven de 23 a\u00f1os falleci\u00f3 electrocutado luego de que un transformador el\u00e9ctrico explotara y un cable de alta tensi\u00f3n cayera sobre \u00e9l, en Los Alcarrizos. El hecho ocurri\u00f3 en la calle Tuc\u00e1n del sector Juanita, conocido como los \u201cAmericanos\u201d, justo detr\u00e1s del destacamento policial del mismo nombre. Al lugar\u2026","rel":"","context":"En \u00abNACIONALES\u00bb","block_context":{"text":"NACIONALES","link":"https:\/\/lasprimeras.com.do\/index.php\/category\/nacionales\/"},"img":{"alt_text":"Cable de alta tensi\u00f3n mata joven en Los Alcarrizos","src":"https:\/\/i0.wp.com\/lasprimeras.com.do\/wp-content\/uploads\/2026\/01\/Cable-de-alta-tension-mata-joven-en-Los-Alcarrizos.jpg?resize=350%2C200&ssl=1","width":350,"height":200,"srcset":"https:\/\/i0.wp.com\/lasprimeras.com.do\/wp-content\/uploads\/2026\/01\/Cable-de-alta-tension-mata-joven-en-Los-Alcarrizos.jpg?resize=350%2C200&ssl=1 1x, https:\/\/i0.wp.com\/lasprimeras.com.do\/wp-content\/uploads\/2026\/01\/Cable-de-alta-tension-mata-joven-en-Los-Alcarrizos.jpg?resize=525%2C300&ssl=1 1.5x, https:\/\/i0.wp.com\/lasprimeras.com.do\/wp-content\/uploads\/2026\/01\/Cable-de-alta-tension-mata-joven-en-Los-Alcarrizos.jpg?resize=700%2C400&ssl=1 2x"},"classes":[]},{"id":61666,"url":"https:\/\/lasprimeras.com.do\/index.php\/2023\/09\/29\/lopez-solis-afirma-seguro-de-riesgos-laborales-establece-record-en-atenciones-a-sus-afiliados\/","url_meta":{"origin":78971,"position":4},"title":"L\u00f3pez Sol\u00eds afirma Seguro de Riesgos Laborales establece r\u00e9cord en atenciones a sus afiliados","author":"Nelson Feliz","date":"29 de septiembre de 2023","format":false,"excerpt":"Por Martin Restituyo El director ejecutivo del Instituto Dominicano de Prevenci\u00f3n y Protecci\u00f3n de Riesgos Laborales (IDOPPRIL), revel\u00f3 que en la actual gesti\u00f3n de gobierno se han logrado metas que no hab\u00edan sido alcanzadas desde la promulgaci\u00f3n de la Ley 87-01, que cre\u00f3 el Sistema de Seguridad Social en el\u2026","rel":"","context":"En \u00abECONOM\u00cdA\u00bb","block_context":{"text":"ECONOM\u00cdA","link":"https:\/\/lasprimeras.com.do\/index.php\/category\/economia\/"},"img":{"alt_text":"IDOPRIL","src":"https:\/\/i0.wp.com\/lasprimeras.com.do\/wp-content\/uploads\/2023\/09\/IDOPRIL.jpg?resize=350%2C200&ssl=1","width":350,"height":200,"srcset":"https:\/\/i0.wp.com\/lasprimeras.com.do\/wp-content\/uploads\/2023\/09\/IDOPRIL.jpg?resize=350%2C200&ssl=1 1x, https:\/\/i0.wp.com\/lasprimeras.com.do\/wp-content\/uploads\/2023\/09\/IDOPRIL.jpg?resize=525%2C300&ssl=1 1.5x, https:\/\/i0.wp.com\/lasprimeras.com.do\/wp-content\/uploads\/2023\/09\/IDOPRIL.jpg?resize=700%2C400&ssl=1 2x"},"classes":[]},{"id":126736,"url":"https:\/\/lasprimeras.com.do\/index.php\/2026\/04\/04\/miembros-de-la-pn-se-lamben-presunto-delincuente-en-los-alcarrizos\/","url_meta":{"origin":78971,"position":5},"title":"Miembros de la PN se lamben presunto delincuente en Los Alcarrizos","author":"Nelson Feliz","date":"4 de abril de 2026","format":false,"excerpt":"Le ocupan arma de fuego con la que atac\u00f3 agentes policiales. La Polic\u00eda Nacional informa que un hombre result\u00f3 muerto por heridas de bala tras enfrentar a una patrulla de Investigaciones en un hecho ocurrido la noche del jueves 2 de abril de 2026, en el municipio Los Alcarrizos, Santo\u2026","rel":"","context":"En \u00abNACIONALES\u00bb","block_context":{"text":"NACIONALES","link":"https:\/\/lasprimeras.com.do\/index.php\/category\/nacionales\/"},"img":{"alt_text":"","src":"https:\/\/i0.wp.com\/lasprimeras.com.do\/wp-content\/uploads\/2026\/04\/delin-1.jpg?resize=350%2C200&ssl=1","width":350,"height":200,"srcset":"https:\/\/i0.wp.com\/lasprimeras.com.do\/wp-content\/uploads\/2026\/04\/delin-1.jpg?resize=350%2C200&ssl=1 1x, https:\/\/i0.wp.com\/lasprimeras.com.do\/wp-content\/uploads\/2026\/04\/delin-1.jpg?resize=525%2C300&ssl=1 1.5x, https:\/\/i0.wp.com\/lasprimeras.com.do\/wp-content\/uploads\/2026\/04\/delin-1.jpg?resize=700%2C400&ssl=1 2x"},"classes":[]}],"jetpack_sharing_enabled":true,"_links":{"self":[{"href":"https:\/\/lasprimeras.com.do\/index.php\/wp-json\/wp\/v2\/posts\/78971","targetHints":{"allow":["GET"]}}],"collection":[{"href":"https:\/\/lasprimeras.com.do\/index.php\/wp-json\/wp\/v2\/posts"}],"about":[{"href":"https:\/\/lasprimeras.com.do\/index.php\/wp-json\/wp\/v2\/types\/post"}],"author":[{"embeddable":true,"href":"https:\/\/lasprimeras.com.do\/index.php\/wp-json\/wp\/v2\/users\/2"}],"replies":[{"embeddable":true,"href":"https:\/\/lasprimeras.com.do\/index.php\/wp-json\/wp\/v2\/comments?post=78971"}],"version-history":[{"count":1,"href":"https:\/\/lasprimeras.com.do\/index.php\/wp-json\/wp\/v2\/posts\/78971\/revisions"}],"predecessor-version":[{"id":78973,"href":"https:\/\/lasprimeras.com.do\/index.php\/wp-json\/wp\/v2\/posts\/78971\/revisions\/78973"}],"wp:featuredmedia":[{"embeddable":true,"href":"https:\/\/lasprimeras.com.do\/index.php\/wp-json\/wp\/v2\/media\/78972"}],"wp:attachment":[{"href":"https:\/\/lasprimeras.com.do\/index.php\/wp-json\/wp\/v2\/media?parent=78971"}],"wp:term":[{"taxonomy":"category","embeddable":true,"href":"https:\/\/lasprimeras.com.do\/index.php\/wp-json\/wp\/v2\/categories?post=78971"},{"taxonomy":"post_tag","embeddable":true,"href":"https:\/\/lasprimeras.com.do\/index.php\/wp-json\/wp\/v2\/tags?post=78971"}],"curies":[{"name":"wp","href":"https:\/\/api.w.org\/{rel}","templated":true}]}}