{"id":78974,"date":"2024-03-21T23:43:09","date_gmt":"2024-03-22T03:43:09","guid":{"rendered":"https:\/\/lasprimeras.com.do\/?p=78974"},"modified":"2024-03-21T23:43:10","modified_gmt":"2024-03-22T03:43:10","slug":"apresan-haitiano-que-hirio-a-guardaparque-de-los-haitises-y-le-robo-la-escopeta","status":"publish","type":"post","link":"https:\/\/lasprimeras.com.do\/index.php\/2024\/03\/21\/apresan-haitiano-que-hirio-a-guardaparque-de-los-haitises-y-le-robo-la-escopeta\/","title":{"rendered":"Apresan haitiano que hiri\u00f3 a guardaparque de Los Haitises y le rob\u00f3 la escopeta"},"content":{"rendered":"\n<p>El Servicio Nacional de Protecci\u00f3n Ambiental (Senpa) inform\u00f3 este s\u00e1bado que apres\u00f3 al ciudadano haitiano que hiri\u00f3 con un machete y despoj\u00f3 de su escopeta al se\u00f1or Augusto And\u00fajar Ramos, quien es uno de los vigilantes del Parque Nacional Los Haitises.<\/p>\n\n\n\n<p>El hombre fue identificado como William Pierre, conocido como Yan Yan, a quien se le ocup\u00f3 una escopeta que supuestamente hab\u00eda sustra\u00eddo al vigilante. El detenido fue entregado a las autoridades del Ministerio P\u00fablico para responder ante la justicia.<\/p>\n\n\n\n<p>El arresto se llev\u00f3 a cabo en el sector Ca\u00f1ada Honda, ubicado en el municipio Sabana de la Mar, provincia de Hato Mayor.<\/p>\n\n\n\n<p>El extranjero hab\u00eda sido perseguido desde el viernes 15 de marzo por herir con un machete en la pierna izquierda a And\u00fajar Ramos, quien fue atacado junto con otros dos compa\u00f1eros de trabajo cuando sorprendieron a un grupo de aproximadamente 20 haitianos depredando la zona de Llanada Grande, en Sabana de la Mar, para establecer conucos.<\/p>\n\n\n\n<p>Los tres guardaparques intentaron arrestar al grupo de haitianos que estaban realizando labores de tala y quema del bosque para establecer conucos, pero fueron recibidos con pedradas y machetes.<\/p>\n\n\n\n<p>Ramos recibi\u00f3 atenci\u00f3n m\u00e9dica en el Hospital Elupina Cordero, de Sabana de la Mar.<\/p>\n\n\n\n<p><strong>Militares persiguen haitianos que hirieron y robaron escopeta a vigilantes Los Hait\u00edses<\/strong><\/p>\n\n\n\n<p>Varias Unidades militares del Servicio Nacional de Protecci\u00f3n Ambiental (SENPA) persiguen a un grupo de 20&nbsp; haitianos que hirieron con un machete, y despojaron de su escopeta, a uno de los vigilantes del Parque Nacional Los Hait\u00edses.<\/p>\n\n\n\n<p>El hecho se produjo cuando el herido, identificado como Augusto And\u00fajar Ramos, y dos guardas compa\u00f1eros de labores sorprendieron a unos 20 haitianos depredando para hacer conucos en la zona de Llanada Grande, en Sabana de la Mar, inform\u00f3 Luis Carlos L\u00f3pez, coordinador de la regional Noroeste del Viceministerio de \u00c1reas Protegidas y Biodiversidad.<\/p>\n\n\n\n<p>\u201cAugusto y dos guarda parques intentaron apresar a un grupo de haitianos que realizaban labores de tumba y quema del bosque para hacer conucos en la zona Llanada Grande, pero fueron enfrentados a pedradas y con machetes\u201d, dijo L\u00f3pez.<\/p>\n\n\n\n<p>Esto demuestra que los haitianos van rumbo a convertir Rep\u00fablica &nbsp;Dominicana en la misma situaci\u00f3n que padece Hait\u00ed.<\/p>\n","protected":false},"excerpt":{"rendered":"<p>El Servicio Nacional de Protecci\u00f3n Ambiental (Senpa) inform\u00f3 este s\u00e1bado que apres\u00f3 al ciudadano haitiano que hiri\u00f3 con un machete y despoj\u00f3 de su escopeta al se\u00f1or Augusto And\u00fajar Ramos,&hellip;<\/p>\n","protected":false},"author":2,"featured_media":78975,"comment_status":"open","ping_status":"open","sticky":false,"template":"","format":"standard","meta":{"content-type":"","jetpack_post_was_ever_published":false,"_jetpack_newsletter_access":"","_jetpack_dont_email_post_to_subs":false,"_jetpack_newsletter_tier_id":0,"_jetpack_memberships_contains_paywalled_content":false,"_jetpack_memberships_contains_paid_content":false,"footnotes":""},"categories":[35],"tags":[6646,263,10326,12219,283,12218,7787],"class_list":["post-78974","post","type-post","status-publish","format-standard","has-post-thumbnail","hentry","category-nacionales","tag-escopeta","tag-haitianos","tag-hirieron","tag-los-haitises","tag-militares","tag-robaron","tag-vigilantes"],"jetpack_featured_media_url":"https:\/\/lasprimeras.com.do\/wp-content\/uploads\/2024\/03\/Augusto-Andujar-Ramos.jpg","jetpack-related-posts":[{"id":114185,"url":"https:\/\/lasprimeras.com.do\/index.php\/2025\/11\/11\/santiago-riveron-desbarata-fiesta-de-haitianos-en-dajaboncon-escopeta-en-manos\/","url_meta":{"origin":78974,"position":0},"title":"Santiago River\u00f3n desbarata fiesta de haitianos en Dajab\u00f3n;con escopeta en manos","author":"Nelson Feliz","date":"11 de noviembre de 2025","format":false,"excerpt":"Residentes pr\u00f3ximo a los establecimientos de bebidas dijeron que los extranjeros permanecen abiertos hasta altas horas de la madrugada. El alcalde por Dajab\u00f3n, Santiago River\u00f3n, con escopeta en manos, visit\u00f3 varios establecimientos informales de expendio de bebidas alcoh\u00f3licas y evit\u00f3 que indocumentados haitianos continuaran la gozadera que ten\u00edan en horas\u2026","rel":"","context":"En \u00abNACIONALES\u00bb","block_context":{"text":"NACIONALES","link":"https:\/\/lasprimeras.com.do\/index.php\/category\/nacionales\/"},"img":{"alt_text":"","src":"https:\/\/i0.wp.com\/lasprimeras.com.do\/wp-content\/uploads\/2025\/11\/Santiago-Riveron.png?resize=350%2C200&ssl=1","width":350,"height":200,"srcset":"https:\/\/i0.wp.com\/lasprimeras.com.do\/wp-content\/uploads\/2025\/11\/Santiago-Riveron.png?resize=350%2C200&ssl=1 1x, https:\/\/i0.wp.com\/lasprimeras.com.do\/wp-content\/uploads\/2025\/11\/Santiago-Riveron.png?resize=525%2C300&ssl=1 1.5x, https:\/\/i0.wp.com\/lasprimeras.com.do\/wp-content\/uploads\/2025\/11\/Santiago-Riveron.png?resize=700%2C400&ssl=1 2x"},"classes":[]},{"id":110802,"url":"https:\/\/lasprimeras.com.do\/index.php\/2025\/10\/01\/abinader-anuncia-titulacion-en-parque-nacional-los-haitises-y-reserva-forestal-loma-novillero-en-villa-altagracia\/","url_meta":{"origin":78974,"position":1},"title":"Abinader anuncia titulaci\u00f3n en Parque Nacional Los Haitises y Reserva Forestal Loma Novillero en Villa Altagracia","author":"Nelson Feliz","date":"1 de octubre de 2025","format":false,"excerpt":"A la fecha, el gobierno ha titulado m\u00e1s de 730 millones de metros cuadrados en el Parque Nacional Jaragua y \u00c1rea Nacional de Recreo Bah\u00eda de Las Aguilas, as\u00ed como en el Parque Nacional Jos\u00e9 Del Carmen Ram\u00edrez. El presidente Luis Abinader anunci\u00f3 este mi\u00e9rcoles el inicio de los trabajos\u2026","rel":"","context":"En \u00abECONOM\u00cdA\u00bb","block_context":{"text":"ECONOM\u00cdA","link":"https:\/\/lasprimeras.com.do\/index.php\/category\/economia\/"},"img":{"alt_text":"","src":"https:\/\/i0.wp.com\/lasprimeras.com.do\/wp-content\/uploads\/2025\/10\/ABINADER-2.jpg?resize=350%2C200&ssl=1","width":350,"height":200,"srcset":"https:\/\/i0.wp.com\/lasprimeras.com.do\/wp-content\/uploads\/2025\/10\/ABINADER-2.jpg?resize=350%2C200&ssl=1 1x, https:\/\/i0.wp.com\/lasprimeras.com.do\/wp-content\/uploads\/2025\/10\/ABINADER-2.jpg?resize=525%2C300&ssl=1 1.5x, https:\/\/i0.wp.com\/lasprimeras.com.do\/wp-content\/uploads\/2025\/10\/ABINADER-2.jpg?resize=700%2C400&ssl=1 2x"},"classes":[]},{"id":82601,"url":"https:\/\/lasprimeras.com.do\/index.php\/2024\/05\/05\/medio-ambiente-ha-arrestado-a-373-personas-en-intervencion-de-los-haitises\/","url_meta":{"origin":78974,"position":2},"title":"Medio Ambiente ha arrestado a 373 personas en intervenci\u00f3n de Los Haitises","author":"Esteffany Vargas","date":"5 de mayo de 2024","format":false,"excerpt":"El Senpa entreg\u00f3 a la Direcci\u00f3n de Migraci\u00f3n 366 inmigrantes haitianos que depredaban en el parque nacional. En la operaci\u00f3n de intervenci\u00f3n que desarrolla desde el martes el Ministerio de Medio Ambiente y Recursos Naturales (MMARN) en el Parque Nacional Los Haitises se han arrestado 366 inmigrantes haitianos y siete\u2026","rel":"","context":"En \u00abNACIONALES\u00bb","block_context":{"text":"NACIONALES","link":"https:\/\/lasprimeras.com.do\/index.php\/category\/nacionales\/"},"img":{"alt_text":"","src":"https:\/\/i0.wp.com\/lasprimeras.com.do\/wp-content\/uploads\/2024\/05\/Oerativo-Haitises3.jpg?resize=350%2C200&ssl=1","width":350,"height":200,"srcset":"https:\/\/i0.wp.com\/lasprimeras.com.do\/wp-content\/uploads\/2024\/05\/Oerativo-Haitises3.jpg?resize=350%2C200&ssl=1 1x, https:\/\/i0.wp.com\/lasprimeras.com.do\/wp-content\/uploads\/2024\/05\/Oerativo-Haitises3.jpg?resize=525%2C300&ssl=1 1.5x, https:\/\/i0.wp.com\/lasprimeras.com.do\/wp-content\/uploads\/2024\/05\/Oerativo-Haitises3.jpg?resize=700%2C400&ssl=1 2x"},"classes":[]},{"id":112211,"url":"https:\/\/lasprimeras.com.do\/index.php\/2025\/10\/19\/la-version-del-hombre-que-hirio-a-miembros-de-seguridad-de-la-uasd-uno-de-los-cuales-fallecio\/","url_meta":{"origin":78974,"position":3},"title":"La versi\u00f3n del hombre que hiri\u00f3 a miembros de seguridad de la UASD, uno de los cuales falleci\u00f3","author":"Nelson Feliz","date":"19 de octubre de 2025","format":false,"excerpt":"La solicitud de medida de coerci\u00f3n fue aplazada para el viernes. Alexander Jim\u00e9nez Galv\u00e1n, de 35 a\u00f1os de edad y quien hiri\u00f3 de perdigones a dos miembros de seguridad de la Universidad Aut\u00f3noma de Santo Domingo (UASD), el pasado jueves, dijo ser la \"v\u00edctima\" del incidente que termin\u00f3 siendo mortal\u2026","rel":"","context":"En \u00abNACIONALES\u00bb","block_context":{"text":"NACIONALES","link":"https:\/\/lasprimeras.com.do\/index.php\/category\/nacionales\/"},"img":{"alt_text":"","src":"https:\/\/i0.wp.com\/lasprimeras.com.do\/wp-content\/uploads\/2023\/06\/Uasd-Barahona.jpg?resize=350%2C200&ssl=1","width":350,"height":200,"srcset":"https:\/\/i0.wp.com\/lasprimeras.com.do\/wp-content\/uploads\/2023\/06\/Uasd-Barahona.jpg?resize=350%2C200&ssl=1 1x, https:\/\/i0.wp.com\/lasprimeras.com.do\/wp-content\/uploads\/2023\/06\/Uasd-Barahona.jpg?resize=525%2C300&ssl=1 1.5x, https:\/\/i0.wp.com\/lasprimeras.com.do\/wp-content\/uploads\/2023\/06\/Uasd-Barahona.jpg?resize=700%2C400&ssl=1 2x"},"classes":[]},{"id":102456,"url":"https:\/\/lasprimeras.com.do\/index.php\/2025\/07\/04\/apresan-35-haitianos-indocumentados-en-zonas-rurales-de-montecristi-y-dajabon\/","url_meta":{"origin":78974,"position":4},"title":"Apresan 35 haitianos indocumentados en zonas rurales de Montecristi y Dajab\u00f3n","author":"Nelson Feliz","date":"4 de julio de 2025","format":false,"excerpt":"Patrullas de la 4ta. Brigada de Infanter\u00eda, del Ej\u00e9rcito de Rep\u00fablica Dominicana detuvieron a 35 nacionales haitianos indocumentados en zonas rurales de las provincias Montecristi y Dajab\u00f3n. En una parcela en el municipio Hatillo Palma de Montecristi, 10 nacionales haitianos indocumentados que se escond\u00edan en la oscuridad de la noche\u2026","rel":"","context":"En \u00abMILITARES\u00bb","block_context":{"text":"MILITARES","link":"https:\/\/lasprimeras.com.do\/index.php\/category\/militares\/"},"img":{"alt_text":"","src":"https:\/\/i0.wp.com\/lasprimeras.com.do\/wp-content\/uploads\/2025\/07\/Patrullas-del-Ejercito-1.jpg?resize=350%2C200&ssl=1","width":350,"height":200,"srcset":"https:\/\/i0.wp.com\/lasprimeras.com.do\/wp-content\/uploads\/2025\/07\/Patrullas-del-Ejercito-1.jpg?resize=350%2C200&ssl=1 1x, https:\/\/i0.wp.com\/lasprimeras.com.do\/wp-content\/uploads\/2025\/07\/Patrullas-del-Ejercito-1.jpg?resize=525%2C300&ssl=1 1.5x, https:\/\/i0.wp.com\/lasprimeras.com.do\/wp-content\/uploads\/2025\/07\/Patrullas-del-Ejercito-1.jpg?resize=700%2C400&ssl=1 2x"},"classes":[]},{"id":103453,"url":"https:\/\/lasprimeras.com.do\/index.php\/2025\/07\/15\/apresan-a-hombre-portando-arma-de-fuego-ilegal-en-neyba\/","url_meta":{"origin":78974,"position":5},"title":"Apresan a hombre portando arma de fuego ilegal en Neyba","author":"Nelson Feliz","date":"15 de julio de 2025","format":false,"excerpt":"Agentes de la Polic\u00eda Nacional apreso un hombre en posesi\u00f3n de un arma de fuego ilegal en este municipio Neyba, provincia Bahoruco. El detenido es Adward Alejandro Batista, de 19 a\u00f1os, quien fue sorprendido en el sector Los Tabardillos portando una escopeta calibre 12 mm, sin documentos que avalaran su\u2026","rel":"","context":"En \u00abMILITARES\u00bb","block_context":{"text":"MILITARES","link":"https:\/\/lasprimeras.com.do\/index.php\/category\/militares\/"},"img":{"alt_text":"","src":"https:\/\/i0.wp.com\/lasprimeras.com.do\/wp-content\/uploads\/2025\/07\/preso-2.jpg?resize=350%2C200&ssl=1","width":350,"height":200},"classes":[]}],"jetpack_sharing_enabled":true,"_links":{"self":[{"href":"https:\/\/lasprimeras.com.do\/index.php\/wp-json\/wp\/v2\/posts\/78974","targetHints":{"allow":["GET"]}}],"collection":[{"href":"https:\/\/lasprimeras.com.do\/index.php\/wp-json\/wp\/v2\/posts"}],"about":[{"href":"https:\/\/lasprimeras.com.do\/index.php\/wp-json\/wp\/v2\/types\/post"}],"author":[{"embeddable":true,"href":"https:\/\/lasprimeras.com.do\/index.php\/wp-json\/wp\/v2\/users\/2"}],"replies":[{"embeddable":true,"href":"https:\/\/lasprimeras.com.do\/index.php\/wp-json\/wp\/v2\/comments?post=78974"}],"version-history":[{"count":1,"href":"https:\/\/lasprimeras.com.do\/index.php\/wp-json\/wp\/v2\/posts\/78974\/revisions"}],"predecessor-version":[{"id":78976,"href":"https:\/\/lasprimeras.com.do\/index.php\/wp-json\/wp\/v2\/posts\/78974\/revisions\/78976"}],"wp:featuredmedia":[{"embeddable":true,"href":"https:\/\/lasprimeras.com.do\/index.php\/wp-json\/wp\/v2\/media\/78975"}],"wp:attachment":[{"href":"https:\/\/lasprimeras.com.do\/index.php\/wp-json\/wp\/v2\/media?parent=78974"}],"wp:term":[{"taxonomy":"category","embeddable":true,"href":"https:\/\/lasprimeras.com.do\/index.php\/wp-json\/wp\/v2\/categories?post=78974"},{"taxonomy":"post_tag","embeddable":true,"href":"https:\/\/lasprimeras.com.do\/index.php\/wp-json\/wp\/v2\/tags?post=78974"}],"curies":[{"name":"wp","href":"https:\/\/api.w.org\/{rel}","templated":true}]}}