{"id":78977,"date":"2024-03-22T00:03:19","date_gmt":"2024-03-22T04:03:19","guid":{"rendered":"https:\/\/lasprimeras.com.do\/?p=78977"},"modified":"2024-03-22T00:03:20","modified_gmt":"2024-03-22T04:03:20","slug":"babado-torres-denuncia-robo-equipo-para-imprimir-carnet","status":"publish","type":"post","link":"https:\/\/lasprimeras.com.do\/index.php\/2024\/03\/22\/babado-torres-denuncia-robo-equipo-para-imprimir-carnet\/","title":{"rendered":"Babado Torres denuncia robo equipo para imprimir carnet"},"content":{"rendered":"\n<p><strong>El ex presidente del CARD acusa a Vinicio Montero y Miguel Surun de sustraer una m\u00e1quina impresora de carnets del gremio.<\/strong><\/p>\n\n\n\n<p>El ex presidente del Colegio de Abogados de la Rep\u00fablica Dominicana doctor Diego Babado Torres acus\u00f3 a un empleado del Sistema Nacional de Atenci\u00f3n a Emergencias y Seguridad 911 de nombre Vinicio Montero de sustraer supuestamente una impresora de carnets del gremio para&nbsp; dotar&nbsp; de ese documento a personas&nbsp; de forma ilegal. &nbsp;<\/p>\n\n\n\n<p>Torres aclara que solo en la sede principal del gremio se puede carnetizar a los miembros y afiliados del gremio.&nbsp;&nbsp;&nbsp;&nbsp;&nbsp;&nbsp;&nbsp;&nbsp;<\/p>\n\n\n\n<p>\u201cLos que est\u00e1n usurpando funciones deber\u00e1n sujetarse a consecuencias futuras, ya que solo en la sede principal se puede expedir ese documento y con la firma de las autoridades correspondientes que son los \u00fanicos con esa potestad\u201d, precis\u00f3 el jurista. &nbsp;&nbsp;&nbsp;&nbsp;&nbsp;&nbsp;&nbsp;&nbsp;&nbsp;&nbsp;&nbsp;&nbsp;&nbsp;&nbsp;&nbsp;&nbsp;&nbsp;&nbsp;<\/p>\n\n\n\n<p>El ex presidente pone en alerta a las autoridades para que esa m\u00e1quina sea confiscada y devuelta a la sede del Colegio de Abogados de la Rep\u00fablica Dominicana.&nbsp;&nbsp;&nbsp;&nbsp;&nbsp;&nbsp;&nbsp;<\/p>\n\n\n\n<p>Vinicio Montero trabaja bajo el mando de Miguel Surun Hern\u00e1ndez, ex presidente del CARD.<\/p>\n","protected":false},"excerpt":{"rendered":"<p>El ex presidente del CARD acusa a Vinicio Montero y Miguel Surun de sustraer una m\u00e1quina impresora de carnets del gremio. El ex presidente del Colegio de Abogados de la&hellip;<\/p>\n","protected":false},"author":2,"featured_media":78978,"comment_status":"open","ping_status":"open","sticky":false,"template":"","format":"standard","meta":{"content-type":"","jetpack_post_was_ever_published":false,"_jetpack_newsletter_access":"","_jetpack_dont_email_post_to_subs":false,"_jetpack_newsletter_tier_id":0,"_jetpack_memberships_contains_paywalled_content":false,"_jetpack_memberships_contains_paid_content":false,"footnotes":""},"categories":[35],"tags":[12222,12221,3774,12220,1806],"class_list":["post-78977","post","type-post","status-publish","format-standard","has-post-thumbnail","hentry","category-nacionales","tag-carnet","tag-diego-babado-torres","tag-equipo","tag-imprimir","tag-robo"],"jetpack_featured_media_url":"https:\/\/lasprimeras.com.do\/wp-content\/uploads\/2024\/03\/Diego-Babado-Torres-1.jpg","jetpack-related-posts":[{"id":71618,"url":"https:\/\/lasprimeras.com.do\/index.php\/2023\/12\/21\/apresan-tres-haitianos-integrantes-de-red-que-se-dedica-a-falsificar-carnets-migratorio\/","url_meta":{"origin":78977,"position":0},"title":"Apresan tres haitianos integrantes de red que se dedica a falsificar carnets migratorio","author":"Nelson Feliz","date":"21 de diciembre de 2023","format":false,"excerpt":"Fue detenido un dominicano con alerta migratoria por homicidio en hechos separados. La Direcci\u00f3n General de Migraci\u00f3n (DGM), inform\u00f3 que tres nacionales haitianos, fueron arrestados en Santo Domingo Este, quienes forman parte de una estructura que se dedica a falsificar carnet de identificaci\u00f3n migratoria, haci\u00e9ndose pasar como tributarios para diligenciar\u2026","rel":"","context":"En \u00abNACIONALES\u00bb","block_context":{"text":"NACIONALES","link":"https:\/\/lasprimeras.com.do\/index.php\/category\/nacionales\/"},"img":{"alt_text":"presos","src":"https:\/\/i0.wp.com\/lasprimeras.com.do\/wp-content\/uploads\/2023\/12\/presos.jpg?resize=350%2C200&ssl=1","width":350,"height":200,"srcset":"https:\/\/i0.wp.com\/lasprimeras.com.do\/wp-content\/uploads\/2023\/12\/presos.jpg?resize=350%2C200&ssl=1 1x, https:\/\/i0.wp.com\/lasprimeras.com.do\/wp-content\/uploads\/2023\/12\/presos.jpg?resize=525%2C300&ssl=1 1.5x"},"classes":[]},{"id":81416,"url":"https:\/\/lasprimeras.com.do\/index.php\/2024\/04\/20\/card-exonera-renovacion-y-expedicion-de-carnet-a-nuevos-inscritos-por-dos-meses\/","url_meta":{"origin":78977,"position":1},"title":"CARD exonera renovaci\u00f3n y expedici\u00f3n de carnet a nuevos inscritos por dos meses","author":"Nelson Feliz","date":"20 de abril de 2024","format":false,"excerpt":"Presidente del CARD calific\u00f3 de trascendente implementaci\u00f3n de nueva plataforma para servicios a los togados El Colegio de Abogados de la Rep\u00fablica Dominicana (CARD), habilit\u00f3 su p\u00e1gina web mediante un novedoso programa, para la expedici\u00f3n y renovaci\u00f3n de carnets a los togados, proceso que lleva m\u00e1s de tres meses suspendido\u2026","rel":"","context":"En \u00abNACIONALES\u00bb","block_context":{"text":"NACIONALES","link":"https:\/\/lasprimeras.com.do\/index.php\/category\/nacionales\/"},"img":{"alt_text":"Trajano Vidal Potentini","src":"https:\/\/i0.wp.com\/lasprimeras.com.do\/wp-content\/uploads\/2024\/04\/Trajano-Vidal-Potentini.jpg?resize=350%2C200&ssl=1","width":350,"height":200,"srcset":"https:\/\/i0.wp.com\/lasprimeras.com.do\/wp-content\/uploads\/2024\/04\/Trajano-Vidal-Potentini.jpg?resize=350%2C200&ssl=1 1x, https:\/\/i0.wp.com\/lasprimeras.com.do\/wp-content\/uploads\/2024\/04\/Trajano-Vidal-Potentini.jpg?resize=525%2C300&ssl=1 1.5x, https:\/\/i0.wp.com\/lasprimeras.com.do\/wp-content\/uploads\/2024\/04\/Trajano-Vidal-Potentini.jpg?resize=700%2C400&ssl=1 2x"},"classes":[]},{"id":98175,"url":"https:\/\/lasprimeras.com.do\/index.php\/2025\/05\/02\/senasa-entrega-carnets-de-afiliados-a-miembros-de-conatra\/","url_meta":{"origin":78977,"position":2},"title":"SENASA entrega carnets de afiliados a miembros de CONATRA","author":"Nelson Feliz","date":"2 de mayo de 2025","format":false,"excerpt":"Cientos de miembros de la Confederaci\u00f3n Nacional de Organizaciones de Transporte (CONATRA), en coordinaci\u00f3n con el Seguro Nacional de Salud (SENASA), recibieron sus carnets que los acreditan como afiliados al r\u00e9gimen contributivo de esa Administradora de Riesgos de Salud (ARS). Seg\u00fan establece el acuerdo de colaboraci\u00f3n firmado entre ambas instituciones\u2026","rel":"","context":"En \u00abNACIONALES\u00bb","block_context":{"text":"NACIONALES","link":"https:\/\/lasprimeras.com.do\/index.php\/category\/nacionales\/"},"img":{"alt_text":"","src":"https:\/\/i0.wp.com\/lasprimeras.com.do\/wp-content\/uploads\/2025\/05\/senasa-1.jpg?resize=350%2C200&ssl=1","width":350,"height":200,"srcset":"https:\/\/i0.wp.com\/lasprimeras.com.do\/wp-content\/uploads\/2025\/05\/senasa-1.jpg?resize=350%2C200&ssl=1 1x, https:\/\/i0.wp.com\/lasprimeras.com.do\/wp-content\/uploads\/2025\/05\/senasa-1.jpg?resize=525%2C300&ssl=1 1.5x, https:\/\/i0.wp.com\/lasprimeras.com.do\/wp-content\/uploads\/2025\/05\/senasa-1.jpg?resize=700%2C400&ssl=1 2x"},"classes":[]},{"id":69523,"url":"https:\/\/lasprimeras.com.do\/index.php\/2023\/12\/03\/crisis-en-proceso-de-elecciones-del-colegio-de-abogados-rd\/","url_meta":{"origin":78977,"position":3},"title":"Crisis en proceso de elecciones del Colegio de Abogados RD","author":"Nelson Feliz","date":"3 de diciembre de 2023","format":false,"excerpt":"Por Carlos Manuel Mesa Luego de que el aspirante a la Presidencia del CARD de la Plancha Nuevos Tiempos Johan L\u00f3pez candidato del PRM se declarara virtual ganador de los comicios celebrados el d\u00eda de ayer 2 de diciembre 2023. La comunidad jur\u00eddica y toda la opini\u00f3n p\u00fablica nacional ha\u2026","rel":"","context":"En \u00abOPINI\u00d3N\u00bb","block_context":{"text":"OPINI\u00d3N","link":"https:\/\/lasprimeras.com.do\/index.php\/category\/opinion\/"},"img":{"alt_text":"Carlos Manuel Mesa","src":"https:\/\/i0.wp.com\/lasprimeras.com.do\/wp-content\/uploads\/2023\/12\/Carlos-Manuel-Mesa.jpg?resize=350%2C200&ssl=1","width":350,"height":200},"classes":[]},{"id":71008,"url":"https:\/\/lasprimeras.com.do\/index.php\/2023\/12\/16\/card-acusa-al-director-de-policia-de-incautar-su-sede-principal\/","url_meta":{"origin":78977,"position":4},"title":"CARD acusa al Director de Polic\u00eda de \u00abincautar\u00bb su sede principal","author":"BIMARY DE JES\u00daS Matos","date":"16 de diciembre de 2023","format":false,"excerpt":"SANTO DOMINGO. \u2013 El presidente del Colegio de Abogados de la Rep\u00fablica Dominicana (CARD) someti\u00f3 a la justicia al director de la Polic\u00eda Nacional, Ram\u00f3n Antonio Guzm\u00e1n Peralta, por el \u00absecuestro e incautaci\u00f3n\u00bb del edificio donde laboraba la Comisi\u00f3n Nacional Electoral de este gremio. Miguel Surun Hern\u00e1ndez dijo que en\u2026","rel":"","context":"En \u00abNACIONALES\u00bb","block_context":{"text":"NACIONALES","link":"https:\/\/lasprimeras.com.do\/index.php\/category\/nacionales\/"},"img":{"alt_text":"","src":"https:\/\/i0.wp.com\/lasprimeras.com.do\/wp-content\/uploads\/2023\/12\/WhatsApp-Image-2023-12-16-at-11.15.42-AM-1-2.jpeg?resize=350%2C200&ssl=1","width":350,"height":200,"srcset":"https:\/\/i0.wp.com\/lasprimeras.com.do\/wp-content\/uploads\/2023\/12\/WhatsApp-Image-2023-12-16-at-11.15.42-AM-1-2.jpeg?resize=350%2C200&ssl=1 1x, https:\/\/i0.wp.com\/lasprimeras.com.do\/wp-content\/uploads\/2023\/12\/WhatsApp-Image-2023-12-16-at-11.15.42-AM-1-2.jpeg?resize=525%2C300&ssl=1 1.5x, https:\/\/i0.wp.com\/lasprimeras.com.do\/wp-content\/uploads\/2023\/12\/WhatsApp-Image-2023-12-16-at-11.15.42-AM-1-2.jpeg?resize=700%2C400&ssl=1 2x"},"classes":[]},{"id":75139,"url":"https:\/\/lasprimeras.com.do\/index.php\/2024\/01\/29\/jce-aclara-pld-no-hackeo-equipos-y-que-solo-se-conecto-a-una-de-las-impresoras-por-wifi\/","url_meta":{"origin":78977,"position":5},"title":"JCE aclara PLD no hacke\u00f3 equipos y que solo se &#8220;conect\u00f3&#8221; a una de las impresoras por wifi","author":"Nelson Feliz","date":"29 de enero de 2024","format":false,"excerpt":"El \u00f3rgano comicial inici\u00f3 este lunes el clonado de los equipos de digitalizaci\u00f3n. El director de Inform\u00e1tica de la Junta Central Electoral (JCE) aclar\u00f3 este lunes que el Partido de la Liberaci\u00f3n Dominicana (PLD) no hacke\u00f3 los equipos que se utilizar\u00e1n en las elecciones municipales del pr\u00f3ximo mes, sino que\u2026","rel":"","context":"En \u00abNACIONALES\u00bb","block_context":{"text":"NACIONALES","link":"https:\/\/lasprimeras.com.do\/index.php\/category\/nacionales\/"},"img":{"alt_text":"JCE","src":"https:\/\/i0.wp.com\/lasprimeras.com.do\/wp-content\/uploads\/2024\/01\/JCE.jpg?resize=350%2C200&ssl=1","width":350,"height":200,"srcset":"https:\/\/i0.wp.com\/lasprimeras.com.do\/wp-content\/uploads\/2024\/01\/JCE.jpg?resize=350%2C200&ssl=1 1x, https:\/\/i0.wp.com\/lasprimeras.com.do\/wp-content\/uploads\/2024\/01\/JCE.jpg?resize=525%2C300&ssl=1 1.5x, https:\/\/i0.wp.com\/lasprimeras.com.do\/wp-content\/uploads\/2024\/01\/JCE.jpg?resize=700%2C400&ssl=1 2x"},"classes":[]}],"jetpack_sharing_enabled":true,"_links":{"self":[{"href":"https:\/\/lasprimeras.com.do\/index.php\/wp-json\/wp\/v2\/posts\/78977","targetHints":{"allow":["GET"]}}],"collection":[{"href":"https:\/\/lasprimeras.com.do\/index.php\/wp-json\/wp\/v2\/posts"}],"about":[{"href":"https:\/\/lasprimeras.com.do\/index.php\/wp-json\/wp\/v2\/types\/post"}],"author":[{"embeddable":true,"href":"https:\/\/lasprimeras.com.do\/index.php\/wp-json\/wp\/v2\/users\/2"}],"replies":[{"embeddable":true,"href":"https:\/\/lasprimeras.com.do\/index.php\/wp-json\/wp\/v2\/comments?post=78977"}],"version-history":[{"count":1,"href":"https:\/\/lasprimeras.com.do\/index.php\/wp-json\/wp\/v2\/posts\/78977\/revisions"}],"predecessor-version":[{"id":78979,"href":"https:\/\/lasprimeras.com.do\/index.php\/wp-json\/wp\/v2\/posts\/78977\/revisions\/78979"}],"wp:featuredmedia":[{"embeddable":true,"href":"https:\/\/lasprimeras.com.do\/index.php\/wp-json\/wp\/v2\/media\/78978"}],"wp:attachment":[{"href":"https:\/\/lasprimeras.com.do\/index.php\/wp-json\/wp\/v2\/media?parent=78977"}],"wp:term":[{"taxonomy":"category","embeddable":true,"href":"https:\/\/lasprimeras.com.do\/index.php\/wp-json\/wp\/v2\/categories?post=78977"},{"taxonomy":"post_tag","embeddable":true,"href":"https:\/\/lasprimeras.com.do\/index.php\/wp-json\/wp\/v2\/tags?post=78977"}],"curies":[{"name":"wp","href":"https:\/\/api.w.org\/{rel}","templated":true}]}}