{"id":78980,"date":"2024-03-22T00:25:51","date_gmt":"2024-03-22T04:25:51","guid":{"rendered":"https:\/\/lasprimeras.com.do\/?p=78980"},"modified":"2024-03-22T00:25:53","modified_gmt":"2024-03-22T04:25:53","slug":"mueren-dos-jovenes-en-accidente-de-transito-ocurrido-en-cotui","status":"publish","type":"post","link":"https:\/\/lasprimeras.com.do\/index.php\/2024\/03\/22\/mueren-dos-jovenes-en-accidente-de-transito-ocurrido-en-cotui\/","title":{"rendered":"Mueren dos j\u00f3venes en accidente de tr\u00e1nsito ocurrido en Cotu\u00ed"},"content":{"rendered":"\n<p>Por Luis Ozuna<\/p>\n\n\n\n<p>Dos j\u00f3venes residentes en la comunidad de S\u00e1bana del Rey del Distrito Municipal de Zambrana, perdieron la vida en un accidente tras estallarse la motocicleta en la cual andaban contra una patana.<\/p>\n\n\n\n<p>El hecho se registr\u00f3 este jueves, pr\u00f3ximo a la salida Cotui-Villa La Mata.<\/p>\n\n\n\n<p>Los fallecidos fueron identificados como Eudy Manuel Rosario y Braulio Manuel Santos Rosario, quienes se trasladaban en una motocicleta.<\/p>\n\n\n\n<p>Al lugar se presentaron decenas de curiosos que presenciaron el triste hecho, mientras que agentes de la Polic\u00eda Nacional y de la Direcci\u00f3n General de Seguridad de Tr\u00e1nsito Terrestre (DIGESETT) se apoderaron del caso.<\/p>\n\n\n\n<p>El conductor de la patana se encuentra bajo custodia de las autoridades, mientras se agotan los procedimientos de rigor. El deceso de estos j\u00f3venes ha llenado de dolor y consternaci\u00f3n a sus parientes y residentes en la comunidad.&nbsp;<\/p>\n","protected":false},"excerpt":{"rendered":"<p>Por Luis Ozuna Dos j\u00f3venes residentes en la comunidad de S\u00e1bana del Rey del Distrito Municipal de Zambrana, perdieron la vida en un accidente tras estallarse la motocicleta en la&hellip;<\/p>\n","protected":false},"author":2,"featured_media":78981,"comment_status":"open","ping_status":"open","sticky":false,"template":"","format":"standard","meta":{"content-type":"","jetpack_post_was_ever_published":false,"_jetpack_newsletter_access":"","_jetpack_dont_email_post_to_subs":false,"_jetpack_newsletter_tier_id":0,"_jetpack_memberships_contains_paywalled_content":false,"_jetpack_memberships_contains_paid_content":false,"footnotes":""},"categories":[35],"tags":[2211,3258,3899,238,2049],"class_list":["post-78980","post","type-post","status-publish","format-standard","has-post-thumbnail","hentry","category-nacionales","tag-accidente","tag-cotui","tag-jovenes","tag-mueren","tag-transito"],"jetpack_featured_media_url":"https:\/\/lasprimeras.com.do\/wp-content\/uploads\/2024\/03\/WhatsApp-Image-2024-03-21-at-8.13.04-PM.jpeg","jetpack-related-posts":[{"id":107822,"url":"https:\/\/lasprimeras.com.do\/index.php\/2025\/08\/31\/muere-en-accidente-de-transito-en-cotui-el-joven-roberto-gutierrez\/","url_meta":{"origin":78980,"position":0},"title":"Muere en accidente de tr\u00e1nsito en Cotu\u00ed el joven Roberto Guti\u00e9rrez","author":"Nelson Feliz","date":"31 de agosto de 2025","format":false,"excerpt":"La familia de Yennely Duarte enfrenta nuevamente el dolor, tras la muerte de su t\u00edo Roberto Guti\u00e9rrez, conocido como \u201cEl Pocho\u201d, de 25 a\u00f1os, en un accidente de tr\u00e1nsito ocurrido el domingo en Cotu\u00ed. De acuerdo con los reportes iniciales, Guti\u00e9rrez se desplazaba en una motocicleta cuando colision\u00f3 con la\u2026","rel":"","context":"En \u00abNACIONALES\u00bb","block_context":{"text":"NACIONALES","link":"https:\/\/lasprimeras.com.do\/index.php\/category\/nacionales\/"},"img":{"alt_text":"","src":"https:\/\/i0.wp.com\/lasprimeras.com.do\/wp-content\/uploads\/2025\/08\/Roberto-Gutierrez.jpg?resize=350%2C200&ssl=1","width":350,"height":200,"srcset":"https:\/\/i0.wp.com\/lasprimeras.com.do\/wp-content\/uploads\/2025\/08\/Roberto-Gutierrez.jpg?resize=350%2C200&ssl=1 1x, https:\/\/i0.wp.com\/lasprimeras.com.do\/wp-content\/uploads\/2025\/08\/Roberto-Gutierrez.jpg?resize=525%2C300&ssl=1 1.5x, https:\/\/i0.wp.com\/lasprimeras.com.do\/wp-content\/uploads\/2025\/08\/Roberto-Gutierrez.jpg?resize=700%2C400&ssl=1 2x"},"classes":[]},{"id":55073,"url":"https:\/\/lasprimeras.com.do\/index.php\/2023\/07\/17\/mueren-dos-jovenes-en-un-accidente-de-motos-en-barahona\/","url_meta":{"origin":78980,"position":1},"title":"Mueren dos jovenes en un accidente de motos en Barahona","author":"Nelson Feliz","date":"17 de julio de 2023","format":false,"excerpt":"Por Victor Feliz Los fallecidos fueron identificados como Abel Ne\u00f3n, de 20 a\u00f1os de edad y un segundo joven muerto identificado solo como Raimon, seg\u00fan se inform\u00f3 ambos residen en la calle III, sector Camboya, de este municipio de Barahona. Abel Ne\u00f3n, fue llevado a la emergencia del Hospital Regional\u2026","rel":"","context":"En \u00abNACIONALES\u00bb","block_context":{"text":"NACIONALES","link":"https:\/\/lasprimeras.com.do\/index.php\/category\/nacionales\/"},"img":{"alt_text":"","src":"https:\/\/i0.wp.com\/lasprimeras.com.do\/wp-content\/uploads\/2023\/07\/moto.jpg?resize=350%2C200&ssl=1","width":350,"height":200,"srcset":"https:\/\/i0.wp.com\/lasprimeras.com.do\/wp-content\/uploads\/2023\/07\/moto.jpg?resize=350%2C200&ssl=1 1x, https:\/\/i0.wp.com\/lasprimeras.com.do\/wp-content\/uploads\/2023\/07\/moto.jpg?resize=525%2C300&ssl=1 1.5x, https:\/\/i0.wp.com\/lasprimeras.com.do\/wp-content\/uploads\/2023\/07\/moto.jpg?resize=700%2C400&ssl=1 2x"},"classes":[]},{"id":98677,"url":"https:\/\/lasprimeras.com.do\/index.php\/2025\/05\/11\/dos-hermanos-pierden-la-vida-en-accidente-en-la-carretera-hato-mayor-spm\/","url_meta":{"origin":78980,"position":2},"title":"Dos hermanos pierden la vida en accidente en la carretera Hato Mayor-SPM","author":"Nelson Feliz","date":"11 de mayo de 2025","format":false,"excerpt":"Los residentes culpan a la falta de iluminaci\u00f3n por los siniestros frecuentes en esa v\u00eda Dos hermanos perdieron la vida la noche del s\u00e1bado 10 de mayo en un hecho ocurrido en el kil\u00f3metro 24 de la carretera Hato Mayor-San Pedro de Macor\u00eds, pr\u00f3ximo a la comunidad de Jalonga. Los\u2026","rel":"","context":"En \u00abNACIONALES\u00bb","block_context":{"text":"NACIONALES","link":"https:\/\/lasprimeras.com.do\/index.php\/category\/nacionales\/"},"img":{"alt_text":"","src":"https:\/\/i0.wp.com\/lasprimeras.com.do\/wp-content\/uploads\/2025\/05\/EMERGEMCIA-OSCURA.jpg?resize=350%2C200&ssl=1","width":350,"height":200,"srcset":"https:\/\/i0.wp.com\/lasprimeras.com.do\/wp-content\/uploads\/2025\/05\/EMERGEMCIA-OSCURA.jpg?resize=350%2C200&ssl=1 1x, https:\/\/i0.wp.com\/lasprimeras.com.do\/wp-content\/uploads\/2025\/05\/EMERGEMCIA-OSCURA.jpg?resize=525%2C300&ssl=1 1.5x, https:\/\/i0.wp.com\/lasprimeras.com.do\/wp-content\/uploads\/2025\/05\/EMERGEMCIA-OSCURA.jpg?resize=700%2C400&ssl=1 2x"},"classes":[]},{"id":70730,"url":"https:\/\/lasprimeras.com.do\/index.php\/2023\/12\/13\/muere-adolescente-de-16-anos-en-accidente-de-transito-en-carretera-spm\/","url_meta":{"origin":78980,"position":3},"title":"Muere adolescente de 16 a\u00f1os en accidente de tr\u00e1nsito en carretera SPM","author":"Nelson Feliz","date":"13 de diciembre de 2023","format":false,"excerpt":"Un adolescente de 16 a\u00f1os perdi\u00f3 la vida la tarde de este martes, producto de un accidente de tr\u00e1nsito. El hecho ocurri\u00f3 en la carretera Consuelo-San Pedro de Macor\u00eds. La v\u00edctima fue identificada como Junior Taveras, quien muri\u00f3 tras colisionar su motocicleta con un veh\u00edculo, de datos desconocidos. Taveras resid\u00eda\u2026","rel":"","context":"En \u00abNACIONALES\u00bb","block_context":{"text":"NACIONALES","link":"https:\/\/lasprimeras.com.do\/index.php\/category\/nacionales\/"},"img":{"alt_text":"MOTO","src":"https:\/\/i0.wp.com\/lasprimeras.com.do\/wp-content\/uploads\/2023\/12\/MOTO.jpg?resize=350%2C200&ssl=1","width":350,"height":200,"srcset":"https:\/\/i0.wp.com\/lasprimeras.com.do\/wp-content\/uploads\/2023\/12\/MOTO.jpg?resize=350%2C200&ssl=1 1x, https:\/\/i0.wp.com\/lasprimeras.com.do\/wp-content\/uploads\/2023\/12\/MOTO.jpg?resize=525%2C300&ssl=1 1.5x, https:\/\/i0.wp.com\/lasprimeras.com.do\/wp-content\/uploads\/2023\/12\/MOTO.jpg?resize=700%2C400&ssl=1 2x"},"classes":[]},{"id":72680,"url":"https:\/\/lasprimeras.com.do\/index.php\/2024\/01\/02\/mueren-dos-personas-en-accidentes-de-transito-en-la-romana-y-san-pedro-de-macoris\/","url_meta":{"origin":78980,"position":4},"title":"Mueren dos personas en accidentes de tr\u00e1nsito en La Romana y San Pedro de Macor\u00eds","author":"Nelson Feliz","date":"2 de enero de 2024","format":false,"excerpt":"Dos motociclistas perdieron la vida este primero de enero del 2024 en La Romana y en San Pedro de Macor\u00eds, uno al colisionar con un veh\u00edculo CRV y el otro con un poste del tendido el\u00e9ctrico. Una de las v\u00edctimas, Francisco Julio Inirio Rojas, de 22 a\u00f1os de edad, impact\u00f3\u2026","rel":"","context":"En \u00abNACIONALES\u00bb","block_context":{"text":"NACIONALES","link":"https:\/\/lasprimeras.com.do\/index.php\/category\/nacionales\/"},"img":{"alt_text":"Las v\u00edctimas del accidente de tr\u00e1nsito se desplazaban en sendas motocicletas; una choc\u00f3 con un veh\u00edculo marca CRV y la otra con un poste de luz","src":"https:\/\/i0.wp.com\/lasprimeras.com.do\/wp-content\/uploads\/2024\/01\/accidentes.jpg?resize=350%2C200&ssl=1","width":350,"height":200,"srcset":"https:\/\/i0.wp.com\/lasprimeras.com.do\/wp-content\/uploads\/2024\/01\/accidentes.jpg?resize=350%2C200&ssl=1 1x, https:\/\/i0.wp.com\/lasprimeras.com.do\/wp-content\/uploads\/2024\/01\/accidentes.jpg?resize=525%2C300&ssl=1 1.5x, https:\/\/i0.wp.com\/lasprimeras.com.do\/wp-content\/uploads\/2024\/01\/accidentes.jpg?resize=700%2C400&ssl=1 2x"},"classes":[]},{"id":98647,"url":"https:\/\/lasprimeras.com.do\/index.php\/2025\/05\/09\/dos-jovenes-mueren-durante-competencia-clandestina-de-motocicletas-en-navarrete\/","url_meta":{"origin":78980,"position":5},"title":"Dos j\u00f3venes mueren durante competencia clandestina de motocicletas en Navarrete","author":"Nelson Feliz","date":"9 de mayo de 2025","format":false,"excerpt":"Dos j\u00f3venes murieron y otros dos resultaron heridos la noche del jueves, durante un accidente ocurrido en medio de una competencia clandestina de motocicletas en el sector Villa Nueva, del municipio Navarrete, provincia Santiago. Las v\u00edctimas fueron identificadas como Luis \u00c1ngel Rodr\u00edguez Ram\u00edrez, de 24 a\u00f1os, y Joandri Francisco, de\u2026","rel":"","context":"En \u00abNACIONALES\u00bb","block_context":{"text":"NACIONALES","link":"https:\/\/lasprimeras.com.do\/index.php\/category\/nacionales\/"},"img":{"alt_text":"","src":"https:\/\/i0.wp.com\/lasprimeras.com.do\/wp-content\/uploads\/2024\/03\/MOTOS.jpg?resize=350%2C200&ssl=1","width":350,"height":200,"srcset":"https:\/\/i0.wp.com\/lasprimeras.com.do\/wp-content\/uploads\/2024\/03\/MOTOS.jpg?resize=350%2C200&ssl=1 1x, https:\/\/i0.wp.com\/lasprimeras.com.do\/wp-content\/uploads\/2024\/03\/MOTOS.jpg?resize=525%2C300&ssl=1 1.5x, https:\/\/i0.wp.com\/lasprimeras.com.do\/wp-content\/uploads\/2024\/03\/MOTOS.jpg?resize=700%2C400&ssl=1 2x"},"classes":[]}],"jetpack_sharing_enabled":true,"_links":{"self":[{"href":"https:\/\/lasprimeras.com.do\/index.php\/wp-json\/wp\/v2\/posts\/78980","targetHints":{"allow":["GET"]}}],"collection":[{"href":"https:\/\/lasprimeras.com.do\/index.php\/wp-json\/wp\/v2\/posts"}],"about":[{"href":"https:\/\/lasprimeras.com.do\/index.php\/wp-json\/wp\/v2\/types\/post"}],"author":[{"embeddable":true,"href":"https:\/\/lasprimeras.com.do\/index.php\/wp-json\/wp\/v2\/users\/2"}],"replies":[{"embeddable":true,"href":"https:\/\/lasprimeras.com.do\/index.php\/wp-json\/wp\/v2\/comments?post=78980"}],"version-history":[{"count":1,"href":"https:\/\/lasprimeras.com.do\/index.php\/wp-json\/wp\/v2\/posts\/78980\/revisions"}],"predecessor-version":[{"id":78982,"href":"https:\/\/lasprimeras.com.do\/index.php\/wp-json\/wp\/v2\/posts\/78980\/revisions\/78982"}],"wp:featuredmedia":[{"embeddable":true,"href":"https:\/\/lasprimeras.com.do\/index.php\/wp-json\/wp\/v2\/media\/78981"}],"wp:attachment":[{"href":"https:\/\/lasprimeras.com.do\/index.php\/wp-json\/wp\/v2\/media?parent=78980"}],"wp:term":[{"taxonomy":"category","embeddable":true,"href":"https:\/\/lasprimeras.com.do\/index.php\/wp-json\/wp\/v2\/categories?post=78980"},{"taxonomy":"post_tag","embeddable":true,"href":"https:\/\/lasprimeras.com.do\/index.php\/wp-json\/wp\/v2\/tags?post=78980"}],"curies":[{"name":"wp","href":"https:\/\/api.w.org\/{rel}","templated":true}]}}