{"id":78983,"date":"2024-03-22T07:25:38","date_gmt":"2024-03-22T11:25:38","guid":{"rendered":"https:\/\/lasprimeras.com.do\/?p=78983"},"modified":"2024-03-22T07:25:40","modified_gmt":"2024-03-22T11:25:40","slug":"luis-el-gallo-pide-unidad-y-concertacion-de-dominicanos-para-enfrentar-injerencia-de-onu-en-rd","status":"publish","type":"post","link":"https:\/\/lasprimeras.com.do\/index.php\/2024\/03\/22\/luis-el-gallo-pide-unidad-y-concertacion-de-dominicanos-para-enfrentar-injerencia-de-onu-en-rd\/","title":{"rendered":"Luis \u201cEl Gallo\u201d pide unidad y concertaci\u00f3n de dominicanos para enfrentar injerencia de ONU en RD"},"content":{"rendered":"\n<p>Santo Domingo.-El presidente de la Uni\u00f3n Dem\u00f3crata Cristiana \u2013UDC-, Luis Acosta Moreta, Luis \u201cEl Gallo\u201d pidi\u00f3 hoy la unidad e integraci\u00f3n de todos los dominicanos, sin importar sus bander\u00edas partidistas, para hacer frente al grave problema que tiene el pa\u00eds con las provocaciones de los haitianos, y las injerencias de las Naciones Unidas.<\/p>\n\n\n\n<p>Destac\u00f3 que a pesar de que se est\u00e1 en una etapa electoral, donde fluyen las pasiones y los antagonismos, el momento es de tener savia patri\u00f3tica, para enfrentar a los que buscan convertir a RD en un centro de acopio para Hait\u00ed.<\/p>\n\n\n\n<p>Resalt\u00f3 que la Rep\u00fablica Dominicana es libre y soberana y bajo ninguna circunstancias puede acoger las razones de puro corte imperial que en el caso haitiano quieren dictar los Estados Unidos, Canad\u00e1 y las Naciones Unidas.<\/p>\n\n\n\n<p>Rechaz\u00f3 que los haitianos que se encuentra de forma ilegal en el pa\u00eds sean tratados como refugiados o exiliados, como plantea la ONU para justificar crear campamentos de refugiados en el pa\u00eds.<\/p>\n\n\n\n<p>Agreg\u00f3 que los Estados Unidos y Canad\u00e1 pueden acoger en su territorio a todo el que considera que necesita protecci\u00f3n, y para ello no tienen que evadir responsabilidades y echarle el fardo a los hombros de los dominicanos.<\/p>\n\n\n\n<p>Dijo que en los Estados Unidos y Canad\u00e1 todav\u00eda hay cientos de tareas v\u00edrgenes, donde pueden ser alojados los haitianos, por lo que hacen muy mal las Naciones Unidas en pensar en los dominicanos para que den auxilio a los migrantes.<\/p>\n\n\n\n<p>La seccional en el pa\u00eds de la Agencia para los Refugiados de la ONU siempre ha levantado una postura antinacional, por lo que en m\u00faltiples ocasiones ha sido repudiada por los dominicanos.<\/p>\n\n\n\n<p>Record\u00f3 que ya en una ocasi\u00f3n, la UDC tuvo que ponerse los pantalones para repudiar y declarar no grato a Alvaro Vargas Llosa, que fue representante local de la ACNUR y lleg\u00f3 a considerar que los haitianos nacidos en el pa\u00eds eran dominicanos.<\/p>\n\n\n\n<p>Esa aseveraci\u00f3n de un funcionario de muy alto nivel de las Naciones Unidas fue y es una afrenta a la Constituci\u00f3n nacional, que enmarca con claridad a quienes se puede considerar dominicano por nacimiento o por nacionalizaci\u00f3n.<\/p>\n\n\n\n<p>Afirm\u00f3 que solo la unidad monol\u00edtica de todos los dominicanos podr\u00e1 evitar los planes de los Estados Unidos y la ONU de que el pa\u00eds cargue con el pesado fardo de la cuasi guerra civil de Hait\u00ed.<\/p>\n","protected":false},"excerpt":{"rendered":"<p>Santo Domingo.-El presidente de la Uni\u00f3n Dem\u00f3crata Cristiana \u2013UDC-, Luis Acosta Moreta, Luis \u201cEl Gallo\u201d pidi\u00f3 hoy la unidad e integraci\u00f3n de todos los dominicanos, sin importar sus bander\u00edas partidistas,&hellip;<\/p>\n","protected":false},"author":3,"featured_media":78984,"comment_status":"open","ping_status":"open","sticky":false,"template":"","format":"standard","meta":{"content-type":"","jetpack_post_was_ever_published":false,"_jetpack_newsletter_access":"","_jetpack_dont_email_post_to_subs":false,"_jetpack_newsletter_tier_id":0,"_jetpack_memberships_contains_paywalled_content":false,"_jetpack_memberships_contains_paid_content":false,"footnotes":""},"categories":[25],"tags":[1208],"class_list":["post-78983","post","type-post","status-publish","format-standard","has-post-thumbnail","hentry","category-portada","tag-luis-el-gallo"],"jetpack_featured_media_url":"https:\/\/lasprimeras.com.do\/wp-content\/uploads\/2024\/03\/WhatsApp-Image-2024-03-22-at-7.14.23-AM.jpeg","jetpack-related-posts":[{"id":105715,"url":"https:\/\/lasprimeras.com.do\/index.php\/2025\/08\/06\/luis-el-gallo-pide-a-rd-alerta-maxima-ante-la-ampliacion-de-la-crisis-haitiana\/","url_meta":{"origin":78983,"position":0},"title":"Luis \u201cEl Gallo\u201d pide a RD alerta m\u00e1xima ante la ampliaci\u00f3n de la crisis haitiana","author":"Nelson Feliz","date":"6 de agosto de 2025","format":false,"excerpt":"El presidente de la Uni\u00f3n Dem\u00f3crata Cristiana \u2013UDC-, Luis Acosta Moreta, Luis \u201cEl Gallo\u201d, pidi\u00f3 hoy que el pa\u00eds se mantenga en alerta m\u00e1xima, cuando se acrecienta la guerra civil de baja intensidad de Hait\u00ed, que ha llevado hasta el cierre de la embajada norteamericana. Enfatiz\u00f3 que el momento es\u2026","rel":"","context":"En \u00abPOLITICA\u00bb","block_context":{"text":"POLITICA","link":"https:\/\/lasprimeras.com.do\/index.php\/category\/politica\/"},"img":{"alt_text":"Luis Acosta Moreta","src":"https:\/\/i0.wp.com\/lasprimeras.com.do\/wp-content\/uploads\/2025\/07\/Luis-Acosta-Moreta.png?resize=350%2C200&ssl=1","width":350,"height":200},"classes":[]},{"id":100262,"url":"https:\/\/lasprimeras.com.do\/index.php\/2025\/06\/04\/luis-el-gallo-felicita-a-migracion-por-deportar-a-cientos-de-miles-de-haitianos\/","url_meta":{"origin":78983,"position":1},"title":"Luis \u201cEl Gallo\u201d felicita a Migraci\u00f3n por deportar a cientos de miles de haitianos","author":"Nelson Feliz","date":"4 de junio de 2025","format":false,"excerpt":"El presidente de la Uni\u00f3n Dem\u00f3crata Cristiana \u2013UDC-, Luis Acosta Moreta, Luis \u201cEl Gallo\u201d, dio hoy su respaldo a la Direcci\u00f3n General de Migraci\u00f3n, por el excelente trabajo que realiza con la deportaci\u00f3n de indocumentados. Destac\u00f3 que el vicealmirante Luis Rafael Lee Ballester ejecuta una gran labor al frente de\u2026","rel":"","context":"En \u00abPOLITICA\u00bb","block_context":{"text":"POLITICA","link":"https:\/\/lasprimeras.com.do\/index.php\/category\/politica\/"},"img":{"alt_text":"Luis Acosta Moreta","src":"https:\/\/i0.wp.com\/lasprimeras.com.do\/wp-content\/uploads\/2025\/06\/Luis-Acosta-Moreta.jpg?resize=350%2C200&ssl=1","width":350,"height":200,"srcset":"https:\/\/i0.wp.com\/lasprimeras.com.do\/wp-content\/uploads\/2025\/06\/Luis-Acosta-Moreta.jpg?resize=350%2C200&ssl=1 1x, https:\/\/i0.wp.com\/lasprimeras.com.do\/wp-content\/uploads\/2025\/06\/Luis-Acosta-Moreta.jpg?resize=525%2C300&ssl=1 1.5x, https:\/\/i0.wp.com\/lasprimeras.com.do\/wp-content\/uploads\/2025\/06\/Luis-Acosta-Moreta.jpg?resize=700%2C400&ssl=1 2x"},"classes":[]},{"id":115275,"url":"https:\/\/lasprimeras.com.do\/index.php\/2025\/11\/20\/luis-el-gallo-rechaza-denuncias-de-amnistia-internacional-y-senala-son-viles-mentiras\/","url_meta":{"origin":78983,"position":2},"title":"Luis \u201cEl Gallo\u201d rechaza denuncias de Amnist\u00eda Internacional y se\u00f1ala son viles mentiras","author":"Nelson Feliz","date":"20 de noviembre de 2025","format":false,"excerpt":"El presidente de la Uni\u00f3n Dem\u00f3crata Cristiana -UDC-, Luis Acosta Moreta, Luis \u201cEl Gallo\u201d, rechaz\u00f3 hoy por mentirosas y viles las denuncias de Amnist\u00eda Internacional de que en el pa\u00eds se da a las parturientas haitianas un trato racista, discriminatorio y violador de los derechos humanos. Dijo que por el\u2026","rel":"","context":"En \u00abPOLITICA\u00bb","block_context":{"text":"POLITICA","link":"https:\/\/lasprimeras.com.do\/index.php\/category\/politica\/"},"img":{"alt_text":"","src":"https:\/\/i0.wp.com\/lasprimeras.com.do\/wp-content\/uploads\/2025\/11\/Luis-Acosta-Moreta.jpeg?resize=350%2C200&ssl=1","width":350,"height":200,"srcset":"https:\/\/i0.wp.com\/lasprimeras.com.do\/wp-content\/uploads\/2025\/11\/Luis-Acosta-Moreta.jpeg?resize=350%2C200&ssl=1 1x, https:\/\/i0.wp.com\/lasprimeras.com.do\/wp-content\/uploads\/2025\/11\/Luis-Acosta-Moreta.jpeg?resize=525%2C300&ssl=1 1.5x, https:\/\/i0.wp.com\/lasprimeras.com.do\/wp-content\/uploads\/2025\/11\/Luis-Acosta-Moreta.jpeg?resize=700%2C400&ssl=1 2x"},"classes":[]},{"id":80121,"url":"https:\/\/lasprimeras.com.do\/index.php\/2024\/04\/04\/luis-el-gallo-rechaza-en-rd-se-practique-racismo-y-plantea-hay-que-deportar-todos-los-ilegales-haitianos\/","url_meta":{"origin":78983,"position":3},"title":"Luis \u201cEl Gallo\u201d rechaza en RD se practique racismo, y plantea hay que deportar todos los ilegales haitianos","author":"BIMARY DE JES\u00daS Matos","date":"4 de abril de 2024","format":false,"excerpt":"Santo Domingo.-El presidente de la Uni\u00f3n Dem\u00f3crata Cristiana \u2013UDC-, Luis Acosta Moreta, Luis \u201cEl Gallo\u201d rechaz\u00f3 hoy que en la Rep\u00fablica Dominicana se practique el racismo y la violaci\u00f3n de los derechos humanos de los haitianos, y destac\u00f3 que las deportaciones de ilegales tienen que continuar. Se\u00f1al\u00f3 que la organizaci\u00f3n\u2026","rel":"","context":"En \u00abSin categor\u00eda\u00bb","block_context":{"text":"Sin categor\u00eda","link":"https:\/\/lasprimeras.com.do\/index.php\/category\/sin-categoria\/"},"img":{"alt_text":"","src":"https:\/\/i0.wp.com\/lasprimeras.com.do\/wp-content\/uploads\/2024\/04\/WhatsApp-Image-2024-04-04-at-7.51.08-AM.jpeg?resize=350%2C200&ssl=1","width":350,"height":200,"srcset":"https:\/\/i0.wp.com\/lasprimeras.com.do\/wp-content\/uploads\/2024\/04\/WhatsApp-Image-2024-04-04-at-7.51.08-AM.jpeg?resize=350%2C200&ssl=1 1x, https:\/\/i0.wp.com\/lasprimeras.com.do\/wp-content\/uploads\/2024\/04\/WhatsApp-Image-2024-04-04-at-7.51.08-AM.jpeg?resize=525%2C300&ssl=1 1.5x, https:\/\/i0.wp.com\/lasprimeras.com.do\/wp-content\/uploads\/2024\/04\/WhatsApp-Image-2024-04-04-at-7.51.08-AM.jpeg?resize=700%2C400&ssl=1 2x, https:\/\/i0.wp.com\/lasprimeras.com.do\/wp-content\/uploads\/2024\/04\/WhatsApp-Image-2024-04-04-at-7.51.08-AM.jpeg?resize=1050%2C600&ssl=1 3x"},"classes":[]},{"id":101361,"url":"https:\/\/lasprimeras.com.do\/index.php\/2025\/06\/20\/luis-el-gallo-denuncia-calumnia-de-la-prensa-internacional-con-rd\/","url_meta":{"origin":78983,"position":4},"title":"Luis \u201cEl Gallo\u201d denuncia calumnia de la prensa internacional con RD","author":"Nelson Feliz","date":"20 de junio de 2025","format":false,"excerpt":"Miente datos de pol\u00edtica migratoria dominicana. El presidente de la Uni\u00f3n Dem\u00f3crata Cristiana \u2013UDC- rechaz\u00f3 hoy la campa\u00f1a de descr\u00e9dito al pa\u00eds que llevan a cabo peri\u00f3dicos y medios de prensa internacionales, bajo el alegato de que se maltrata a los haitianos. Luis Acosta Moreta, Luis \u201cEl Gallo\u201d, pareci\u00f3 que\u2026","rel":"","context":"En \u00abPOLITICA\u00bb","block_context":{"text":"POLITICA","link":"https:\/\/lasprimeras.com.do\/index.php\/category\/politica\/"},"img":{"alt_text":"Luis Acosta Moreta","src":"https:\/\/i0.wp.com\/lasprimeras.com.do\/wp-content\/uploads\/2024\/11\/Luis-Acosta-Moreta.jpg?resize=350%2C200&ssl=1","width":350,"height":200,"srcset":"https:\/\/i0.wp.com\/lasprimeras.com.do\/wp-content\/uploads\/2024\/11\/Luis-Acosta-Moreta.jpg?resize=350%2C200&ssl=1 1x, https:\/\/i0.wp.com\/lasprimeras.com.do\/wp-content\/uploads\/2024\/11\/Luis-Acosta-Moreta.jpg?resize=525%2C300&ssl=1 1.5x, https:\/\/i0.wp.com\/lasprimeras.com.do\/wp-content\/uploads\/2024\/11\/Luis-Acosta-Moreta.jpg?resize=700%2C400&ssl=1 2x"},"classes":[]},{"id":79240,"url":"https:\/\/lasprimeras.com.do\/index.php\/2024\/03\/25\/luis-el-gallo-dice-a-eeuu-y-onu-que-nadie-tiene-derecho-a-mancillar-el-territorio-nacional\/","url_meta":{"origin":78983,"position":5},"title":"Luis \u201cEl Gallo\u201d dice a EEUU y ONU que nadie tiene derecho a mancillar el territorio nacional","author":"BIMARY DE JES\u00daS Matos","date":"25 de marzo de 2024","format":false,"excerpt":"Santo Domingo.-El presidente de la Uni\u00f3n Dem\u00f3crata Cristiana-UDC-, Luis Acosta Moreta, Luis \u201cEl Gallo\u201d, dijo hoy que la Rep\u00fablica Dominicana no acepta el establecimiento de campamentos de refugiados en el pa\u00eds, y enfrentar\u00e1 verticalmente las presiones de organismos internacionales que quieren mancillar nuestro territorio.. Afirm\u00f3 que por m\u00e1s fuerte que\u2026","rel":"","context":"En \u00abPORTADA\u00bb","block_context":{"text":"PORTADA","link":"https:\/\/lasprimeras.com.do\/index.php\/category\/portada\/"},"img":{"alt_text":"","src":"https:\/\/i0.wp.com\/lasprimeras.com.do\/wp-content\/uploads\/2024\/03\/WhatsApp-Image-2024-03-25-at-8.12.20-AM.jpeg?resize=350%2C200&ssl=1","width":350,"height":200,"srcset":"https:\/\/i0.wp.com\/lasprimeras.com.do\/wp-content\/uploads\/2024\/03\/WhatsApp-Image-2024-03-25-at-8.12.20-AM.jpeg?resize=350%2C200&ssl=1 1x, https:\/\/i0.wp.com\/lasprimeras.com.do\/wp-content\/uploads\/2024\/03\/WhatsApp-Image-2024-03-25-at-8.12.20-AM.jpeg?resize=525%2C300&ssl=1 1.5x, https:\/\/i0.wp.com\/lasprimeras.com.do\/wp-content\/uploads\/2024\/03\/WhatsApp-Image-2024-03-25-at-8.12.20-AM.jpeg?resize=700%2C400&ssl=1 2x"},"classes":[]}],"jetpack_sharing_enabled":true,"_links":{"self":[{"href":"https:\/\/lasprimeras.com.do\/index.php\/wp-json\/wp\/v2\/posts\/78983","targetHints":{"allow":["GET"]}}],"collection":[{"href":"https:\/\/lasprimeras.com.do\/index.php\/wp-json\/wp\/v2\/posts"}],"about":[{"href":"https:\/\/lasprimeras.com.do\/index.php\/wp-json\/wp\/v2\/types\/post"}],"author":[{"embeddable":true,"href":"https:\/\/lasprimeras.com.do\/index.php\/wp-json\/wp\/v2\/users\/3"}],"replies":[{"embeddable":true,"href":"https:\/\/lasprimeras.com.do\/index.php\/wp-json\/wp\/v2\/comments?post=78983"}],"version-history":[{"count":1,"href":"https:\/\/lasprimeras.com.do\/index.php\/wp-json\/wp\/v2\/posts\/78983\/revisions"}],"predecessor-version":[{"id":78985,"href":"https:\/\/lasprimeras.com.do\/index.php\/wp-json\/wp\/v2\/posts\/78983\/revisions\/78985"}],"wp:featuredmedia":[{"embeddable":true,"href":"https:\/\/lasprimeras.com.do\/index.php\/wp-json\/wp\/v2\/media\/78984"}],"wp:attachment":[{"href":"https:\/\/lasprimeras.com.do\/index.php\/wp-json\/wp\/v2\/media?parent=78983"}],"wp:term":[{"taxonomy":"category","embeddable":true,"href":"https:\/\/lasprimeras.com.do\/index.php\/wp-json\/wp\/v2\/categories?post=78983"},{"taxonomy":"post_tag","embeddable":true,"href":"https:\/\/lasprimeras.com.do\/index.php\/wp-json\/wp\/v2\/tags?post=78983"}],"curies":[{"name":"wp","href":"https:\/\/api.w.org\/{rel}","templated":true}]}}