{"id":78986,"date":"2024-03-22T07:32:13","date_gmt":"2024-03-22T11:32:13","guid":{"rendered":"https:\/\/lasprimeras.com.do\/?p=78986"},"modified":"2024-03-22T07:32:15","modified_gmt":"2024-03-22T11:32:15","slug":"a-que-se-debe-el-aumento-de-casos-de-cancer-colorrectal-en-eeuu","status":"publish","type":"post","link":"https:\/\/lasprimeras.com.do\/index.php\/2024\/03\/22\/a-que-se-debe-el-aumento-de-casos-de-cancer-colorrectal-en-eeuu\/","title":{"rendered":"\u00bfA qu\u00e9 se debe el aumento de casos de c\u00e1ncer colorrectal en EEUU?"},"content":{"rendered":"\n<p>MIAMI, EEUU \u2014El c\u00e1ncer colorrectal, al margen de los c\u00e1nceres de piel, se posiciona como el tercer tipo de c\u00e1ncer m\u00e1s diagnosticado tanto en hombres como en mujeres en Estados Unidos, revelando su impacto significativo en la salud p\u00fablica.<\/p>\n\n\n\n<p>\u201cEl c\u00e1ncer colorrectal es un tumor que empieza adentro del intestino grueso, en el colon o en el recto, y empieza a crecer. <\/p>\n\n\n\n<p>Es un p\u00f3lipo que no es c\u00e1ncer y se puede quitar por colonoscop\u00eda, pero si le da tiempo para crecer durante varios a\u00f1os puede convertirse en un c\u00e1ncer y si se deja en estados muy avanzados puede ser muy peligroso\u201d, recalca la Dra. Paula Denoya, m\u00e9dica especialista en cirug\u00eda de colon y recto en el Centro Oncol\u00f3gico Stony Brook de Nueva York.<\/p>\n\n\n\n<p>La Sociedad Americana Contra El C\u00e1ncer (ACS, por sus siglas en ingl\u00e9s) estima que, para el a\u00f1o 2024, se registrar\u00e1n 106.590 nuevos casos de c\u00e1ncer de colon y 46.220 de c\u00e1ncer rectal, distribuidos de manera relativamente equitativa entre ambos sexos. <\/p>\n\n\n\n<p>Esta estad\u00edstica, seg\u00fan los expertos consultados por la Voz de Am\u00e9rica, pone de manifiesto la relevancia de esta enfermedad y la necesidad de prestarle atenci\u00f3n, especialmente porque se ha convertido en el c\u00e1ncer que causa m\u00e1s muertes en hombres y el segundo en mujeres.<\/p>\n\n\n\n<p>\u201cEn las \u00faltimas dos d\u00e9cadas, pas\u00f3 de estar de la cuarta posici\u00f3n a la primera y la segunda en hombres y mujeres, respectivamente\u201d, dec\u00eda la Dra. Nathalie Mantilla, cirujano colorrectal y portavoz de ACS, durante la entrevista concedida con motivo del mes de concienciaci\u00f3n de este tipo de c\u00e1ncer.<\/p>\n\n\n\n<p>Los expertos se est\u00e1n fijando especialmente en la poblaci\u00f3n joven, menores de 50 a\u00f1os, porque los \u00faltimos estudios han revelado que este tipo de c\u00e1ncer empieza a darse, cada vez, en personas de menor edad. Ante eso, la ACS ahora recomienda hacerse los chequeos a partir de los 45 a\u00f1os y no los 50, como hasta el momento.<\/p>\n\n\n\n<p>Hist\u00f3ricamente, desde mediados de la d\u00e9cada de 1980, la incidencia del c\u00e1ncer colorrectal ha mostrado una tendencia decreciente, atribuida en gran parte a la adopci\u00f3n de pr\u00e1cticas de detecci\u00f3n temprana y cambios hacia estilos de vida m\u00e1s saludables.<\/p>\n\n\n\n<p> Entre 2011 y 2019, se observ\u00f3 una disminuci\u00f3n promedio anual de alrededor del 1 % en su incidencia. Sin embargo, este descenso se ha notado principalmente en la poblaci\u00f3n mayor, mientras que, preocupantemente, entre los menores de 50 a\u00f1os, las tasas han incrementado anualmente entre un 1 % y un 2 % desde mediados de los 90.<\/p>\n\n\n\n<p>En t\u00e9rminos de riesgo a lo largo de la vida, aproximadamente 1 de cada 23 hombres y 1 de cada 25 mujeres enfrentar\u00e1n este diagn\u00f3stico en alg\u00fan momento. Este riesgo var\u00eda considerablemente entre individuos, influenciado por una serie de factores de riesgo espec\u00edficos para el c\u00e1ncer colorrectal. <\/p>\n\n\n\n<p>La enfermedad ocupa el tercer lugar como causa de muerte por c\u00e1ncer, tanto en hombres como en mujeres individualmente, y es la segunda m\u00e1s com\u00fan al considerar ambos g\u00e9neros en conjunto, con una expectativa de alrededor de 53.010 fallecimientos en 2024.<\/p>\n\n\n\n<p>Afortunadamente, la tasa de mortalidad por c\u00e1ncer colorrectal ha disminuido en las \u00faltimas d\u00e9cadas para ambos sexos, un logro que probablemente se deba a la detecci\u00f3n y extirpaci\u00f3n tempranas de p\u00f3lipos precancerosos, as\u00ed como a mejoras en los tratamientos.<\/p>\n\n\n\n<p> Estas intervenciones tempranas permiten el diagn\u00f3stico de la enfermedad en estadios iniciales, cuando las opciones de tratamiento son m\u00e1s efectivas y menos invasivas. <\/p>\n\n\n\n<p>No obstante, es alarmante el incremento anual de aproximadamente el 1 % en la incidencia entre personas menores de 55 a\u00f1os desde mediados de la d\u00e9cada de 2000, lo que subraya la importancia de reforzar las estrategias de prevenci\u00f3n y detecci\u00f3n temprana en grupos de edad m\u00e1s j\u00f3venes.<\/p>\n\n\n\n<p>Por eso, la Dra. Mantilla admite que el hecho de que en los \u00faltimos a\u00f1os se haya registrado un aumento de casos de este tipo de c\u00e1ncer en una poblaci\u00f3n m\u00e1s joven se hace especialmente dif\u00edcil, en tanto que las pruebas rutinarias se recomiendan hacer a partir de los 45 a\u00f1os y no antes.<\/p>\n\n\n\n<p><\/p>\n","protected":false},"excerpt":{"rendered":"<p>MIAMI, EEUU \u2014El c\u00e1ncer colorrectal, al margen de los c\u00e1nceres de piel, se posiciona como el tercer tipo de c\u00e1ncer m\u00e1s diagnosticado tanto en hombres como en mujeres en Estados&hellip;<\/p>\n","protected":false},"author":3,"featured_media":78987,"comment_status":"open","ping_status":"open","sticky":false,"template":"","format":"standard","meta":{"content-type":"","jetpack_post_was_ever_published":false,"_jetpack_newsletter_access":"","_jetpack_dont_email_post_to_subs":false,"_jetpack_newsletter_tier_id":0,"_jetpack_memberships_contains_paywalled_content":false,"_jetpack_memberships_contains_paid_content":false,"footnotes":""},"categories":[1],"tags":[2768],"class_list":["post-78986","post","type-post","status-publish","format-standard","has-post-thumbnail","hentry","category-sin-categoria","tag-ee-uu-3"],"jetpack_featured_media_url":"https:\/\/lasprimeras.com.do\/wp-content\/uploads\/2024\/03\/WhatsApp-Image-2024-03-22-at-7.14.23-AM-1.jpeg","jetpack-related-posts":[{"id":77520,"url":"https:\/\/lasprimeras.com.do\/index.php\/2024\/02\/21\/investigacion-de-cleveland-clinic-descubre-bacterias-unicas-relacionadas-al-cancer-colorrectal\/","url_meta":{"origin":78986,"position":0},"title":"Investigaci\u00f3n de Cleveland Clinic descubre bacterias \u00fanicas relacionadas al c\u00e1ncer colorrectal","author":"Nelson Feliz","date":"21 de febrero de 2024","format":false,"excerpt":"El descubrimiento podr\u00eda llevar a nuevas pruebas y tratamientos para personas menores de 50 a\u00f1os. Una nueva investigaci\u00f3n de Cleveland Clinic ha mapeado los cambios en las bacterias relacionadas con los tumores asociados al c\u00e1ncer colorrectal de inicio temprano para descubrir posibles nuevas estrategias para combatir el aumento de este\u2026","rel":"","context":"En \u00abPORTADA\u00bb","block_context":{"text":"PORTADA","link":"https:\/\/lasprimeras.com.do\/index.php\/category\/portada\/"},"img":{"alt_text":"Alok Khorana, M.D., onc\u00f3logo de Cleveland Clinic e investigador principal del estudio","src":"https:\/\/i0.wp.com\/lasprimeras.com.do\/wp-content\/uploads\/2024\/02\/Alok-Khorana-M.D.-oncologo-de-Cleveland-Clinic-e-investigador-principal-del-estudio.jpg?resize=350%2C200&ssl=1","width":350,"height":200,"srcset":"https:\/\/i0.wp.com\/lasprimeras.com.do\/wp-content\/uploads\/2024\/02\/Alok-Khorana-M.D.-oncologo-de-Cleveland-Clinic-e-investigador-principal-del-estudio.jpg?resize=350%2C200&ssl=1 1x, https:\/\/i0.wp.com\/lasprimeras.com.do\/wp-content\/uploads\/2024\/02\/Alok-Khorana-M.D.-oncologo-de-Cleveland-Clinic-e-investigador-principal-del-estudio.jpg?resize=525%2C300&ssl=1 1.5x"},"classes":[]},{"id":127037,"url":"https:\/\/lasprimeras.com.do\/index.php\/2026\/04\/08\/aumenta-en-nyc-cancer-de-colon-menores-de-50-anos-hay-creciente-comunidad-dominicana-en-esas-edades\/","url_meta":{"origin":78986,"position":1},"title":"Aumenta en NYC c\u00e1ncer de colon menores de 50 a\u00f1os; hay creciente comunidad dominicana en esas edades","author":"Nelson Feliz","date":"8 de abril de 2026","format":false,"excerpt":"Por Ram\u00f3n Mercedes NUEVA YORK.-\u00a0M\u00e9dicos de Maimonides Health en Brooklyn expresan que el c\u00e1ncer colorrectal est\u00e1 aumentando en personas menores de 50 a\u00f1os en esta ciudad en casi un 3 % anual y ahora es la principal causa de muerte relacionada con esta enfermnedad en este grupo de edad. Actualmente,\u2026","rel":"","context":"En \u00abSALUD\u00bb","block_context":{"text":"SALUD","link":"https:\/\/lasprimeras.com.do\/index.php\/category\/salud\/"},"img":{"alt_text":"","src":"https:\/\/i0.wp.com\/lasprimeras.com.do\/wp-content\/uploads\/2026\/04\/Aumenta-en-NYC-cancer-de-colon-menores-de-50-anos.jpg?resize=350%2C200&ssl=1","width":350,"height":200,"srcset":"https:\/\/i0.wp.com\/lasprimeras.com.do\/wp-content\/uploads\/2026\/04\/Aumenta-en-NYC-cancer-de-colon-menores-de-50-anos.jpg?resize=350%2C200&ssl=1 1x, https:\/\/i0.wp.com\/lasprimeras.com.do\/wp-content\/uploads\/2026\/04\/Aumenta-en-NYC-cancer-de-colon-menores-de-50-anos.jpg?resize=525%2C300&ssl=1 1.5x"},"classes":[]},{"id":54331,"url":"https:\/\/lasprimeras.com.do\/index.php\/2023\/07\/10\/cancer-el-misterio-de-microbios-que-viven-dentro-de-los-tumores\/","url_meta":{"origin":78986,"position":2},"title":"C\u00e1ncer: el misterio de microbios que viven dentro de los tumores","author":"Nelson Feliz","date":"10 de julio de 2023","format":false,"excerpt":"Nuestros cuerpos son h\u00e1bitats para otras formas de vida. El intestino, la boca, la nariz y la piel albergan diversas comunidades de microbios que pueden ser buenos o malos para nuestra salud. Sin embargo, durante los \u00faltimos a\u00f1os los cient\u00edficos encontraron microbios en un lugar m\u00e1s sorprendente: los tumores. Es\u2026","rel":"","context":"En \u00abSin categor\u00eda\u00bb","block_context":{"text":"Sin categor\u00eda","link":"https:\/\/lasprimeras.com.do\/index.php\/category\/sin-categoria\/"},"img":{"alt_text":"C\u00e1ncer","src":"https:\/\/i0.wp.com\/lasprimeras.com.do\/wp-content\/uploads\/2023\/07\/cancer.jpg?resize=350%2C200&ssl=1","width":350,"height":200,"srcset":"https:\/\/i0.wp.com\/lasprimeras.com.do\/wp-content\/uploads\/2023\/07\/cancer.jpg?resize=350%2C200&ssl=1 1x, https:\/\/i0.wp.com\/lasprimeras.com.do\/wp-content\/uploads\/2023\/07\/cancer.jpg?resize=525%2C300&ssl=1 1.5x, https:\/\/i0.wp.com\/lasprimeras.com.do\/wp-content\/uploads\/2023\/07\/cancer.jpg?resize=700%2C400&ssl=1 2x"},"classes":[]},{"id":99183,"url":"https:\/\/lasprimeras.com.do\/index.php\/2025\/05\/19\/expresidente-joe-biden-padece-un-agresivo-cancer-de-prostata\/","url_meta":{"origin":78986,"position":3},"title":"Expresidente Joe Biden padece un agresivo c\u00e1ncer de pr\u00f3stata","author":"Nelson Feliz","date":"19 de mayo de 2025","format":false,"excerpt":"Lo que hay que saber sobre el diagn\u00f3stico de c\u00e1ncer de pr\u00f3stata del expresidente Joe Biden POR JOSH BOAK WASHINGTON (AP) \u2014 El expresidente Joe Biden fue diagnosticado con c\u00e1ncer de pr\u00f3stata, inform\u00f3 su oficina el domingo. Biden, de 82 a\u00f1os, fue examinado por m\u00e9dicos la semana pasada despu\u00e9s que\u2026","rel":"","context":"En \u00abINTERNACIONALES\u00bb","block_context":{"text":"INTERNACIONALES","link":"https:\/\/lasprimeras.com.do\/index.php\/category\/sin-categoria\/internacionales\/"},"img":{"alt_text":"JOE BIDEN","src":"https:\/\/i0.wp.com\/lasprimeras.com.do\/wp-content\/uploads\/2023\/09\/JOE-BIDEN.jpg?resize=350%2C200&ssl=1","width":350,"height":200,"srcset":"https:\/\/i0.wp.com\/lasprimeras.com.do\/wp-content\/uploads\/2023\/09\/JOE-BIDEN.jpg?resize=350%2C200&ssl=1 1x, https:\/\/i0.wp.com\/lasprimeras.com.do\/wp-content\/uploads\/2023\/09\/JOE-BIDEN.jpg?resize=525%2C300&ssl=1 1.5x, https:\/\/i0.wp.com\/lasprimeras.com.do\/wp-content\/uploads\/2023\/09\/JOE-BIDEN.jpg?resize=700%2C400&ssl=1 2x"},"classes":[]},{"id":51860,"url":"https:\/\/lasprimeras.com.do\/index.php\/2023\/06\/04\/superviviente-de-cancer\/","url_meta":{"origin":78986,"position":4},"title":"Superviviente de c\u00e1ncer","author":"prenxa100","date":"4 de junio de 2023","format":false,"excerpt":"Por Dionicio Hern\u00e1ndez Leonardo Hoy, 4 de junio de 2023, es D\u00eda Mundial del Superviviente de C\u00e1ncer, establecido en 1988 con el objetivo fundamental de: \u201dreconocer a los pacientes que han sobrevivido al c\u00e1ncer, visibilizando sus necesidades\u201d. La referencia m\u00e1s antigua sobre el c\u00e1ncer data del a\u00f1o 3000 antes de\u2026","rel":"","context":"En \u00abHISTORIA\u00bb","block_context":{"text":"HISTORIA","link":"https:\/\/lasprimeras.com.do\/index.php\/category\/historia\/"},"img":{"alt_text":"","src":"","width":0,"height":0},"classes":[]},{"id":64295,"url":"https:\/\/lasprimeras.com.do\/index.php\/2023\/10\/19\/mes-de-concientizacion-del-cancer-de-mama-lo-que-las-mujeres-deben-saber-sobre-su-riesgo\/","url_meta":{"origin":78986,"position":5},"title":"Mes de Concientizaci\u00f3n del C\u00e1ncer de Mama: Lo que las mujeres deben saber sobre su riesgo","author":"Nelson Feliz","date":"19 de octubre de 2023","format":false,"excerpt":"La identificaci\u00f3n de los factores de riesgo personales empodera a las mujeres para proteger su salud y garantizar el plan de detecci\u00f3n m\u00e1s adecuado, especialista de Cleveland Clinic. Un factor de riesgo significativo en muchos tipos de c\u00e1ncer, incluido el c\u00e1ncer de mama, es la obesidad. En general, se recomienda\u2026","rel":"","context":"En \u00abSin categor\u00eda\u00bb","block_context":{"text":"Sin categor\u00eda","link":"https:\/\/lasprimeras.com.do\/index.php\/category\/sin-categoria\/"},"img":{"alt_text":"C\u00e1ncer Mama concientizar","src":"https:\/\/i0.wp.com\/lasprimeras.com.do\/wp-content\/uploads\/2023\/10\/Cancer-Mama-concientizar.jpg?resize=350%2C200&ssl=1","width":350,"height":200,"srcset":"https:\/\/i0.wp.com\/lasprimeras.com.do\/wp-content\/uploads\/2023\/10\/Cancer-Mama-concientizar.jpg?resize=350%2C200&ssl=1 1x, https:\/\/i0.wp.com\/lasprimeras.com.do\/wp-content\/uploads\/2023\/10\/Cancer-Mama-concientizar.jpg?resize=525%2C300&ssl=1 1.5x, https:\/\/i0.wp.com\/lasprimeras.com.do\/wp-content\/uploads\/2023\/10\/Cancer-Mama-concientizar.jpg?resize=700%2C400&ssl=1 2x"},"classes":[]}],"jetpack_sharing_enabled":true,"_links":{"self":[{"href":"https:\/\/lasprimeras.com.do\/index.php\/wp-json\/wp\/v2\/posts\/78986","targetHints":{"allow":["GET"]}}],"collection":[{"href":"https:\/\/lasprimeras.com.do\/index.php\/wp-json\/wp\/v2\/posts"}],"about":[{"href":"https:\/\/lasprimeras.com.do\/index.php\/wp-json\/wp\/v2\/types\/post"}],"author":[{"embeddable":true,"href":"https:\/\/lasprimeras.com.do\/index.php\/wp-json\/wp\/v2\/users\/3"}],"replies":[{"embeddable":true,"href":"https:\/\/lasprimeras.com.do\/index.php\/wp-json\/wp\/v2\/comments?post=78986"}],"version-history":[{"count":1,"href":"https:\/\/lasprimeras.com.do\/index.php\/wp-json\/wp\/v2\/posts\/78986\/revisions"}],"predecessor-version":[{"id":78988,"href":"https:\/\/lasprimeras.com.do\/index.php\/wp-json\/wp\/v2\/posts\/78986\/revisions\/78988"}],"wp:featuredmedia":[{"embeddable":true,"href":"https:\/\/lasprimeras.com.do\/index.php\/wp-json\/wp\/v2\/media\/78987"}],"wp:attachment":[{"href":"https:\/\/lasprimeras.com.do\/index.php\/wp-json\/wp\/v2\/media?parent=78986"}],"wp:term":[{"taxonomy":"category","embeddable":true,"href":"https:\/\/lasprimeras.com.do\/index.php\/wp-json\/wp\/v2\/categories?post=78986"},{"taxonomy":"post_tag","embeddable":true,"href":"https:\/\/lasprimeras.com.do\/index.php\/wp-json\/wp\/v2\/tags?post=78986"}],"curies":[{"name":"wp","href":"https:\/\/api.w.org\/{rel}","templated":true}]}}