{"id":78992,"date":"2024-03-22T07:44:06","date_gmt":"2024-03-22T11:44:06","guid":{"rendered":"https:\/\/lasprimeras.com.do\/?p=78992"},"modified":"2024-03-22T07:44:08","modified_gmt":"2024-03-22T11:44:08","slug":"luis-abinader-expresa-sufrimiento-por-la-tragedia-en-salcedo","status":"publish","type":"post","link":"https:\/\/lasprimeras.com.do\/index.php\/2024\/03\/22\/luis-abinader-expresa-sufrimiento-por-la-tragedia-en-salcedo\/","title":{"rendered":"Luis Abinader expresa sufrimiento por la tragedia en Salcedo"},"content":{"rendered":"\n<p>Santo Domingo.-Tragedia. \u201cEstoy aqu\u00ed no solo como presidente de todos los dominicanos, sino tambi\u00e9n como padre, y puedo decirles que Raquel y yo hemos estado atentos desde el primer d\u00eda, y aunque nunca como ustedes, hemos sufrido bastante este accidente\u201d, as\u00ed se expres\u00f3 el presidente Luis Abinader ante familiares de las v\u00edctimas del incendio en el carnaval de Salcedo.<\/p>\n\n\n\n<p>El mandatario, quien acudi\u00f3 a una misa en solidaridad con los parientes, manifest\u00f3 que seguir\u00e1n orando y trabajando por la salud de los que todav\u00eda est\u00e1n en una situaci\u00f3n delicada y que no se escatimar\u00e1 ning\u00fan esfuerzo material para lograrlo.<\/p>\n\n\n\n<p>Abinader precis\u00f3 que se trata de una \u201csituaci\u00f3n especialmente dif\u00edcil decirle adi\u00f3s a nuestros hijos\u201d y agreg\u00f3 que tanto \u00e9l como la primera dama Raquel Arbaje, los seguir\u00e1n acompa\u00f1ando en todo lo que necesiten.<\/p>\n\n\n\n<p>La misa fue presidida por monse\u00f1or Carlos Tom\u00e1s Morel Dipl\u00e1n, obispo administrativo de la Di\u00f3cesis de La Vega, quien pidi\u00f3 por el descanso eterno de los fallecidos y por los que a\u00fan permanecen bajo atenci\u00f3n m\u00e9dica, para que Dios les conceda la recuperaci\u00f3n de su salud.<\/p>\n","protected":false},"excerpt":{"rendered":"<p>Santo Domingo.-Tragedia. \u201cEstoy aqu\u00ed no solo como presidente de todos los dominicanos, sino tambi\u00e9n como padre, y puedo decirles que Raquel y yo hemos estado atentos desde el primer d\u00eda,&hellip;<\/p>\n","protected":false},"author":3,"featured_media":78993,"comment_status":"open","ping_status":"open","sticky":false,"template":"","format":"standard","meta":{"content-type":"","jetpack_post_was_ever_published":false,"_jetpack_newsletter_access":"","_jetpack_dont_email_post_to_subs":false,"_jetpack_newsletter_tier_id":0,"_jetpack_memberships_contains_paywalled_content":false,"_jetpack_memberships_contains_paid_content":false,"footnotes":""},"categories":[25],"tags":[67],"class_list":["post-78992","post","type-post","status-publish","format-standard","has-post-thumbnail","hentry","category-portada","tag-luis-abinader"],"jetpack_featured_media_url":"https:\/\/lasprimeras.com.do\/wp-content\/uploads\/2024\/03\/WhatsApp-Image-2024-03-22-at-7.14.23-AM-3.jpeg","jetpack-related-posts":[{"id":78942,"url":"https:\/\/lasprimeras.com.do\/index.php\/2024\/03\/21\/abinader-asiste-a-misa-en-solidaridad-con-familiares-de-las-victimas-por-incendio-en-carnaval-de-salcedo\/","url_meta":{"origin":78992,"position":0},"title":"Abinader asiste a misa en solidaridad con familiares de las v\u00edctimas por incendio en carnaval de Salcedo","author":"Nelson Feliz","date":"21 de marzo de 2024","format":false,"excerpt":"Dice no escatimar\u00e1n esfuerzos al trabajar por la salud de los que todav\u00eda est\u00e1n en una situaci\u00f3n delicada. El presidente Luis Abinader acompa\u00f1\u00f3 este jueves en una eucarist\u00eda celebrada en Salcedo, a familiares de las v\u00edctimas del incendio ocurrido en el carnaval de esta ciudad, el pasado 10 de marzo.\u2026","rel":"","context":"En \u00abNACIONALES\u00bb","block_context":{"text":"NACIONALES","link":"https:\/\/lasprimeras.com.do\/index.php\/category\/nacionales\/"},"img":{"alt_text":"Luis Abinader","src":"https:\/\/i0.wp.com\/lasprimeras.com.do\/wp-content\/uploads\/2024\/03\/Luis-Abinader-10.jpg?resize=350%2C200&ssl=1","width":350,"height":200,"srcset":"https:\/\/i0.wp.com\/lasprimeras.com.do\/wp-content\/uploads\/2024\/03\/Luis-Abinader-10.jpg?resize=350%2C200&ssl=1 1x, https:\/\/i0.wp.com\/lasprimeras.com.do\/wp-content\/uploads\/2024\/03\/Luis-Abinader-10.jpg?resize=525%2C300&ssl=1 1.5x, https:\/\/i0.wp.com\/lasprimeras.com.do\/wp-content\/uploads\/2024\/03\/Luis-Abinader-10.jpg?resize=700%2C400&ssl=1 2x"},"classes":[]},{"id":97014,"url":"https:\/\/lasprimeras.com.do\/index.php\/2025\/04\/13\/abinader-participa-en-memorial-por-los-fallecidos-del-jet-set\/","url_meta":{"origin":78992,"position":1},"title":"Abinader participa en memorial por los fallecidos del Jet Set","author":"Nelson Feliz","date":"13 de abril de 2025","format":false,"excerpt":"Mandatario, primera dama y vicepresidenta expresan condolencias a familiares de los fallecidos. David Ortiz destaca el trabajo realizado por los organismos de socorro y la presencia del presidente en cada momento. El presidente Luis Abinader, en compa\u00f1\u00eda de la primera dama, Raquel Arbaje y la vicepresidenta Raquel Pe\u00f1a, particip\u00f3 del\u2026","rel":"","context":"En \u00abNACIONALES\u00bb","block_context":{"text":"NACIONALES","link":"https:\/\/lasprimeras.com.do\/index.php\/category\/nacionales\/"},"img":{"alt_text":"","src":"https:\/\/i0.wp.com\/lasprimeras.com.do\/wp-content\/uploads\/2025\/04\/Luis-Abinader.jpg?resize=350%2C200&ssl=1","width":350,"height":200,"srcset":"https:\/\/i0.wp.com\/lasprimeras.com.do\/wp-content\/uploads\/2025\/04\/Luis-Abinader.jpg?resize=350%2C200&ssl=1 1x, https:\/\/i0.wp.com\/lasprimeras.com.do\/wp-content\/uploads\/2025\/04\/Luis-Abinader.jpg?resize=525%2C300&ssl=1 1.5x, https:\/\/i0.wp.com\/lasprimeras.com.do\/wp-content\/uploads\/2025\/04\/Luis-Abinader.jpg?resize=700%2C400&ssl=1 2x"},"classes":[]},{"id":124479,"url":"https:\/\/lasprimeras.com.do\/index.php\/2026\/03\/12\/abinader-destaca-a-minerva-mirabal-como-pilar-de-la-democracia\/","url_meta":{"origin":78992,"position":2},"title":"Abinader destaca a Minerva Mirabal como pilar de la democracia","author":"Nelson Feliz","date":"12 de marzo de 2026","format":false,"excerpt":"El presidente Luis Abinader encabez\u00f3 este jueves los actos conmemorativos del centenario del nacimiento de Minerva Mirabal, donde resalt\u00f3 su liderazgo, su valent\u00eda frente a la tiran\u00eda y el legado de libertad que dej\u00f3 para la Rep\u00fablica Dominicana y el mundo. Durante su intervenci\u00f3n, el mandatario manifest\u00f3 que Minerva Mirabal\u2026","rel":"","context":"En \u00abNACIONALES\u00bb","block_context":{"text":"NACIONALES","link":"https:\/\/lasprimeras.com.do\/index.php\/category\/nacionales\/"},"img":{"alt_text":"Luis Abinader","src":"https:\/\/i0.wp.com\/lasprimeras.com.do\/wp-content\/uploads\/2026\/03\/Luis-Abinader-2.jpg?resize=350%2C200&ssl=1","width":350,"height":200,"srcset":"https:\/\/i0.wp.com\/lasprimeras.com.do\/wp-content\/uploads\/2026\/03\/Luis-Abinader-2.jpg?resize=350%2C200&ssl=1 1x, https:\/\/i0.wp.com\/lasprimeras.com.do\/wp-content\/uploads\/2026\/03\/Luis-Abinader-2.jpg?resize=525%2C300&ssl=1 1.5x, https:\/\/i0.wp.com\/lasprimeras.com.do\/wp-content\/uploads\/2026\/03\/Luis-Abinader-2.jpg?resize=700%2C400&ssl=1 2x"},"classes":[]},{"id":96807,"url":"https:\/\/lasprimeras.com.do\/index.php\/2025\/04\/08\/instituciones-de-emergencia-estan-a-disposicion-para-salvar-vidas-en-tragedia-de-jet-set-dice-abinader\/","url_meta":{"origin":78992,"position":3},"title":"Instituciones de emergencia est\u00e1n a disposici\u00f3n para salvar vidas en tragedia de Jet Set, dice Abinader","author":"Nelson Feliz","date":"8 de abril de 2025","format":false,"excerpt":"El presidente Luis Abinader acudi\u00f3 en compa\u00f1\u00eda de la primera dama, Raquel Arbaje a las instalaciones de Jet Set, donde ocurri\u00f3 la tragedia en la madrugada de este martes tras el colapso del techo del centro de diversi\u00f3n, donde expres\u00f3 que todos los recursos e instituciones de emergencia del gobierno\u2026","rel":"","context":"En \u00abNACIONALES\u00bb","block_context":{"text":"NACIONALES","link":"https:\/\/lasprimeras.com.do\/index.php\/category\/nacionales\/"},"img":{"alt_text":"","src":"https:\/\/i0.wp.com\/lasprimeras.com.do\/wp-content\/uploads\/2025\/04\/Luis-Abinader-t.jpg?resize=350%2C200&ssl=1","width":350,"height":200,"srcset":"https:\/\/i0.wp.com\/lasprimeras.com.do\/wp-content\/uploads\/2025\/04\/Luis-Abinader-t.jpg?resize=350%2C200&ssl=1 1x, https:\/\/i0.wp.com\/lasprimeras.com.do\/wp-content\/uploads\/2025\/04\/Luis-Abinader-t.jpg?resize=525%2C300&ssl=1 1.5x, https:\/\/i0.wp.com\/lasprimeras.com.do\/wp-content\/uploads\/2025\/04\/Luis-Abinader-t.jpg?resize=700%2C400&ssl=1 2x"},"classes":[]},{"id":123870,"url":"https:\/\/lasprimeras.com.do\/index.php\/2026\/03\/06\/presidente-recibe-al-estudiante-hensel-aquino-garcia-apodado-pico-de-oro-por-su-elocuencia-y-seguridad-al-expresarse\/","url_meta":{"origin":78992,"position":4},"title":"Presidente recibe al estudiante Hensel Aquino Garc\u00eda, apodado \u201cPico de Oro\u201d por su elocuencia y seguridad al expresarse","author":"Nelson Feliz","date":"6 de marzo de 2026","format":false,"excerpt":"En un gesto de reconocimiento al talento y la determinaci\u00f3n de la juventud dominicana, el presidente Luis Abinader recibi\u00f3 este jueves al estudiante de 13 a\u00f1os Hensel Aquino Garc\u00eda, a quien el mandatario bautiz\u00f3 como \u201cPico de Oro\u201d por su notable elocuencia y seguridad al expresarse. Durante el encuentro celebrado\u2026","rel":"","context":"En \u00abNACIONALES\u00bb","block_context":{"text":"NACIONALES","link":"https:\/\/lasprimeras.com.do\/index.php\/category\/nacionales\/"},"img":{"alt_text":"","src":"https:\/\/i0.wp.com\/lasprimeras.com.do\/wp-content\/uploads\/2026\/03\/IMG-20260305-WA0664-scaled.jpg?resize=350%2C200&ssl=1","width":350,"height":200,"srcset":"https:\/\/i0.wp.com\/lasprimeras.com.do\/wp-content\/uploads\/2026\/03\/IMG-20260305-WA0664-scaled.jpg?resize=350%2C200&ssl=1 1x, https:\/\/i0.wp.com\/lasprimeras.com.do\/wp-content\/uploads\/2026\/03\/IMG-20260305-WA0664-scaled.jpg?resize=525%2C300&ssl=1 1.5x, https:\/\/i0.wp.com\/lasprimeras.com.do\/wp-content\/uploads\/2026\/03\/IMG-20260305-WA0664-scaled.jpg?resize=700%2C400&ssl=1 2x, https:\/\/i0.wp.com\/lasprimeras.com.do\/wp-content\/uploads\/2026\/03\/IMG-20260305-WA0664-scaled.jpg?resize=1050%2C600&ssl=1 3x, https:\/\/i0.wp.com\/lasprimeras.com.do\/wp-content\/uploads\/2026\/03\/IMG-20260305-WA0664-scaled.jpg?resize=1400%2C800&ssl=1 4x"},"classes":[]},{"id":125472,"url":"https:\/\/lasprimeras.com.do\/index.php\/2026\/03\/23\/abinader-inaugurara-la-central-termoelectrica-manzanillo-power-land-en-montecristi\/","url_meta":{"origin":78992,"position":5},"title":"Abinader inaugurar\u00e1 la Central Termoel\u00e9ctrica Manzanillo Power Land en Montecristi","author":"Nelson Feliz","date":"23 de marzo de 2026","format":false,"excerpt":"La Direcci\u00f3n de Estrategia y Comunicaci\u00f3n Gubernamental informa que el presidente de la Rep\u00fablica, Luis Abinader, encabezar\u00e1 el pr\u00f3ximo viernes 27 de marzo de 2026 el acto de inauguraci\u00f3n de la Central de Generaci\u00f3n Termoel\u00e9ctrica Manzanillo Power Land. Este importante proyecto energ\u00e9tico, ubicado en el municipio de Pepillo Salcedo, provincia\u2026","rel":"","context":"En \u00abNACIONALES\u00bb","block_context":{"text":"NACIONALES","link":"https:\/\/lasprimeras.com.do\/index.php\/category\/nacionales\/"},"img":{"alt_text":"","src":"https:\/\/i0.wp.com\/lasprimeras.com.do\/wp-content\/uploads\/2026\/03\/pawer-land.jpg?resize=350%2C200&ssl=1","width":350,"height":200,"srcset":"https:\/\/i0.wp.com\/lasprimeras.com.do\/wp-content\/uploads\/2026\/03\/pawer-land.jpg?resize=350%2C200&ssl=1 1x, https:\/\/i0.wp.com\/lasprimeras.com.do\/wp-content\/uploads\/2026\/03\/pawer-land.jpg?resize=525%2C300&ssl=1 1.5x"},"classes":[]}],"jetpack_sharing_enabled":true,"_links":{"self":[{"href":"https:\/\/lasprimeras.com.do\/index.php\/wp-json\/wp\/v2\/posts\/78992","targetHints":{"allow":["GET"]}}],"collection":[{"href":"https:\/\/lasprimeras.com.do\/index.php\/wp-json\/wp\/v2\/posts"}],"about":[{"href":"https:\/\/lasprimeras.com.do\/index.php\/wp-json\/wp\/v2\/types\/post"}],"author":[{"embeddable":true,"href":"https:\/\/lasprimeras.com.do\/index.php\/wp-json\/wp\/v2\/users\/3"}],"replies":[{"embeddable":true,"href":"https:\/\/lasprimeras.com.do\/index.php\/wp-json\/wp\/v2\/comments?post=78992"}],"version-history":[{"count":1,"href":"https:\/\/lasprimeras.com.do\/index.php\/wp-json\/wp\/v2\/posts\/78992\/revisions"}],"predecessor-version":[{"id":78994,"href":"https:\/\/lasprimeras.com.do\/index.php\/wp-json\/wp\/v2\/posts\/78992\/revisions\/78994"}],"wp:featuredmedia":[{"embeddable":true,"href":"https:\/\/lasprimeras.com.do\/index.php\/wp-json\/wp\/v2\/media\/78993"}],"wp:attachment":[{"href":"https:\/\/lasprimeras.com.do\/index.php\/wp-json\/wp\/v2\/media?parent=78992"}],"wp:term":[{"taxonomy":"category","embeddable":true,"href":"https:\/\/lasprimeras.com.do\/index.php\/wp-json\/wp\/v2\/categories?post=78992"},{"taxonomy":"post_tag","embeddable":true,"href":"https:\/\/lasprimeras.com.do\/index.php\/wp-json\/wp\/v2\/tags?post=78992"}],"curies":[{"name":"wp","href":"https:\/\/api.w.org\/{rel}","templated":true}]}}