{"id":79011,"date":"2024-03-22T12:50:57","date_gmt":"2024-03-22T16:50:57","guid":{"rendered":"https:\/\/lasprimeras.com.do\/?p=79011"},"modified":"2024-03-22T12:50:57","modified_gmt":"2024-03-22T16:50:57","slug":"coraasan-y-empresa-potabilizadora-de-mexico-firman-acuerdo-de-colaboracion-interinstitucional","status":"publish","type":"post","link":"https:\/\/lasprimeras.com.do\/index.php\/2024\/03\/22\/coraasan-y-empresa-potabilizadora-de-mexico-firman-acuerdo-de-colaboracion-interinstitucional\/","title":{"rendered":"Coraasan y empresa potabilizadora de M\u00e9xico firman acuerdo de colaboraci\u00f3n interinstitucional"},"content":{"rendered":"\n<p>SANTIAGO.-La Corporaci\u00f3n del Acueducto y Alcantarillado de Santiago (Coraasan) y la empresa Servicios de Agua y Drenaje de Monterrey (SADM), en una alianza estrat\u00e9gica, se comprometieron a cooperar para implementar pol\u00edticas y programas de telemedici\u00f3n para la reducci\u00f3n de fugas y p\u00e9rdidas en redes de agua potable, en el marco de las actividades del D\u00eda Mundial del Agua.<\/p>\n\n\n\n<p>El director general de Coraasan, ingeniero Andr\u00e9s Burgos, manifest\u00f3 que con la experiencia que tiene la empresa SADM, en la incorporaci\u00f3n de sistemas que mejoren el servicio, maximizando los efectos de agua no contabilizada, se obtendr\u00e1n grandes resultados en la eficientizaci\u00f3n del suministro desde Coraasan.<\/p>\n\n\n\n<p>&#8220;Nuestros t\u00e9cnicos estuvieron en Monterrey, y hoy con la visita de la directora hidr\u00e1ulica de esa Corporaci\u00f3n del Estado de Le\u00f3n, firmaremos este acuerdo que nos ayudar\u00e1 a continuar expandiendo nuestros conocimientos con tecnolog\u00edas de telemedici\u00f3n y software de modulaci\u00f3n de presi\u00f3n de redes&#8221;, resalt\u00f3 el ejecutivo.<\/p>\n\n\n\n<p>Burgos dijo, adem\u00e1s, que la empresa mexicana aportar\u00e1 su experiencia en el monitoreo de caudales, presiones y niveles de los tanques de agua potable, lo que permitir\u00e1 que Coraasan implemente equipos tecnol\u00f3gicos orientados a la eficientizaci\u00f3n de la operatividad.<\/p>\n\n\n\n<p>La coordinadora de Planeaci\u00f3n H\u00eddrica de SADM, doctora Mar\u00eda Lina Fuentes Galv\u00e1n, afirm\u00f3 que este acuerdo es &#8220;una oportunidad para compartir visiones y conocimiento y tener aprendizaje en conjunto&#8221;.<\/p>\n\n\n\n<p>Precis\u00f3 que brindar\u00e1n acompa\u00f1amiento a Coraasan para la creaci\u00f3n de un protocolo de procedimiento operativo para la detecci\u00f3n de fugas, reparaci\u00f3n y correcci\u00f3n de las mismas.<\/p>\n\n\n\n<p>Adem\u00e1s, intercambiar\u00e1n experiencias sobre la instalaci\u00f3n de piezas de equipos de bombeo, v\u00e1lvulas y accesorios de las redes de abastecimiento de agua potable, asesorando a los t\u00e9cnicos de la Direcci\u00f3n de Control de P\u00e9rdidas de la CORAASAN para la implementaci\u00f3n de las pol\u00edticas de innovaci\u00f3n.<\/p>\n\n\n\n<p>El acuerdo fue rubricado entre la doctora Mar\u00eda Lina Fuentes en representaci\u00f3n de SADM y el director general de Coraasan, ingeniero Andr\u00e9s Burgos en el marco del Seminario &#8220;Reducci\u00f3n y Control de Agua No contabilizada en Sistemas de Abastecimiento de Rep\u00fablica Dominicana&#8221;, organizado por la Asociaci\u00f3n Dominicana de Ingenieros Sanitarios (ADIS); Julio Suero Marranzini fungi\u00f3 como testigo presencial.<\/p>\n","protected":false},"excerpt":{"rendered":"<p>SANTIAGO.-La Corporaci\u00f3n del Acueducto y Alcantarillado de Santiago (Coraasan) y la empresa Servicios de Agua y Drenaje de Monterrey (SADM), en una alianza estrat\u00e9gica, se comprometieron a cooperar para implementar&hellip;<\/p>\n","protected":false},"author":3,"featured_media":79012,"comment_status":"open","ping_status":"open","sticky":false,"template":"","format":"standard","meta":{"content-type":"","jetpack_post_was_ever_published":false,"_jetpack_newsletter_access":"","_jetpack_dont_email_post_to_subs":false,"_jetpack_newsletter_tier_id":0,"_jetpack_memberships_contains_paywalled_content":false,"_jetpack_memberships_contains_paid_content":false,"footnotes":""},"categories":[25],"tags":[2337],"class_list":["post-79011","post","type-post","status-publish","format-standard","has-post-thumbnail","hentry","category-portada","tag-coraasan"],"jetpack_featured_media_url":"https:\/\/lasprimeras.com.do\/wp-content\/uploads\/2024\/03\/2e253781-9581-4530-89ae-ee40e2cb03b1-770x540-1.jpeg","jetpack-related-posts":[{"id":118425,"url":"https:\/\/lasprimeras.com.do\/index.php\/2025\/12\/28\/coraasan-e-inapa-avanzan-en-solucion-de-averia-del-tubo-que-abastece-de-agua-a-santiago-y-moca\/","url_meta":{"origin":79011,"position":0},"title":"Coraasan e INAPA avanzan en soluci\u00f3n de aver\u00eda del tubo que abastece de agua a Santiago y Moca","author":"Nelson Feliz","date":"28 de diciembre de 2025","format":false,"excerpt":"La Corporaci\u00f3n del Acueducto y Alcantarillado de Santiago (Coraasan) y el Instituto Nacional de Aguas Potables y Alcantarillados (INAPA), avanzan en la fase final de los trabajos para la soluci\u00f3n definitiva de la aver\u00eda registrada en la tuber\u00eda de aducci\u00f3n del acueducto Cibao Central, infraestructura clave que abastece de agua\u2026","rel":"","context":"En \u00abNACIONALES\u00bb","block_context":{"text":"NACIONALES","link":"https:\/\/lasprimeras.com.do\/index.php\/category\/nacionales\/"},"img":{"alt_text":"tuber\u00eda","src":"https:\/\/i0.wp.com\/lasprimeras.com.do\/wp-content\/uploads\/2025\/12\/tuberia.jpg?resize=350%2C200&ssl=1","width":350,"height":200,"srcset":"https:\/\/i0.wp.com\/lasprimeras.com.do\/wp-content\/uploads\/2025\/12\/tuberia.jpg?resize=350%2C200&ssl=1 1x, https:\/\/i0.wp.com\/lasprimeras.com.do\/wp-content\/uploads\/2025\/12\/tuberia.jpg?resize=525%2C300&ssl=1 1.5x, https:\/\/i0.wp.com\/lasprimeras.com.do\/wp-content\/uploads\/2025\/12\/tuberia.jpg?resize=700%2C400&ssl=1 2x"},"classes":[]},{"id":118375,"url":"https:\/\/lasprimeras.com.do\/index.php\/2025\/12\/27\/coraasan-resarcira-danos-a-viviendas-tras-averia-en-tuberia-matriz-de-sabana-iglesia\/","url_meta":{"origin":79011,"position":1},"title":"Coraasan resarcir\u00e1 da\u00f1os a viviendas tras aver\u00eda en tuber\u00eda matriz de Sabana Iglesia","author":"Nelson Feliz","date":"27 de diciembre de 2025","format":false,"excerpt":"La Corporaci\u00f3n del Acueducto y Alcantarillado de Santiago (Coraasan) inform\u00f3 que asumir\u00e1 la responsabilidad total por los da\u00f1os ocasionados a cuatro viviendas en la localidad de La Zanja, Sabana Iglesia, tras producirse una aver\u00eda en la l\u00ednea de captaci\u00f3n de agua cruda de 60 pulgadas que abastece al Acueducto Cibao\u2026","rel":"","context":"En \u00abNACIONALES\u00bb","block_context":{"text":"NACIONALES","link":"https:\/\/lasprimeras.com.do\/index.php\/category\/nacionales\/"},"img":{"alt_text":"Coraasan","src":"https:\/\/i0.wp.com\/lasprimeras.com.do\/wp-content\/uploads\/2025\/12\/Coraasan.jpg?resize=350%2C200&ssl=1","width":350,"height":200,"srcset":"https:\/\/i0.wp.com\/lasprimeras.com.do\/wp-content\/uploads\/2025\/12\/Coraasan.jpg?resize=350%2C200&ssl=1 1x, https:\/\/i0.wp.com\/lasprimeras.com.do\/wp-content\/uploads\/2025\/12\/Coraasan.jpg?resize=525%2C300&ssl=1 1.5x"},"classes":[]},{"id":69794,"url":"https:\/\/lasprimeras.com.do\/index.php\/2023\/12\/05\/coraasan-construira-colector-de-aguas-residuales-en-villa-verde\/","url_meta":{"origin":79011,"position":2},"title":"Coraasan construir\u00e1 colector de aguas residuales en Villa Verde","author":"Nelson Feliz","date":"5 de diciembre de 2023","format":false,"excerpt":"Por Roberto P\u00e9rez La Corporaci\u00f3n del Acueducto y Alcantarillado de Santiago (Coraasan), anunci\u00f3 el inicio de la construcci\u00f3n de un colector de aguas residuales en Villa Verde, obra que forma parte del proyecto de construcci\u00f3n Estaci\u00f3n de Bombeo Buena Vista. El director general de Coraasan, Andr\u00e9s Burgos, afirm\u00f3 que con\u2026","rel":"","context":"En \u00abNACIONALES\u00bb","block_context":{"text":"NACIONALES","link":"https:\/\/lasprimeras.com.do\/index.php\/category\/nacionales\/"},"img":{"alt_text":"Andr\u00e9s Burgos","src":"https:\/\/i0.wp.com\/lasprimeras.com.do\/wp-content\/uploads\/2023\/12\/Andres-Burgos.jpg?resize=350%2C200&ssl=1","width":350,"height":200},"classes":[]},{"id":90377,"url":"https:\/\/lasprimeras.com.do\/index.php\/2024\/10\/20\/coraasan-entrega-tubos-para-construccion-de-linea-de-distribucion-en-guajaca-sajoma\/","url_meta":{"origin":79011,"position":3},"title":"Coraasan entrega tubos para construcci\u00f3n de l\u00ednea de distribuci\u00f3n en Guajaca, Sajoma","author":"Nelson Feliz","date":"20 de octubre de 2024","format":false,"excerpt":"La Corporaci\u00f3n del Acueducto y Alcantarillado de Santiago (Coraasan), entreg\u00f3 390 tubos para la construcci\u00f3n de la l\u00ednea de distribuci\u00f3n de agua potable que beneficiar\u00e1 a 230 familias de Guajaca en el municipio San Jos\u00e9 de las Matas. En representaci\u00f3n del director general de Coraasan, Ing. Andr\u00e9s Burgos, Karina Dur\u00e1n\u2026","rel":"","context":"En \u00abNACIONALES\u00bb","block_context":{"text":"NACIONALES","link":"https:\/\/lasprimeras.com.do\/index.php\/category\/nacionales\/"},"img":{"alt_text":"","src":"https:\/\/i0.wp.com\/lasprimeras.com.do\/wp-content\/uploads\/2024\/10\/coraasan.jpg?resize=350%2C200&ssl=1","width":350,"height":200,"srcset":"https:\/\/i0.wp.com\/lasprimeras.com.do\/wp-content\/uploads\/2024\/10\/coraasan.jpg?resize=350%2C200&ssl=1 1x, https:\/\/i0.wp.com\/lasprimeras.com.do\/wp-content\/uploads\/2024\/10\/coraasan.jpg?resize=525%2C300&ssl=1 1.5x"},"classes":[]},{"id":77123,"url":"https:\/\/lasprimeras.com.do\/index.php\/2024\/02\/18\/coraasan-avanza-asfaltado-calles-de-la-canela-tras-instalacion-de-red-de-agua-potable\/","url_meta":{"origin":79011,"position":4},"title":"Coraasan avanza asfaltado calles de La Canela tras instalaci\u00f3n de red de agua potable","author":"Nelson Feliz","date":"18 de febrero de 2024","format":false,"excerpt":"Por Roberto P\u00e9rez La Corporaci\u00f3n del Acueducto y Alcantarillado de Santiago (Coraasan), avanza con el asfaltado de varias calles en el distrito municipal La Canela, tras concluir la instalaci\u00f3n de una red de distribuci\u00f3n de agua potable. La colocaci\u00f3n de las tuber\u00edas implic\u00f3 una inversi\u00f3n que supera los 37 millones\u2026","rel":"","context":"En \u00abNACIONALES\u00bb","block_context":{"text":"NACIONALES","link":"https:\/\/lasprimeras.com.do\/index.php\/category\/nacionales\/"},"img":{"alt_text":"coorasan","src":"https:\/\/i0.wp.com\/lasprimeras.com.do\/wp-content\/uploads\/2024\/02\/coorasan.jpg?resize=350%2C200&ssl=1","width":350,"height":200},"classes":[]},{"id":75966,"url":"https:\/\/lasprimeras.com.do\/index.php\/2024\/02\/06\/coraasan-concluye-instalacion-de-tuberias-de-recoleccion-de-aguas-residuales-en-santiago\/","url_meta":{"origin":79011,"position":5},"title":"Coraasan concluye instalaci\u00f3n de tuber\u00edas de recolecci\u00f3n de aguas residuales en Santiago","author":"Nelson Feliz","date":"6 de febrero de 2024","format":false,"excerpt":"Coraasan asfalta carretera Don Pedro de Santiago. Por Roberto P\u00e9rez La Corporaci\u00f3n del Acueducto y Alcantarillado de Santiago (Coraasan), asfalt\u00f3 la carretera Don Pedro tras concluir la instalaci\u00f3n de las tuber\u00edas de recolecci\u00f3n de aguas residuales que ser\u00e1n conducidas hacia el colector de la carretera Don Pedro tramo Dorado II.\u2026","rel":"","context":"En \u00abNACIONALES\u00bb","block_context":{"text":"NACIONALES","link":"https:\/\/lasprimeras.com.do\/index.php\/category\/nacionales\/"},"img":{"alt_text":"Carretera Don Pedro de Santiago","src":"https:\/\/i0.wp.com\/lasprimeras.com.do\/wp-content\/uploads\/2024\/02\/Carretera-Don-Pedro-de-Santiago.png?resize=350%2C200&ssl=1","width":350,"height":200,"srcset":"https:\/\/i0.wp.com\/lasprimeras.com.do\/wp-content\/uploads\/2024\/02\/Carretera-Don-Pedro-de-Santiago.png?resize=350%2C200&ssl=1 1x, https:\/\/i0.wp.com\/lasprimeras.com.do\/wp-content\/uploads\/2024\/02\/Carretera-Don-Pedro-de-Santiago.png?resize=525%2C300&ssl=1 1.5x"},"classes":[]}],"jetpack_sharing_enabled":true,"_links":{"self":[{"href":"https:\/\/lasprimeras.com.do\/index.php\/wp-json\/wp\/v2\/posts\/79011","targetHints":{"allow":["GET"]}}],"collection":[{"href":"https:\/\/lasprimeras.com.do\/index.php\/wp-json\/wp\/v2\/posts"}],"about":[{"href":"https:\/\/lasprimeras.com.do\/index.php\/wp-json\/wp\/v2\/types\/post"}],"author":[{"embeddable":true,"href":"https:\/\/lasprimeras.com.do\/index.php\/wp-json\/wp\/v2\/users\/3"}],"replies":[{"embeddable":true,"href":"https:\/\/lasprimeras.com.do\/index.php\/wp-json\/wp\/v2\/comments?post=79011"}],"version-history":[{"count":1,"href":"https:\/\/lasprimeras.com.do\/index.php\/wp-json\/wp\/v2\/posts\/79011\/revisions"}],"predecessor-version":[{"id":79013,"href":"https:\/\/lasprimeras.com.do\/index.php\/wp-json\/wp\/v2\/posts\/79011\/revisions\/79013"}],"wp:featuredmedia":[{"embeddable":true,"href":"https:\/\/lasprimeras.com.do\/index.php\/wp-json\/wp\/v2\/media\/79012"}],"wp:attachment":[{"href":"https:\/\/lasprimeras.com.do\/index.php\/wp-json\/wp\/v2\/media?parent=79011"}],"wp:term":[{"taxonomy":"category","embeddable":true,"href":"https:\/\/lasprimeras.com.do\/index.php\/wp-json\/wp\/v2\/categories?post=79011"},{"taxonomy":"post_tag","embeddable":true,"href":"https:\/\/lasprimeras.com.do\/index.php\/wp-json\/wp\/v2\/tags?post=79011"}],"curies":[{"name":"wp","href":"https:\/\/api.w.org\/{rel}","templated":true}]}}