{"id":79020,"date":"2024-03-22T12:58:51","date_gmt":"2024-03-22T16:58:51","guid":{"rendered":"https:\/\/lasprimeras.com.do\/?p=79020"},"modified":"2024-03-22T12:58:53","modified_gmt":"2024-03-22T16:58:53","slug":"equipos-y-profesionales-vanguardistas-elevaran-la-calidad-de-la-atencion-medica-en-sde","status":"publish","type":"post","link":"https:\/\/lasprimeras.com.do\/index.php\/2024\/03\/22\/equipos-y-profesionales-vanguardistas-elevaran-la-calidad-de-la-atencion-medica-en-sde\/","title":{"rendered":"Equipos y profesionales vanguardistas elevar\u00e1n la calidad de la atenci\u00f3n m\u00e9dica en SDE"},"content":{"rendered":"\n<p>Santo Domingo.- Una apuesta por la internacionalizaci\u00f3n y aplicaci\u00f3n de la tecnolog\u00eda en la medicina, son las promesas de M\u00e9dico Express, un moderno centro ambulatorio con la visi\u00f3n de establecerse como referente en avances m\u00e9dicos, tecnol\u00f3gicos, sostenibilidad e innovaci\u00f3n.<\/p>\n\n\n\n<p>Como un elemento diferenciador en Santo Domingo Este, el centro se embarca en la automatizaci\u00f3n de procesos centrados en el paciente, implementando un software que integrar\u00e1 la historia cl\u00ednica, im\u00e1genes m\u00e9dicas, resultados de laboratorio y temas administrativos.<\/p>\n\n\n\n<p>Francesco Fino, vicepresidente comercial de M\u00e9dico Express, inform\u00f3 que contar\u00e1n con un portal de pacientes para que los usuarios puedan visualizar su historial m\u00e9dico, estudios y realizar de manera eficiente sus citas a trav\u00e9s de esta herramienta.<\/p>\n\n\n\n<p>La experiencia del paciente ser\u00e1 priorizada desde que se accede a los diversos servicios hasta finalizar el proceso, brindando continuidad de la atenci\u00f3n. Adem\u00e1s, estar\u00e1 contando con espacios dise\u00f1ados con amplitud, luz natural y jardines terap\u00e9uticos.<\/p>\n\n\n\n<p>El especialista del sector asegurador explic\u00f3 que este proyecto contar\u00e1 con alianzas estrat\u00e9gicas con importantes centros de salud y trabajar\u00e1 de la mano del sector asegurador local e internacional, resaltando el importante rol de los centros de atenci\u00f3n ambulatoria, desde el punto de vista preventivo, ahorrando tiempo y costos para pacientes y seguros, impactando de manera positiva el sistema de salud dominicano.<\/p>\n\n\n\n<p>Tambi\u00e9n resalt\u00f3 que M\u00e9dico Express ser\u00e1 pionero en Santo Domingo Este en m\u00faltiples tecnolog\u00edas, contando con telemedicina y segundas opiniones remotas, r\u00e9cord m\u00e9dico electr\u00f3nico, quir\u00f3fanos ambulatorios inteligentes y equipos vanguardistas como un tom\u00f3grafo (TAC) 128 cortes, im\u00e1genes por resonancia magn\u00e9tica (IMR) 1.5 Tesla con inteligencia artificial y tomos\u00edntesis 3D.<\/p>\n\n\n\n<p>Alianzas estrat\u00e9gicas<\/p>\n\n\n\n<p>Como garant\u00eda del compromiso para ofrecer servicios de calidad, M\u00e9dico Express, ha realizado alianzas con diversas instituciones nacionales como la Universidad Iberoamericana (UNIBE), donde ambas entidades se comprometieron a desarrollar e implementar proyectos en las \u00e1reas de educaci\u00f3n e investigaci\u00f3n.<\/p>\n\n\n\n<p>De igual forma, gracias a la alianza con Laboratorios Cl\u00ednico Amadita, ofrecer\u00e1n a los pacientes acceso al amplio cat\u00e1logo de pruebas con resultados confiables y de forma oportuna; mientras que la empresa Arium Salud Digital ser\u00e1 la responsable de los sistemas tecnol\u00f3gicos del moderno centro que iniciar\u00e1 en la autopista de San Isidro.<\/p>\n\n\n\n<p>Asimismo, suscribieron acuerdos con reconocidos centros m\u00e9dicos internacionales, como la Fundaci\u00f3n Santa Fe de Bogot\u00e1 y el BarnaClinic, para garantizar la continuidad al intercambio de aprendizajes y segundas opiniones remotas.<\/p>\n\n\n\n<p>El concepto de este centro de atenci\u00f3n de salud fue concebido por el doctor Alejandro Cambiaso, reconocido por sus aportes en el turismo de salud; y Francesco Fino, especialista del sector asegurador.<\/p>\n\n\n\n<p>Adem\u00e1s, M\u00e9dico Express propiciar\u00e1 crecimiento econ\u00f3mico para la zona oriental, garantizando m\u00e1s de 200 empleos directos y 400 de manera indirecta. <\/p>\n\n\n\n<p>Tambi\u00e9n dinamizar\u00e1 el turismo de salud en el pa\u00eds, ya que contar\u00e1n con un departamento internacional, ofreciendo la oportunidad para que los dominicanos residentes en el extranjero y los turistas puedan acceder a este innovador centro m\u00e9dico.<\/p>\n","protected":false},"excerpt":{"rendered":"<p>Santo Domingo.- Una apuesta por la internacionalizaci\u00f3n y aplicaci\u00f3n de la tecnolog\u00eda en la medicina, son las promesas de M\u00e9dico Express, un moderno centro ambulatorio con la visi\u00f3n de establecerse&hellip;<\/p>\n","protected":false},"author":3,"featured_media":79021,"comment_status":"open","ping_status":"open","sticky":false,"template":"","format":"standard","meta":{"content-type":"","jetpack_post_was_ever_published":false,"_jetpack_newsletter_access":"","_jetpack_dont_email_post_to_subs":false,"_jetpack_newsletter_tier_id":0,"_jetpack_memberships_contains_paywalled_content":false,"_jetpack_memberships_contains_paid_content":false,"footnotes":""},"categories":[25],"tags":[427],"class_list":["post-79020","post","type-post","status-publish","format-standard","has-post-thumbnail","hentry","category-portada","tag-medico"],"jetpack_featured_media_url":"https:\/\/lasprimeras.com.do\/wp-content\/uploads\/2024\/03\/WhatsApp-Image-2024-03-20-at-5.29.18-PM.jpeg","jetpack-related-posts":[{"id":80571,"url":"https:\/\/lasprimeras.com.do\/index.php\/2024\/04\/09\/medico-express-sera-pionero-en-rd-con-certificacion-de-excelencia-para-turismo-medico\/","url_meta":{"origin":79020,"position":0},"title":"M\u00e9dico Express ser\u00e1 pionero en RD con certificaci\u00f3n de excelencia para turismo m\u00e9dico","author":"Nelson Feliz","date":"9 de abril de 2024","format":false,"excerpt":"El centro de salud ambulatorio M\u00e9dico Express San Isidro, se convertir\u00e1 en el primer proveedor de servicios sanitarios de la Rep\u00fablica Dominicana y de la regi\u00f3n del Caribe en obtener la Certificaci\u00f3n GHA de Excelencia en la Experiencia del Paciente de Turismo M\u00e9dico. La certificaci\u00f3n, ofrecida por GHA, capacitar\u00e1 y\u2026","rel":"","context":"En \u00abSin categor\u00eda\u00bb","block_context":{"text":"Sin categor\u00eda","link":"https:\/\/lasprimeras.com.do\/index.php\/category\/sin-categoria\/"},"img":{"alt_text":"Felipe Amador, Alejandro Cambiaso, Ren\u00e9e Marie Stephano y Francesco Fino","src":"https:\/\/i0.wp.com\/lasprimeras.com.do\/wp-content\/uploads\/2024\/04\/Felipe-Amador-Alejandro-Cambiaso-Renee-Marie-Stephano-y-Francesco-Fino.jpg?resize=350%2C200&ssl=1","width":350,"height":200,"srcset":"https:\/\/i0.wp.com\/lasprimeras.com.do\/wp-content\/uploads\/2024\/04\/Felipe-Amador-Alejandro-Cambiaso-Renee-Marie-Stephano-y-Francesco-Fino.jpg?resize=350%2C200&ssl=1 1x, https:\/\/i0.wp.com\/lasprimeras.com.do\/wp-content\/uploads\/2024\/04\/Felipe-Amador-Alejandro-Cambiaso-Renee-Marie-Stephano-y-Francesco-Fino.jpg?resize=525%2C300&ssl=1 1.5x, https:\/\/i0.wp.com\/lasprimeras.com.do\/wp-content\/uploads\/2024\/04\/Felipe-Amador-Alejandro-Cambiaso-Renee-Marie-Stephano-y-Francesco-Fino.jpg?resize=700%2C400&ssl=1 2x"},"classes":[]},{"id":86169,"url":"https:\/\/lasprimeras.com.do\/index.php\/2024\/07\/19\/emergencia-o-urgencia-a-cual-asistir\/","url_meta":{"origin":79020,"position":1},"title":"Emergencia o urgencia \u00bfa cu\u00e1l asistir?","author":"Nelson Feliz","date":"19 de julio de 2024","format":false,"excerpt":"-*- Cuando un paciente que deber\u00eda ir a un centro de urgencias acude a uno de emergencia, disminuye la calidad en la atenci\u00f3n, y provoca que el tiempo de espera sea mayor para personas que su vida est\u00e1 en riesgo. Cerca de un 80% de los pacientes que llegan a\u2026","rel":"","context":"En \u00abSin categor\u00eda\u00bb","block_context":{"text":"Sin categor\u00eda","link":"https:\/\/lasprimeras.com.do\/index.php\/category\/sin-categoria\/"},"img":{"alt_text":"Josu\u00e9 Hern\u00e1ndez","src":"https:\/\/i0.wp.com\/lasprimeras.com.do\/wp-content\/uploads\/2024\/07\/Josue-Hernandez.jpg?resize=350%2C200&ssl=1","width":350,"height":200,"srcset":"https:\/\/i0.wp.com\/lasprimeras.com.do\/wp-content\/uploads\/2024\/07\/Josue-Hernandez.jpg?resize=350%2C200&ssl=1 1x, https:\/\/i0.wp.com\/lasprimeras.com.do\/wp-content\/uploads\/2024\/07\/Josue-Hernandez.jpg?resize=525%2C300&ssl=1 1.5x, https:\/\/i0.wp.com\/lasprimeras.com.do\/wp-content\/uploads\/2024\/07\/Josue-Hernandez.jpg?resize=700%2C400&ssl=1 2x"},"classes":[]},{"id":74376,"url":"https:\/\/lasprimeras.com.do\/index.php\/2024\/01\/22\/medico-express-ofrece-oportunidades-al-talento-humano\/","url_meta":{"origin":79020,"position":2},"title":"M\u00e9dico Express ofrece oportunidades al talento humano","author":"Nelson Feliz","date":"22 de enero de 2024","format":false,"excerpt":"El primer centro ambulatorio que apuesta a la transformaci\u00f3n digital del sector salud, tecnolog\u00eda de punta y al turismo m\u00e9dico en Santo Domingo Este, anunci\u00f3 que se encuentra en su fase de reclutamiento de talento humano. La apertura del moderno establecimiento m\u00e9dico, generar\u00e1 m\u00e1s de 200 empleos directos y 400\u2026","rel":"","context":"En \u00abSin categor\u00eda\u00bb","block_context":{"text":"Sin categor\u00eda","link":"https:\/\/lasprimeras.com.do\/index.php\/category\/sin-categoria\/"},"img":{"alt_text":"M\u00e9dico Express San Isidro","src":"https:\/\/i0.wp.com\/lasprimeras.com.do\/wp-content\/uploads\/2024\/01\/Medico-Express-San-Isidro.jpg?resize=350%2C200&ssl=1","width":350,"height":200,"srcset":"https:\/\/i0.wp.com\/lasprimeras.com.do\/wp-content\/uploads\/2024\/01\/Medico-Express-San-Isidro.jpg?resize=350%2C200&ssl=1 1x, https:\/\/i0.wp.com\/lasprimeras.com.do\/wp-content\/uploads\/2024\/01\/Medico-Express-San-Isidro.jpg?resize=525%2C300&ssl=1 1.5x, https:\/\/i0.wp.com\/lasprimeras.com.do\/wp-content\/uploads\/2024\/01\/Medico-Express-San-Isidro.jpg?resize=700%2C400&ssl=1 2x"},"classes":[]},{"id":98982,"url":"https:\/\/lasprimeras.com.do\/index.php\/2025\/05\/14\/cirugias-ambulatorias-de-alta-tecnologia-costo-eficiencia-y-recuperacion-segura-en-el-hogar\/","url_meta":{"origin":79020,"position":3},"title":"Cirug\u00edas ambulatorias de alta tecnolog\u00eda: costo-eficiencia y recuperaci\u00f3n segura en el hogar","author":"Nelson Feliz","date":"14 de mayo de 2025","format":false,"excerpt":"La medicina moderna evoluciona, y con ella, las formas de sanar. Hoy, gracias a los avances tecnol\u00f3gicos y un enfoque m\u00e9dico centrado en las personas, recuperarse en casa tras una cirug\u00eda ya no es una excepci\u00f3n, sino una pr\u00e1ctica segura, efectiva y cada vez m\u00e1s com\u00fan en Rep\u00fablica Dominicana. En\u2026","rel":"","context":"En \u00abSALUD\u00bb","block_context":{"text":"SALUD","link":"https:\/\/lasprimeras.com.do\/index.php\/category\/salud\/"},"img":{"alt_text":"","src":"https:\/\/i0.wp.com\/lasprimeras.com.do\/wp-content\/uploads\/2025\/05\/cirugia-1.jpg?resize=350%2C200&ssl=1","width":350,"height":200,"srcset":"https:\/\/i0.wp.com\/lasprimeras.com.do\/wp-content\/uploads\/2025\/05\/cirugia-1.jpg?resize=350%2C200&ssl=1 1x, https:\/\/i0.wp.com\/lasprimeras.com.do\/wp-content\/uploads\/2025\/05\/cirugia-1.jpg?resize=525%2C300&ssl=1 1.5x, https:\/\/i0.wp.com\/lasprimeras.com.do\/wp-content\/uploads\/2025\/05\/cirugia-1.jpg?resize=700%2C400&ssl=1 2x"},"classes":[]},{"id":99610,"url":"https:\/\/lasprimeras.com.do\/index.php\/2025\/05\/23\/total-scan-resonancia-magnetica-de-cuerpo-completo-disenado-para-apoyar-la-prevencion-y-diagnostico-temprano\/","url_meta":{"origin":79020,"position":4},"title":"Total Scan: resonancia magn\u00e9tica de cuerpo completo dise\u00f1ado para apoyar la prevenci\u00f3n y diagn\u00f3stico temprano","author":"Nelson Feliz","date":"23 de mayo de 2025","format":false,"excerpt":"El centro ambulatorio de salud de \u00faltima generaci\u00f3n M\u00e9dico Express, presenta el Total Scan, una avanzada resonancia magn\u00e9tica de cuerpo completo que ofrece una visi\u00f3n integral, precisa y no invasiva del estado de salud del paciente. Este estudio est\u00e1 especialmente dise\u00f1ado para apoyar la prevenci\u00f3n, el diagn\u00f3stico temprano y el\u2026","rel":"","context":"En \u00abSALUD\u00bb","block_context":{"text":"SALUD","link":"https:\/\/lasprimeras.com.do\/index.php\/category\/salud\/"},"img":{"alt_text":"","src":"https:\/\/i0.wp.com\/lasprimeras.com.do\/wp-content\/uploads\/2025\/05\/SCAN.jpg?resize=350%2C200&ssl=1","width":350,"height":200,"srcset":"https:\/\/i0.wp.com\/lasprimeras.com.do\/wp-content\/uploads\/2025\/05\/SCAN.jpg?resize=350%2C200&ssl=1 1x, https:\/\/i0.wp.com\/lasprimeras.com.do\/wp-content\/uploads\/2025\/05\/SCAN.jpg?resize=525%2C300&ssl=1 1.5x, https:\/\/i0.wp.com\/lasprimeras.com.do\/wp-content\/uploads\/2025\/05\/SCAN.jpg?resize=700%2C400&ssl=1 2x"},"classes":[]},{"id":78318,"url":"https:\/\/lasprimeras.com.do\/index.php\/2024\/03\/14\/medico-express-y-barnaclinic-firman-convenio-interinstitucional\/","url_meta":{"origin":79020,"position":5},"title":"M\u00e9dico Express y Barnaclinic firman convenio interinstitucional","author":"Nelson Feliz","date":"14 de marzo de 2024","format":false,"excerpt":"El moderno centro ambulatorio prestar\u00e1 servicios de consulta, cirug\u00eda, departamento internacional, urgencias de adulto y pediatr\u00eda, laboratorio cl\u00ednico, y estudios de im\u00e1genes avanzadas. Con el objetivo de promover mejores pr\u00e1cticas, atenci\u00f3n m\u00e9dica especializada y transferencia de conocimientos, M\u00e9dico Express San Isidro y Barnaclinic suscribieron un acuerdo interinstitucional. El convenio entre\u2026","rel":"","context":"En \u00abSin categor\u00eda\u00bb","block_context":{"text":"Sin categor\u00eda","link":"https:\/\/lasprimeras.com.do\/index.php\/category\/sin-categoria\/"},"img":{"alt_text":"Doctor Alejandro Cambiaso","src":"https:\/\/i0.wp.com\/lasprimeras.com.do\/wp-content\/uploads\/2024\/03\/Doctor-Alejandro-Cambiaso.jpg?resize=350%2C200&ssl=1","width":350,"height":200},"classes":[]}],"jetpack_sharing_enabled":true,"_links":{"self":[{"href":"https:\/\/lasprimeras.com.do\/index.php\/wp-json\/wp\/v2\/posts\/79020","targetHints":{"allow":["GET"]}}],"collection":[{"href":"https:\/\/lasprimeras.com.do\/index.php\/wp-json\/wp\/v2\/posts"}],"about":[{"href":"https:\/\/lasprimeras.com.do\/index.php\/wp-json\/wp\/v2\/types\/post"}],"author":[{"embeddable":true,"href":"https:\/\/lasprimeras.com.do\/index.php\/wp-json\/wp\/v2\/users\/3"}],"replies":[{"embeddable":true,"href":"https:\/\/lasprimeras.com.do\/index.php\/wp-json\/wp\/v2\/comments?post=79020"}],"version-history":[{"count":1,"href":"https:\/\/lasprimeras.com.do\/index.php\/wp-json\/wp\/v2\/posts\/79020\/revisions"}],"predecessor-version":[{"id":79022,"href":"https:\/\/lasprimeras.com.do\/index.php\/wp-json\/wp\/v2\/posts\/79020\/revisions\/79022"}],"wp:featuredmedia":[{"embeddable":true,"href":"https:\/\/lasprimeras.com.do\/index.php\/wp-json\/wp\/v2\/media\/79021"}],"wp:attachment":[{"href":"https:\/\/lasprimeras.com.do\/index.php\/wp-json\/wp\/v2\/media?parent=79020"}],"wp:term":[{"taxonomy":"category","embeddable":true,"href":"https:\/\/lasprimeras.com.do\/index.php\/wp-json\/wp\/v2\/categories?post=79020"},{"taxonomy":"post_tag","embeddable":true,"href":"https:\/\/lasprimeras.com.do\/index.php\/wp-json\/wp\/v2\/tags?post=79020"}],"curies":[{"name":"wp","href":"https:\/\/api.w.org\/{rel}","templated":true}]}}