{"id":79023,"date":"2024-03-22T13:01:12","date_gmt":"2024-03-22T17:01:12","guid":{"rendered":"https:\/\/lasprimeras.com.do\/?p=79023"},"modified":"2024-03-22T13:01:14","modified_gmt":"2024-03-22T17:01:14","slug":"instituto-duartiano-paterson-apoya-acciones-abinader-ante-pretensiones-organizaciones-internacionales-a-favor-de-haiti","status":"publish","type":"post","link":"https:\/\/lasprimeras.com.do\/index.php\/2024\/03\/22\/instituto-duartiano-paterson-apoya-acciones-abinader-ante-pretensiones-organizaciones-internacionales-a-favor-de-haiti\/","title":{"rendered":"Instituto Duartiano Paterson apoya acciones Abinader ante pretensiones organizaciones internacionales A favor de Hait\u00ed"},"content":{"rendered":"\n<p>Paterson, New Jersey.- El Instituto Duartiano de la ciudad de Paterson en el estado de New Jersey, expres\u00f3 su apoyo firme a las acciones del presidente dominicano Luis Abinader, ante las pretensiones de organizaciones internacionales de crear asentamientos haitianos en el pa\u00eds.<\/p>\n\n\n\n<p>El periodista Miguel Gonell Jackson, presidente de dicha entidad, calific\u00f3 de inadmisible e intolerable, dichas propuestas, por el peligro que representan los haitianos para la poblaci\u00f3n nacional.<\/p>\n\n\n\n<p>Apreci\u00f3, que el terror propiciado por peligrosas bandas, generando un clima de desigualdad e ingobernabilidad, no es responsabilidad de las autoridades dominicanas, al tiempo que record\u00f3, que el gobierno y la naci\u00f3n m\u00e1s solidaria con la poblaci\u00f3n haitiana, ha sido la Rep\u00fablica Dominicana.<\/p>\n\n\n\n<p>Llam\u00f3 a sus compatriotas, mantenerse atentos y despiertos, ante los peligros ocultos que acechan al pa\u00eds.<\/p>\n\n\n\n<p>Reiter\u00f3, que la decisi\u00f3n asumida por el presidente Abinader de mantener las deportaciones de ilegales, es un derecho establecido en la Construcci\u00f3n de la Rep\u00fablica, contemplado en las leyes migratorias del pa\u00eds.<\/p>\n\n\n\n<p>&#8220;Tenemos que estar alerta, ya que tenemos dos enemigos reales, los haitianos rebeldes y las organizaciones internacionales, que quieren interferir para unificar ambas naciones&#8221;.<\/p>\n\n\n\n<p>Asegur\u00f3, que \u00e9sa maliciosa propuesta nunca ser\u00e1 posible, al recordar que dichas poblaciones tienen religiones e idiomas diferentes.<\/p>\n\n\n\n<p>Exhort\u00f3 a los criollos del exterior a sublevarse c\u00f3mo lo hizo Enriquillo en las monta\u00f1as de Bahoruco y mantener presente los ideales del padre de la patria Juan Pablo Duarte con referencia a Hait\u00ed.<br><\/p>\n","protected":false},"excerpt":{"rendered":"<p>Paterson, New Jersey.- El Instituto Duartiano de la ciudad de Paterson en el estado de New Jersey, expres\u00f3 su apoyo firme a las acciones del presidente dominicano Luis Abinader, ante&hellip;<\/p>\n","protected":false},"author":3,"featured_media":79024,"comment_status":"open","ping_status":"open","sticky":false,"template":"","format":"standard","meta":{"content-type":"","jetpack_post_was_ever_published":false,"_jetpack_newsletter_access":"","_jetpack_dont_email_post_to_subs":false,"_jetpack_newsletter_tier_id":0,"_jetpack_memberships_contains_paywalled_content":false,"_jetpack_memberships_contains_paid_content":false,"footnotes":""},"categories":[25],"tags":[11153],"class_list":["post-79023","post","type-post","status-publish","format-standard","has-post-thumbnail","hentry","category-portada","tag-instituto-duartiano"],"jetpack_featured_media_url":"https:\/\/lasprimeras.com.do\/wp-content\/uploads\/2024\/03\/Foto-1-Wilson-Gomez-presidente-del-Instituto-Duartiano-1140x620-1.jpg","jetpack-related-posts":[{"id":100231,"url":"https:\/\/lasprimeras.com.do\/index.php\/2025\/06\/03\/instituto-duartiano-espera-dialogo-sobre-crisis-haitiana-no-contemple-plan-de-regularizacion\/","url_meta":{"origin":79023,"position":0},"title":"Instituto Duartiano espera di\u00e1logo sobre crisis haitiana no contemple plan de regularizaci\u00f3n","author":"Nelson Feliz","date":"3 de junio de 2025","format":false,"excerpt":"Wilson G\u00f3mez Ram\u00edrez, presidente de la entidad, pide apego a la Constituci\u00f3n. El Instituto Duartiano inst\u00f3 este martes a que el \"Di\u00e1logo sobre la crisis haitiana y sus implicaciones para la Rep\u00fablica Dominicana\", entre el presidente Luis Abinader y los exmandatarios Leonel Fern\u00e1ndez, Hip\u00f3lito Mej\u00eda y Danilo Medina se desarrolle\u2026","rel":"","context":"En \u00abNACIONALES\u00bb","block_context":{"text":"NACIONALES","link":"https:\/\/lasprimeras.com.do\/index.php\/category\/nacionales\/"},"img":{"alt_text":"","src":"https:\/\/i0.wp.com\/lasprimeras.com.do\/wp-content\/uploads\/2025\/01\/Wilson-Gomez-Ramirez.jpg?resize=350%2C200&ssl=1","width":350,"height":200,"srcset":"https:\/\/i0.wp.com\/lasprimeras.com.do\/wp-content\/uploads\/2025\/01\/Wilson-Gomez-Ramirez.jpg?resize=350%2C200&ssl=1 1x, https:\/\/i0.wp.com\/lasprimeras.com.do\/wp-content\/uploads\/2025\/01\/Wilson-Gomez-Ramirez.jpg?resize=525%2C300&ssl=1 1.5x"},"classes":[]},{"id":103579,"url":"https:\/\/lasprimeras.com.do\/index.php\/2025\/07\/16\/instituto-duartiano-afirma-rd-debe-resistir-presion-internacional-y-continuar-con-repatriaciones\/","url_meta":{"origin":79023,"position":1},"title":"Instituto Duartiano afirma RD debe resistir presi\u00f3n internacional y continuar con repatriaciones","author":"Nelson Feliz","date":"16 de julio de 2025","format":false,"excerpt":"En momentos en que Amnist\u00eda Internacional est\u00e1 solicitando al Gobierno dominicano poner fin a las deportaciones colectivas, el presidente del Instituto Duartiano, Wilson G\u00f3mez Ram\u00edrez, llam\u00f3 este mi\u00e9rcoles a las autoridades nacionales a mantener la pol\u00edtica de repatriaci\u00f3n de indocumentados haitianos con la mayor firmeza. Durante un discurso pronunciado con\u2026","rel":"","context":"En \u00abNACIONALES\u00bb","block_context":{"text":"NACIONALES","link":"https:\/\/lasprimeras.com.do\/index.php\/category\/nacionales\/"},"img":{"alt_text":"","src":"https:\/\/i0.wp.com\/lasprimeras.com.do\/wp-content\/uploads\/2025\/01\/Wilson-Gomez-Ramirez.jpg?resize=350%2C200&ssl=1","width":350,"height":200,"srcset":"https:\/\/i0.wp.com\/lasprimeras.com.do\/wp-content\/uploads\/2025\/01\/Wilson-Gomez-Ramirez.jpg?resize=350%2C200&ssl=1 1x, https:\/\/i0.wp.com\/lasprimeras.com.do\/wp-content\/uploads\/2025\/01\/Wilson-Gomez-Ramirez.jpg?resize=525%2C300&ssl=1 1.5x"},"classes":[]},{"id":81757,"url":"https:\/\/lasprimeras.com.do\/index.php\/2024\/04\/24\/instituto-duartiano-califica-de-infame-y-falaz-informe-departamento-de-estado-de-ee-uu\/","url_meta":{"origin":79023,"position":2},"title":"Instituto Duartiano califica de infame y falaz informe Departamento de Estado de EE.UU.","author":"BIMARY DE JES\u00daS Matos","date":"24 de abril de 2024","format":false,"excerpt":"Santo Domingo.- El presidente del Instituto Duartiano, Wilson G\u00f3mez Ram\u00edrez, calific\u00f3 hoy como infame y falaz informe anual sobre el pa\u00eds del Departamento de Estado de los Estados Unidos, en el cual denuncia en el aspecto migratorio la supuesta expulsi\u00f3n masiva de haitianos y alegados ap\u00e1tridas de ascendencia de esa\u2026","rel":"","context":"En \u00abNACIONALES\u00bb","block_context":{"text":"NACIONALES","link":"https:\/\/lasprimeras.com.do\/index.php\/category\/nacionales\/"},"img":{"alt_text":"","src":"https:\/\/i0.wp.com\/lasprimeras.com.do\/wp-content\/uploads\/2024\/04\/6a0c8a05-4f4b-48f5-a1d9-1ad180753c4a-34.jpg?resize=350%2C200&ssl=1","width":350,"height":200,"srcset":"https:\/\/i0.wp.com\/lasprimeras.com.do\/wp-content\/uploads\/2024\/04\/6a0c8a05-4f4b-48f5-a1d9-1ad180753c4a-34.jpg?resize=350%2C200&ssl=1 1x, https:\/\/i0.wp.com\/lasprimeras.com.do\/wp-content\/uploads\/2024\/04\/6a0c8a05-4f4b-48f5-a1d9-1ad180753c4a-34.jpg?resize=525%2C300&ssl=1 1.5x, https:\/\/i0.wp.com\/lasprimeras.com.do\/wp-content\/uploads\/2024\/04\/6a0c8a05-4f4b-48f5-a1d9-1ad180753c4a-34.jpg?resize=700%2C400&ssl=1 2x, https:\/\/i0.wp.com\/lasprimeras.com.do\/wp-content\/uploads\/2024\/04\/6a0c8a05-4f4b-48f5-a1d9-1ad180753c4a-34.jpg?resize=1050%2C600&ssl=1 3x, https:\/\/i0.wp.com\/lasprimeras.com.do\/wp-content\/uploads\/2024\/04\/6a0c8a05-4f4b-48f5-a1d9-1ad180753c4a-34.jpg?resize=1400%2C800&ssl=1 4x"},"classes":[]},{"id":67131,"url":"https:\/\/lasprimeras.com.do\/index.php\/2023\/11\/13\/instituto-duartiano-dice-haitianos-provocan-a-soldados-dominicanos-para-generar-enfrentamiento\/","url_meta":{"origin":79023,"position":3},"title":"Instituto Duartiano dice haitianos provocan a soldados dominicanos para generar enfrentamiento","author":"BIMARY DE JES\u00daS Matos","date":"13 de noviembre de 2023","format":false,"excerpt":"Santo Domingo.-Las autoridades del Instituto Duartiano se quejaron este lunes por las diversas situaciones generadas en la frontera dominico-haitiana, a lo largo de la semana pasada; a lo que acusaron a los nacionales del vecino pa\u00eds de tener, abiertamente, actitudes de provocaci\u00f3n para con los soldados dominicanos. Por lo que\u2026","rel":"","context":"En \u00abPORTADA\u00bb","block_context":{"text":"PORTADA","link":"https:\/\/lasprimeras.com.do\/index.php\/category\/portada\/"},"img":{"alt_text":"","src":"https:\/\/i0.wp.com\/lasprimeras.com.do\/wp-content\/uploads\/2023\/11\/valentin-14.jpg?resize=350%2C200&ssl=1","width":350,"height":200,"srcset":"https:\/\/i0.wp.com\/lasprimeras.com.do\/wp-content\/uploads\/2023\/11\/valentin-14.jpg?resize=350%2C200&ssl=1 1x, https:\/\/i0.wp.com\/lasprimeras.com.do\/wp-content\/uploads\/2023\/11\/valentin-14.jpg?resize=525%2C300&ssl=1 1.5x"},"classes":[]},{"id":82543,"url":"https:\/\/lasprimeras.com.do\/index.php\/2024\/05\/05\/predicador-impide-bandereo-prm-en-plaza-juan-pablo-duarte-de-paterson\/","url_meta":{"origin":79023,"position":4},"title":"Predicador impide bandereo PRM en Plaza Juan Pablo Duarte de Paterson","author":"Esteffany Vargas","date":"5 de mayo de 2024","format":false,"excerpt":"Por Vicente Balbuena Un predicador cristiano en New Jersey impidi\u00f3 un bandereo y acto de concentraci\u00f3n de dirigentes, miembros y simpatizantes del gubernamental Partido Revolucionario Moderno en la Plaza Juan Pablo Duarte en Paterson. La actividad pol\u00edtica en apoyo a la reelecci\u00f3n del presidente Luis Abinader, y los candidatos a\u2026","rel":"","context":"En \u00abPORTADA\u00bb","block_context":{"text":"PORTADA","link":"https:\/\/lasprimeras.com.do\/index.php\/category\/portada\/"},"img":{"alt_text":"","src":"https:\/\/i0.wp.com\/lasprimeras.com.do\/wp-content\/uploads\/2024\/05\/PRM.jpg?resize=350%2C200&ssl=1","width":350,"height":200},"classes":[]},{"id":97748,"url":"https:\/\/lasprimeras.com.do\/index.php\/2025\/04\/27\/asamblea-destituye-al-doctor-rodriguez-grullon-como-presidente-del-instituto-duartiano\/","url_meta":{"origin":79023,"position":5},"title":"Asamblea destituye al doctor Rodr\u00edguez Grull\u00f3n como presidente del Instituto Duartiano","author":"Nelson Feliz","date":"27 de abril de 2025","format":false,"excerpt":"La decisi\u00f3n fue tomada por las posturas personales del doctor Julio Manuel Rodr\u00edguez Grull\u00f3n sobre el tema haitiano, que se apartan de la l\u00ednea institucional en defensa de la soberan\u00eda. En una Asamblea General Extraordinaria, el Instituto Duartiano decidi\u00f3 revocar este fin de semana de la presidencia de esa entidad\u2026","rel":"","context":"En \u00abNACIONALES\u00bb","block_context":{"text":"NACIONALES","link":"https:\/\/lasprimeras.com.do\/index.php\/category\/nacionales\/"},"img":{"alt_text":"","src":"https:\/\/i0.wp.com\/lasprimeras.com.do\/wp-content\/uploads\/2025\/04\/Directivos-del-Instituto-Duartiano-luego-de-la-asamblea.jpg?resize=350%2C200&ssl=1","width":350,"height":200,"srcset":"https:\/\/i0.wp.com\/lasprimeras.com.do\/wp-content\/uploads\/2025\/04\/Directivos-del-Instituto-Duartiano-luego-de-la-asamblea.jpg?resize=350%2C200&ssl=1 1x, https:\/\/i0.wp.com\/lasprimeras.com.do\/wp-content\/uploads\/2025\/04\/Directivos-del-Instituto-Duartiano-luego-de-la-asamblea.jpg?resize=525%2C300&ssl=1 1.5x"},"classes":[]}],"jetpack_sharing_enabled":true,"_links":{"self":[{"href":"https:\/\/lasprimeras.com.do\/index.php\/wp-json\/wp\/v2\/posts\/79023","targetHints":{"allow":["GET"]}}],"collection":[{"href":"https:\/\/lasprimeras.com.do\/index.php\/wp-json\/wp\/v2\/posts"}],"about":[{"href":"https:\/\/lasprimeras.com.do\/index.php\/wp-json\/wp\/v2\/types\/post"}],"author":[{"embeddable":true,"href":"https:\/\/lasprimeras.com.do\/index.php\/wp-json\/wp\/v2\/users\/3"}],"replies":[{"embeddable":true,"href":"https:\/\/lasprimeras.com.do\/index.php\/wp-json\/wp\/v2\/comments?post=79023"}],"version-history":[{"count":1,"href":"https:\/\/lasprimeras.com.do\/index.php\/wp-json\/wp\/v2\/posts\/79023\/revisions"}],"predecessor-version":[{"id":79025,"href":"https:\/\/lasprimeras.com.do\/index.php\/wp-json\/wp\/v2\/posts\/79023\/revisions\/79025"}],"wp:featuredmedia":[{"embeddable":true,"href":"https:\/\/lasprimeras.com.do\/index.php\/wp-json\/wp\/v2\/media\/79024"}],"wp:attachment":[{"href":"https:\/\/lasprimeras.com.do\/index.php\/wp-json\/wp\/v2\/media?parent=79023"}],"wp:term":[{"taxonomy":"category","embeddable":true,"href":"https:\/\/lasprimeras.com.do\/index.php\/wp-json\/wp\/v2\/categories?post=79023"},{"taxonomy":"post_tag","embeddable":true,"href":"https:\/\/lasprimeras.com.do\/index.php\/wp-json\/wp\/v2\/tags?post=79023"}],"curies":[{"name":"wp","href":"https:\/\/api.w.org\/{rel}","templated":true}]}}