{"id":79029,"date":"2024-03-22T13:10:02","date_gmt":"2024-03-22T17:10:02","guid":{"rendered":"https:\/\/lasprimeras.com.do\/?p=79029"},"modified":"2024-03-22T13:10:04","modified_gmt":"2024-03-22T17:10:04","slug":"presidente-luis-abinader-reafirma-compromiso-con-la-seguridad-y-soberania-de-la-republica-dominicana-en-entrevista-con-bbc-hardtalk","status":"publish","type":"post","link":"https:\/\/lasprimeras.com.do\/index.php\/2024\/03\/22\/presidente-luis-abinader-reafirma-compromiso-con-la-seguridad-y-soberania-de-la-republica-dominicana-en-entrevista-con-bbc-hardtalk\/","title":{"rendered":"Presidente Luis Abinader reafirma compromiso con la seguridad y soberan\u00eda de la Rep\u00fablica Dominicana en entrevista con BBC HARDtalk"},"content":{"rendered":"\n<p><em>Santo Domingo.\u2013<\/em> En una reciente entrevista con el programa HARDtalk de la BBC, el presidente de la Rep\u00fablica Dominicana, Luis Abinader, dej\u00f3 en claro su firme posici\u00f3n sobre la seguridad nacional y el estricto cumplimiento de las leyes y la Constituci\u00f3n dominicanas en el contexto de la crisis humanitaria en Hait\u00ed.<\/p>\n\n\n\n<p>La entrevista, conducida por el renombrado periodista Stephen Sackur, se centr\u00f3 en temas cr\u00edticos como la migraci\u00f3n, las deportaciones y la relaci\u00f3n entre ambas naciones caribe\u00f1as.<\/p>\n\n\n\n<p>El presidente Abinader afirm\u00f3 con convicci\u00f3n: &#8220;Continuaremos haciendo y aplicando nuestras leyes y nuestra Constituci\u00f3n&#8221;, enfatizando la importancia de mantener el orden legal y la soberan\u00eda del pa\u00eds ante cualquier circunstancia.<\/p>\n\n\n\n<p>Esta declaraci\u00f3n subraya la postura del gobierno dominicano de no ceder ante presiones externas y de seguir gestionando la migraci\u00f3n de acuerdo con sus propios t\u00e9rminos y condiciones.<\/p>\n\n\n\n<p>Respondiendo a las preocupaciones internacionales sobre las deportaciones de haitianos, el presidente Abinader destac\u00f3: &#8220;Creo que la ONU tiene que trabajar m\u00e1s&#8221;, instando a una mayor acci\u00f3n internacional para abordar la crisis en Hait\u00ed, y reiter\u00f3 que la soluci\u00f3n al problema haitiano no debe recaer \u00fanicamente en Rep\u00fablica Dominicana. La postura de Abinader refleja su llamado a un esfuerzo colaborativo mientras mantiene la responsabilidad de proteger los intereses de su naci\u00f3n.<\/p>\n\n\n\n<p>El mandatario rechaz\u00f3 firmemente la idea de establecer campos de refugiados en territorio dominicano, citando &#8220;razones hist\u00f3ricas y de seguridad&#8221;. Esta decisi\u00f3n destaca el compromiso de su administraci\u00f3n con la seguridad nacional y la protecci\u00f3n de los ciudadanos dominicanos frente a los desaf\u00edos regionales.<\/p>\n\n\n\n<p>&#8220;Mi reputaci\u00f3n es aplicar la Constituci\u00f3n y la ley&#8221;, asever\u00f3 Abinader, reafirmando su dedicaci\u00f3n a la gobernanza basada en el respeto a las normativas legales y constitucionales. Esta declaraci\u00f3n refleja su intenci\u00f3n de liderar con el ejemplo, asegurando que la Rep\u00fablica Dominicana se adhiera a principios de justicia y legalidad.<\/p>\n\n\n\n<p>En cuanto a las cr\u00edticas sobre las deportaciones, el presidente enfatiz\u00f3 que Rep\u00fablica Dominicana simplemente est\u00e1 aplicando sus leyes, similar a otros pa\u00edses, y subray\u00f3 el apoyo continuo a los haitianos, especialmente en el sistema de salud dominicano.<\/p>\n\n\n\n<p>La entrevista con el presidente Luis Abinader en BBC HARDtalk resalta la determinaci\u00f3n del l\u00edder dominicano de defender la seguridad y la soberan\u00eda de su pa\u00eds, respetando al mismo tiempo las leyes y principios constitucionales. Su liderazgo en tiempos de crisis refuerza la imagen de Rep\u00fablica Dominicana como un pa\u00eds comprometido con la estabilidad, la legalidad y la colaboraci\u00f3n internacional.<\/p>\n","protected":false},"excerpt":{"rendered":"<p>Santo Domingo.\u2013 En una reciente entrevista con el programa HARDtalk de la BBC, el presidente de la Rep\u00fablica Dominicana, Luis Abinader, dej\u00f3 en claro su firme posici\u00f3n sobre la seguridad&hellip;<\/p>\n","protected":false},"author":3,"featured_media":79030,"comment_status":"open","ping_status":"open","sticky":false,"template":"","format":"standard","meta":{"content-type":"","jetpack_post_was_ever_published":false,"_jetpack_newsletter_access":"","_jetpack_dont_email_post_to_subs":false,"_jetpack_newsletter_tier_id":0,"_jetpack_memberships_contains_paywalled_content":false,"_jetpack_memberships_contains_paid_content":false,"footnotes":""},"categories":[25],"tags":[67],"class_list":["post-79029","post","type-post","status-publish","format-standard","has-post-thumbnail","hentry","category-portada","tag-luis-abinader"],"jetpack_featured_media_url":"https:\/\/lasprimeras.com.do\/wp-content\/uploads\/2024\/03\/IMG-20240322-WA0016.jpg","jetpack-related-posts":[{"id":119963,"url":"https:\/\/lasprimeras.com.do\/index.php\/2026\/01\/19\/luis-el-gallo-rechaza-de-forma-categorica-cualquier-sometimiento-a-la-cidh\/","url_meta":{"origin":79029,"position":0},"title":"Luis \u201cEl Gallo\u201d rechaza de forma categ\u00f3rica cualquier sometimiento a la CIDH","author":"Nelson Feliz","date":"19 de enero de 2026","format":false,"excerpt":"El presidente del Partido Uni\u00f3n Dem\u00f3crata Cristiana \u2013UDC-, Luis Acosta Moreta, Luis \u201cEl Gallo\u201d, lanz\u00f3 una en\u00e9rgica advertencia contra cualquier intento de someter nuevamente a la Rep\u00fablica Dominicana a la Corte Interamericana de Derechos Humanos (Corte IDH), al considerar que dicha pretensi\u00f3n constituye una agresi\u00f3n directa a la soberan\u00eda nacional,\u2026","rel":"","context":"En \u00abPOLITICA\u00bb","block_context":{"text":"POLITICA","link":"https:\/\/lasprimeras.com.do\/index.php\/category\/politica\/"},"img":{"alt_text":"Luis Acosta Moreta","src":"https:\/\/i0.wp.com\/lasprimeras.com.do\/wp-content\/uploads\/2025\/07\/WhatsApp-Image-2025-07-25-at-9.01.49-AM.jpeg?resize=350%2C200&ssl=1","width":350,"height":200,"srcset":"https:\/\/i0.wp.com\/lasprimeras.com.do\/wp-content\/uploads\/2025\/07\/WhatsApp-Image-2025-07-25-at-9.01.49-AM.jpeg?resize=350%2C200&ssl=1 1x, https:\/\/i0.wp.com\/lasprimeras.com.do\/wp-content\/uploads\/2025\/07\/WhatsApp-Image-2025-07-25-at-9.01.49-AM.jpeg?resize=525%2C300&ssl=1 1.5x, https:\/\/i0.wp.com\/lasprimeras.com.do\/wp-content\/uploads\/2025\/07\/WhatsApp-Image-2025-07-25-at-9.01.49-AM.jpeg?resize=700%2C400&ssl=1 2x"},"classes":[]},{"id":102163,"url":"https:\/\/lasprimeras.com.do\/index.php\/2025\/07\/01\/abinader-promulga-la-ley-37-25-sobre-hidrocarburos\/","url_meta":{"origin":79029,"position":1},"title":"Abinader promulga la ley 37-25 sobre hidrocarburos","author":"Nelson Feliz","date":"1 de julio de 2025","format":false,"excerpt":"Permitir\u00e1 que empresas extranjeras realicen exploraciones petroleras en el pa\u00eds El presidente de la Rep\u00fablica Dominicana, Luis Abinader, promulg\u00f3 la Ley 37-25, que modifica el art\u00edculo 4 de la Ley 4532, a fin de armonizar el marco legal de la exploraci\u00f3n y explotaci\u00f3n de hidrocarburos con la Constituci\u00f3n y con\u2026","rel":"","context":"En \u00abNACIONALES\u00bb","block_context":{"text":"NACIONALES","link":"https:\/\/lasprimeras.com.do\/index.php\/category\/nacionales\/"},"img":{"alt_text":"","src":"https:\/\/i0.wp.com\/lasprimeras.com.do\/wp-content\/uploads\/2025\/03\/lUIS-aBINADER-5.jpg?resize=350%2C200&ssl=1","width":350,"height":200,"srcset":"https:\/\/i0.wp.com\/lasprimeras.com.do\/wp-content\/uploads\/2025\/03\/lUIS-aBINADER-5.jpg?resize=350%2C200&ssl=1 1x, https:\/\/i0.wp.com\/lasprimeras.com.do\/wp-content\/uploads\/2025\/03\/lUIS-aBINADER-5.jpg?resize=525%2C300&ssl=1 1.5x, https:\/\/i0.wp.com\/lasprimeras.com.do\/wp-content\/uploads\/2025\/03\/lUIS-aBINADER-5.jpg?resize=700%2C400&ssl=1 2x"},"classes":[]},{"id":103120,"url":"https:\/\/lasprimeras.com.do\/index.php\/2025\/07\/11\/abinader-resalta-consenso-nacional-ante-crisis-haitiana-tras-reunion-con-ex-presidente-hipolito-mejia\/","url_meta":{"origin":79029,"position":2},"title":"Abinader resalta consenso nacional ante crisis haitiana, tras reuni\u00f3n con ex presidente Hip\u00f3lito Mej\u00eda","author":"Nelson Feliz","date":"11 de julio de 2025","format":false,"excerpt":"Mandatario rechaza cuestionamientos de Amnist\u00eda Internacional sobre pol\u00edtica migratoria de la Rep\u00fablica Dominicana. El presidente Luis Abinader destac\u00f3 este viernes el alto nivel de consenso nacional que se ha venido construyendo frente a la crisis haitiana, tras sostener una reuni\u00f3n con el ex presidente Hip\u00f3lito Mej\u00eda y los equipos t\u00e9cnicos\u2026","rel":"","context":"En \u00abNACIONALES\u00bb","block_context":{"text":"NACIONALES","link":"https:\/\/lasprimeras.com.do\/index.php\/category\/nacionales\/"},"img":{"alt_text":"","src":"https:\/\/i0.wp.com\/lasprimeras.com.do\/wp-content\/uploads\/2025\/07\/HIPO-Y-LUIS-1.jpg?resize=350%2C200&ssl=1","width":350,"height":200,"srcset":"https:\/\/i0.wp.com\/lasprimeras.com.do\/wp-content\/uploads\/2025\/07\/HIPO-Y-LUIS-1.jpg?resize=350%2C200&ssl=1 1x, https:\/\/i0.wp.com\/lasprimeras.com.do\/wp-content\/uploads\/2025\/07\/HIPO-Y-LUIS-1.jpg?resize=525%2C300&ssl=1 1.5x, https:\/\/i0.wp.com\/lasprimeras.com.do\/wp-content\/uploads\/2025\/07\/HIPO-Y-LUIS-1.jpg?resize=700%2C400&ssl=1 2x"},"classes":[]},{"id":113756,"url":"https:\/\/lasprimeras.com.do\/index.php\/2025\/11\/05\/abinader-encabezara-actos-por-el-181-o-aniversario-de-la-constitucion-en-san-cristobal\/","url_meta":{"origin":79029,"position":3},"title":"Abinader encabezar\u00e1 actos por el 181.\u00ba aniversario de la Constituci\u00f3n en San Crist\u00f3bal","author":"Nelson Feliz","date":"5 de noviembre de 2025","format":false,"excerpt":"Tambi\u00e9n entregar\u00e1 t\u00edtulos de propiedad en el sector de Villa Fundaci\u00f3n, que beneficiar\u00e1 a miles de familias. El presidente Luis Abinader encabezar\u00e1 este jueves los actos conmemorativos por el 181.\u00ba aniversario de la Constituci\u00f3n de la Rep\u00fablica Dominicana, en la provincia de San Crist\u00f3bal. La jornada del mandatario iniciar\u00e1 a\u2026","rel":"","context":"En \u00abNACIONALES\u00bb","block_context":{"text":"NACIONALES","link":"https:\/\/lasprimeras.com.do\/index.php\/category\/nacionales\/"},"img":{"alt_text":"Luis Abinader","src":"https:\/\/i0.wp.com\/lasprimeras.com.do\/wp-content\/uploads\/2025\/11\/Luis-Abinader-1.jpg?resize=350%2C200&ssl=1","width":350,"height":200,"srcset":"https:\/\/i0.wp.com\/lasprimeras.com.do\/wp-content\/uploads\/2025\/11\/Luis-Abinader-1.jpg?resize=350%2C200&ssl=1 1x, https:\/\/i0.wp.com\/lasprimeras.com.do\/wp-content\/uploads\/2025\/11\/Luis-Abinader-1.jpg?resize=525%2C300&ssl=1 1.5x, https:\/\/i0.wp.com\/lasprimeras.com.do\/wp-content\/uploads\/2025\/11\/Luis-Abinader-1.jpg?resize=700%2C400&ssl=1 2x, https:\/\/i0.wp.com\/lasprimeras.com.do\/wp-content\/uploads\/2025\/11\/Luis-Abinader-1.jpg?resize=1050%2C600&ssl=1 3x"},"classes":[]},{"id":116095,"url":"https:\/\/lasprimeras.com.do\/index.php\/2025\/11\/27\/acusan-a-abinader-de-entregar-soberania-a-ee-uu-tras-acuerdo-militar\/","url_meta":{"origin":79029,"position":4},"title":"Acusan a Abinader de entregar soberan\u00eda a EE.UU. tras acuerdo militar","author":"Nelson Feliz","date":"27 de noviembre de 2025","format":false,"excerpt":"\u201cEl pueblo dominicano debe repudiar este acto de sumisi\u00f3n que coloca a la patria como garrote de intereses extranjeros\u201d El exdiputado Rafael M\u00e9ndez denunci\u00f3 que el presidente Luis Abinader \u201cha violado gravemente la soberan\u00eda nacional\u201d al autorizar a los Estados Unidos el uso de zonas restringidas de la Base A\u00e9rea\u2026","rel":"","context":"En \u00abPOLITICA\u00bb","block_context":{"text":"POLITICA","link":"https:\/\/lasprimeras.com.do\/index.php\/category\/politica\/"},"img":{"alt_text":"","src":"https:\/\/i0.wp.com\/lasprimeras.com.do\/wp-content\/uploads\/2025\/11\/Luis-Abinader-9.jpg?resize=350%2C200&ssl=1","width":350,"height":200,"srcset":"https:\/\/i0.wp.com\/lasprimeras.com.do\/wp-content\/uploads\/2025\/11\/Luis-Abinader-9.jpg?resize=350%2C200&ssl=1 1x, https:\/\/i0.wp.com\/lasprimeras.com.do\/wp-content\/uploads\/2025\/11\/Luis-Abinader-9.jpg?resize=525%2C300&ssl=1 1.5x, https:\/\/i0.wp.com\/lasprimeras.com.do\/wp-content\/uploads\/2025\/11\/Luis-Abinader-9.jpg?resize=700%2C400&ssl=1 2x"},"classes":[]},{"id":116068,"url":"https:\/\/lasprimeras.com.do\/index.php\/2025\/11\/27\/pete-hegseth-asegura-respaldo-de-ee-uu-a-la-rd-reconoce-liderazgo-del-presidente-abinader-contra-el-narcotrafico\/","url_meta":{"origin":79029,"position":5},"title":"Pete Hegseth asegura respaldo de EE.UU. a la RD; reconoce liderazgo del presidente Abinader contra el narcotr\u00e1fico","author":"Nelson Feliz","date":"27 de noviembre de 2025","format":false,"excerpt":"El alto funcionario dice que EE. UU. reconoce que RD y el presidente Abinader son l\u00edderes regionales en la lucha contra el narcotr\u00e1fico y asegur\u00f3 que la colaboraci\u00f3n con el pa\u00eds se ampliar\u00e1 siempre con pleno respeto a las leyes y a la soberan\u00eda dominicana El secretario de Defensa de\u2026","rel":"","context":"En \u00abNACIONALES\u00bb","block_context":{"text":"NACIONALES","link":"https:\/\/lasprimeras.com.do\/index.php\/category\/nacionales\/"},"img":{"alt_text":"","src":"https:\/\/i0.wp.com\/lasprimeras.com.do\/wp-content\/uploads\/2025\/11\/Luis-Abinader-8.jpg?resize=350%2C200&ssl=1","width":350,"height":200,"srcset":"https:\/\/i0.wp.com\/lasprimeras.com.do\/wp-content\/uploads\/2025\/11\/Luis-Abinader-8.jpg?resize=350%2C200&ssl=1 1x, https:\/\/i0.wp.com\/lasprimeras.com.do\/wp-content\/uploads\/2025\/11\/Luis-Abinader-8.jpg?resize=525%2C300&ssl=1 1.5x, https:\/\/i0.wp.com\/lasprimeras.com.do\/wp-content\/uploads\/2025\/11\/Luis-Abinader-8.jpg?resize=700%2C400&ssl=1 2x"},"classes":[]}],"jetpack_sharing_enabled":true,"_links":{"self":[{"href":"https:\/\/lasprimeras.com.do\/index.php\/wp-json\/wp\/v2\/posts\/79029","targetHints":{"allow":["GET"]}}],"collection":[{"href":"https:\/\/lasprimeras.com.do\/index.php\/wp-json\/wp\/v2\/posts"}],"about":[{"href":"https:\/\/lasprimeras.com.do\/index.php\/wp-json\/wp\/v2\/types\/post"}],"author":[{"embeddable":true,"href":"https:\/\/lasprimeras.com.do\/index.php\/wp-json\/wp\/v2\/users\/3"}],"replies":[{"embeddable":true,"href":"https:\/\/lasprimeras.com.do\/index.php\/wp-json\/wp\/v2\/comments?post=79029"}],"version-history":[{"count":1,"href":"https:\/\/lasprimeras.com.do\/index.php\/wp-json\/wp\/v2\/posts\/79029\/revisions"}],"predecessor-version":[{"id":79031,"href":"https:\/\/lasprimeras.com.do\/index.php\/wp-json\/wp\/v2\/posts\/79029\/revisions\/79031"}],"wp:featuredmedia":[{"embeddable":true,"href":"https:\/\/lasprimeras.com.do\/index.php\/wp-json\/wp\/v2\/media\/79030"}],"wp:attachment":[{"href":"https:\/\/lasprimeras.com.do\/index.php\/wp-json\/wp\/v2\/media?parent=79029"}],"wp:term":[{"taxonomy":"category","embeddable":true,"href":"https:\/\/lasprimeras.com.do\/index.php\/wp-json\/wp\/v2\/categories?post=79029"},{"taxonomy":"post_tag","embeddable":true,"href":"https:\/\/lasprimeras.com.do\/index.php\/wp-json\/wp\/v2\/tags?post=79029"}],"curies":[{"name":"wp","href":"https:\/\/api.w.org\/{rel}","templated":true}]}}