{"id":79051,"date":"2024-03-22T23:11:43","date_gmt":"2024-03-23T03:11:43","guid":{"rendered":"https:\/\/lasprimeras.com.do\/?p=79051"},"modified":"2024-03-22T23:11:45","modified_gmt":"2024-03-23T03:11:45","slug":"varios-heridos-en-accidente-multiple-en-autovia-del-coral","status":"publish","type":"post","link":"https:\/\/lasprimeras.com.do\/index.php\/2024\/03\/22\/varios-heridos-en-accidente-multiple-en-autovia-del-coral\/","title":{"rendered":"Varios heridos en accidente m\u00faltiple en autov\u00eda del Coral"},"content":{"rendered":"\n<p>La Altagracia.- El Sistema Nacional de Atenci\u00f3n a Emergencias y Seguridad 911 inform\u00f3 que varias personas resultaron heridas en un accidente m\u00faltiple en la autov\u00eda del Coral, pr\u00f3ximo a un hotel de la provincia La Altagracia, la tarde de este viernes.<\/p>\n\n\n\n<p>Tras el hecho, indican que se desplegaron 15 unidades de respuesta para atender a los afectados. El evento se encuentra en desarrollo.<\/p>\n\n\n\n<p>\u00abEl operativo de asistencia coordinado cont\u00f3 con la presencia de 11 ambulancias de la Direcci\u00f3n de Servicios de Atenci\u00f3n a Emergencias Extrahospitalarias (DAEH); una unidad de los Cuerpos de Bomberos de Veron y Punta Cana; adem\u00e1s de una unidad con efectivos de la Polic\u00eda Nacional y dos unidades de la Direcci\u00f3n General de Seguridad de Tr\u00e1nsito y Transporte Terrestre (DIGESETT) quienes viabilizan el tr\u00e1nsito\u00bb, indic\u00f3 el director ejecutivo del 911, coronel piloto, Randolfo Rijo G\u00f3mez, ERD.<\/p>\n\n\n\n<p>El Sistema 911 es un servicio p\u00fablico gratuito que salvaguarda la vida y bienes de todos los dominicanos.<\/p>\n","protected":false},"excerpt":{"rendered":"<p>La Altagracia.- El Sistema Nacional de Atenci\u00f3n a Emergencias y Seguridad 911 inform\u00f3 que varias personas resultaron heridas en un accidente m\u00faltiple en la autov\u00eda del Coral, pr\u00f3ximo a un&hellip;<\/p>\n","protected":false},"author":3,"featured_media":79052,"comment_status":"open","ping_status":"open","sticky":false,"template":"","format":"standard","meta":{"content-type":"","jetpack_post_was_ever_published":false,"_jetpack_newsletter_access":"","_jetpack_dont_email_post_to_subs":false,"_jetpack_newsletter_tier_id":0,"_jetpack_memberships_contains_paywalled_content":false,"_jetpack_memberships_contains_paid_content":false,"footnotes":""},"categories":[35],"tags":[2211],"class_list":["post-79051","post","type-post","status-publish","format-standard","has-post-thumbnail","hentry","category-nacionales","tag-accidente"],"jetpack_featured_media_url":"https:\/\/lasprimeras.com.do\/wp-content\/uploads\/2024\/03\/WhatsApp-Image-2024-03-22-at-4.47.43-PM-1.webp","jetpack-related-posts":[{"id":78566,"url":"https:\/\/lasprimeras.com.do\/index.php\/2024\/03\/17\/ocho-unidades-del-911-dan-respuesta-en-accidente-de-la-autovia-del-coral\/","url_meta":{"origin":79051,"position":0},"title":"Ocho unidades del 911 dan respuesta en accidente de la autov\u00eda del Coral","author":"Nelson Feliz","date":"17 de marzo de 2024","format":false,"excerpt":"El personal en la escena report\u00f3 la asistencia de cinco personas que fueron trasladadas a centros de salud cercanos. El Sistema Nacional de Atenci\u00f3n a Emergencias y Seguridad 911 inform\u00f3 que despleg\u00f3 ocho unidades de respuesta para atender el accidente en la autov\u00eda del Coral, pr\u00f3ximo al aeropuerto de La\u2026","rel":"","context":"En \u00abNACIONALES\u00bb","block_context":{"text":"NACIONALES","link":"https:\/\/lasprimeras.com.do\/index.php\/category\/nacionales\/"},"img":{"alt_text":"911 asiste accidente autovia del Coral","src":"https:\/\/i0.wp.com\/lasprimeras.com.do\/wp-content\/uploads\/2024\/03\/911-asiste-accidente-autovia-del-Coral-2.jpeg?resize=350%2C200&ssl=1","width":350,"height":200,"srcset":"https:\/\/i0.wp.com\/lasprimeras.com.do\/wp-content\/uploads\/2024\/03\/911-asiste-accidente-autovia-del-Coral-2.jpeg?resize=350%2C200&ssl=1 1x, https:\/\/i0.wp.com\/lasprimeras.com.do\/wp-content\/uploads\/2024\/03\/911-asiste-accidente-autovia-del-Coral-2.jpeg?resize=525%2C300&ssl=1 1.5x"},"classes":[]},{"id":100079,"url":"https:\/\/lasprimeras.com.do\/index.php\/2025\/06\/01\/sistema-911-coordina-asistencia-ante-accidente-de-transito-con-multiples-en-villa-altagracia\/","url_meta":{"origin":79051,"position":1},"title":"Sistema 911 coordina asistencia ante accidente de tr\u00e1nsito con m\u00faltiples en Villa Altagracia","author":"Nelson Feliz","date":"1 de junio de 2025","format":false,"excerpt":"El incidente reporta varios heridos y atrapados. El caso se encuentra en desarrollo. El Sistema Nacional de Atenci\u00f3n a Emergencias y Seguridad 911 coordin\u00f3 la asistencia ante un accidente de tr\u00e1nsito reportado con m\u00faltiples personas atrapadas, ocurrido en el kil\u00f3metro 40 de la autopista Duarte en direcci\u00f3n hacia Santo Domingo,\u2026","rel":"","context":"En \u00abNACIONALES\u00bb","block_context":{"text":"NACIONALES","link":"https:\/\/lasprimeras.com.do\/index.php\/category\/nacionales\/"},"img":{"alt_text":"","src":"https:\/\/i0.wp.com\/lasprimeras.com.do\/wp-content\/uploads\/2025\/06\/Sistema-911.jpg?resize=350%2C200&ssl=1","width":350,"height":200,"srcset":"https:\/\/i0.wp.com\/lasprimeras.com.do\/wp-content\/uploads\/2025\/06\/Sistema-911.jpg?resize=350%2C200&ssl=1 1x, https:\/\/i0.wp.com\/lasprimeras.com.do\/wp-content\/uploads\/2025\/06\/Sistema-911.jpg?resize=525%2C300&ssl=1 1.5x, https:\/\/i0.wp.com\/lasprimeras.com.do\/wp-content\/uploads\/2025\/06\/Sistema-911.jpg?resize=700%2C400&ssl=1 2x"},"classes":[]},{"id":124921,"url":"https:\/\/lasprimeras.com.do\/index.php\/2026\/03\/17\/muere-conductor-de-un-autobus-tras-colision-con-un-camion-en-la-autovia-del-coral\/","url_meta":{"origin":79051,"position":2},"title":"Muere conductor de un autob\u00fas tras colisi\u00f3n con un cami\u00f3n en la Autov\u00eda del Coral","author":"Nelson Feliz","date":"17 de marzo de 2026","format":false,"excerpt":"La v\u00edctima fue identificada como Jos\u00e9 Mart\u00edn Popa. Un conductor de un autob\u00fas de pasajeros perdi\u00f3 la vida y el cobrador result\u00f3 herido la tarde de este martes en un accidente de tr\u00e1nsito ocurrido en la Autov\u00eda del Coral, en el tramo de Bayah\u00edbe. La v\u00edctima fue identificada como Jos\u00e9\u2026","rel":"","context":"En \u00abNACIONALES\u00bb","block_context":{"text":"NACIONALES","link":"https:\/\/lasprimeras.com.do\/index.php\/category\/nacionales\/"},"img":{"alt_text":"","src":"https:\/\/i0.wp.com\/lasprimeras.com.do\/wp-content\/uploads\/2026\/03\/accidente.jpg?resize=350%2C200&ssl=1","width":350,"height":200,"srcset":"https:\/\/i0.wp.com\/lasprimeras.com.do\/wp-content\/uploads\/2026\/03\/accidente.jpg?resize=350%2C200&ssl=1 1x, https:\/\/i0.wp.com\/lasprimeras.com.do\/wp-content\/uploads\/2026\/03\/accidente.jpg?resize=525%2C300&ssl=1 1.5x"},"classes":[]},{"id":94635,"url":"https:\/\/lasprimeras.com.do\/index.php\/2025\/03\/03\/hombre-parte-poste-de-luz-en-accidente-en-la-autovia-del-este-san-pedro-de-macoris\/","url_meta":{"origin":79051,"position":3},"title":"Hombre parte poste de luz en accidente en la Autov\u00eda del Este, San Pedro de Macor\u00eds","author":"Nelson Feliz","date":"3 de marzo de 2025","format":false,"excerpt":"Por: @noticiasspmy @rdteinforma Un hombre identificado como Barbino Benjam\u00edn Burgos Paula, de 70 a\u00f1os de edad, result\u00f3 gravemente herido tras un accidente ocurrido en la Autov\u00eda del Este, pr\u00f3ximo a Guabavery, en esta provincia San Pedro de Macor\u00eds, el mismo se trasladaba en un Hyundai i20 de color naranja, placa:\u2026","rel":"","context":"En \u00abNACIONALES\u00bb","block_context":{"text":"NACIONALES","link":"https:\/\/lasprimeras.com.do\/index.php\/category\/nacionales\/"},"img":{"alt_text":"","src":"","width":0,"height":0},"classes":[]},{"id":87539,"url":"https:\/\/lasprimeras.com.do\/index.php\/2024\/08\/13\/aumentan-a-3-los-muertos-por-accidente-de-transito-en-veron\/","url_meta":{"origin":79051,"position":4},"title":"Aumentan a 3 los muertos por accidente de tr\u00e1nsito en Ver\u00f3n","author":"Nelson Feliz","date":"13 de agosto de 2024","format":false,"excerpt":"M\u00e1s de 20 personas resultaron heridas y suben a tres los muertos, tras un accidente registrado este lunes en la Circunvalaci\u00f3n Ver\u00f3n-B\u00e1varo, provincia La Altagracia. Seg\u00fan informes preliminares, el Sistema Nacional de Atenci\u00f3n a Emergencias y Seguridad 911 gestion\u00f3 el despliegue de 31 unidades de emergencias. Los heridos fueron trasladados\u2026","rel":"","context":"En \u00abNACIONALES\u00bb","block_context":{"text":"NACIONALES","link":"https:\/\/lasprimeras.com.do\/index.php\/category\/nacionales\/"},"img":{"alt_text":"EMERGENCIA","src":"https:\/\/i0.wp.com\/lasprimeras.com.do\/wp-content\/uploads\/2024\/08\/EMERGENCIA.jpg?resize=350%2C200&ssl=1","width":350,"height":200,"srcset":"https:\/\/i0.wp.com\/lasprimeras.com.do\/wp-content\/uploads\/2024\/08\/EMERGENCIA.jpg?resize=350%2C200&ssl=1 1x, https:\/\/i0.wp.com\/lasprimeras.com.do\/wp-content\/uploads\/2024\/08\/EMERGENCIA.jpg?resize=525%2C300&ssl=1 1.5x"},"classes":[]},{"id":80242,"url":"https:\/\/lasprimeras.com.do\/index.php\/2024\/04\/05\/911-coordina-asistencia-a-varios-afectados-en-accidente\/","url_meta":{"origin":79051,"position":5},"title":"911 coordina asistencia a varios afectados en accidente","author":"BIMARY DE JES\u00daS Matos","date":"5 de abril de 2024","format":false,"excerpt":"La Romana. \u2013 El Sistema Nacional de Atenci\u00f3n a Emergencias y Seguridad 911 inform\u00f3 este viernes, que coordina la asistencia de un accidente de tr\u00e1nsito en el que estuvieron involucrados siete veh\u00edculos en un tramo de la autov\u00eda del Este, sector Villa Hermosa, provincia La Romana. El 911 despleg\u00f3 las\u2026","rel":"","context":"En \u00abNACIONALES\u00bb","block_context":{"text":"NACIONALES","link":"https:\/\/lasprimeras.com.do\/index.php\/category\/nacionales\/"},"img":{"alt_text":"","src":"https:\/\/i0.wp.com\/lasprimeras.com.do\/wp-content\/uploads\/2024\/04\/IMG-20240405-WA0030.jpg?resize=350%2C200&ssl=1","width":350,"height":200,"srcset":"https:\/\/i0.wp.com\/lasprimeras.com.do\/wp-content\/uploads\/2024\/04\/IMG-20240405-WA0030.jpg?resize=350%2C200&ssl=1 1x, https:\/\/i0.wp.com\/lasprimeras.com.do\/wp-content\/uploads\/2024\/04\/IMG-20240405-WA0030.jpg?resize=525%2C300&ssl=1 1.5x, https:\/\/i0.wp.com\/lasprimeras.com.do\/wp-content\/uploads\/2024\/04\/IMG-20240405-WA0030.jpg?resize=700%2C400&ssl=1 2x, https:\/\/i0.wp.com\/lasprimeras.com.do\/wp-content\/uploads\/2024\/04\/IMG-20240405-WA0030.jpg?resize=1050%2C600&ssl=1 3x, https:\/\/i0.wp.com\/lasprimeras.com.do\/wp-content\/uploads\/2024\/04\/IMG-20240405-WA0030.jpg?resize=1400%2C800&ssl=1 4x"},"classes":[]}],"jetpack_sharing_enabled":true,"_links":{"self":[{"href":"https:\/\/lasprimeras.com.do\/index.php\/wp-json\/wp\/v2\/posts\/79051","targetHints":{"allow":["GET"]}}],"collection":[{"href":"https:\/\/lasprimeras.com.do\/index.php\/wp-json\/wp\/v2\/posts"}],"about":[{"href":"https:\/\/lasprimeras.com.do\/index.php\/wp-json\/wp\/v2\/types\/post"}],"author":[{"embeddable":true,"href":"https:\/\/lasprimeras.com.do\/index.php\/wp-json\/wp\/v2\/users\/3"}],"replies":[{"embeddable":true,"href":"https:\/\/lasprimeras.com.do\/index.php\/wp-json\/wp\/v2\/comments?post=79051"}],"version-history":[{"count":1,"href":"https:\/\/lasprimeras.com.do\/index.php\/wp-json\/wp\/v2\/posts\/79051\/revisions"}],"predecessor-version":[{"id":79053,"href":"https:\/\/lasprimeras.com.do\/index.php\/wp-json\/wp\/v2\/posts\/79051\/revisions\/79053"}],"wp:featuredmedia":[{"embeddable":true,"href":"https:\/\/lasprimeras.com.do\/index.php\/wp-json\/wp\/v2\/media\/79052"}],"wp:attachment":[{"href":"https:\/\/lasprimeras.com.do\/index.php\/wp-json\/wp\/v2\/media?parent=79051"}],"wp:term":[{"taxonomy":"category","embeddable":true,"href":"https:\/\/lasprimeras.com.do\/index.php\/wp-json\/wp\/v2\/categories?post=79051"},{"taxonomy":"post_tag","embeddable":true,"href":"https:\/\/lasprimeras.com.do\/index.php\/wp-json\/wp\/v2\/tags?post=79051"}],"curies":[{"name":"wp","href":"https:\/\/api.w.org\/{rel}","templated":true}]}}