{"id":79116,"date":"2024-03-23T23:54:57","date_gmt":"2024-03-24T03:54:57","guid":{"rendered":"https:\/\/lasprimeras.com.do\/?p=79116"},"modified":"2024-03-23T23:54:58","modified_gmt":"2024-03-24T03:54:58","slug":"abel-llama-a-peledeistas-a-trabajar-con-compromiso-y-corazon","status":"publish","type":"post","link":"https:\/\/lasprimeras.com.do\/index.php\/2024\/03\/23\/abel-llama-a-peledeistas-a-trabajar-con-compromiso-y-corazon\/","title":{"rendered":"Abel llama a pelede\u00edstas a trabajar con compromiso y coraz\u00f3n"},"content":{"rendered":"\n<p>El candidato presidencial del Partido de la Liberaci\u00f3n Dominicana (PLD), Abel Mart\u00ednez, llam\u00f3 a la familia pelede\u00edsta a trabajar con compromiso y coraz\u00f3n para devolverle el Gobierno al pueblo.<\/p>\n\n\n\n<p>El l\u00edder del pueblo dominicano habl\u00f3 durante una asamblea de presidentes de comit\u00e9s Intermedio y de Base, en la que se contagi\u00f3 del entusiasmo de los l\u00edderes pelede\u00edstas en el municipio, de cara a las elecciones de mayo.<\/p>\n\n\n\n<p>&#8220;Compa\u00f1eros, cada d\u00eda cuenta, cada d\u00eda es importante. Si\u00e9ntense con su vecino, con su familia, con el ama de casa, esc\u00fachenlos, conecten con ellos, para que el 19 de mayo vayan y voten&#8221;, proclam\u00f3.<\/p>\n\n\n\n<p>Abel Mart\u00ednez anunci\u00f3 la realizaci\u00f3n de asambleas partidarias en las 32 provincias del pa\u00eds este fin de semana, en las que se integrar\u00e1 a la militancia a los trabajos electorales del PLD.<\/p>\n\n\n\n<p>&#8220;Vayamos a cada casa y toquemos el coraz\u00f3n de cada dominicano, y hagamos la transformaci\u00f3n que este pa\u00eds necesita&#8221;, manifest\u00f3.<\/p>\n\n\n\n<p>Acompa\u00f1aron a Abel Mart\u00ednez en el encuentro, los miembros del Comit\u00e9 Pol\u00edtico, Cristina Lizardo, candidata a senador por Santo Domingo, y Johnny Pujols, coordinador de Gabinete de la Campa\u00f1a.<\/p>\n\n\n\n<p>De igual modo, el l\u00edder provincial y coordinador de Campa\u00f1a en Santo Domingo, Luis Alberto Tejeda, y los candidatos a diputados Ram\u00f3n Cabrera, Traisy Quezada, Edita Sandoval y Joselito Echavarr\u00eda, Eduardo Hidalgo y Luis Henr\u00edquez, vocero del PLD en la C\u00e1mara de Diputados.<\/p>\n\n\n\n<p>Tambi\u00e9n Alfredo Mart\u00ednez, enlace de Campa\u00f1a en Santo Domingo Este; Roberto Rodr\u00edguez Marchena, coordinador general de Comunicaciones y Julio Pimentel, coordinador Operativo.<\/p>\n","protected":false},"excerpt":{"rendered":"<p>El candidato presidencial del Partido de la Liberaci\u00f3n Dominicana (PLD), Abel Mart\u00ednez, llam\u00f3 a la familia pelede\u00edsta a trabajar con compromiso y coraz\u00f3n para devolverle el Gobierno al pueblo. El&hellip;<\/p>\n","protected":false},"author":2,"featured_media":79117,"comment_status":"open","ping_status":"open","sticky":false,"template":"","format":"standard","meta":{"content-type":"","jetpack_post_was_ever_published":false,"_jetpack_newsletter_access":"","_jetpack_dont_email_post_to_subs":false,"_jetpack_newsletter_tier_id":0,"_jetpack_memberships_contains_paywalled_content":false,"_jetpack_memberships_contains_paid_content":false,"footnotes":""},"categories":[25],"tags":[822,562,1937,6007,269,6369],"class_list":["post-79116","post","type-post","status-publish","format-standard","has-post-thumbnail","hentry","category-portada","tag-abel-martinez","tag-compromiso","tag-corazon","tag-peledeistas","tag-pld","tag-trabajar"],"jetpack_featured_media_url":"https:\/\/lasprimeras.com.do\/wp-content\/uploads\/2024\/03\/Abel-Martinez-5.jpg","jetpack-related-posts":[{"id":105326,"url":"https:\/\/lasprimeras.com.do\/index.php\/2025\/08\/01\/dirigentes-pld-ny-sorprendidos-por-declaracion-abel-martinez\/","url_meta":{"origin":79116,"position":0},"title":"Dirigentes PLD-NY sorprendidos por declaraci\u00f3n Abel Mart\u00ednez","author":"Nelson Feliz","date":"1 de agosto de 2025","format":false,"excerpt":"https:\/\/www.youtube.com\/shorts\/4LgodnZNGB8 Por Ram\u00f3n Mercedes NUEVA YORK.- Varios altos dirigentes de la seccional del PLD en esta ciudad, solicitando no ser identificados, afirman estar sorprendidos por la proclama que ante algunos dirigentes del partido hiciera la semana pasada en Queens el aspirante presidencial de la entidad pol\u00edtica, Abel Mart\u00ednez. Mart\u00ednez proclam\u00f3\u2026","rel":"","context":"En \u00abPOLITICA\u00bb","block_context":{"text":"POLITICA","link":"https:\/\/lasprimeras.com.do\/index.php\/category\/politica\/"},"img":{"alt_text":"","src":"https:\/\/i0.wp.com\/lasprimeras.com.do\/wp-content\/uploads\/2025\/08\/WhatsApp-Image-2025-08-01-at-5.43.21-AM-1.jpeg?resize=350%2C200&ssl=1","width":350,"height":200,"srcset":"https:\/\/i0.wp.com\/lasprimeras.com.do\/wp-content\/uploads\/2025\/08\/WhatsApp-Image-2025-08-01-at-5.43.21-AM-1.jpeg?resize=350%2C200&ssl=1 1x, https:\/\/i0.wp.com\/lasprimeras.com.do\/wp-content\/uploads\/2025\/08\/WhatsApp-Image-2025-08-01-at-5.43.21-AM-1.jpeg?resize=525%2C300&ssl=1 1.5x, https:\/\/i0.wp.com\/lasprimeras.com.do\/wp-content\/uploads\/2025\/08\/WhatsApp-Image-2025-08-01-at-5.43.21-AM-1.jpeg?resize=700%2C400&ssl=1 2x"},"classes":[]},{"id":113297,"url":"https:\/\/lasprimeras.com.do\/index.php\/2025\/10\/31\/comision-del-pld-se-reune-con-abel-martinez\/","url_meta":{"origin":79116,"position":1},"title":"Comision del PLD se reune con Abel Martinez","author":"Nelson Feliz","date":"31 de octubre de 2025","format":false,"excerpt":"La Comisi\u00f3n del PLD conformada para trabajar el Protocolo de Aspirantes Presidenciales se re\u00fane con Abel Mart\u00ednez. La comisi\u00f3n encargada de trabajar el Protocolo de Aspirantes Presidenciales del Partido de la Liberaci\u00f3n Dominicana (PLD) sostuvo un encuentro con Abel Mart\u00ednez, pasado candidato presidencial pelede\u00edsta en el que se intercambiaron ideas\u2026","rel":"","context":"En \u00abPOLITICA\u00bb","block_context":{"text":"POLITICA","link":"https:\/\/lasprimeras.com.do\/index.php\/category\/politica\/"},"img":{"alt_text":"","src":"https:\/\/i0.wp.com\/lasprimeras.com.do\/wp-content\/uploads\/2025\/10\/COMISION-CON-ABEL-2.jpg?resize=350%2C200&ssl=1","width":350,"height":200,"srcset":"https:\/\/i0.wp.com\/lasprimeras.com.do\/wp-content\/uploads\/2025\/10\/COMISION-CON-ABEL-2.jpg?resize=350%2C200&ssl=1 1x, https:\/\/i0.wp.com\/lasprimeras.com.do\/wp-content\/uploads\/2025\/10\/COMISION-CON-ABEL-2.jpg?resize=525%2C300&ssl=1 1.5x, https:\/\/i0.wp.com\/lasprimeras.com.do\/wp-content\/uploads\/2025\/10\/COMISION-CON-ABEL-2.jpg?resize=700%2C400&ssl=1 2x"},"classes":[]},{"id":111705,"url":"https:\/\/lasprimeras.com.do\/index.php\/2025\/10\/12\/abel-martinez-este-gobierno-llego-como-el-cambio-y-va-a-salir-como-el-fallo\/","url_meta":{"origin":79116,"position":2},"title":"Abel Mart\u00ednez: \u201cEste gobierno lleg\u00f3 como \u201cel cambio\u201d y va a salir como \u201cel fallo\u201d","author":"Nelson Feliz","date":"12 de octubre de 2025","format":false,"excerpt":"El miembro del Comit\u00e9 Politico del Partido de la Liberaci\u00f3n Dominicana (PLD), Abel Martinez, lament\u00f3 la dif\u00edcil situaci\u00f3n que enfrenta el pueblo dominicano como consecuencia de las malas ejecutorias de un gobierno ineficaz e indolente que, se visti\u00f3 de cambio y ha resultado un gran fallo, llevando al pa\u00eds por\u2026","rel":"","context":"En \u00abPOLITICA\u00bb","block_context":{"text":"POLITICA","link":"https:\/\/lasprimeras.com.do\/index.php\/category\/politica\/"},"img":{"alt_text":"","src":"https:\/\/i0.wp.com\/lasprimeras.com.do\/wp-content\/uploads\/2025\/10\/Abel-Martinez-1-1.jpg?resize=350%2C200&ssl=1","width":350,"height":200,"srcset":"https:\/\/i0.wp.com\/lasprimeras.com.do\/wp-content\/uploads\/2025\/10\/Abel-Martinez-1-1.jpg?resize=350%2C200&ssl=1 1x, https:\/\/i0.wp.com\/lasprimeras.com.do\/wp-content\/uploads\/2025\/10\/Abel-Martinez-1-1.jpg?resize=525%2C300&ssl=1 1.5x, https:\/\/i0.wp.com\/lasprimeras.com.do\/wp-content\/uploads\/2025\/10\/Abel-Martinez-1-1.jpg?resize=700%2C400&ssl=1 2x"},"classes":[]},{"id":111300,"url":"https:\/\/lasprimeras.com.do\/index.php\/2025\/10\/07\/abel-martinez-un-gobierno-no-debe-medir-la-economia-por-porcentajes-sino-por-como-vive-su-gente\/","url_meta":{"origin":79116,"position":3},"title":"Abel Mart\u00ednez: \u201cUn gobierno no debe medir la econom\u00eda por porcentajes, sino por c\u00f3mo vive su gente\u201d","author":"Nelson Feliz","date":"7 de octubre de 2025","format":false,"excerpt":"El miembro del Comit\u00e9 Pol\u00edtico del Partido de la Liberaci\u00f3n Dominicana (PLD), Abel Mart\u00ednez, expres\u00f3 su preocupaci\u00f3n por la desconexi\u00f3n entre los indicadores macroecon\u00f3micos que exhibe el Gobierno y la realidad que vive la mayor\u00eda del pueblo dominicano. Mart\u00ednez afirm\u00f3 que, aunque se hable de estabilidad, crecimiento o reducci\u00f3n de\u2026","rel":"","context":"En \u00abPOLITICA\u00bb","block_context":{"text":"POLITICA","link":"https:\/\/lasprimeras.com.do\/index.php\/category\/politica\/"},"img":{"alt_text":"Abel Mart\u00ednez","src":"https:\/\/i0.wp.com\/lasprimeras.com.do\/wp-content\/uploads\/2025\/10\/Abel-Martinez-1.jpg?resize=350%2C200&ssl=1","width":350,"height":200,"srcset":"https:\/\/i0.wp.com\/lasprimeras.com.do\/wp-content\/uploads\/2025\/10\/Abel-Martinez-1.jpg?resize=350%2C200&ssl=1 1x, https:\/\/i0.wp.com\/lasprimeras.com.do\/wp-content\/uploads\/2025\/10\/Abel-Martinez-1.jpg?resize=525%2C300&ssl=1 1.5x, https:\/\/i0.wp.com\/lasprimeras.com.do\/wp-content\/uploads\/2025\/10\/Abel-Martinez-1.jpg?resize=700%2C400&ssl=1 2x"},"classes":[]},{"id":87038,"url":"https:\/\/lasprimeras.com.do\/index.php\/2024\/08\/06\/abel-martinez-llama-a-peledeistas-a-concentrarse-en-el-x-congreso-para-fortalecer-y-revisar-estrategias\/","url_meta":{"origin":79116,"position":4},"title":"Abel Mart\u00ednez llama a pelede\u00edstas a concentrarse en el X Congreso para fortalecer y revisar estrategias","author":"Nelson Feliz","date":"6 de agosto de 2024","format":false,"excerpt":"Asegura que es tiempo de colocar al PLD por encima de los intereses particulares para poder construir una organizaci\u00f3n renovada, fuerte, apegada a los valores de Bosch y verdaderamente cercana a la gente. El excandidaro presidencial del Partido de la Liberaci\u00f3n Dominicana, Abel Mart\u00ednez llama a la familia pelede\u00edsta a\u2026","rel":"","context":"En \u00abPORTADA\u00bb","block_context":{"text":"PORTADA","link":"https:\/\/lasprimeras.com.do\/index.php\/category\/portada\/"},"img":{"alt_text":"Abel Mart\u00ednez","src":"https:\/\/i0.wp.com\/lasprimeras.com.do\/wp-content\/uploads\/2024\/08\/Abel-Martinez.jpg?resize=350%2C200&ssl=1","width":350,"height":200,"srcset":"https:\/\/i0.wp.com\/lasprimeras.com.do\/wp-content\/uploads\/2024\/08\/Abel-Martinez.jpg?resize=350%2C200&ssl=1 1x, https:\/\/i0.wp.com\/lasprimeras.com.do\/wp-content\/uploads\/2024\/08\/Abel-Martinez.jpg?resize=525%2C300&ssl=1 1.5x, https:\/\/i0.wp.com\/lasprimeras.com.do\/wp-content\/uploads\/2024\/08\/Abel-Martinez.jpg?resize=700%2C400&ssl=1 2x"},"classes":[]},{"id":104644,"url":"https:\/\/lasprimeras.com.do\/index.php\/2025\/07\/25\/abel-martinez-asegura-que-la-mejor-coyuntura-para-el-regreso-del-pld-al-poder-es-ahora\/","url_meta":{"origin":79116,"position":5},"title":"Abel Mart\u00ednez asegura que la mejor coyuntura para el regreso del PLD al poder es ahora","author":"Nelson Feliz","date":"25 de julio de 2025","format":false,"excerpt":"El miembro del Comit\u00e9 Pol\u00edtico del PLD , Abel Mart\u00ednez, considera que, con el reencuentro en 2028 entre el PLD y el pueblo dominicano, se cerrar\u00e1 el paso de las actuales promesas incumplidas, regresando las soluciones reales a los problemas que enfrenta RD.,\u00abLa historia nos da una nueva oportunidad, y\u2026","rel":"","context":"En \u00abPOLITICA\u00bb","block_context":{"text":"POLITICA","link":"https:\/\/lasprimeras.com.do\/index.php\/category\/politica\/"},"img":{"alt_text":"","src":"https:\/\/i0.wp.com\/lasprimeras.com.do\/wp-content\/uploads\/2024\/09\/ABEL-MARTINEZ.jpg?resize=350%2C200&ssl=1","width":350,"height":200,"srcset":"https:\/\/i0.wp.com\/lasprimeras.com.do\/wp-content\/uploads\/2024\/09\/ABEL-MARTINEZ.jpg?resize=350%2C200&ssl=1 1x, https:\/\/i0.wp.com\/lasprimeras.com.do\/wp-content\/uploads\/2024\/09\/ABEL-MARTINEZ.jpg?resize=525%2C300&ssl=1 1.5x, https:\/\/i0.wp.com\/lasprimeras.com.do\/wp-content\/uploads\/2024\/09\/ABEL-MARTINEZ.jpg?resize=700%2C400&ssl=1 2x"},"classes":[]}],"jetpack_sharing_enabled":true,"_links":{"self":[{"href":"https:\/\/lasprimeras.com.do\/index.php\/wp-json\/wp\/v2\/posts\/79116","targetHints":{"allow":["GET"]}}],"collection":[{"href":"https:\/\/lasprimeras.com.do\/index.php\/wp-json\/wp\/v2\/posts"}],"about":[{"href":"https:\/\/lasprimeras.com.do\/index.php\/wp-json\/wp\/v2\/types\/post"}],"author":[{"embeddable":true,"href":"https:\/\/lasprimeras.com.do\/index.php\/wp-json\/wp\/v2\/users\/2"}],"replies":[{"embeddable":true,"href":"https:\/\/lasprimeras.com.do\/index.php\/wp-json\/wp\/v2\/comments?post=79116"}],"version-history":[{"count":1,"href":"https:\/\/lasprimeras.com.do\/index.php\/wp-json\/wp\/v2\/posts\/79116\/revisions"}],"predecessor-version":[{"id":79118,"href":"https:\/\/lasprimeras.com.do\/index.php\/wp-json\/wp\/v2\/posts\/79116\/revisions\/79118"}],"wp:featuredmedia":[{"embeddable":true,"href":"https:\/\/lasprimeras.com.do\/index.php\/wp-json\/wp\/v2\/media\/79117"}],"wp:attachment":[{"href":"https:\/\/lasprimeras.com.do\/index.php\/wp-json\/wp\/v2\/media?parent=79116"}],"wp:term":[{"taxonomy":"category","embeddable":true,"href":"https:\/\/lasprimeras.com.do\/index.php\/wp-json\/wp\/v2\/categories?post=79116"},{"taxonomy":"post_tag","embeddable":true,"href":"https:\/\/lasprimeras.com.do\/index.php\/wp-json\/wp\/v2\/tags?post=79116"}],"curies":[{"name":"wp","href":"https:\/\/api.w.org\/{rel}","templated":true}]}}