{"id":79162,"date":"2024-03-24T17:48:02","date_gmt":"2024-03-24T21:48:02","guid":{"rendered":"https:\/\/lasprimeras.com.do\/?p=79162"},"modified":"2024-03-24T17:48:04","modified_gmt":"2024-03-24T21:48:04","slug":"la-inconfundible-onda-musical-cumple-67-anos-en-el-aire","status":"publish","type":"post","link":"https:\/\/lasprimeras.com.do\/index.php\/2024\/03\/24\/la-inconfundible-onda-musical-cumple-67-anos-en-el-aire\/","title":{"rendered":"La Inconfundible Onda Musical cumple 67 a\u00f1os en el aire"},"content":{"rendered":"\n<p>Por Jeffry Jim\u00e9nez.<\/p>\n\n\n\n<p>La emblem\u00e1tica estaci\u00f3n radial Onda Musical cumple 67 a\u00f1os en el aire de manera ininterrumpida, transmitiendo desde el mismo escenario donde naci\u00f3 nuestra patria, Santo Domingo de Guzm\u00e1n, Rep\u00fablica Dominicana, kil\u00f3metro 0, en el mismo medio de las famosas Puertas (La Misericordia -El Conde).<\/p>\n\n\n\n<p>El 1 de marzo del 1954 -Seg\u00fan el libro Historia de la Locuci\u00f3n Dominicana del conocido locutor ,abogado e investigador Rub\u00e9n Dar\u00edo Aponte -dice \u2013 Que el Ingeniero T\u00e9cnico Ram\u00f3n Pacheco adquiri\u00f3 en arrendamiento la frecuencia de Onda Corta HIT , que Abrah\u00e1n Selman (Bartolo I ),dejo de operar ., Lo cual el ingeniero trabajo durante siete meses y a finales del 1954 le fue otorgada la Licencia, para dicha frecuencia 1150 KHZ A.M con las letras HIAS , la cual fue bautizada con el nombre Onda Musical.<\/p>\n\n\n\n<p>El ingeniero Pacheco se aficion\u00f3 tanto a la radiodifusi\u00f3n que a su propio taller de reparaciones y construyo sus propios equipos, hasta su propia planta el\u00e9ctrica, lo cual (Seg\u00fan el ingeniero Ram\u00f3n Pacheco hijo, actual propietario-administrador), que sali\u00f3 al aire el 5 de marzo del 1955.<\/p>\n\n\n\n<p>De inmediato, Ram\u00f3n Pacheco designa como director de la misma, encargado de Programaci\u00f3n al conocido locutor Mario B\u00e1ez Asunci\u00f3n (carnet de locutor 58), quien con los a\u00f1os se convirti\u00f3 en uno de los fundadores del Circulo de Locutores Dominicanos (17 de julio 1972).<\/p>\n\n\n\n<p>Don Mario Ernesto B\u00e1ez Asunci\u00f3n y el experto en radio-receptores Ram\u00f3n Pacheco, el mismo que fue egresado de la famosa escuela norteamericana Hemphil School, lo cual ambos forman un selecto equipo de profesionales del micr\u00f3fono que cada radioescucha comenz\u00f3 a identificarse con los mismos (Radhames Aracena, Lincoln Guerrero, Julio Fabi\u00e1n Damir\u00f3n-Don Poli -, Luis Ram\u00f3n Rodr\u00edguez, Rafael Arredondo.<\/p>\n\n\n\n<p>Continuando con la pleya de profesionales que a lo largo de su historia han desfilado, recordamos a Arnulfo -Mi\u00f1in-Soto, Jes\u00fas Torres Tejeda , Ren\u00e9 del Risco Berm\u00fadez , Pedro P\u00e9rez Vargas , Danilo Arzeno , H\u00e9ctor M\u00e9ndez -Cacao , Hugo Adames -El monse\u00f1or de la salsa , Carlos T. Mart\u00ednez -El deferente , Carlos Cepeda Suriel , Alberto Tam\u00e1rez , Vetilio Suncar Rojas , Lorenzo Hern\u00e1ndez -el capit\u00e1n piloto, Teo Veras , Max \u00c1lvarez , V\u00edctor Manuel Vargas y Aquino , Porfi N\u00fa\u00f1ez , Hern\u00e1n Santana ,Jos\u00e9 Luis de los Santos Marte -Jochy Santos , Br\u00edgido Jos\u00e9 Bejaran ,Max Reynoso , Alci de la Rosa , Alberto Sandoval , H\u00e9ctor Tineo , Jorge Sosa Santillana , Jos\u00e9 Antonio N\u00fa\u00f1ez Fern\u00e1ndez -La enciclopedia humana , Jessie Pepen -El orgullo de Bani-Peravia , Federico N\u00fa\u00f1ez Ma\u00f1an , F\u00e9lix Jarvis Santana , Rafael S\u00e1nchez -Jack veneno -el campe\u00f3n de la bolita del mundo, Cristino Ram\u00f3n Garc\u00eda , Jos\u00e9 B\u00e1ez , Jos\u00e9 Ricardo Acosta , Luis Cortorreal , Daniel Quezada ,Martin Dania , Juan Tomas Espinal, Juan Lugo Villar , Amado V\u00e1squez Ledesma , H\u00e9ctor Jos\u00e9 Francisco , Guillermo D\u00edaz , Hip\u00f3lito Carrasco , Evelina Ram\u00edrez , Jos\u00e9 Amado de la Cruz , William M\u00e9ndez , Jos\u00e9 Rafael Turbi Jim\u00e9nez , Deisy Molina , Jos\u00e9 A. Guerrero , Carlos Pat\u00edn , An\u00edbal D\u00edaz , Fior Gil , Miguel Pineda L\u00f3pez , Pit\u00e1goras Mart\u00ednez , Guacanagarix Burgos , Francisco Santana \u2013 Papi , Henry Barrous , Hatuey Arredondo , Sergio Abreu Cuello , Silvio Paulino , Milito Pion , Alberto Guilame , Osvaldo Lendemborg , Ray Ram\u00edrez , Jos\u00e9 Rafael Sosa , Ram\u00f3n Cristino Pimentel , Wilfredo Guti\u00e9rrez , Pedro Peix , Orlando Fabi\u00e1n , Danilo Hern\u00e1ndez , Nuris Rivas , Maximiliano Espaillat , N\u00e9stor Bautista , Zoila Paniagua , Jos\u00e9 Mar\u00eda Hern\u00e1ndez , Virgilio Bonilla Reyes , Jos\u00e9 Lincoln Paulino , Orlando Arias , Rafael B\u00e1ez , Carlos Manuel S\u00e1nchez ,Negro Castillo , Mija\u00edl Belilla , Cesar A. Bonilla , Miguel Balc\u00e1cer , Cristian Balc\u00e1cer ,Nicol\u00e1s Mojica , Manuel Romero , Salvador Polanco , Jos\u00e9 Ben\u00edtez , Jos\u00e9 Maleno , Rudy Alc\u00e1ntara , Erasmo Ventura , Ernesto Forcade , Milagro Pichardo , Carlos Quevedo , Miguel P\u00e9rez , Her\u00e1clito N\u00fa\u00f1ez , Candelario Rosario , Juan Guio , Jeffrey Jim\u00e9nez y muchos otros que en los 67 a\u00f1os en el aire han tenido espacios arrendados ,han sido parte de su personal interno de la misma y por ende es muy dif\u00edcil que por lo menos un ser humano en todo este tiempo no se pueda escapar ,porque ser\u00eda algo casi imposible ,lo cual en lo personal lo sumaria a este trabajo que ha salido de mi coraz\u00f3n ,sin ning\u00fan tipo de premios met\u00e1licos ( No lo acepto ),,,,Si acepto cualquier aporte sano que sirva a seguir creciendo las informaciones de dicho escrito.<\/p>\n\n\n\n<p>Tengo que dar a conocer que los nombres no est\u00e1n en orden cronol\u00f3gico de dicha estaci\u00f3n\u2026\u2026 Algunos momentos m\u00e1s que recordado por cientos de radioescuchas que en su gran mayor\u00eda siguen vigente como el primer momento con la Inconfundible\u2026\u2026 todos los domingos a las ocho de la ma\u00f1ana con el programa \u201cDanzones populares\u201d, que se transmit\u00eda por Onda Musical, en amplitud modulada por don Mario B\u00e1ez Asunci\u00f3n un toque de queda el hijo de Lidia.<\/p>\n\n\n\n<p>Radhames Aracena produjo uno de los espacios de mayor audiencia en un momento (de 7 a 8 con Mejoral). Lorenzo An\u00edbal Hern\u00e1ndez Mej\u00eda (Su espacio cumbre fue la producci\u00f3n y conducci\u00f3n del Programa Por La Ruta del recuerdo, espacio que desde el 18 de febrero del 1966 quedo en el gusto popular del pueblo dominicano, permaneciendo por 33 a\u00f1os, sus miles de seguidores lo identificaban como El Capit\u00e1n Piloto).<\/p>\n\n\n\n<p>El conocido Carlos T. Mart\u00ednez -El deferente, primer presidente electo de ACROARTE, ex boxeador, destacado de la cr\u00f3nica de arte y uno de los grandes dominicanos aun es muy recordado por los oyentes de aquel momento con Generalidades -cada domingo 11 am y todos los d\u00edas con Farandulero y Algo Mas).<\/p>\n\n\n\n<p>El maestro Carlos Cepeda Suriel con la cr\u00f3nica radial es a\u00fan muy recordado al igual que al ya ido, pero siempre recordado SUNCAR ROJAS, QUIEN POR MUCHOS A\u00d1OS PRODUJO EL PROGRAMA \u00abEL VETISUN DE LA MA\u00d1ANA\u00bb POR LA ESTACION \u00abONDA MUSICAL\u00bb 1150 AM.<\/p>\n\n\n\n<p>Alberto Tam\u00e1rez \u2013 \u201cAyer y Hoy en la M\u00fasica\u201d.<\/p>\n\n\n\n<p>H\u00e9ctor M\u00e9ndez -Cacao, Produjo Gigante del domingo, compartiendo cabina con Pedro P\u00e9rez Vargas, Jes\u00fas Torres Tejeda, Amado V\u00e1squez Ledesma y Lorenzo Hern\u00e1ndez a finales de los 50.\u2014Tambi\u00e9n en un momento produjo Ayer y Hoy en la M\u00fasica y Conjunto Populares, lo cual a\u00fan muchos oyentes tienen en su memoria lo ocurrido en cabina en vivo, en plena animaci\u00f3n, s\u00e1bado 7 de febrero del 1975 tuvo un derrame cerebral.<\/p>\n\n\n\n<p>El gran Monse\u00f1or de la salsa Hugo Adames hizo historia por alrededor de 14 a\u00f1os de lunes a lunes algo hist\u00f3rico, todos los d\u00edas produjo espacios de salsa y hasta un diccionario salsol\u00f3gico con Salsa bestial.<\/p>\n\n\n\n<p>Max \u00c1lvarez en un momento produjo desde los 1150 AM su espacio Peliques Deportivo.<\/p>\n\n\n\n<p>Max Reynoso en un momento produjo el recordado espacio deportivo Amalgama de colores.<\/p>\n\n\n\n<p>Jochy Santos por alrededor de siete a\u00f1os fue parte del Programa Panorama Farandulero y Algo M\u00e1s en Onda Musical.<\/p>\n\n\n\n<p>Alci de la Rosa y su compadre Alberto Sandoval -La Revista del Momento, Ayer y Hoy en La M\u00fasica con la participaci\u00f3n de conjunto populares).<\/p>\n\n\n\n<p>Don Danilo Arzeno destacado locutor, ex combatiente constitucionalista, periodista, poeta, compositor, y escritor puertoplate\u00f1o por muchos a\u00f1os tuvo que ver con la Inconfundible Onda Musical.<\/p>\n\n\n\n<p>Jos\u00e9 Antonio N\u00fa\u00f1ez Fern\u00e1ndez en un momento produjo un noticiero de primer nivel con selecto equipo de locutores bajo su direcci\u00f3n.<\/p>\n\n\n\n<p>Arnulfo -Ma\u00f1in \u2013 Soto fue que consigui\u00f3 que un joven llamado Ren\u00e9 del Risco Berm\u00fadez regresara a la capital y de inmediato lo introduce a Onda Musical en compa\u00f1\u00eda del declamador y patriota Jes\u00fas Torres Tejeda.<\/p>\n\n\n\n<p>Rafael S\u00e1nchez -Jack Veneno -Lucha libre Internacional radio.<\/p>\n\n\n\n<p>Luis Ram\u00f3n Rodr\u00edguez de las grandes voces que en un momento fue parte de la inconfundible y de hecho escribi\u00f3 un libro seg\u00fan Hugo Adames titulado Recuento Hist\u00f3rico de la Radio Dominicana, lo cual narra el origen de Onda Musical.<\/p>\n\n\n\n<p>Otros locutores que en un momento pasaron por la Inconfundible y con los a\u00f1os han sido voces conocidas (mi buen amigo Jessie Pepen que desde el inicio de la hermana emisora Sonido Suave y hasta el ultimo d\u00eda de la misma fue la voz principal, el orgullo de Bani, Peravia.<\/p>\n\n\n\n<p>Br\u00edgido Jos\u00e9 Bejaran conocido profesional que en un momento se le recuerda en la hermana estaci\u00f3n Radio Mil.<\/p>\n\n\n\n<p>Joseph B\u00e1ez actual presidente de la Comisi\u00f3n Nacional de Espect\u00e1culos P\u00fablicos y Radiofon\u00eda. Y muchos otros mas que ya han sido resaltados en dicha publicaci\u00f3n.<\/p>\n\n\n\n<p>En la actualidad la Inconfundible Onda Musical continua el legado con el mando del ingeniero Ram\u00f3n Pacheco hijo, gran conocedor de cada equipo al dedillo que tenga que ver con radiodifusi\u00f3n y por ende en sus manos la ha mantenido por alrededor de tres d\u00e9cadas con el mismo amor de su padre que desde el cielo lo gu\u00eda cada d\u00eda a ser parte de los nuevos tiempos y tecnolog\u00eda en favor de sus oyentes.<\/p>\n\n\n\n<p>Es por eso que en la actualidad se puede escuchar y observar en vivo sus espacios con la magia de la tecnolog\u00eda como (El programa due\u00f1o de las noches bajo la producci\u00f3n del veterano Carlos Pat\u00edn Lo Mejor del Ayer , Nosotras contigo con la producci\u00f3n de Rudy Alc\u00e1ntara, Alternativas con el destacado periodista Miguel Pineda L\u00f3pez ,el reconocido programa aun vigente Fiesta Quisqueyana con el conocido Cristino Ram\u00f3n Garc\u00eda Ramos , la veterana periodista Fior Gil que por espacio de 30 a\u00f1os aun produce Entre T\u00fa y Yo , Cerrando la Pagina con el periodista Candelario Rosario , Salud -Bienestar con el conocedor de la medicina el cubano Dr. Forcade , Luz Mas Luz que por muchos a\u00f1os la periodista Deisy Molina nos lleva un programa cultural, Dialogo Social con los dirigentes comunitarios -pol\u00edticos que interact\u00faan cada fin semana con los diferentes barrios del pa\u00eds ,as\u00ed como cada domingo se transmite La Santa Misa de la parroquia San Antonio de Padua de Gazcue , que en conjunto con los j\u00f3venes Juan Guio y Jeffry Jim\u00e9nez en los controles con una programaci\u00f3n variada de buena m\u00fasica ,siempre teniendo en cuenta la m\u00fasica de nuestros artistas quisqueyanos \u2026. La Potencia en que operamos es 5,000 Watt que es el equivalente a 5 K.W-, La Frecuencia en que operamos en 1150 KHZ de Amplitud Modulada (A.M) y en Onda Corta 4780 MHZ Banda Internacional de 60 Metros.<\/p>\n\n\n\n<p>En Tiempo Real<\/p>\n\n\n\n<p>Cubrimos en su totalidad efectivamente toda el \u00e1rea metropolitana de la ciudad de Santo Domingo y pueblos aleda\u00f1os, nuestras instalaciones t\u00e9cnicas instaladas estrat\u00e9gicamente en la Zona Oriental de la parte Este de la capital, por lo que es m\u00e1s amplia nuestra se\u00f1al.<\/p>\n\n\n\n<p>El p\u00fablico es en su mayor\u00eda adulto que busca de la buena informaci\u00f3n y orientaci\u00f3n. Los Programas que difundimos son: culturales, educativos, pol\u00edticos, deportivos, interactivos y religiosos. Llegamos a un p\u00fablico aproximadamente de 400,000 a 500,000 oyentes.<\/p>\n\n\n\n<p>Quiero agradecer al propietario -administrador Ing. Ram\u00f3n Pacheco hijo y al ingeniero t\u00e9cnico Johnny Pacheco por la amabilidad a un servidor en la misma.<\/p>\n\n\n\n<p>Fuentes consultadas.<\/p>\n\n\n\n<p>Historia de la Locuci\u00f3n Dominicana de Rub\u00e9n Dar\u00edo Aponte.<\/p>\n\n\n\n<p>Educaci\u00f3n de la Voz -Escuela Nacional de Locuci\u00f3n Prof. Otto Rivera.<\/p>\n\n\n\n<p>Hemeroteca de la Biblioteca Nacional.<\/p>\n\n\n\n<p>Archivo del buen amigo el jurista Rub\u00e9n Caba.<\/p>\n\n\n\n<p>Hemeroteca personal del Prof. Jeffry Jim\u00e9nez.<\/p>\n\n\n\n<p>Biblioteca personal del Lic. Jeffry Jim\u00e9nez.<\/p>\n\n\n\n<p>Peri\u00f3dico List\u00edn Diario -Cesar A. Bobadilla 20 de julio del 2010.<\/p>\n\n\n\n<p>Peri\u00f3dico List\u00edn Diario \u2013 Xiomarita P\u00e9rez 5 noviembre del 2013.<\/p>\n\n\n\n<p>Los Archivos de Don Am\u00e9rico Mej\u00eda.<\/p>\n\n\n\n<p>P\u00e1ginas de Google You Tube, Wikipedia, etc.<\/p>\n\n\n\n<p>Fuentes Orales.<\/p>\n\n\n\n<p>Ing. Ram\u00f3n Pacheco hijo.<\/p>\n\n\n\n<p>Locutores (Jessie Pepen, Alberto Sandoval, Carlos T. Mart\u00ednez, Hugo Adames, Guacanagarix Burgos, Arturo Suero M\u00e1rquez).<\/p>\n\n\n\n<p>Agradecimientos (Ing. Ram\u00f3n Pacheco hijo, Ing. Johnny Pacheco, Hugo Adames, Jessie Pepen, Alberto Sandoval, Carlos T. Martinez, Radhames de Le\u00f3n, la financista Vicmary Pimentel, Jos\u00e9 Martin \u2013 Gunga). Mil Gracias a todos y muchas felicidades a la Inconfundible, Onda Musical que desde 1955 continua Haciendo tradici\u00f3n en la radio\u2026Felicidades\u2026.<\/p>\n","protected":false},"excerpt":{"rendered":"<p>Por Jeffry Jim\u00e9nez. La emblem\u00e1tica estaci\u00f3n radial Onda Musical cumple 67 a\u00f1os en el aire de manera ininterrumpida, transmitiendo desde el mismo escenario donde naci\u00f3 nuestra patria, Santo Domingo de&hellip;<\/p>\n","protected":false},"author":2,"featured_media":79163,"comment_status":"open","ping_status":"open","sticky":false,"template":"","format":"standard","meta":{"content-type":"","jetpack_post_was_ever_published":false,"_jetpack_newsletter_access":"","_jetpack_dont_email_post_to_subs":false,"_jetpack_newsletter_tier_id":0,"_jetpack_memberships_contains_paywalled_content":false,"_jetpack_memberships_contains_paid_content":false,"footnotes":""},"categories":[482],"tags":[12246,12249,10457,12247,12248],"class_list":["post-79162","post","type-post","status-publish","format-standard","has-post-thumbnail","hentry","category-historia","tag-67-anos","tag-aire","tag-cumple","tag-la-inconfundible","tag-onda-musical"],"jetpack_featured_media_url":"https:\/\/lasprimeras.com.do\/wp-content\/uploads\/2024\/03\/onda.webp","jetpack-related-posts":[{"id":94746,"url":"https:\/\/lasprimeras.com.do\/index.php\/2025\/03\/05\/comunicado-de-onda-musical-por-motivo-de-sus-70-aniversario-en-el-aire\/","url_meta":{"origin":79162,"position":0},"title":"Comunicado de Onda Musical, por motivo de sus 70 Aniversario en el aire","author":"Nelson Feliz","date":"5 de marzo de 2025","format":false,"excerpt":"Onda Musical, La Inconfundible, 1150 A.M. Fundada el 5 de marzo del 1955, Santo Domingo de Guzm\u00e1n, zona Colonial, Republica Dominicana. No dejemos que los buenos recuerdos se pierdan en el tiempo, (70 a\u00f1os Siendo La Inconfundible). Hoy, 5 de marzo, arribamos a 70 a\u00f1os, manteni\u00e9ndonos en el Dial 1150\u2026","rel":"","context":"En \u00abHISTORIA\u00bb","block_context":{"text":"HISTORIA","link":"https:\/\/lasprimeras.com.do\/index.php\/category\/historia\/"},"img":{"alt_text":"","src":"https:\/\/i0.wp.com\/lasprimeras.com.do\/wp-content\/uploads\/2025\/03\/WhatsApp-Image-2025-03-04-at-8.30.20-PM.jpeg?resize=350%2C200&ssl=1","width":350,"height":200,"srcset":"https:\/\/i0.wp.com\/lasprimeras.com.do\/wp-content\/uploads\/2025\/03\/WhatsApp-Image-2025-03-04-at-8.30.20-PM.jpeg?resize=350%2C200&ssl=1 1x, https:\/\/i0.wp.com\/lasprimeras.com.do\/wp-content\/uploads\/2025\/03\/WhatsApp-Image-2025-03-04-at-8.30.20-PM.jpeg?resize=525%2C300&ssl=1 1.5x, https:\/\/i0.wp.com\/lasprimeras.com.do\/wp-content\/uploads\/2025\/03\/WhatsApp-Image-2025-03-04-at-8.30.20-PM.jpeg?resize=700%2C400&ssl=1 2x"},"classes":[]},{"id":86386,"url":"https:\/\/lasprimeras.com.do\/index.php\/2024\/07\/23\/la-agarradera-merengue-interpretado-por-johnny-ventura\/","url_meta":{"origin":79162,"position":1},"title":"La Agarradera merengue interpretado por Johnny Ventura","author":"Nelson Feliz","date":"23 de julio de 2024","format":false,"excerpt":"Por Jeffrey Jim\u00e9nez Hace alg\u00fan tiempo buscando en los archivos de la emblem\u00e1tica emisora dominicana, Onda Musical, La inconfundible, encontr\u00e9 algo con relaci\u00f3n a diversos temas discogr\u00e1ficos que al parecer se dieron a conocer por primera vez en dicha estaci\u00f3n capitalina. Uno de esos temas es el conocido merengue (La\u2026","rel":"","context":"En \u00abHISTORIA\u00bb","block_context":{"text":"HISTORIA","link":"https:\/\/lasprimeras.com.do\/index.php\/category\/historia\/"},"img":{"alt_text":"La Agarradera merengue interpretado por Johnny Ventura","src":"https:\/\/i0.wp.com\/lasprimeras.com.do\/wp-content\/uploads\/2024\/07\/WhatsApp-Image-2024-07-20-at-12.12.33-PM.jpeg?resize=350%2C200&ssl=1","width":350,"height":200,"srcset":"https:\/\/i0.wp.com\/lasprimeras.com.do\/wp-content\/uploads\/2024\/07\/WhatsApp-Image-2024-07-20-at-12.12.33-PM.jpeg?resize=350%2C200&ssl=1 1x, https:\/\/i0.wp.com\/lasprimeras.com.do\/wp-content\/uploads\/2024\/07\/WhatsApp-Image-2024-07-20-at-12.12.33-PM.jpeg?resize=525%2C300&ssl=1 1.5x, https:\/\/i0.wp.com\/lasprimeras.com.do\/wp-content\/uploads\/2024\/07\/WhatsApp-Image-2024-07-20-at-12.12.33-PM.jpeg?resize=700%2C400&ssl=1 2x"},"classes":[]},{"id":79165,"url":"https:\/\/lasprimeras.com.do\/index.php\/2020\/06\/06\/ramon-pacheco-pionero-de-la-radiodifusion-rd\/","url_meta":{"origin":79162,"position":2},"title":"Ram\u00f3n Pacheco, pionero de la radiodifusi\u00f3n RD","author":"Nelson Feliz","date":"6 de junio de 2020","format":false,"excerpt":"MIGUEL PINEDA L\u00d3PEZ Don Ram\u00f3n Pacheco, fundador \u2013 propietario de la emblem\u00e1tica y tradicional emisora de AM Onda Musical e ingenioso t\u00e9cnico de estaciones radiales, falleci\u00f3 el pasado 8 de mayo a los 97 a\u00f1os en medio de la pandemia del coronavirus. Seg\u00fan una impresionante biograf\u00eda sobre Ram\u00f3n Pacheco, divulgada\u2026","rel":"","context":"En \u00abHISTORIA\u00bb","block_context":{"text":"HISTORIA","link":"https:\/\/lasprimeras.com.do\/index.php\/category\/historia\/"},"img":{"alt_text":"Ram\u00f3n Pacheco","src":"https:\/\/i0.wp.com\/lasprimeras.com.do\/wp-content\/uploads\/2024\/03\/Ramon-Pacheco.jpg?resize=350%2C200&ssl=1","width":350,"height":200,"srcset":"https:\/\/i0.wp.com\/lasprimeras.com.do\/wp-content\/uploads\/2024\/03\/Ramon-Pacheco.jpg?resize=350%2C200&ssl=1 1x, https:\/\/i0.wp.com\/lasprimeras.com.do\/wp-content\/uploads\/2024\/03\/Ramon-Pacheco.jpg?resize=525%2C300&ssl=1 1.5x"},"classes":[]},{"id":55103,"url":"https:\/\/lasprimeras.com.do\/index.php\/2023\/07\/18\/onda-tropical-continua-generando-aguaceros-y-tronadas-sobre-el-pais\/","url_meta":{"origin":79162,"position":3},"title":"Onda Tropical contin\u00faa generando aguaceros y tronadas sobre el pa\u00eds","author":"Nelson Feliz","date":"18 de julio de 2023","format":false,"excerpt":"La Oficina Nacional de Meteorolog\u00eda inform\u00f3 que el d\u00eda de hoy amanece nublado en las provincias La Altagracia, El Seibo, Hato Mayor, Saman\u00e1, Mar\u00eda Trinidad S\u00e1nchez, Peravia, San Crist\u00f3bal, San Jos\u00e9 de Ocoa, Azua y Barahona. All\u00ed se observan aguaceros y tronadas que continuar\u00e1n en las horas diurnas, asociados a\u2026","rel":"","context":"En \u00abNACIONALES\u00bb","block_context":{"text":"NACIONALES","link":"https:\/\/lasprimeras.com.do\/index.php\/category\/nacionales\/"},"img":{"alt_text":"","src":"https:\/\/i0.wp.com\/lasprimeras.com.do\/wp-content\/uploads\/2023\/07\/lluvias-1.jpg?resize=350%2C200&ssl=1","width":350,"height":200,"srcset":"https:\/\/i0.wp.com\/lasprimeras.com.do\/wp-content\/uploads\/2023\/07\/lluvias-1.jpg?resize=350%2C200&ssl=1 1x, https:\/\/i0.wp.com\/lasprimeras.com.do\/wp-content\/uploads\/2023\/07\/lluvias-1.jpg?resize=525%2C300&ssl=1 1.5x"},"classes":[]},{"id":122256,"url":"https:\/\/lasprimeras.com.do\/index.php\/2026\/02\/15\/como-extranamos-los-noticiarios\/","url_meta":{"origin":79162,"position":4},"title":"C\u00f3mo extra\u00f1amos los noticiarios","author":"Nelson Feliz","date":"15 de febrero de 2026","format":false,"excerpt":"Orlando Arias Reynoso","rel":"","context":"En \u00abOPINI\u00d3N\u00bb","block_context":{"text":"OPINI\u00d3N","link":"https:\/\/lasprimeras.com.do\/index.php\/category\/opinion\/"},"img":{"alt_text":"Orlando Arias Reynoso","src":"https:\/\/i0.wp.com\/lasprimeras.com.do\/wp-content\/uploads\/2026\/02\/Orlando-Arias-Reynoso.jpg?resize=350%2C200&ssl=1","width":350,"height":200,"srcset":"https:\/\/i0.wp.com\/lasprimeras.com.do\/wp-content\/uploads\/2026\/02\/Orlando-Arias-Reynoso.jpg?resize=350%2C200&ssl=1 1x, https:\/\/i0.wp.com\/lasprimeras.com.do\/wp-content\/uploads\/2026\/02\/Orlando-Arias-Reynoso.jpg?resize=525%2C300&ssl=1 1.5x"},"classes":[]},{"id":94460,"url":"https:\/\/lasprimeras.com.do\/index.php\/2025\/03\/01\/entran-en-funcionamiento-los-radares-digitales-emitiran-multa-sin-que-se-detenga-el-vehiculo\/","url_meta":{"origin":79162,"position":5},"title":"Entran en funcionamiento los radares digitales; emitir\u00e1n multa sin que se detenga el veh\u00edculo","author":"Nelson Feliz","date":"1 de marzo de 2025","format":false,"excerpt":"\"Estar\u00e1n instalados en las principales v\u00edas de comunicaci\u00f3n del pa\u00eds para fiscalizar el exceso de velocidad\", explic\u00f3 Francisco Osoria, director de la Digesett. La Direcci\u00f3n General de Seguridad de Tr\u00e1nsito y Transporte Terrestre (Digesett) dej\u00f3 en funcionamiento este s\u00e1bado un nuevo sistema de control de velocidad. Se trata de los\u2026","rel":"","context":"En \u00abNACIONALES\u00bb","block_context":{"text":"NACIONALES","link":"https:\/\/lasprimeras.com.do\/index.php\/category\/nacionales\/"},"img":{"alt_text":"","src":"https:\/\/i0.wp.com\/lasprimeras.com.do\/wp-content\/uploads\/2025\/03\/RADARES-DIGITALES.jpg?resize=350%2C200&ssl=1","width":350,"height":200,"srcset":"https:\/\/i0.wp.com\/lasprimeras.com.do\/wp-content\/uploads\/2025\/03\/RADARES-DIGITALES.jpg?resize=350%2C200&ssl=1 1x, https:\/\/i0.wp.com\/lasprimeras.com.do\/wp-content\/uploads\/2025\/03\/RADARES-DIGITALES.jpg?resize=525%2C300&ssl=1 1.5x, https:\/\/i0.wp.com\/lasprimeras.com.do\/wp-content\/uploads\/2025\/03\/RADARES-DIGITALES.jpg?resize=700%2C400&ssl=1 2x"},"classes":[]}],"jetpack_sharing_enabled":true,"_links":{"self":[{"href":"https:\/\/lasprimeras.com.do\/index.php\/wp-json\/wp\/v2\/posts\/79162","targetHints":{"allow":["GET"]}}],"collection":[{"href":"https:\/\/lasprimeras.com.do\/index.php\/wp-json\/wp\/v2\/posts"}],"about":[{"href":"https:\/\/lasprimeras.com.do\/index.php\/wp-json\/wp\/v2\/types\/post"}],"author":[{"embeddable":true,"href":"https:\/\/lasprimeras.com.do\/index.php\/wp-json\/wp\/v2\/users\/2"}],"replies":[{"embeddable":true,"href":"https:\/\/lasprimeras.com.do\/index.php\/wp-json\/wp\/v2\/comments?post=79162"}],"version-history":[{"count":1,"href":"https:\/\/lasprimeras.com.do\/index.php\/wp-json\/wp\/v2\/posts\/79162\/revisions"}],"predecessor-version":[{"id":79164,"href":"https:\/\/lasprimeras.com.do\/index.php\/wp-json\/wp\/v2\/posts\/79162\/revisions\/79164"}],"wp:featuredmedia":[{"embeddable":true,"href":"https:\/\/lasprimeras.com.do\/index.php\/wp-json\/wp\/v2\/media\/79163"}],"wp:attachment":[{"href":"https:\/\/lasprimeras.com.do\/index.php\/wp-json\/wp\/v2\/media?parent=79162"}],"wp:term":[{"taxonomy":"category","embeddable":true,"href":"https:\/\/lasprimeras.com.do\/index.php\/wp-json\/wp\/v2\/categories?post=79162"},{"taxonomy":"post_tag","embeddable":true,"href":"https:\/\/lasprimeras.com.do\/index.php\/wp-json\/wp\/v2\/tags?post=79162"}],"curies":[{"name":"wp","href":"https:\/\/api.w.org\/{rel}","templated":true}]}}