{"id":79221,"date":"2024-03-25T07:36:13","date_gmt":"2024-03-25T11:36:13","guid":{"rendered":"https:\/\/lasprimeras.com.do\/?p=79221"},"modified":"2024-03-25T07:36:14","modified_gmt":"2024-03-25T11:36:14","slug":"ministerio-publico-presenta-testigos-para-el-caso-pulpo","status":"publish","type":"post","link":"https:\/\/lasprimeras.com.do\/index.php\/2024\/03\/25\/ministerio-publico-presenta-testigos-para-el-caso-pulpo\/","title":{"rendered":"Ministerio P\u00fablico presenta testigos para el caso Pulpo"},"content":{"rendered":"\n<p>Santo Domingo.-Las juezas del Segundo Tribunal Colegiado del Distrito Nacional escuchar\u00e1n hoy a los testigos adoptados por el Ministerio P\u00fablico contra los imputados en el caso de corrupci\u00f3n denominado Pulpo.<\/p>\n\n\n\n<p>El proceso se reanuda luego de que el imputado Carlos Alarc\u00f3n Veras cumpliera una licencia de 14 d\u00edas por padecer varicela, seg\u00fan un certificado m\u00e9dico.<\/p>\n\n\n\n<p>El \u00f3rgano acusador iniciar\u00e1 con la presentaci\u00f3n de los testigos, que incluye al director general de Contrataciones P\u00fablicas, Carlos Pimentel; el presidente del Fondo Patrimonial de las Empresas Reformadas (Fonper), Jos\u00e9 Florentino; y el director general de Presupuesto, Jos\u00e9 Rijo Presbot.<\/p>\n\n\n\n<p>Tambi\u00e9n fueron aportados como testigos Rafael Paz y C\u00e9sar Dargam Espaillat, entre otros.<\/p>\n\n\n\n<p>Con las pruebas testimoniales pretenden demostrar las irregularidades que se le atribuyen a los imputados acusados de estafar al Estado, desfalco, lavado de activos, enriquecimiento il\u00edcito, prevaricaci\u00f3n, uso de prestanombres y testaferrato, entre otros delitos.<\/p>\n","protected":false},"excerpt":{"rendered":"<p>Santo Domingo.-Las juezas del Segundo Tribunal Colegiado del Distrito Nacional escuchar\u00e1n hoy a los testigos adoptados por el Ministerio P\u00fablico contra los imputados en el caso de corrupci\u00f3n denominado Pulpo.&hellip;<\/p>\n","protected":false},"author":3,"featured_media":79222,"comment_status":"open","ping_status":"open","sticky":false,"template":"","format":"standard","meta":{"content-type":"","jetpack_post_was_ever_published":false,"_jetpack_newsletter_access":"","_jetpack_dont_email_post_to_subs":false,"_jetpack_newsletter_tier_id":0,"_jetpack_memberships_contains_paywalled_content":false,"_jetpack_memberships_contains_paid_content":false,"footnotes":""},"categories":[35],"tags":[8566],"class_list":["post-79221","post","type-post","status-publish","format-standard","has-post-thumbnail","hentry","category-nacionales","tag-caso-antipulpo"],"jetpack_featured_media_url":"https:\/\/lasprimeras.com.do\/wp-content\/uploads\/2024\/03\/1-millon-de-jovenes-votaran-en-las-elecciones-municipales-3-1.jpg","jetpack-related-posts":[{"id":77805,"url":"https:\/\/lasprimeras.com.do\/index.php\/2024\/02\/26\/ministerio-publico-sigue-hoy-con-acusacion-caso-pulpo\/","url_meta":{"origin":79221,"position":0},"title":"Ministerio P\u00fablico sigue hoy con acusaci\u00f3n caso Pulpo","author":"BIMARY DE JES\u00daS Matos","date":"26 de febrero de 2024","format":false,"excerpt":"SANTO DOMINGO.\u2013 Las juezas del Segundo Tribunal Colegiado del Distrito Nacional tratar\u00e1n de continuar con el conocimiento del juicio a Juan Alexis Medina S\u00e1nchez, y otras 40 personas imputadas en el entramado de corrupci\u00f3n del caso Pulpo, donde el Ministerio P\u00fablico dar\u00e1 lectura de la acusaci\u00f3n. El tribunal presidido por\u2026","rel":"","context":"En \u00abPORTADA\u00bb","block_context":{"text":"PORTADA","link":"https:\/\/lasprimeras.com.do\/index.php\/category\/portada\/"},"img":{"alt_text":"","src":"https:\/\/i0.wp.com\/lasprimeras.com.do\/wp-content\/uploads\/2024\/02\/13_Nacionales_26_03p01.jpg.webp?resize=350%2C200&ssl=1","width":350,"height":200},"classes":[]},{"id":90797,"url":"https:\/\/lasprimeras.com.do\/index.php\/2024\/10\/29\/ministerio-publico-presenta-diez-testigos-en-los-casos-coral-y-coral-5g\/","url_meta":{"origin":79221,"position":1},"title":"Ministerio Publico presenta diez testigos en los casos Coral y Coral 5G","author":"Nelson Feliz","date":"29 de octubre de 2024","format":false,"excerpt":"El Ministerio P\u00fablico present\u00f3 este martes otros diez testigos en el juicio de fondo contra los acusados en el alegado entramado de corrupci\u00f3n que involucra a polic\u00edas y militares, desmantelado mediante la Operaci\u00f3n Coral. Con este n\u00famero, suman quince los declarantes. La coordinadora de Litigaci\u00f3n de la Procuradur\u00eda Especializada de\u2026","rel":"","context":"En \u00abJUSTICIA\u00bb","block_context":{"text":"JUSTICIA","link":"https:\/\/lasprimeras.com.do\/index.php\/category\/justicia\/"},"img":{"alt_text":"Juicio de fondo","src":"https:\/\/i0.wp.com\/lasprimeras.com.do\/wp-content\/uploads\/2024\/10\/Juicio-de-fondo.jpg?resize=350%2C200&ssl=1","width":350,"height":200,"srcset":"https:\/\/i0.wp.com\/lasprimeras.com.do\/wp-content\/uploads\/2024\/10\/Juicio-de-fondo.jpg?resize=350%2C200&ssl=1 1x, https:\/\/i0.wp.com\/lasprimeras.com.do\/wp-content\/uploads\/2024\/10\/Juicio-de-fondo.jpg?resize=525%2C300&ssl=1 1.5x, https:\/\/i0.wp.com\/lasprimeras.com.do\/wp-content\/uploads\/2024\/10\/Juicio-de-fondo.jpg?resize=700%2C400&ssl=1 2x"},"classes":[]},{"id":63074,"url":"https:\/\/lasprimeras.com.do\/index.php\/2023\/10\/10\/el-ministerio-publico-recusa-a-juezas-conocen-el-caso-pulpo\/","url_meta":{"origin":79221,"position":2},"title":"El Ministerio P\u00fablico recusa a juezas conocen el caso \u2018Pulpo\u2019","author":"BIMARY DE JES\u00daS Matos","date":"10 de octubre de 2023","format":false,"excerpt":"SANTO DOMINGO.\u2013 El Ministerio P\u00fablico recus\u00f3 a las juezas del Segundo Tribunal Colegiado del Distrito Nacional durante el juicio seguido a los imputados en la red del caso Pulpo, que dirig\u00eda Juan Alexis Medina S\u00e1nchez, por alegada parcialidad en el proceso al acondicionar la lectura de la acusaci\u00f3n. La fiscal\u2026","rel":"","context":"En \u00abPORTADA\u00bb","block_context":{"text":"PORTADA","link":"https:\/\/lasprimeras.com.do\/index.php\/category\/portada\/"},"img":{"alt_text":"","src":"https:\/\/i0.wp.com\/lasprimeras.com.do\/wp-content\/uploads\/2023\/10\/WhatsApp-Image-2023-10-09-at-6.14.13-PM-2.webp?resize=350%2C200&ssl=1","width":350,"height":200},"classes":[]},{"id":67495,"url":"https:\/\/lasprimeras.com.do\/index.php\/2023\/11\/16\/ministerio-publico-da-lectura-pruebas-contra-acusado-pulpo\/","url_meta":{"origin":79221,"position":3},"title":"Ministerio P\u00fablico da lectura pruebas contra acusado Pulpo","author":"BIMARY DE JES\u00daS Matos","date":"16 de noviembre de 2023","format":false,"excerpt":"SANTO DOMINGO.\u2013 El Ministerio P\u00fablico dio lectura a varias pruebas contenidas en la acusaci\u00f3n que presentan ante las juezas del Segundo Tribunal Colegiado del Distrito Nacional contra Juan Alexis Medina S\u00e1nchez y compartes, del caso Pulpo, que se habr\u00edan asociado para sustraer los recursos del Estado mediante contratos fraudulentos. Entre\u2026","rel":"","context":"En \u00abNACIONALES\u00bb","block_context":{"text":"NACIONALES","link":"https:\/\/lasprimeras.com.do\/index.php\/category\/nacionales\/"},"img":{"alt_text":"","src":"https:\/\/i0.wp.com\/lasprimeras.com.do\/wp-content\/uploads\/2023\/11\/Portada-Pagina-WEB-2-8-750x375-1.webp?resize=350%2C200&ssl=1","width":350,"height":200,"srcset":"https:\/\/i0.wp.com\/lasprimeras.com.do\/wp-content\/uploads\/2023\/11\/Portada-Pagina-WEB-2-8-750x375-1.webp?resize=350%2C200&ssl=1 1x, https:\/\/i0.wp.com\/lasprimeras.com.do\/wp-content\/uploads\/2023\/11\/Portada-Pagina-WEB-2-8-750x375-1.webp?resize=525%2C300&ssl=1 1.5x"},"classes":[]},{"id":74412,"url":"https:\/\/lasprimeras.com.do\/index.php\/2024\/01\/23\/juezas-se-reservan-fallo-en-el-caso-pulpo\/","url_meta":{"origin":79221,"position":4},"title":"Juezas se reservan fallo en el caso Pulpo","author":"BIMARY DE JES\u00daS Matos","date":"23 de enero de 2024","format":false,"excerpt":"SANTO DOMINGO.- Las juezas del Segundo Tribunal Colegiado del Distrito Nacional, se reservaron para el mi\u00e9rcoles acoger o no varios incidentes interpuestos por la defensa de Juan Alexis Medina, imputado que encabeza el caso Pulpo, incluye ordenar el retiro del proceso a los abogados del Estado, alegando que no tienen\u2026","rel":"","context":"En \u00abNACIONALES\u00bb","block_context":{"text":"NACIONALES","link":"https:\/\/lasprimeras.com.do\/index.php\/category\/nacionales\/"},"img":{"alt_text":"","src":"https:\/\/i0.wp.com\/lasprimeras.com.do\/wp-content\/uploads\/2024\/01\/Diseno-sin-titulo-8-1.webp?resize=350%2C200&ssl=1","width":350,"height":200,"srcset":"https:\/\/i0.wp.com\/lasprimeras.com.do\/wp-content\/uploads\/2024\/01\/Diseno-sin-titulo-8-1.webp?resize=350%2C200&ssl=1 1x, https:\/\/i0.wp.com\/lasprimeras.com.do\/wp-content\/uploads\/2024\/01\/Diseno-sin-titulo-8-1.webp?resize=525%2C300&ssl=1 1.5x"},"classes":[]},{"id":88198,"url":"https:\/\/lasprimeras.com.do\/index.php\/2024\/08\/23\/juristas-defienden-legitimidad-y-beneficios-de-acuerdos-firmados-por-el-mp-con-imputados\/","url_meta":{"origin":79221,"position":5},"title":"Juristas defienden legitimidad y beneficios de acuerdos firmados por el MP con imputados","author":"Nelson Feliz","date":"23 de agosto de 2024","format":false,"excerpt":"Los reputados abogados Manuela Ram\u00edrez y Carlos Moreno respaldaron la legitimidad y los m\u00faltiples beneficios que generan los acuerdos suscritos por el Ministerio P\u00fablico con imputados en casos judiciales de alto perfil, destacando su importancia para el sistema de justicia penal en la Rep\u00fablica Dominicana.Ram\u00edrez, quien ha participado en la\u2026","rel":"","context":"En \u00abNACIONALES\u00bb","block_context":{"text":"NACIONALES","link":"https:\/\/lasprimeras.com.do\/index.php\/category\/nacionales\/"},"img":{"alt_text":"Manuela Ram\u00edrez y Carlos Moreno","src":"https:\/\/i0.wp.com\/lasprimeras.com.do\/wp-content\/uploads\/2024\/08\/Manuela-Ramirez-y-Carlos-Moreno.jpg?resize=350%2C200&ssl=1","width":350,"height":200,"srcset":"https:\/\/i0.wp.com\/lasprimeras.com.do\/wp-content\/uploads\/2024\/08\/Manuela-Ramirez-y-Carlos-Moreno.jpg?resize=350%2C200&ssl=1 1x, https:\/\/i0.wp.com\/lasprimeras.com.do\/wp-content\/uploads\/2024\/08\/Manuela-Ramirez-y-Carlos-Moreno.jpg?resize=525%2C300&ssl=1 1.5x, https:\/\/i0.wp.com\/lasprimeras.com.do\/wp-content\/uploads\/2024\/08\/Manuela-Ramirez-y-Carlos-Moreno.jpg?resize=700%2C400&ssl=1 2x"},"classes":[]}],"jetpack_sharing_enabled":true,"_links":{"self":[{"href":"https:\/\/lasprimeras.com.do\/index.php\/wp-json\/wp\/v2\/posts\/79221","targetHints":{"allow":["GET"]}}],"collection":[{"href":"https:\/\/lasprimeras.com.do\/index.php\/wp-json\/wp\/v2\/posts"}],"about":[{"href":"https:\/\/lasprimeras.com.do\/index.php\/wp-json\/wp\/v2\/types\/post"}],"author":[{"embeddable":true,"href":"https:\/\/lasprimeras.com.do\/index.php\/wp-json\/wp\/v2\/users\/3"}],"replies":[{"embeddable":true,"href":"https:\/\/lasprimeras.com.do\/index.php\/wp-json\/wp\/v2\/comments?post=79221"}],"version-history":[{"count":1,"href":"https:\/\/lasprimeras.com.do\/index.php\/wp-json\/wp\/v2\/posts\/79221\/revisions"}],"predecessor-version":[{"id":79223,"href":"https:\/\/lasprimeras.com.do\/index.php\/wp-json\/wp\/v2\/posts\/79221\/revisions\/79223"}],"wp:featuredmedia":[{"embeddable":true,"href":"https:\/\/lasprimeras.com.do\/index.php\/wp-json\/wp\/v2\/media\/79222"}],"wp:attachment":[{"href":"https:\/\/lasprimeras.com.do\/index.php\/wp-json\/wp\/v2\/media?parent=79221"}],"wp:term":[{"taxonomy":"category","embeddable":true,"href":"https:\/\/lasprimeras.com.do\/index.php\/wp-json\/wp\/v2\/categories?post=79221"},{"taxonomy":"post_tag","embeddable":true,"href":"https:\/\/lasprimeras.com.do\/index.php\/wp-json\/wp\/v2\/tags?post=79221"}],"curies":[{"name":"wp","href":"https:\/\/api.w.org\/{rel}","templated":true}]}}