{"id":79249,"date":"2024-03-25T13:55:10","date_gmt":"2024-03-25T17:55:10","guid":{"rendered":"https:\/\/lasprimeras.com.do\/?p=79249"},"modified":"2024-03-25T13:55:12","modified_gmt":"2024-03-25T17:55:12","slug":"abel-designa-a-domingo-contreras-como-su-coordinador-de-campana-en-el-distrito-nacional","status":"publish","type":"post","link":"https:\/\/lasprimeras.com.do\/index.php\/2024\/03\/25\/abel-designa-a-domingo-contreras-como-su-coordinador-de-campana-en-el-distrito-nacional\/","title":{"rendered":"Abel designa a Domingo Contreras como su coordinador de campa\u00f1a en el Distrito Nacional"},"content":{"rendered":"\n<p>Santo Domingo.-El candidato presidencial del Partido de la Liberaci\u00f3n Dominicana (PLD), Abel Mart\u00ednez, design\u00f3 al l\u00edder de la capital, Domingo Contreras, coordinador de Campa\u00f1a en el Distrito Nacional.<\/p>\n\n\n\n<p>La designaci\u00f3n de Contreras, miembro del Comit\u00e9 Pol\u00edtico del PLD, qued\u00f3 establecida en una carta p\u00fablica, firmada por Andr\u00e9s Navarro, coordinador general de Campa\u00f1a.<\/p>\n\n\n\n<p>&#8220;Queda bajo tu responsabilidad la conducci\u00f3n de las acciones que deber\u00e1n realizarse para el \u00e9xito del PLD en la ciudad de Santo Domingo&#8221;, indica el documento.<\/p>\n","protected":false},"excerpt":{"rendered":"<p>Santo Domingo.-El candidato presidencial del Partido de la Liberaci\u00f3n Dominicana (PLD), Abel Mart\u00ednez, design\u00f3 al l\u00edder de la capital, Domingo Contreras, coordinador de Campa\u00f1a en el Distrito Nacional. La designaci\u00f3n&hellip;<\/p>\n","protected":false},"author":3,"featured_media":79250,"comment_status":"open","ping_status":"open","sticky":false,"template":"","format":"standard","meta":{"content-type":"","jetpack_post_was_ever_published":false,"_jetpack_newsletter_access":"","_jetpack_dont_email_post_to_subs":false,"_jetpack_newsletter_tier_id":0,"_jetpack_memberships_contains_paywalled_content":false,"_jetpack_memberships_contains_paid_content":false,"footnotes":""},"categories":[1],"tags":[822],"class_list":["post-79249","post","type-post","status-publish","format-standard","has-post-thumbnail","hentry","category-sin-categoria","tag-abel-martinez"],"jetpack_featured_media_url":"https:\/\/lasprimeras.com.do\/wp-content\/uploads\/2024\/03\/1-millon-de-jovenes-votaran-en-las-elecciones-municipales-2-4.jpg","jetpack-related-posts":[{"id":74284,"url":"https:\/\/lasprimeras.com.do\/index.php\/2024\/01\/21\/abel-y-domingo-contreras-recorren-barrios-de-la-circunscripcion-3-del-distrito-nacional\/","url_meta":{"origin":79249,"position":0},"title":"Abel y Domingo Contreras recorren barrios de la Circunscripci\u00f3n #3 del Distrito Nacional","author":"Nelson Feliz","date":"21 de enero de 2024","format":false,"excerpt":"El candidato presidencial por el Partido de la Liberaci\u00f3n Dominicana (PLD), Abel Mart\u00ednez, y el candidato a alcalde del Distrito Nacional, Domingo Contreras, realizan un recorrido por los sectores y barrios de la Circunscripci\u00f3n #3 del Distrito Nacional, en medio del amor y la alegr\u00eda que desbordan los ciudadanos. Mart\u00ednez\u2026","rel":"","context":"En \u00abPORTADA\u00bb","block_context":{"text":"PORTADA","link":"https:\/\/lasprimeras.com.do\/index.php\/category\/portada\/"},"img":{"alt_text":"abel y domingo","src":"https:\/\/i0.wp.com\/lasprimeras.com.do\/wp-content\/uploads\/2024\/01\/abel-y-domingo.jpg?resize=350%2C200&ssl=1","width":350,"height":200},"classes":[]},{"id":76503,"url":"https:\/\/lasprimeras.com.do\/index.php\/2024\/02\/11\/abel-los-capitalenos-merecen-vivir-en-una-ciudad-digna\/","url_meta":{"origin":79249,"position":1},"title":"Abel: \u00abLos capitale\u00f1os merecen vivir en una ciudad digna\u00bb","author":"Nelson Feliz","date":"11 de febrero de 2024","format":false,"excerpt":"En casa de la candidata a regidora por la circunscripci\u00f3n 1 del Distrito Nacional, Digna M\u00e9ndez, el candidato presidencial del Partido de la Liberaci\u00f3n Dominicana (PLD), Abel Mart\u00ednez, declar\u00f3 que los capitale\u00f1os merecen vivir en una ciudad digna. \u00ab\u00bfPor qu\u00e9 vivir en una ciudad sucia y en desorden, con contaminaci\u00f3n\u2026","rel":"","context":"En \u00abPORTADA\u00bb","block_context":{"text":"PORTADA","link":"https:\/\/lasprimeras.com.do\/index.php\/category\/portada\/"},"img":{"alt_text":"Abel Mart\u00ednez","src":"https:\/\/i0.wp.com\/lasprimeras.com.do\/wp-content\/uploads\/2024\/02\/Abel-Martinez.jpg?resize=350%2C200&ssl=1","width":350,"height":200,"srcset":"https:\/\/i0.wp.com\/lasprimeras.com.do\/wp-content\/uploads\/2024\/02\/Abel-Martinez.jpg?resize=350%2C200&ssl=1 1x, https:\/\/i0.wp.com\/lasprimeras.com.do\/wp-content\/uploads\/2024\/02\/Abel-Martinez.jpg?resize=525%2C300&ssl=1 1.5x"},"classes":[]},{"id":54191,"url":"https:\/\/lasprimeras.com.do\/index.php\/2023\/07\/08\/inicia-gran-marcha-pld-miles-acompanan-a-abel-martinez-en-cruzada-por-la-esperanza\/","url_meta":{"origin":79249,"position":2},"title":"Video:Inicia Gran Marcha PLD: Miles acompa\u00f1an a Abel Mart\u00ednez en cruzada por la esperanza\u00a0","author":"Nelson Feliz","date":"8 de julio de 2023","format":false,"excerpt":"https:\/\/youtu.be\/hG5Cjcu1gl0 Con entusiasmo y alegr\u00eda, inici\u00f3 en la avenida Duarte, esquina Pedro Livio Cede\u00f1o, la \u201cMarcha de la Esperanza\u201d, que encabeza el candidato presidencial del Partido de la Liberaci\u00f3n Dominicana (PLD), Abel Mart\u00ednez.\u00a0 Desafiando el calor intenso de la ciudad, este s\u00e1bado decenas de miles de ciudadanos acompa\u00f1an al l\u00edder\u2026","rel":"","context":"En \u00abPORTADA\u00bb","block_context":{"text":"PORTADA","link":"https:\/\/lasprimeras.com.do\/index.php\/category\/portada\/"},"img":{"alt_text":"Marcha PLD","src":"https:\/\/i0.wp.com\/lasprimeras.com.do\/wp-content\/uploads\/2023\/07\/Marcha-PLD.jpg?resize=350%2C200&ssl=1","width":350,"height":200,"srcset":"https:\/\/i0.wp.com\/lasprimeras.com.do\/wp-content\/uploads\/2023\/07\/Marcha-PLD.jpg?resize=350%2C200&ssl=1 1x, https:\/\/i0.wp.com\/lasprimeras.com.do\/wp-content\/uploads\/2023\/07\/Marcha-PLD.jpg?resize=525%2C300&ssl=1 1.5x"},"classes":[]},{"id":59224,"url":"https:\/\/lasprimeras.com.do\/index.php\/2023\/09\/01\/andres-navarro-es-designado-coordinador-de-campana-de-abel\/","url_meta":{"origin":79249,"position":3},"title":"Andr\u00e9s Navarro es designado coordinador de campa\u00f1a de Abel","author":"Nelson Feliz","date":"1 de septiembre de 2023","format":false,"excerpt":"El miembro del Comit\u00e9 Pol\u00edtico, Andr\u00e9s Navarro, ha sido nombrado coordinador nacional de campa\u00f1a del candidato presidencial del Partido de la Liberaci\u00f3n Dominicana (PLD), Abel Mart\u00ednez. La informaci\u00f3n est\u00e1 contenida en un comunicado de la campa\u00f1a de Mart\u00ednez, y agrega que, Johnny Pujols, miembro del CP, asume el rol de\u2026","rel":"","context":"En \u00abPORTADA\u00bb","block_context":{"text":"PORTADA","link":"https:\/\/lasprimeras.com.do\/index.php\/category\/portada\/"},"img":{"alt_text":"","src":"https:\/\/i0.wp.com\/lasprimeras.com.do\/wp-content\/uploads\/2023\/09\/abel.png?resize=350%2C200&ssl=1","width":350,"height":200,"srcset":"https:\/\/i0.wp.com\/lasprimeras.com.do\/wp-content\/uploads\/2023\/09\/abel.png?resize=350%2C200&ssl=1 1x, https:\/\/i0.wp.com\/lasprimeras.com.do\/wp-content\/uploads\/2023\/09\/abel.png?resize=525%2C300&ssl=1 1.5x"},"classes":[]},{"id":75092,"url":"https:\/\/lasprimeras.com.do\/index.php\/2024\/01\/29\/extraordinaria-sinergia-entre-las-candidaturas-presidencial-y-municipal-del-pld\/","url_meta":{"origin":79249,"position":4},"title":"Extraordinaria sinergia entre las candidaturas presidencial y municipal del PLD","author":"BIMARY DE JES\u00daS Matos","date":"29 de enero de 2024","format":false,"excerpt":"Santo Domingo.-La l\u00f3gica del PRM y del propio gobierno de Luis Abinader ha sido de puro marketing, afirma Andr\u00e9s Navarro, coordinador de la campa\u00f1a del PLD . Ante la proximidad de las elecciones municipales el equipo de campa\u00f1a de Abel Mart\u00ednez, candidato presidencial del Partido de la Liberaci\u00f3n Dominicana (PLD),\u2026","rel":"","context":"En \u00abSin categor\u00eda\u00bb","block_context":{"text":"Sin categor\u00eda","link":"https:\/\/lasprimeras.com.do\/index.php\/category\/sin-categoria\/"},"img":{"alt_text":"","src":"https:\/\/i0.wp.com\/lasprimeras.com.do\/wp-content\/uploads\/2024\/01\/Diseno-sin-titulo-10-2.jpg?resize=350%2C200&ssl=1","width":350,"height":200,"srcset":"https:\/\/i0.wp.com\/lasprimeras.com.do\/wp-content\/uploads\/2024\/01\/Diseno-sin-titulo-10-2.jpg?resize=350%2C200&ssl=1 1x, https:\/\/i0.wp.com\/lasprimeras.com.do\/wp-content\/uploads\/2024\/01\/Diseno-sin-titulo-10-2.jpg?resize=525%2C300&ssl=1 1.5x"},"classes":[]},{"id":75377,"url":"https:\/\/lasprimeras.com.do\/index.php\/2024\/01\/31\/abel-martinez-despertar-del-pueblo-tiene-al-gobierno-desesperado\/","url_meta":{"origin":79249,"position":5},"title":"Abel Mart\u00ednez: \u00abDespertar del pueblo tiene al Gobierno desesperado\u00bb","author":"Nelson Feliz","date":"31 de enero de 2024","format":false,"excerpt":"El candidato presidencial del Partido de la Liberaci\u00f3n Dominicana (PLD), Abel Mart\u00ednez, declar\u00f3 que el despertar del pueblo y rechazo al PRM tiene al Gobierno \u00abdesesperado\u00bb. Al conversar con dirigentes del PLD, el l\u00edder de la oposici\u00f3n se\u00f1al\u00f3 que al PLD le corresponde dar el mayor esfuerzo para derrotar la\u2026","rel":"","context":"En \u00abPORTADA\u00bb","block_context":{"text":"PORTADA","link":"https:\/\/lasprimeras.com.do\/index.php\/category\/portada\/"},"img":{"alt_text":"ABEL MARTINEZ","src":"https:\/\/i0.wp.com\/lasprimeras.com.do\/wp-content\/uploads\/2024\/01\/ABEL-MARTINEZ-1.jpg?resize=350%2C200&ssl=1","width":350,"height":200,"srcset":"https:\/\/i0.wp.com\/lasprimeras.com.do\/wp-content\/uploads\/2024\/01\/ABEL-MARTINEZ-1.jpg?resize=350%2C200&ssl=1 1x, https:\/\/i0.wp.com\/lasprimeras.com.do\/wp-content\/uploads\/2024\/01\/ABEL-MARTINEZ-1.jpg?resize=525%2C300&ssl=1 1.5x, https:\/\/i0.wp.com\/lasprimeras.com.do\/wp-content\/uploads\/2024\/01\/ABEL-MARTINEZ-1.jpg?resize=700%2C400&ssl=1 2x"},"classes":[]}],"jetpack_sharing_enabled":true,"_links":{"self":[{"href":"https:\/\/lasprimeras.com.do\/index.php\/wp-json\/wp\/v2\/posts\/79249","targetHints":{"allow":["GET"]}}],"collection":[{"href":"https:\/\/lasprimeras.com.do\/index.php\/wp-json\/wp\/v2\/posts"}],"about":[{"href":"https:\/\/lasprimeras.com.do\/index.php\/wp-json\/wp\/v2\/types\/post"}],"author":[{"embeddable":true,"href":"https:\/\/lasprimeras.com.do\/index.php\/wp-json\/wp\/v2\/users\/3"}],"replies":[{"embeddable":true,"href":"https:\/\/lasprimeras.com.do\/index.php\/wp-json\/wp\/v2\/comments?post=79249"}],"version-history":[{"count":1,"href":"https:\/\/lasprimeras.com.do\/index.php\/wp-json\/wp\/v2\/posts\/79249\/revisions"}],"predecessor-version":[{"id":79251,"href":"https:\/\/lasprimeras.com.do\/index.php\/wp-json\/wp\/v2\/posts\/79249\/revisions\/79251"}],"wp:featuredmedia":[{"embeddable":true,"href":"https:\/\/lasprimeras.com.do\/index.php\/wp-json\/wp\/v2\/media\/79250"}],"wp:attachment":[{"href":"https:\/\/lasprimeras.com.do\/index.php\/wp-json\/wp\/v2\/media?parent=79249"}],"wp:term":[{"taxonomy":"category","embeddable":true,"href":"https:\/\/lasprimeras.com.do\/index.php\/wp-json\/wp\/v2\/categories?post=79249"},{"taxonomy":"post_tag","embeddable":true,"href":"https:\/\/lasprimeras.com.do\/index.php\/wp-json\/wp\/v2\/tags?post=79249"}],"curies":[{"name":"wp","href":"https:\/\/api.w.org\/{rel}","templated":true}]}}