{"id":79252,"date":"2024-03-25T13:56:07","date_gmt":"2024-03-25T17:56:07","guid":{"rendered":"https:\/\/lasprimeras.com.do\/?p=79252"},"modified":"2024-03-25T13:56:07","modified_gmt":"2024-03-25T17:56:07","slug":"pasajeros-se-quejan-de-retrasos-de-vuelo-de-jetblue","status":"publish","type":"post","link":"https:\/\/lasprimeras.com.do\/index.php\/2024\/03\/25\/pasajeros-se-quejan-de-retrasos-de-vuelo-de-jetblue\/","title":{"rendered":"Pasajeros se quejan de retrasos de vuelo de JetBlue"},"content":{"rendered":"\n<p>AEROPUERTO LAS AM\u00c9RICAS. \u2013Decenas de pasajeros amanecieron varados en esta terminal de Las Am\u00e9ricas por el retraso de 9 horas y media del vuelo 1938 de JetBlue con destino a San Juan, Puerto Rico.<br>El vuelo que estaba supuesto a salir a las 9: 30 de la noche, despeg\u00f3 del Aeropuerto de Las Am\u00e9ricas a la 7:00 de la ma\u00f1ana, en medio de protestas por parte de los pasajeros, la mayor\u00eda de ellos, dominicanos y puertorrique\u00f1os.<\/p>\n\n\n\n<p>De acuerdo a declaraciones de algunos de los pasajeros, empleados de la JetBlue le informaron que el vuelo ten\u00eda unos 35 minutos de retraso y que en vez de las 9:30 PM., saldr\u00eda a las 10:10 minutos.<\/p>\n\n\n\n<p>Posteriormente, los mismos empleados volvieron a informar a los viajeros que el vuelo hab\u00eda sufrido un nuevo retraso y que saldr\u00eda del aeropuerto de Las Am\u00e9ricas a las 11:38 de la noche.<\/p>\n","protected":false},"excerpt":{"rendered":"<p>AEROPUERTO LAS AM\u00c9RICAS. \u2013Decenas de pasajeros amanecieron varados en esta terminal de Las Am\u00e9ricas por el retraso de 9 horas y media del vuelo 1938 de JetBlue con destino a&hellip;<\/p>\n","protected":false},"author":3,"featured_media":79253,"comment_status":"open","ping_status":"open","sticky":false,"template":"","format":"standard","meta":{"content-type":"","jetpack_post_was_ever_published":false,"_jetpack_newsletter_access":"","_jetpack_dont_email_post_to_subs":false,"_jetpack_newsletter_tier_id":0,"_jetpack_memberships_contains_paywalled_content":false,"_jetpack_memberships_contains_paid_content":false,"footnotes":""},"categories":[35],"tags":[5461],"class_list":["post-79252","post","type-post","status-publish","format-standard","has-post-thumbnail","hentry","category-nacionales","tag-jet-blue"],"jetpack_featured_media_url":"https:\/\/lasprimeras.com.do\/wp-content\/uploads\/2024\/03\/1-millon-de-jovenes-votaran-en-las-elecciones-municipales-2-5.jpg","jetpack-related-posts":[{"id":55380,"url":"https:\/\/lasprimeras.com.do\/index.php\/2023\/07\/20\/pasajero-tiene-tres-dias-sin-poder-abordar-avion-de-jetblue-hacia-new-jersey\/","url_meta":{"origin":79252,"position":0},"title":"Pasajero tiene tres d\u00edas sin poder abordar avi\u00f3n de JetBlue hacia New Jersey","author":"Nelson Feliz","date":"20 de julio de 2023","format":false,"excerpt":"\u00c1ngel Medina tendr\u00e1 que amanecer en el Aeropuerto de Las Am\u00e9ricas la noche de este jueves con la esperanza de volar en la ma\u00f1ana del viernes. En el Aeropuerto Internacional de Las Am\u00e9ricas (AILA), algunos pasajeros de JetBlue se quejan de que la aerol\u00ednea los \"tiene en el aire\" respecto\u2026","rel":"","context":"En \u00abNACIONALES\u00bb","block_context":{"text":"NACIONALES","link":"https:\/\/lasprimeras.com.do\/index.php\/category\/nacionales\/"},"img":{"alt_text":"Aereopuerto Aila","src":"https:\/\/i0.wp.com\/lasprimeras.com.do\/wp-content\/uploads\/2023\/07\/Aereopuerto-Aila.jpg?resize=350%2C200&ssl=1","width":350,"height":200,"srcset":"https:\/\/i0.wp.com\/lasprimeras.com.do\/wp-content\/uploads\/2023\/07\/Aereopuerto-Aila.jpg?resize=350%2C200&ssl=1 1x, https:\/\/i0.wp.com\/lasprimeras.com.do\/wp-content\/uploads\/2023\/07\/Aereopuerto-Aila.jpg?resize=525%2C300&ssl=1 1.5x, https:\/\/i0.wp.com\/lasprimeras.com.do\/wp-content\/uploads\/2023\/07\/Aereopuerto-Aila.jpg?resize=700%2C400&ssl=1 2x"},"classes":[]},{"id":58307,"url":"https:\/\/lasprimeras.com.do\/index.php\/2023\/08\/22\/seis-vuelos-cancelados-y-uno-retrasado-por-el-paso-de-tormenta-franklin-sobre-rd\/","url_meta":{"origin":79252,"position":1},"title":"Seis vuelos cancelados y uno retrasado por el paso de tormenta Franklin sobre RD","author":"Nelson Feliz","date":"22 de agosto de 2023","format":false,"excerpt":"El Aeropuerto Internacional de Las Am\u00e9ricas Jos\u00e9 Francisco Pe\u00f1a G\u00f3mez (AILA), inform\u00f3 este martes que sus operaciones se est\u00e1n desarrollando sin novedad y que sus vuelos para el d\u00eda de hoy se mantienen sin variaci\u00f3n, excepto por tres vuelos programados para esta noche: dos a la ciudad de Panam\u00e1 y\u2026","rel":"","context":"En \u00abNACIONALES\u00bb","block_context":{"text":"NACIONALES","link":"https:\/\/lasprimeras.com.do\/index.php\/category\/nacionales\/"},"img":{"alt_text":"Aereopuerto Aila","src":"https:\/\/i0.wp.com\/lasprimeras.com.do\/wp-content\/uploads\/2023\/07\/Aereopuerto-Aila.jpg?resize=350%2C200&ssl=1","width":350,"height":200,"srcset":"https:\/\/i0.wp.com\/lasprimeras.com.do\/wp-content\/uploads\/2023\/07\/Aereopuerto-Aila.jpg?resize=350%2C200&ssl=1 1x, https:\/\/i0.wp.com\/lasprimeras.com.do\/wp-content\/uploads\/2023\/07\/Aereopuerto-Aila.jpg?resize=525%2C300&ssl=1 1.5x, https:\/\/i0.wp.com\/lasprimeras.com.do\/wp-content\/uploads\/2023\/07\/Aereopuerto-Aila.jpg?resize=700%2C400&ssl=1 2x"},"classes":[]},{"id":56072,"url":"https:\/\/lasprimeras.com.do\/index.php\/2023\/07\/27\/jet-blue-atribuye-retrasos-en-vuelos-al-clima-de-verano-y-falta-de-personal-de-la-faa\/","url_meta":{"origin":79252,"position":2},"title":"Jet Blue atribuye retrasos en vuelos al clima de verano y falta de personal de la FAA","author":"Nelson Feliz","date":"27 de julio de 2023","format":false,"excerpt":"Luego de una reuni\u00f3n con las autoridades de la JAC, los representantes de aerol\u00ednea en el pa\u00eds emitieron un comunicado explicando las razones. Tras las continuas quejas mediante las redes sociales con relaci\u00f3n a los retrasos de sus vuelos, los representantes de Jet Blue en el pa\u00eds se\u00f1alaron al clima\u2026","rel":"","context":"En \u00abPORTADA\u00bb","block_context":{"text":"PORTADA","link":"https:\/\/lasprimeras.com.do\/index.php\/category\/portada\/"},"img":{"alt_text":"JetBlue","src":"https:\/\/i0.wp.com\/lasprimeras.com.do\/wp-content\/uploads\/2023\/07\/jet-blue.jpeg?resize=350%2C200&ssl=1","width":350,"height":200,"srcset":"https:\/\/i0.wp.com\/lasprimeras.com.do\/wp-content\/uploads\/2023\/07\/jet-blue.jpeg?resize=350%2C200&ssl=1 1x, https:\/\/i0.wp.com\/lasprimeras.com.do\/wp-content\/uploads\/2023\/07\/jet-blue.jpeg?resize=525%2C300&ssl=1 1.5x, https:\/\/i0.wp.com\/lasprimeras.com.do\/wp-content\/uploads\/2023\/07\/jet-blue.jpeg?resize=700%2C400&ssl=1 2x"},"classes":[]},{"id":79032,"url":"https:\/\/lasprimeras.com.do\/index.php\/2024\/03\/22\/arajet-y-cesac-remueven-dos-pasajeros-de-vuelo-por-falsa-alarma-de-objeto-explosivo\/","url_meta":{"origin":79252,"position":3},"title":"Arajet y CESAC remueven dos pasajeros de vuelo por falsa alarma de objeto explosivo.","author":"BIMARY DE JES\u00daS Matos","date":"22 de marzo de 2024","format":false,"excerpt":"Santo Domingo.-La Aerol\u00ednea Arajet inform\u00f3 que el Cuerpo Especializados de Seguridad Aeroportuaria, en cumplimiento de los protocolos internacionales, procedi\u00f3 a remover a dos pasajeros del vuelo HI1078 de Santo Domingo a Cartagena, luego de que estos dieran una falsa alarma sobre portar un objeto explosivo a bordo. Seg\u00fan explic\u00f3 el\u2026","rel":"","context":"En \u00abNACIONALES\u00bb","block_context":{"text":"NACIONALES","link":"https:\/\/lasprimeras.com.do\/index.php\/category\/nacionales\/"},"img":{"alt_text":"","src":"https:\/\/i0.wp.com\/lasprimeras.com.do\/wp-content\/uploads\/2024\/03\/IMG-20240322-WA0017.jpg?resize=350%2C200&ssl=1","width":350,"height":200,"srcset":"https:\/\/i0.wp.com\/lasprimeras.com.do\/wp-content\/uploads\/2024\/03\/IMG-20240322-WA0017.jpg?resize=350%2C200&ssl=1 1x, https:\/\/i0.wp.com\/lasprimeras.com.do\/wp-content\/uploads\/2024\/03\/IMG-20240322-WA0017.jpg?resize=525%2C300&ssl=1 1.5x, https:\/\/i0.wp.com\/lasprimeras.com.do\/wp-content\/uploads\/2024\/03\/IMG-20240322-WA0017.jpg?resize=700%2C400&ssl=1 2x, https:\/\/i0.wp.com\/lasprimeras.com.do\/wp-content\/uploads\/2024\/03\/IMG-20240322-WA0017.jpg?resize=1050%2C600&ssl=1 3x"},"classes":[]},{"id":109736,"url":"https:\/\/lasprimeras.com.do\/index.php\/2025\/09\/21\/tras-9-horas-de-falla-el-aila-restablece-en-un-100-la-energia-electrica\/","url_meta":{"origin":79252,"position":4},"title":"Tras 9 horas de falla, el AILA restablece en un 100 % la energ\u00eda el\u00e9ctrica","author":"Nelson Feliz","date":"21 de septiembre de 2025","format":false,"excerpt":"M\u00e1s de 30 vuelos resultaron afectados a lo largo del d\u00eda con desv\u00edos, cancelaciones y retrasos. A las 6:05 de la tarde fue restablecida en su totalidad la energ\u00eda el\u00e9ctrica en el Aeropuerto Internacional de las Am\u00e9ricas (AILA) Jos\u00e9 Francisco Pe\u00f1a G\u00f3mez, luego de la falla que le afect\u00f3 por\u2026","rel":"","context":"En \u00abNACIONALES\u00bb","block_context":{"text":"NACIONALES","link":"https:\/\/lasprimeras.com.do\/index.php\/category\/nacionales\/"},"img":{"alt_text":"","src":"https:\/\/i0.wp.com\/lasprimeras.com.do\/wp-content\/uploads\/2025\/09\/aila.jpg?resize=350%2C200&ssl=1","width":350,"height":200,"srcset":"https:\/\/i0.wp.com\/lasprimeras.com.do\/wp-content\/uploads\/2025\/09\/aila.jpg?resize=350%2C200&ssl=1 1x, https:\/\/i0.wp.com\/lasprimeras.com.do\/wp-content\/uploads\/2025\/09\/aila.jpg?resize=525%2C300&ssl=1 1.5x, https:\/\/i0.wp.com\/lasprimeras.com.do\/wp-content\/uploads\/2025\/09\/aila.jpg?resize=700%2C400&ssl=1 2x"},"classes":[]},{"id":87631,"url":"https:\/\/lasprimeras.com.do\/index.php\/2024\/08\/14\/cancelan-10-vuelos-en-el-aila-por-amenaza-del-huracan-ernesto\/","url_meta":{"origin":79252,"position":5},"title":"Cancelan 10 vuelos en el AILA por amenaza del hurac\u00e1n Ernesto","author":"Nelson Feliz","date":"14 de agosto de 2024","format":false,"excerpt":"Los vuelos ten\u00edan destino a las Islas Brit\u00e1nicas, islas de Antigua y Guadalupe, San Mart\u00edn y Puerto Rico. RAFAEL CASTRO El paso del hurac\u00e1n Ernesto ha provocado este mi\u00e9rcoles las cancelaciones de al menos diez vuelos comerciales por el Aeropuerto Internacional de Las Am\u00e9ricas, Jos\u00e9 Francisco Pe\u00f1a G\u00f3mez. El departamento\u2026","rel":"","context":"En \u00abNACIONALES\u00bb","block_context":{"text":"NACIONALES","link":"https:\/\/lasprimeras.com.do\/index.php\/category\/nacionales\/"},"img":{"alt_text":"","src":"https:\/\/i0.wp.com\/lasprimeras.com.do\/wp-content\/uploads\/2024\/08\/AILA.jpeg?resize=350%2C200&ssl=1","width":350,"height":200,"srcset":"https:\/\/i0.wp.com\/lasprimeras.com.do\/wp-content\/uploads\/2024\/08\/AILA.jpeg?resize=350%2C200&ssl=1 1x, https:\/\/i0.wp.com\/lasprimeras.com.do\/wp-content\/uploads\/2024\/08\/AILA.jpeg?resize=525%2C300&ssl=1 1.5x, https:\/\/i0.wp.com\/lasprimeras.com.do\/wp-content\/uploads\/2024\/08\/AILA.jpeg?resize=700%2C400&ssl=1 2x"},"classes":[]}],"jetpack_sharing_enabled":true,"_links":{"self":[{"href":"https:\/\/lasprimeras.com.do\/index.php\/wp-json\/wp\/v2\/posts\/79252","targetHints":{"allow":["GET"]}}],"collection":[{"href":"https:\/\/lasprimeras.com.do\/index.php\/wp-json\/wp\/v2\/posts"}],"about":[{"href":"https:\/\/lasprimeras.com.do\/index.php\/wp-json\/wp\/v2\/types\/post"}],"author":[{"embeddable":true,"href":"https:\/\/lasprimeras.com.do\/index.php\/wp-json\/wp\/v2\/users\/3"}],"replies":[{"embeddable":true,"href":"https:\/\/lasprimeras.com.do\/index.php\/wp-json\/wp\/v2\/comments?post=79252"}],"version-history":[{"count":1,"href":"https:\/\/lasprimeras.com.do\/index.php\/wp-json\/wp\/v2\/posts\/79252\/revisions"}],"predecessor-version":[{"id":79254,"href":"https:\/\/lasprimeras.com.do\/index.php\/wp-json\/wp\/v2\/posts\/79252\/revisions\/79254"}],"wp:featuredmedia":[{"embeddable":true,"href":"https:\/\/lasprimeras.com.do\/index.php\/wp-json\/wp\/v2\/media\/79253"}],"wp:attachment":[{"href":"https:\/\/lasprimeras.com.do\/index.php\/wp-json\/wp\/v2\/media?parent=79252"}],"wp:term":[{"taxonomy":"category","embeddable":true,"href":"https:\/\/lasprimeras.com.do\/index.php\/wp-json\/wp\/v2\/categories?post=79252"},{"taxonomy":"post_tag","embeddable":true,"href":"https:\/\/lasprimeras.com.do\/index.php\/wp-json\/wp\/v2\/tags?post=79252"}],"curies":[{"name":"wp","href":"https:\/\/api.w.org\/{rel}","templated":true}]}}