{"id":79261,"date":"2024-03-25T15:23:50","date_gmt":"2024-03-25T19:23:50","guid":{"rendered":"https:\/\/lasprimeras.com.do\/?p=79261"},"modified":"2024-03-25T15:23:52","modified_gmt":"2024-03-25T19:23:52","slug":"jce-publica-resolucion-con-las-alianzas-aprobadas-para-las-elecciones-de-mayo","status":"publish","type":"post","link":"https:\/\/lasprimeras.com.do\/index.php\/2024\/03\/25\/jce-publica-resolucion-con-las-alianzas-aprobadas-para-las-elecciones-de-mayo\/","title":{"rendered":"JCE publica resoluci\u00f3n con las alianzas aprobadas para las elecciones de mayo"},"content":{"rendered":"\n<p>Santo Domingo.-Ante las expectativas surgidas por las declaraciones del dirigente pelede\u00edsta Francisco Javier Garc\u00eda de que, este lunes, la alianza opositora \u201cRescate RD\u201d, conformada por los partidos Revolucionario Dominicano (PRD), de la Liberaci\u00f3n Dominicana (PLD) y Fuerza del Pueblo (FP), anunciar\u00e1 nuevos acuerdos, esto es lo que ha aprobado la Junta Central Electoral a la fecha.<\/p>\n\n\n\n<p>Los pactos de alianza oficiales aprobados por la Junta Central Electoral est\u00e1n contenidos en la Resoluci\u00f3n 19-2024, publicada por el \u00f3rgano electoral el pasado viernes, que incluye los niveles presidencial, diputaci\u00f3n y senatorial.<\/p>\n\n\n\n<p>En el presidencial establece como primer punto, los pactos de alianzas en el nivel presidencial suscritos por el PRM con los partidos Alianza por la Democracia (APD), Dominicanos por el Cambio (DxC), C\u00edvico Renovador (PC), Dem\u00f3crata Popular (PDP), Justicia Social (JS), Liberal Reformista (PLR), Revolucionario Independiente (PRI), Uni\u00f3n Dem\u00f3crata Cristiana (UDC).<\/p>\n\n\n\n<p>Tambi\u00e9n el Humanista Dominicano (PHD), Democr\u00e1tico Alternativo (MODA), Nacional Voluntad Ciudadana (PNVC), Revolucionario Social Dem\u00f3crata a (PRSD); Acci\u00f3n Liberal (PAL); Partido Primero la Gente (PPG), Pa\u00eds Posible (PP), Verde Dominicano (PASOVE), Reformista Social Cristiano (PRSC), Unidad Nacional (PUN), Alianza Pa\u00eds (ALPA\u00cdS), y Popular Cristiano (PPC).<\/p>\n\n\n\n<p>En el caso del partido Fuerza del Pueblo (FP) la alianza aprobada por la JCE establece que es con los partidos Quisqueyano Dem\u00f3crata Cristiano (PQDC); Bloque Institucional Social Dem\u00f3crata (BIS), Dem\u00f3crata Institucional (PDI) y Socialista Cristiano (PSC).<\/p>\n\n\n\n<p>En el Caso del Partido de la Liberaci\u00f3n Dominicana se recuerda que no est\u00e1 aliado a ninguna otra organizaci\u00f3n en el nivel presidencial para los comicios del 19 de mayo.<\/p>\n\n\n\n<p>La resoluci\u00f3n 19-2024, del 22 de marzo de 2024, la secretaria general de la JCE, Sonne Beltr\u00e9 Ram\u00edrez, hace constar que en el documento de 59 p\u00e1ginas, que tambi\u00e9n establece las alianzas en los niveles de la senadur\u00eda y diputaciones, tanto nacional como al Parlacem, fue firmado por el presidente Rom\u00e1n Andr\u00e9s J\u00e1quez Liranzo y los miembros titulares Rafael Armando Vallejo Santelises; Dolores Altagracia Fern\u00e1ndez S\u00e1nchez, Patricia Lorenzo Paniagua y Samir Rafael Chami Isa.<\/p>\n","protected":false},"excerpt":{"rendered":"<p>Santo Domingo.-Ante las expectativas surgidas por las declaraciones del dirigente pelede\u00edsta Francisco Javier Garc\u00eda de que, este lunes, la alianza opositora \u201cRescate RD\u201d, conformada por los partidos Revolucionario Dominicano (PRD),&hellip;<\/p>\n","protected":false},"author":3,"featured_media":79262,"comment_status":"open","ping_status":"open","sticky":false,"template":"","format":"standard","meta":{"content-type":"","jetpack_post_was_ever_published":false,"_jetpack_newsletter_access":"","_jetpack_dont_email_post_to_subs":false,"_jetpack_newsletter_tier_id":0,"_jetpack_memberships_contains_paywalled_content":false,"_jetpack_memberships_contains_paid_content":false,"footnotes":""},"categories":[1],"tags":[183],"class_list":["post-79261","post","type-post","status-publish","format-standard","has-post-thumbnail","hentry","category-sin-categoria","tag-jce"],"jetpack_featured_media_url":"https:\/\/lasprimeras.com.do\/wp-content\/uploads\/2024\/03\/1-millon-de-jovenes-votaran-en-las-elecciones-municipales-2-7.jpg","jetpack-related-posts":[{"id":53565,"url":"https:\/\/lasprimeras.com.do\/index.php\/2023\/06\/28\/fuerza-del-pueblo-deposito-reservas-de-candidaturas-ante-la-jce\/","url_meta":{"origin":79261,"position":0},"title":"Fuerza del Pueblo deposit\u00f3 reservas de candidaturas ante la JCE","author":"Nelson Feliz","date":"28 de junio de 2023","format":false,"excerpt":"El partido Fuerza del Pueblo (FP) deposit\u00f3 ante la Junta Central Electoral (JCE) sus reservas de candidaturas, en cumplimiento del plazo otorgado y correspondiente al 20% establecido en la ley 33-18 de Partidos y Agrupaciones Pol\u00edticas. El partido que preside el l\u00edder de la oposici\u00f3n pol\u00edtica dominicana, Leonel Fern\u00e1ndez, tambi\u00e9n\u2026","rel":"","context":"En \u00abSin categor\u00eda\u00bb","block_context":{"text":"Sin categor\u00eda","link":"https:\/\/lasprimeras.com.do\/index.php\/category\/sin-categoria\/"},"img":{"alt_text":"Manuel Crespo","src":"https:\/\/i0.wp.com\/lasprimeras.com.do\/wp-content\/uploads\/2023\/06\/Manuel-Crespo.jpg?resize=350%2C200&ssl=1","width":350,"height":200,"srcset":"https:\/\/i0.wp.com\/lasprimeras.com.do\/wp-content\/uploads\/2023\/06\/Manuel-Crespo.jpg?resize=350%2C200&ssl=1 1x, https:\/\/i0.wp.com\/lasprimeras.com.do\/wp-content\/uploads\/2023\/06\/Manuel-Crespo.jpg?resize=525%2C300&ssl=1 1.5x"},"classes":[]},{"id":65839,"url":"https:\/\/lasprimeras.com.do\/index.php\/2023\/11\/01\/partidos-tienen-diez-dias-para-formalizar-alianzas-de-febrero\/","url_meta":{"origin":79261,"position":1},"title":"Partidos tienen diez d\u00edas para formalizar alianzas de febrero","author":"BIMARY DE JES\u00daS Matos","date":"1 de noviembre de 2023","format":false,"excerpt":"Santo Domingo.-Los partidos pol\u00edticos que tienen planes de acudir en alianza para las elecciones municipales tienen como fecha l\u00edmite el 10 de este mes para depositar las propuestas ante la Junta Central Electoral (JCE) conforme el art\u00edculo 132 de la Ley 20\/23 del R\u00e9gimen Electoral. \u201cLa solicitud de aprobaci\u00f3n de\u2026","rel":"","context":"En \u00abSin categor\u00eda\u00bb","block_context":{"text":"Sin categor\u00eda","link":"https:\/\/lasprimeras.com.do\/index.php\/category\/sin-categoria\/"},"img":{"alt_text":"","src":"https:\/\/i0.wp.com\/lasprimeras.com.do\/wp-content\/uploads\/2023\/11\/WhatsApp-Image-2023-10-30-at-2.58.48-PM-1.jpeg?resize=350%2C200&ssl=1","width":350,"height":200,"srcset":"https:\/\/i0.wp.com\/lasprimeras.com.do\/wp-content\/uploads\/2023\/11\/WhatsApp-Image-2023-10-30-at-2.58.48-PM-1.jpeg?resize=350%2C200&ssl=1 1x, https:\/\/i0.wp.com\/lasprimeras.com.do\/wp-content\/uploads\/2023\/11\/WhatsApp-Image-2023-10-30-at-2.58.48-PM-1.jpeg?resize=525%2C300&ssl=1 1.5x, https:\/\/i0.wp.com\/lasprimeras.com.do\/wp-content\/uploads\/2023\/11\/WhatsApp-Image-2023-10-30-at-2.58.48-PM-1.jpeg?resize=700%2C400&ssl=1 2x"},"classes":[]},{"id":50774,"url":"https:\/\/lasprimeras.com.do\/index.php\/2023\/05\/23\/la-jce-ratifica-20-reservas-de-candidaturas-cada-nivel-eleccion\/","url_meta":{"origin":79261,"position":2},"title":"La JCE ratifica 20 % reservas de candidaturas cada nivel elecci\u00f3n","author":"prenxa100","date":"23 de mayo de 2023","format":false,"excerpt":"Santo Domingo.- La Junta Central Electoral (JCE) ratific\u00f3 que las agrupaciones pol\u00edticas solo podr\u00e1n reservarse el 20 % de las candidaturas por cada nivel de elecci\u00f3n, aunque modific\u00f3 parcialmente su anterior decisi\u00f3n al \u00abaclarar\u00bb que este porcentaje ser\u00e1 el \u00abm\u00e1ximo\u00bb a ser utilizado por los partidos. La JCE, en una\u2026","rel":"","context":"En \u00abPORTADA\u00bb","block_context":{"text":"PORTADA","link":"https:\/\/lasprimeras.com.do\/index.php\/category\/portada\/"},"img":{"alt_text":"","src":"","width":0,"height":0},"classes":[]},{"id":77332,"url":"https:\/\/lasprimeras.com.do\/index.php\/2024\/02\/20\/partidos-tienen-hasta-el-viernes-para-notificar-alianzas-a-la-jce\/","url_meta":{"origin":79261,"position":3},"title":"Partidos tienen hasta el viernes para notificar alianzas a la JCE","author":"BIMARY DE JES\u00daS Matos","date":"20 de febrero de 2024","format":false,"excerpt":"Santo Domingo.-En medio del conteo de votos de las\u00a0elecciones\u00a0municipales y todav\u00eda con la\u00a0resaca\u00a0de los resultados, el tiempo apremia para las\u00a0alianzas\u00a0de los\u00a0partidos\u00a0de cara a los\u00a0comicios\u00a0presidenciales\u00a0y congresuales del 19 de mayo pr\u00f3ximo. Conforme a la\u00a0Ley\u00a020-23 de R\u00e9gimen Electoral, las organizaciones, tienen hasta el pr\u00f3ximo viernes 23, como fecha l\u00edmite para depositar las\u2026","rel":"","context":"En \u00abSin categor\u00eda\u00bb","block_context":{"text":"Sin categor\u00eda","link":"https:\/\/lasprimeras.com.do\/index.php\/category\/sin-categoria\/"},"img":{"alt_text":"","src":"https:\/\/i0.wp.com\/lasprimeras.com.do\/wp-content\/uploads\/2024\/02\/imagen-whatsapp-image-2022-11-28-at-115839-am-bce89b68-focus-0-0-895-573-focus-0-0-375-240.jpg?resize=350%2C200&ssl=1","width":350,"height":200},"classes":[]},{"id":77941,"url":"https:\/\/lasprimeras.com.do\/index.php\/2024\/02\/27\/prm-deposita-19-de-22-alianzas-que-llevara-a-elecciones-de-mayo\/","url_meta":{"origin":79261,"position":4},"title":"PRM deposita 19 de 22 alianzas que llevar\u00e1 a elecciones de mayo","author":"Nelson Feliz","date":"27 de febrero de 2024","format":false,"excerpt":"El Partido Revolucionario Moderno (PRM) deposit\u00f3 la noche de este lunes en la Junta Central Electoral (JCE) 19 alianzas de 22 que llevar\u00e1 para las elecciones presidenciales y congresuales de mayo pr\u00f3ximo. Sigmund Freund Mena, delegado del PRM ante la JCE, dijo que se trata de la alianza m\u00e1s amplia\u2026","rel":"","context":"En \u00abSin categor\u00eda\u00bb","block_context":{"text":"Sin categor\u00eda","link":"https:\/\/lasprimeras.com.do\/index.php\/category\/sin-categoria\/"},"img":{"alt_text":"PRM","src":"https:\/\/i0.wp.com\/lasprimeras.com.do\/wp-content\/uploads\/2024\/02\/PRM.jpg?resize=350%2C200&ssl=1","width":350,"height":200,"srcset":"https:\/\/i0.wp.com\/lasprimeras.com.do\/wp-content\/uploads\/2024\/02\/PRM.jpg?resize=350%2C200&ssl=1 1x, https:\/\/i0.wp.com\/lasprimeras.com.do\/wp-content\/uploads\/2024\/02\/PRM.jpg?resize=525%2C300&ssl=1 1.5x"},"classes":[]},{"id":77536,"url":"https:\/\/lasprimeras.com.do\/index.php\/2024\/02\/22\/jce-otorga-prorroga-a-partidos-para-alianzas\/","url_meta":{"origin":79261,"position":5},"title":"JCE otorga pr\u00f3rroga a partidos para alianzas","author":"BIMARY DE JES\u00daS Matos","date":"22 de febrero de 2024","format":false,"excerpt":"Santo Domingo.- La Junta Central Electoral (JCE) dio una pr\u00f3rroga de plazos a los partidos, agrupaciones y movimientos pol\u00edticos para el dep\u00f3sito de las solicitudes de fusiones, alianzas o coaliciones para las elecciones presidenciales y congresuales del 19 de mayo del 2024, hasta el martes 27 de febrero de 2024\u2026","rel":"","context":"En \u00abSin categor\u00eda\u00bb","block_context":{"text":"Sin categor\u00eda","link":"https:\/\/lasprimeras.com.do\/index.php\/category\/sin-categoria\/"},"img":{"alt_text":"","src":"https:\/\/i0.wp.com\/lasprimeras.com.do\/wp-content\/uploads\/2024\/02\/6_Nacionales_NUEVAp01.jpg.webp?resize=350%2C200&ssl=1","width":350,"height":200},"classes":[]}],"jetpack_sharing_enabled":true,"_links":{"self":[{"href":"https:\/\/lasprimeras.com.do\/index.php\/wp-json\/wp\/v2\/posts\/79261","targetHints":{"allow":["GET"]}}],"collection":[{"href":"https:\/\/lasprimeras.com.do\/index.php\/wp-json\/wp\/v2\/posts"}],"about":[{"href":"https:\/\/lasprimeras.com.do\/index.php\/wp-json\/wp\/v2\/types\/post"}],"author":[{"embeddable":true,"href":"https:\/\/lasprimeras.com.do\/index.php\/wp-json\/wp\/v2\/users\/3"}],"replies":[{"embeddable":true,"href":"https:\/\/lasprimeras.com.do\/index.php\/wp-json\/wp\/v2\/comments?post=79261"}],"version-history":[{"count":1,"href":"https:\/\/lasprimeras.com.do\/index.php\/wp-json\/wp\/v2\/posts\/79261\/revisions"}],"predecessor-version":[{"id":79263,"href":"https:\/\/lasprimeras.com.do\/index.php\/wp-json\/wp\/v2\/posts\/79261\/revisions\/79263"}],"wp:featuredmedia":[{"embeddable":true,"href":"https:\/\/lasprimeras.com.do\/index.php\/wp-json\/wp\/v2\/media\/79262"}],"wp:attachment":[{"href":"https:\/\/lasprimeras.com.do\/index.php\/wp-json\/wp\/v2\/media?parent=79261"}],"wp:term":[{"taxonomy":"category","embeddable":true,"href":"https:\/\/lasprimeras.com.do\/index.php\/wp-json\/wp\/v2\/categories?post=79261"},{"taxonomy":"post_tag","embeddable":true,"href":"https:\/\/lasprimeras.com.do\/index.php\/wp-json\/wp\/v2\/tags?post=79261"}],"curies":[{"name":"wp","href":"https:\/\/api.w.org\/{rel}","templated":true}]}}