{"id":79264,"date":"2024-03-25T15:43:18","date_gmt":"2024-03-25T19:43:18","guid":{"rendered":"https:\/\/lasprimeras.com.do\/?p=79264"},"modified":"2024-03-25T15:43:20","modified_gmt":"2024-03-25T19:43:20","slug":"david-ortiz-impulsa-el-emprendimiento-exhorta-a-visitar-promipyme-para-obtener-prestamos","status":"publish","type":"post","link":"https:\/\/lasprimeras.com.do\/index.php\/2024\/03\/25\/david-ortiz-impulsa-el-emprendimiento-exhorta-a-visitar-promipyme-para-obtener-prestamos\/","title":{"rendered":"David Ort\u00edz impulsa el emprendimiento: exhorta a visitar Promipyme para obtener pr\u00e9stamos"},"content":{"rendered":"\n<p>Martin Restituyo<\/p>\n\n\n\n<p>Santo Domingo. &#8211; David Ort\u00edz, distinguido ex pelotero de las Grandes Ligas, realiz\u00f3 un llamado a los emprendedores dominicanos para que se acerquen a Promipyme con el objetivo de acceder a su variada oferta de pr\u00e9stamos, destacando las competitivas tasas de inter\u00e9s que maneja la instituci\u00f3n. <\/p>\n\n\n\n<p>Durante una visita oficial, Ort\u00edz fue recibido por Fabricio G\u00f3mez Mazara, director general de Promipyme, as\u00ed como por el equipo administrativo completo.<\/p>\n\n\n\n<p>En este encuentro, el \u00edcono deportivo inst\u00f3 a microempresas y emprendedores, particularmente a los m\u00e1s j\u00f3venes, a beneficiarse de las facilidades crediticias que brinda Promipyme, enfatizando la oportunidad de crecimiento que representan.<\/p>\n\n\n\n<p> &#8220;Ac\u00e9rquense y mencionen mi nombre; estar\u00e1n en excelentes manos&#8221;, afirm\u00f3 Ort\u00edz, generando un ambiente de entusiasmo entre los presentes.<\/p>\n\n\n\n<p>G\u00f3mez Mazara, por su parte, expres\u00f3 su gratitud por la presencia y apoyo de Ort\u00edz, resaltando la inspiraci\u00f3n que su trayectoria representa para la comunidad. <\/p>\n\n\n\n<p>Adicionalmente, aprovech\u00f3 la oportunidad para informar a los medios sobre la pr\u00f3xima jornada de cr\u00e9ditos que Promipyme llevar\u00e1 a cabo el 3 de abril en Hato Mayor, con el fin de apoyar a las micro y medianas empresas de \u00e1reas menos representadas.<\/p>\n\n\n\n<p>El evento culmin\u00f3 con una sesi\u00f3n de fotos en la que David Ort\u00edz comparti\u00f3 momentos con los hijos de los empleados de Promipyme y disfrut\u00f3 de un almuerzo junto a los altos cargos de la instituci\u00f3n, reafirmando su compromiso con el desarrollo empresarial y el empoderamiento econ\u00f3mico de los dominicanos.<\/p>\n\n\n\n<p>Fabricio G\u00f3mez Mazara destac\u00f3 que hasta la fecha, &#8220;Promipyme ha financiado aproximadamente 1,600 millones a microempresarios, de los cuales el 62% ha sido dirigido a mujeres, evidenciando nuestro compromiso con la inclusi\u00f3n y el empoderamiento econ\u00f3mico&#8221;.<\/p>\n","protected":false},"excerpt":{"rendered":"<p>Martin Restituyo Santo Domingo. &#8211; David Ort\u00edz, distinguido ex pelotero de las Grandes Ligas, realiz\u00f3 un llamado a los emprendedores dominicanos para que se acerquen a Promipyme con el objetivo&hellip;<\/p>\n","protected":false},"author":3,"featured_media":79265,"comment_status":"open","ping_status":"open","sticky":false,"template":"","format":"standard","meta":{"content-type":"","jetpack_post_was_ever_published":false,"_jetpack_newsletter_access":"","_jetpack_dont_email_post_to_subs":false,"_jetpack_newsletter_tier_id":0,"_jetpack_memberships_contains_paywalled_content":false,"_jetpack_memberships_contains_paid_content":false,"footnotes":""},"categories":[35],"tags":[4932],"class_list":["post-79264","post","type-post","status-publish","format-standard","has-post-thumbnail","hentry","category-nacionales","tag-david-ortiz"],"jetpack_featured_media_url":"https:\/\/lasprimeras.com.do\/wp-content\/uploads\/2024\/03\/IMG-20240325-WA0021.jpg","jetpack-related-posts":[{"id":93870,"url":"https:\/\/lasprimeras.com.do\/index.php\/2025\/02\/21\/promipyme-impulsa-economia-de-salcedo-con-rd70-millones-en-creditos-para-emprendedores\/","url_meta":{"origin":79264,"position":0},"title":"Promipyme impulsa econom\u00eda de Salcedo con RD$70 millones en cr\u00e9ditos para emprendedores","author":"Nelson Feliz","date":"21 de febrero de 2025","format":false,"excerpt":"El Consejo Nacional de Promoci\u00f3n y Apoyo a la Micro, Peque\u00f1a y Mediana Empresa (Promipyme) realiz\u00f3 la entrega de RD$70 millones en pr\u00e9stamos a 230 emprendedores y empresarios de la provincia Hermanas Mirabal. El acto, celebrado en el Sal\u00f3n Manuel Tejada Florentino de la Gobernaci\u00f3n Provincial, cont\u00f3 con la presencia\u2026","rel":"","context":"En \u00abECONOM\u00cdA\u00bb","block_context":{"text":"ECONOM\u00cdA","link":"https:\/\/lasprimeras.com.do\/index.php\/category\/economia\/"},"img":{"alt_text":"Fabricio G\u00f3mez Mazara","src":"https:\/\/i0.wp.com\/lasprimeras.com.do\/wp-content\/uploads\/2025\/02\/Fabricio-Gomez-Mazara-1.jpg?resize=350%2C200&ssl=1","width":350,"height":200,"srcset":"https:\/\/i0.wp.com\/lasprimeras.com.do\/wp-content\/uploads\/2025\/02\/Fabricio-Gomez-Mazara-1.jpg?resize=350%2C200&ssl=1 1x, https:\/\/i0.wp.com\/lasprimeras.com.do\/wp-content\/uploads\/2025\/02\/Fabricio-Gomez-Mazara-1.jpg?resize=525%2C300&ssl=1 1.5x, https:\/\/i0.wp.com\/lasprimeras.com.do\/wp-content\/uploads\/2025\/02\/Fabricio-Gomez-Mazara-1.jpg?resize=700%2C400&ssl=1 2x"},"classes":[]},{"id":105585,"url":"https:\/\/lasprimeras.com.do\/index.php\/2025\/08\/05\/el-senador-carlos-gomez-impulsa-el-desarrollo-emprendedor-en-moca\/","url_meta":{"origin":79264,"position":1},"title":"El Senador Carlos G\u00f3mez impulsa el desarrollo emprendedor en Moca","author":"Nelson Feliz","date":"5 de agosto de 2025","format":false,"excerpt":"Promipyme entrega RD$100 millones en cr\u00e9ditos a 400 microempresarios en la provincia Espaillat. Por: Nicolas Grull\u00f3n Ubi\u00f1as El Consejo Nacional de Promoci\u00f3n y Apoyo a la Micro, Peque\u00f1a y Mediana Empresa (Promipyme) en coordinaci\u00f3n con el senador Carlos G\u00f3mez encabez\u00f3 el acto de entrega de RD$100 millones en pr\u00e9stamos a\u2026","rel":"","context":"En \u00abECONOM\u00cdA\u00bb","block_context":{"text":"ECONOM\u00cdA","link":"https:\/\/lasprimeras.com.do\/index.php\/category\/economia\/"},"img":{"alt_text":"","src":"https:\/\/i0.wp.com\/lasprimeras.com.do\/wp-content\/uploads\/2025\/08\/Carlos-Gomez.jpg?resize=350%2C200&ssl=1","width":350,"height":200,"srcset":"https:\/\/i0.wp.com\/lasprimeras.com.do\/wp-content\/uploads\/2025\/08\/Carlos-Gomez.jpg?resize=350%2C200&ssl=1 1x, https:\/\/i0.wp.com\/lasprimeras.com.do\/wp-content\/uploads\/2025\/08\/Carlos-Gomez.jpg?resize=525%2C300&ssl=1 1.5x, https:\/\/i0.wp.com\/lasprimeras.com.do\/wp-content\/uploads\/2025\/08\/Carlos-Gomez.jpg?resize=700%2C400&ssl=1 2x"},"classes":[]},{"id":82317,"url":"https:\/\/lasprimeras.com.do\/index.php\/2024\/05\/01\/emprendedores-de-santo-domingo-este-reciben-apoyo-de-45-millones-de-pesos-en-creditos-de-promipyme\/","url_meta":{"origin":79264,"position":2},"title":"Emprendedores de Santo Domingo Este reciben apoyo de 45 millones de pesos en cr\u00e9ditos de Promipyme","author":"BIMARY DE JES\u00daS Matos","date":"1 de mayo de 2024","format":false,"excerpt":"Santo Domingo Este.- Promipyme, en su esfuerzo continuo por fortalecer a los micro, medianos y peque\u00f1os empresarios, entreg\u00f3 cr\u00e9ditos por valor de 45 millones de pesos dominicanos este martes 30 de abril a 300 ciudadanos de Santo Domingo Este. Fabricio G\u00f3mez Mazara, director general de la instituci\u00f3n, encabez\u00f3 la entrega\u2026","rel":"","context":"En \u00abPORTADA\u00bb","block_context":{"text":"PORTADA","link":"https:\/\/lasprimeras.com.do\/index.php\/category\/portada\/"},"img":{"alt_text":"","src":"https:\/\/i0.wp.com\/lasprimeras.com.do\/wp-content\/uploads\/2024\/05\/WhatsApp-Image-2024-05-01-at-9.11.52-AM-scaled.jpeg?resize=350%2C200&ssl=1","width":350,"height":200,"srcset":"https:\/\/i0.wp.com\/lasprimeras.com.do\/wp-content\/uploads\/2024\/05\/WhatsApp-Image-2024-05-01-at-9.11.52-AM-scaled.jpeg?resize=350%2C200&ssl=1 1x, https:\/\/i0.wp.com\/lasprimeras.com.do\/wp-content\/uploads\/2024\/05\/WhatsApp-Image-2024-05-01-at-9.11.52-AM-scaled.jpeg?resize=525%2C300&ssl=1 1.5x, https:\/\/i0.wp.com\/lasprimeras.com.do\/wp-content\/uploads\/2024\/05\/WhatsApp-Image-2024-05-01-at-9.11.52-AM-scaled.jpeg?resize=700%2C400&ssl=1 2x, https:\/\/i0.wp.com\/lasprimeras.com.do\/wp-content\/uploads\/2024\/05\/WhatsApp-Image-2024-05-01-at-9.11.52-AM-scaled.jpeg?resize=1050%2C600&ssl=1 3x, https:\/\/i0.wp.com\/lasprimeras.com.do\/wp-content\/uploads\/2024\/05\/WhatsApp-Image-2024-05-01-at-9.11.52-AM-scaled.jpeg?resize=1400%2C800&ssl=1 4x"},"classes":[]},{"id":94918,"url":"https:\/\/lasprimeras.com.do\/index.php\/2025\/03\/07\/promipyme-entrega-rd45-millones-en-creditos-a-micro-y-pequenos-empresarios-en-el-seibo\/","url_meta":{"origin":79264,"position":3},"title":"Promipyme entrega RD$45 millones en cr\u00e9ditos a micro y peque\u00f1os empresarios en El Seibo","author":"Nelson Feliz","date":"7 de marzo de 2025","format":false,"excerpt":"Desde la llegada del economista Fabricio G\u00f3mez Mazara a la direcci\u00f3n de Promipyme en noviembre de 2023, la instituci\u00f3n ha desembolsado m\u00e1s de RD$8,440 millones, de los cuales el 52% ha sido otorgado a mujeres. El Consejo Nacional de Promoci\u00f3n y Apoyo a la Micro, Peque\u00f1a y Mediana Empresa (Promipyme)\u2026","rel":"","context":"En \u00abECONOM\u00cdA\u00bb","block_context":{"text":"ECONOM\u00cdA","link":"https:\/\/lasprimeras.com.do\/index.php\/category\/economia\/"},"img":{"alt_text":"Fabricio G\u00f3mez Mazara","src":"https:\/\/i0.wp.com\/lasprimeras.com.do\/wp-content\/uploads\/2025\/03\/Fabricio-Gomez-Mazara.jpg?resize=350%2C200&ssl=1","width":350,"height":200,"srcset":"https:\/\/i0.wp.com\/lasprimeras.com.do\/wp-content\/uploads\/2025\/03\/Fabricio-Gomez-Mazara.jpg?resize=350%2C200&ssl=1 1x, https:\/\/i0.wp.com\/lasprimeras.com.do\/wp-content\/uploads\/2025\/03\/Fabricio-Gomez-Mazara.jpg?resize=525%2C300&ssl=1 1.5x, https:\/\/i0.wp.com\/lasprimeras.com.do\/wp-content\/uploads\/2025\/03\/Fabricio-Gomez-Mazara.jpg?resize=700%2C400&ssl=1 2x"},"classes":[]},{"id":66510,"url":"https:\/\/lasprimeras.com.do\/index.php\/2023\/11\/07\/abinader-destituye-al-director-de-promipyme-por-rifa-reeleccion\/","url_meta":{"origin":79264,"position":4},"title":"Abinader destituye Directores de PROMIPYME y Acuario Nacional","author":"Nelson Feliz","date":"7 de noviembre de 2023","format":false,"excerpt":"El presidente Luis Abinader destituy\u00f3 a Porfirio Peralta como director general del Consejo Nacional de Promoci\u00f3n y Apoyo a las Micro, Peque\u00f1as y Medianas Empresas (PROMIPYMES), adem\u00e1s de colocar en una suspensi\u00f3n provisional a la directora general del Acuario Nacional, Wanda Garc\u00eda. Con el decreto 555-23 dado a conocer por\u2026","rel":"","context":"En \u00abNACIONALES\u00bb","block_context":{"text":"NACIONALES","link":"https:\/\/lasprimeras.com.do\/index.php\/category\/nacionales\/"},"img":{"alt_text":"Porfirio Peralta","src":"https:\/\/i0.wp.com\/lasprimeras.com.do\/wp-content\/uploads\/2023\/11\/Porfirio-Peralta.jpg?resize=350%2C200&ssl=1","width":350,"height":200},"classes":[]},{"id":80145,"url":"https:\/\/lasprimeras.com.do\/index.php\/2024\/04\/04\/promipyme-impulsa-el-progreso-en-hato-mayor-con-creditos-por-rd22-6-millones-2\/","url_meta":{"origin":79264,"position":5},"title":"Promipyme impulsa el progreso en Hato Mayor con cr\u00e9ditos por RD$22.6 millones","author":"BIMARY DE JES\u00daS Matos","date":"4 de abril de 2024","format":false,"excerpt":"Santo Domingo.-La entidad empodera a 150 emprendedores y emprendedoras, priorizando el liderazgo femenino como parte esencial del desarrollo econ\u00f3mico y social de la provincia.Promipyme canaliz\u00f3 cr\u00e9ditos por un total de RD$22.6 millones en la provincia de Hato Mayor, beneficiando a 150 microempresarios y emprendedores de los sectores de servicios, industria\u2026","rel":"","context":"En \u00abECONOM\u00cdA\u00bb","block_context":{"text":"ECONOM\u00cdA","link":"https:\/\/lasprimeras.com.do\/index.php\/category\/economia\/"},"img":{"alt_text":"","src":"https:\/\/i0.wp.com\/lasprimeras.com.do\/wp-content\/uploads\/2024\/04\/IMG-20240403-WA0033-scaled-1.jpg?resize=350%2C200&ssl=1","width":350,"height":200,"srcset":"https:\/\/i0.wp.com\/lasprimeras.com.do\/wp-content\/uploads\/2024\/04\/IMG-20240403-WA0033-scaled-1.jpg?resize=350%2C200&ssl=1 1x, https:\/\/i0.wp.com\/lasprimeras.com.do\/wp-content\/uploads\/2024\/04\/IMG-20240403-WA0033-scaled-1.jpg?resize=525%2C300&ssl=1 1.5x, https:\/\/i0.wp.com\/lasprimeras.com.do\/wp-content\/uploads\/2024\/04\/IMG-20240403-WA0033-scaled-1.jpg?resize=700%2C400&ssl=1 2x, https:\/\/i0.wp.com\/lasprimeras.com.do\/wp-content\/uploads\/2024\/04\/IMG-20240403-WA0033-scaled-1.jpg?resize=1050%2C600&ssl=1 3x, https:\/\/i0.wp.com\/lasprimeras.com.do\/wp-content\/uploads\/2024\/04\/IMG-20240403-WA0033-scaled-1.jpg?resize=1400%2C800&ssl=1 4x"},"classes":[]}],"jetpack_sharing_enabled":true,"_links":{"self":[{"href":"https:\/\/lasprimeras.com.do\/index.php\/wp-json\/wp\/v2\/posts\/79264","targetHints":{"allow":["GET"]}}],"collection":[{"href":"https:\/\/lasprimeras.com.do\/index.php\/wp-json\/wp\/v2\/posts"}],"about":[{"href":"https:\/\/lasprimeras.com.do\/index.php\/wp-json\/wp\/v2\/types\/post"}],"author":[{"embeddable":true,"href":"https:\/\/lasprimeras.com.do\/index.php\/wp-json\/wp\/v2\/users\/3"}],"replies":[{"embeddable":true,"href":"https:\/\/lasprimeras.com.do\/index.php\/wp-json\/wp\/v2\/comments?post=79264"}],"version-history":[{"count":1,"href":"https:\/\/lasprimeras.com.do\/index.php\/wp-json\/wp\/v2\/posts\/79264\/revisions"}],"predecessor-version":[{"id":79266,"href":"https:\/\/lasprimeras.com.do\/index.php\/wp-json\/wp\/v2\/posts\/79264\/revisions\/79266"}],"wp:featuredmedia":[{"embeddable":true,"href":"https:\/\/lasprimeras.com.do\/index.php\/wp-json\/wp\/v2\/media\/79265"}],"wp:attachment":[{"href":"https:\/\/lasprimeras.com.do\/index.php\/wp-json\/wp\/v2\/media?parent=79264"}],"wp:term":[{"taxonomy":"category","embeddable":true,"href":"https:\/\/lasprimeras.com.do\/index.php\/wp-json\/wp\/v2\/categories?post=79264"},{"taxonomy":"post_tag","embeddable":true,"href":"https:\/\/lasprimeras.com.do\/index.php\/wp-json\/wp\/v2\/tags?post=79264"}],"curies":[{"name":"wp","href":"https:\/\/api.w.org\/{rel}","templated":true}]}}