{"id":79268,"date":"2024-03-25T15:45:51","date_gmt":"2024-03-25T19:45:51","guid":{"rendered":"https:\/\/lasprimeras.com.do\/?p=79268"},"modified":"2024-03-25T15:45:52","modified_gmt":"2024-03-25T19:45:52","slug":"digeig-galardona-al-srsm-por-transparencia-y-garantizar-libre-acceso-a-la-informacion","status":"publish","type":"post","link":"https:\/\/lasprimeras.com.do\/index.php\/2024\/03\/25\/digeig-galardona-al-srsm-por-transparencia-y-garantizar-libre-acceso-a-la-informacion\/","title":{"rendered":"DIGEIG galardona al SRSM por Transparencia y garantizar Libre Acceso a la Informaci\u00f3n"},"content":{"rendered":"\n<p>Martin Restituyo<\/p>\n\n\n\n<p>Distrito Nacional, RD.- El Servicio Regional de Salud Metropolitano (SRSM) fue galardonado \u201cpor haber cumplido con los Est\u00e1ndares en el Ranking de Transparencia y garantizar el Derecho de la Libertad de Acceso a la Informaci\u00f3n P\u00fablica\u201d, que otorga la Direcci\u00f3n General de \u00c9tica e Integridad Gubernamental (DIGEIG), que dirige la doctora Milagros Ortiz Bosch.<\/p>\n\n\n\n<p>Al recibir el reconocimiento en su despacho, el director del SRSM, doctor Edisson F\u00e9liz F\u00e9liz manifest\u00f3 sentirse satisfecho con el deber cumplido, y esta expresi\u00f3n lo motiva a\u00fan m\u00e1s a continuar con la l\u00ednea de realizar una labor transparente, con calidad, y siempre valorando y aplicando los cambios necesarios en pro de la mejor\u00eda de la instituci\u00f3n y los centros de salud dentro de su demarcaci\u00f3n.<\/p>\n\n\n\n<p>\u201cAgradecemos de manera especial a nuestras colaboradoras las licenciadas Tomasina Ulloa Responsable de Acceso a la Informaci\u00f3n P\u00fablica (RAI), y Bernarda Garc\u00eda Rivera, encargada de la Divisi\u00f3n de Abastecimiento y Medicamentos, quienes son las verdaderas merecedoras de este reconocimiento.<\/p>\n\n\n\n<p>Somos un equipo que lidera presidente de la Rep\u00fablica, Luis Abinader, y el doctor Mario Lama, director del Servicio Nacional de Salud (SNS), quienes nos exigen calidad y transparencia. Por ello, nos debemos a seguir con las mejores pr\u00e1cticas en cada acci\u00f3n que hagamos\u201d, extern\u00f3.<\/p>\n\n\n\n<p><br>El doctor F\u00e9liz F\u00e9liz valor\u00f3 y agradeci\u00f3 a las autoridades encargadas de monitorear todos los procesos que realizan las instituciones, como es el caso de la DIGEIG, y que haya sido la Regional Metropolitana seleccionada por su desempe\u00f1o.<\/p>\n\n\n\n<p>El titular del SRSM, adem\u00e1s, expres\u00f3 su regocijo por otros reconocimientos que han estado recibiendo hospitales de la Metropolitana por la transparencia y otros renglones, como el Padre Billini y el Hugo Mendoza, y motiv\u00f3 a otros a que emulen y contin\u00faen con las buenas pr\u00e1cticas institucionales.<\/p>\n\n\n\n<p>De su lado, durante la entrega de la placa, Tomasina Ulloa, encargada de la RAI, dijo sentirse altamente complacida por haberlas premiado, \u201cporque no es m\u00e1s que nuestro deber y lo estamos cumpliendo. Seguimos trabajando para que todos los centros de nuestra red alcancen esos niveles de transparencia\u201d.<\/p>\n\n\n\n<p><\/p>\n\n\n\n<p><\/p>\n","protected":false},"excerpt":{"rendered":"<p>Martin Restituyo Distrito Nacional, RD.- El Servicio Regional de Salud Metropolitano (SRSM) fue galardonado \u201cpor haber cumplido con los Est\u00e1ndares en el Ranking de Transparencia y garantizar el Derecho de&hellip;<\/p>\n","protected":false},"author":3,"featured_media":79269,"comment_status":"open","ping_status":"open","sticky":false,"template":"","format":"standard","meta":{"content-type":"","jetpack_post_was_ever_published":false,"_jetpack_newsletter_access":"","_jetpack_dont_email_post_to_subs":false,"_jetpack_newsletter_tier_id":0,"_jetpack_memberships_contains_paywalled_content":false,"_jetpack_memberships_contains_paid_content":false,"footnotes":""},"categories":[35],"tags":[6288],"class_list":["post-79268","post","type-post","status-publish","format-standard","has-post-thumbnail","hentry","category-nacionales","tag-digeig"],"jetpack_featured_media_url":"https:\/\/lasprimeras.com.do\/wp-content\/uploads\/2024\/03\/IMG-20240325-WA0022.jpg","jetpack-related-posts":[{"id":79351,"url":"https:\/\/lasprimeras.com.do\/index.php\/2024\/03\/26\/digeig-reconoce-a-la-dncd-por-cumplir-ranking-de-transparencia\/","url_meta":{"origin":79268,"position":0},"title":"DIGEIG reconoce a la DNCD por cumplir ranking de transparencia","author":"BIMARY DE JES\u00daS Matos","date":"26 de marzo de 2024","format":false,"excerpt":"Martin Restituyo Santo Domingo.- La Direcci\u00f3n General de \u00c9tica e Integridad Gubernamental (Digeig), organismo que dirige la doctora Milagros Ortiz Bosch, reconoci\u00f3 a la Direcci\u00f3n Nacional de Control de Drogas (DNCD), por cumplir con los est\u00e1ndares en el ranking de transparencia y por garantizar el derecho del libre acceso a\u2026","rel":"","context":"En \u00abNACIONALES\u00bb","block_context":{"text":"NACIONALES","link":"https:\/\/lasprimeras.com.do\/index.php\/category\/nacionales\/"},"img":{"alt_text":"","src":"https:\/\/i0.wp.com\/lasprimeras.com.do\/wp-content\/uploads\/2024\/03\/IMG-20240326-WA0007.jpg?resize=350%2C200&ssl=1","width":350,"height":200,"srcset":"https:\/\/i0.wp.com\/lasprimeras.com.do\/wp-content\/uploads\/2024\/03\/IMG-20240326-WA0007.jpg?resize=350%2C200&ssl=1 1x, https:\/\/i0.wp.com\/lasprimeras.com.do\/wp-content\/uploads\/2024\/03\/IMG-20240326-WA0007.jpg?resize=525%2C300&ssl=1 1.5x, https:\/\/i0.wp.com\/lasprimeras.com.do\/wp-content\/uploads\/2024\/03\/IMG-20240326-WA0007.jpg?resize=700%2C400&ssl=1 2x, https:\/\/i0.wp.com\/lasprimeras.com.do\/wp-content\/uploads\/2024\/03\/IMG-20240326-WA0007.jpg?resize=1050%2C600&ssl=1 3x, https:\/\/i0.wp.com\/lasprimeras.com.do\/wp-content\/uploads\/2024\/03\/IMG-20240326-WA0007.jpg?resize=1400%2C800&ssl=1 4x"},"classes":[]},{"id":89829,"url":"https:\/\/lasprimeras.com.do\/index.php\/2024\/10\/06\/digeig-reconoce-al-inespre-por-cumplir-estandares-en-transparencia\/","url_meta":{"origin":79268,"position":1},"title":"DIGEIG reconoce al Inespre por cumplir est\u00e1ndares en transparencia","author":"Nelson Feliz","date":"6 de octubre de 2024","format":false,"excerpt":"Se posicion\u00f3 entre las 24 instituciones que superaron el 99% del ranking en transparencia. La Direcci\u00f3n General de \u00c9tica e Integridad Gubernamental (DIGEIG) otorg\u00f3 un reconocimiento al Instituto de Estabilizaci\u00f3n de Precios (Inespre) por haber cumplido los est\u00e1ndares en el ranking de transparencia y garantizar el derecho de libre acceso\u2026","rel":"","context":"En \u00abECONOM\u00cdA\u00bb","block_context":{"text":"ECONOM\u00cdA","link":"https:\/\/lasprimeras.com.do\/index.php\/category\/economia\/"},"img":{"alt_text":"DIGEIG","src":"https:\/\/i0.wp.com\/lasprimeras.com.do\/wp-content\/uploads\/2024\/10\/DIGEIG.jpg?resize=350%2C200&ssl=1","width":350,"height":200,"srcset":"https:\/\/i0.wp.com\/lasprimeras.com.do\/wp-content\/uploads\/2024\/10\/DIGEIG.jpg?resize=350%2C200&ssl=1 1x, https:\/\/i0.wp.com\/lasprimeras.com.do\/wp-content\/uploads\/2024\/10\/DIGEIG.jpg?resize=525%2C300&ssl=1 1.5x, https:\/\/i0.wp.com\/lasprimeras.com.do\/wp-content\/uploads\/2024\/10\/DIGEIG.jpg?resize=700%2C400&ssl=1 2x"},"classes":[]},{"id":95254,"url":"https:\/\/lasprimeras.com.do\/index.php\/2025\/03\/11\/digeig-premia-al-idoppril-por-destacada-labor-en-etica-y-transparencia\/","url_meta":{"origin":79268,"position":2},"title":"Digeig premia al IDOPPRIL por destacada labor en \u00e9tica y transparencia","author":"Nelson Feliz","date":"11 de marzo de 2025","format":false,"excerpt":"La instituci\u00f3n que dirige el doctor Fausto L\u00f3pez Sol\u00eds fue galardonada en la cuarta edici\u00f3n de la Campa\u00f1a Nacional por la Integridad en la Administraci\u00f3n P\u00fablica. La Direcci\u00f3n General de \u00c9tica e Integridad Gubernamental (Digeig) premi\u00f3 al Instituto Dominicano de Prevenci\u00f3n y Protecci\u00f3n de Riesgos Laborales (IDOPPRIL) en la categor\u00eda\u2026","rel":"","context":"En \u00abECONOM\u00cdA\u00bb","block_context":{"text":"ECONOM\u00cdA","link":"https:\/\/lasprimeras.com.do\/index.php\/category\/economia\/"},"img":{"alt_text":"","src":"https:\/\/i0.wp.com\/lasprimeras.com.do\/wp-content\/uploads\/2025\/03\/idoppil.jpg?resize=350%2C200&ssl=1","width":350,"height":200,"srcset":"https:\/\/i0.wp.com\/lasprimeras.com.do\/wp-content\/uploads\/2025\/03\/idoppil.jpg?resize=350%2C200&ssl=1 1x, https:\/\/i0.wp.com\/lasprimeras.com.do\/wp-content\/uploads\/2025\/03\/idoppil.jpg?resize=525%2C300&ssl=1 1.5x, https:\/\/i0.wp.com\/lasprimeras.com.do\/wp-content\/uploads\/2025\/03\/idoppil.jpg?resize=700%2C400&ssl=1 2x"},"classes":[]},{"id":112278,"url":"https:\/\/lasprimeras.com.do\/index.php\/2025\/10\/20\/intrant-lleva-14-meses-consecutivos-con-100-puntos-en-transparencia-digeig-bajo-la-gestion-de-milton-morrison\/","url_meta":{"origin":79268,"position":3},"title":"INTRANT lleva 14 meses consecutivos con 100 puntos en transparencia (DIGEIG) bajo la gesti\u00f3n de Milton Morrison","author":"Nelson Feliz","date":"20 de octubre de 2025","format":false,"excerpt":"El Instituto Nacional de Tr\u00e1nsito y Transporte Terrestre (INTRANT) alcanz\u00f3 un nuevo r\u00e9cord institucional al mantener, durante 14 meses consecutivos, la calificaci\u00f3n m\u00e1xima de 100 puntos en el monitoreo de portales de transparencia que realiza la Direcci\u00f3n General de \u00c9tica e Integridad Gubernamental (DIGEIG). Este resultado coloca al INTRANT entre\u2026","rel":"","context":"En \u00abECONOM\u00cdA\u00bb","block_context":{"text":"ECONOM\u00cdA","link":"https:\/\/lasprimeras.com.do\/index.php\/category\/economia\/"},"img":{"alt_text":"","src":"https:\/\/i0.wp.com\/lasprimeras.com.do\/wp-content\/uploads\/2025\/10\/Milton-Morrison-1.jpg?resize=350%2C200&ssl=1","width":350,"height":200,"srcset":"https:\/\/i0.wp.com\/lasprimeras.com.do\/wp-content\/uploads\/2025\/10\/Milton-Morrison-1.jpg?resize=350%2C200&ssl=1 1x, https:\/\/i0.wp.com\/lasprimeras.com.do\/wp-content\/uploads\/2025\/10\/Milton-Morrison-1.jpg?resize=525%2C300&ssl=1 1.5x, https:\/\/i0.wp.com\/lasprimeras.com.do\/wp-content\/uploads\/2025\/10\/Milton-Morrison-1.jpg?resize=700%2C400&ssl=1 2x"},"classes":[]},{"id":122654,"url":"https:\/\/lasprimeras.com.do\/index.php\/2026\/02\/20\/senasa-fortalece-la-transparencia-con-instalacion-de-buzon-fisico-de-denuncia-ciudadana\/","url_meta":{"origin":79268,"position":4},"title":"SeNaSa fortalece la transparencia con instalaci\u00f3n de Buz\u00f3n F\u00edsico de Denuncia Ciudadana","author":"Nelson Feliz","date":"20 de febrero de 2026","format":false,"excerpt":"El Seguro Nacional de Salud (SeNaSa) recibi\u00f3 el Buz\u00f3n F\u00edsico de Denuncia Ciudadana, una herramienta impulsada por la Direcci\u00f3n General de \u00c9tica e Integridad Gubernamental (DIGEIG) como parte del fortalecimiento del Sistema Nacional de Integridad y los mecanismos de prevenci\u00f3n de irregularidades en las instituciones p\u00fablicas. La iniciativa forma parte\u2026","rel":"","context":"En \u00abNACIONALES\u00bb","block_context":{"text":"NACIONALES","link":"https:\/\/lasprimeras.com.do\/index.php\/category\/nacionales\/"},"img":{"alt_text":"SeNaSa","src":"https:\/\/i0.wp.com\/lasprimeras.com.do\/wp-content\/uploads\/2026\/02\/SeNaSa-1.jpg?resize=350%2C200&ssl=1","width":350,"height":200,"srcset":"https:\/\/i0.wp.com\/lasprimeras.com.do\/wp-content\/uploads\/2026\/02\/SeNaSa-1.jpg?resize=350%2C200&ssl=1 1x, https:\/\/i0.wp.com\/lasprimeras.com.do\/wp-content\/uploads\/2026\/02\/SeNaSa-1.jpg?resize=525%2C300&ssl=1 1.5x, https:\/\/i0.wp.com\/lasprimeras.com.do\/wp-content\/uploads\/2026\/02\/SeNaSa-1.jpg?resize=700%2C400&ssl=1 2x"},"classes":[]},{"id":85894,"url":"https:\/\/lasprimeras.com.do\/index.php\/2024\/07\/11\/propeep-logra-resultados-de-99-79-en-evaluacion-de-sus-funciones-por-la-digeig\/","url_meta":{"origin":79268,"position":5},"title":"Propeep logra resultados de 99.79 % en evaluaci\u00f3n de sus funciones por la DIGEIG","author":"Nelson Feliz","date":"11 de julio de 2024","format":false,"excerpt":"La Direcci\u00f3n General de Proyectos Estrat\u00e9gicos y Especiales de la Presidencia (Propeep) obtuvo una de las m\u00e1s alta calificaciones en la evaluaci\u00f3n institucional de mayo de 2024, realizada por la Direcci\u00f3n General de \u00c9tica e Integridad Gubernamental (DIGEIG) al obtener una puntuaci\u00f3n de 99.79 % en todos los ITEMS y\u2026","rel":"","context":"En \u00abECONOM\u00cdA\u00bb","block_context":{"text":"ECONOM\u00cdA","link":"https:\/\/lasprimeras.com.do\/index.php\/category\/economia\/"},"img":{"alt_text":"","src":"https:\/\/i0.wp.com\/lasprimeras.com.do\/wp-content\/uploads\/2024\/07\/Propeep-1.jpg?resize=350%2C200&ssl=1","width":350,"height":200,"srcset":"https:\/\/i0.wp.com\/lasprimeras.com.do\/wp-content\/uploads\/2024\/07\/Propeep-1.jpg?resize=350%2C200&ssl=1 1x, https:\/\/i0.wp.com\/lasprimeras.com.do\/wp-content\/uploads\/2024\/07\/Propeep-1.jpg?resize=525%2C300&ssl=1 1.5x, https:\/\/i0.wp.com\/lasprimeras.com.do\/wp-content\/uploads\/2024\/07\/Propeep-1.jpg?resize=700%2C400&ssl=1 2x"},"classes":[]}],"jetpack_sharing_enabled":true,"_links":{"self":[{"href":"https:\/\/lasprimeras.com.do\/index.php\/wp-json\/wp\/v2\/posts\/79268","targetHints":{"allow":["GET"]}}],"collection":[{"href":"https:\/\/lasprimeras.com.do\/index.php\/wp-json\/wp\/v2\/posts"}],"about":[{"href":"https:\/\/lasprimeras.com.do\/index.php\/wp-json\/wp\/v2\/types\/post"}],"author":[{"embeddable":true,"href":"https:\/\/lasprimeras.com.do\/index.php\/wp-json\/wp\/v2\/users\/3"}],"replies":[{"embeddable":true,"href":"https:\/\/lasprimeras.com.do\/index.php\/wp-json\/wp\/v2\/comments?post=79268"}],"version-history":[{"count":1,"href":"https:\/\/lasprimeras.com.do\/index.php\/wp-json\/wp\/v2\/posts\/79268\/revisions"}],"predecessor-version":[{"id":79270,"href":"https:\/\/lasprimeras.com.do\/index.php\/wp-json\/wp\/v2\/posts\/79268\/revisions\/79270"}],"wp:featuredmedia":[{"embeddable":true,"href":"https:\/\/lasprimeras.com.do\/index.php\/wp-json\/wp\/v2\/media\/79269"}],"wp:attachment":[{"href":"https:\/\/lasprimeras.com.do\/index.php\/wp-json\/wp\/v2\/media?parent=79268"}],"wp:term":[{"taxonomy":"category","embeddable":true,"href":"https:\/\/lasprimeras.com.do\/index.php\/wp-json\/wp\/v2\/categories?post=79268"},{"taxonomy":"post_tag","embeddable":true,"href":"https:\/\/lasprimeras.com.do\/index.php\/wp-json\/wp\/v2\/tags?post=79268"}],"curies":[{"name":"wp","href":"https:\/\/api.w.org\/{rel}","templated":true}]}}