{"id":79280,"date":"2024-03-25T19:16:38","date_gmt":"2024-03-25T23:16:38","guid":{"rendered":"https:\/\/lasprimeras.com.do\/?p=79280"},"modified":"2024-03-25T19:16:40","modified_gmt":"2024-03-25T23:16:40","slug":"fedoteme-celebra-primer-circuito-nacional-abierto","status":"publish","type":"post","link":"https:\/\/lasprimeras.com.do\/index.php\/2024\/03\/25\/fedoteme-celebra-primer-circuito-nacional-abierto\/","title":{"rendered":"Fedoteme celebra primer circuito nacional abierto"},"content":{"rendered":"\n<p>La Federaci\u00f3n Dominicana de Tenis de Mesa (FEDOTEME) sigue avanzando en sus eliminatorias para sus compromisos a nivel internacional, en este a\u00f1o 2024.<\/p>\n\n\n\n<p>Durante este fin de semana fue celebrado el primer circuito nacional abierto en todas las categor\u00edas.<\/p>\n\n\n\n<p>Los tenimesistas&nbsp; Chaina Pep\u00edn, Samuel Pacheco, Dixany Silverio se alzaron con los primeros lugares en las eliminatorias U-11 y U-13 con miras al Campeonato Panamericano, organizado por la (FEDOTEME).<\/p>\n\n\n\n<p>Chaina Pep\u00edn, de Santiago,&nbsp; venci\u00f3 3-0 a Brendaly Jim\u00e9nez, de La Vega, en la categor\u00eda de 11 a\u00f1os individual femenino. El tercer lugar fue compartido por Steisy Hern\u00e1ndez y Adianny Torres, de Santiago.<\/p>\n\n\n\n<p>Mientras que en 11 a\u00f1os individual masculino, Samuel Pacheco, de Santo Domingo, derrot\u00f3 a L\u00edan P\u00e9rez, 3 sets por 2 . Isa\u00edas Castro, de Santo Domingo, y Eli\u00e1n \u00c1lvarez se quedaron con el tercer puesto.<\/p>\n\n\n\n<figure class=\"wp-block-image size-full is-resized\"><img decoding=\"async\" width=\"600\" height=\"450\" src=\"https:\/\/lasprimeras.com.do\/wp-content\/uploads\/2024\/03\/FEDOTEME-1.jpg\" alt=\"\" class=\"wp-image-79282\" style=\"width:840px;height:auto\" srcset=\"https:\/\/lasprimeras.com.do\/wp-content\/uploads\/2024\/03\/FEDOTEME-1.jpg 600w, https:\/\/lasprimeras.com.do\/wp-content\/uploads\/2024\/03\/FEDOTEME-1-300x225.jpg 300w\" sizes=\"(max-width: 600px) 100vw, 600px\" \/><\/figure>\n\n\n\n<p>Dixany Silverio de Santiago, se emple\u00f3 a fondo para superar a Mens Cabrera, de Moca, en la categor\u00eda de menos 13 a\u00f1os femenino. Ana Sosa, de San Pedro de Macor\u00eds y Eliana Mart\u00ednez, de Santiago, conquist\u00f3&nbsp; el tercer pelda\u00f1o.<\/p>\n\n\n\n<p>En Masculino en menores de 13 anos Eydrian Paulino de Santiago supero a Johan Montas de San Pedro 3-0.El tercer lugar fue compartido por Engel Silverio y Edwin Mart\u00ednez de Santiago.<\/p>\n\n\n\n<p>Abierto Femenino<\/p>\n\n\n\n<p>1ro-Dafne Sosa<\/p>\n\n\n\n<p>2do- Yesmeily Guerrero<\/p>\n\n\n\n<p>3ro- Dayhana Rojas<\/p>\n\n\n\n<p>3ro- Arianna Estrella<\/p>\n\n\n\n<p>Abierto Masculino<\/p>\n\n\n\n<p>1ro- Alexander Tejeda<\/p>\n\n\n\n<p>2do- Hiram Morillo<\/p>\n\n\n\n<p>3ro- Joel Mendoza<\/p>\n\n\n\n<p>3ro- Eduardo Darley<\/p>\n\n\n\n<p>Habla Hern\u00e1ndez<\/p>\n\n\n\n<p>El presidente de la Federaci\u00f3n Dominicana de Tenis de Mesa (FEDOTEME), Gary Hern\u00e1ndez, resalt\u00f3 la calidad t\u00e9cnica de cada uno de los atletas que vieron acci\u00f3n en esas categor\u00edas.<\/p>\n\n\n\n<p>\u201cNo hay duda que el tenis de mesa cuenta con un gran talento, el cual augura el futuro del mismo\u201d, precis\u00f3.<\/p>\n\n\n\n<p>Adelant\u00f3 que las&nbsp; eliminatorias forman parte del Campeonato Superior del Caribe que se celebrar\u00e1 en el pa\u00eds del 16 al 21 de abril y que hasta el momento ya tiene 11 pa\u00edses confirmados.<\/p>\n\n\n\n<p>Adem\u00e1s mencion\u00f3 el campeonato Infantil y juvenil del Caribe, a efectuarse del 23 al 28 de abril.<\/p>\n","protected":false},"excerpt":{"rendered":"<p>La Federaci\u00f3n Dominicana de Tenis de Mesa (FEDOTEME) sigue avanzando en sus eliminatorias para sus compromisos a nivel internacional, en este a\u00f1o 2024. Durante este fin de semana fue celebrado&hellip;<\/p>\n","protected":false},"author":2,"featured_media":79281,"comment_status":"open","ping_status":"open","sticky":false,"template":"","format":"standard","meta":{"content-type":"","jetpack_post_was_ever_published":false,"_jetpack_newsletter_access":"","_jetpack_dont_email_post_to_subs":false,"_jetpack_newsletter_tier_id":0,"_jetpack_memberships_contains_paywalled_content":false,"_jetpack_memberships_contains_paid_content":false,"footnotes":""},"categories":[1],"tags":[11827,1304,12288,12287,172,3431],"class_list":["post-79280","post","type-post","status-publish","format-standard","has-post-thumbnail","hentry","category-sin-categoria","tag-abierto","tag-celebra","tag-circuito","tag-fedoteme","tag-nacional","tag-primer"],"jetpack_featured_media_url":"https:\/\/lasprimeras.com.do\/wp-content\/uploads\/2024\/03\/FEDOTEME.jpg","jetpack-related-posts":[{"id":116970,"url":"https:\/\/lasprimeras.com.do\/index.php\/2025\/12\/06\/senador-daniel-rivera-respalda-puesta-en-circulacion-del-libro-ercilia-pepin\/","url_meta":{"origin":79280,"position":0},"title":"Senador Daniel Rivera respalda puesta en circulaci\u00f3n del libro \u201cErcilia Pep\u00edn\u201d","author":"Nelson Feliz","date":"6 de diciembre de 2025","format":false,"excerpt":"Ejemplo de ense\u00f1anza, patriotismo y dignidad. El senador de la Rep\u00fablica por la provincia Santiago, doctor Daniel Rivera, encabez\u00f3 la puesta en circulaci\u00f3n del libro \u201cErcilia Pep\u00edn: Ejemplo de ense\u00f1anza, patriotismo y dignidad\u201d, escrito por el comunicador y economista Euri Cabral, durante un solemne acto realizado en el Ateneo Amantes\u2026","rel":"","context":"En \u00abNACIONALES\u00bb","block_context":{"text":"NACIONALES","link":"https:\/\/lasprimeras.com.do\/index.php\/category\/nacionales\/"},"img":{"alt_text":"Daniel Rivera","src":"https:\/\/i0.wp.com\/lasprimeras.com.do\/wp-content\/uploads\/2025\/12\/Daniel-Rivera.jpg?resize=350%2C200&ssl=1","width":350,"height":200,"srcset":"https:\/\/i0.wp.com\/lasprimeras.com.do\/wp-content\/uploads\/2025\/12\/Daniel-Rivera.jpg?resize=350%2C200&ssl=1 1x, https:\/\/i0.wp.com\/lasprimeras.com.do\/wp-content\/uploads\/2025\/12\/Daniel-Rivera.jpg?resize=525%2C300&ssl=1 1.5x, https:\/\/i0.wp.com\/lasprimeras.com.do\/wp-content\/uploads\/2025\/12\/Daniel-Rivera.jpg?resize=700%2C400&ssl=1 2x"},"classes":[]},{"id":114351,"url":"https:\/\/lasprimeras.com.do\/index.php\/2025\/11\/11\/reconocen-a-pepin-corripio-frank-rainieri-y-ligia-bonetti-por-sus-aportes-al-desarrollo-nacional\/","url_meta":{"origin":79280,"position":1},"title":"Reconocen a Pep\u00edn Corripio, Frank Rainieri y Ligia Bonetti por sus aportes al desarrollo nacional","author":"Nelson Feliz","date":"11 de noviembre de 2025","format":false,"excerpt":"El presidente de la Feria Emprendedores, David Collado, asegura que el legado de los tres empresarios es una fuente de inspiraci\u00f3n para miles de j\u00f3venes. En el marco del D\u00eda Nacional del Emprendedor, la organizaci\u00f3n de la Feria Emprendedores junto a las universidades PUCMM, INTEC, UNIBE, APEC y UNPHU reconocieron\u2026","rel":"","context":"En \u00abECONOM\u00cdA\u00bb","block_context":{"text":"ECONOM\u00cdA","link":"https:\/\/lasprimeras.com.do\/index.php\/category\/economia\/"},"img":{"alt_text":"","src":"https:\/\/i0.wp.com\/lasprimeras.com.do\/wp-content\/uploads\/2025\/11\/Feria-Emprendedores-y-Universidades.jpg?resize=350%2C200&ssl=1","width":350,"height":200,"srcset":"https:\/\/i0.wp.com\/lasprimeras.com.do\/wp-content\/uploads\/2025\/11\/Feria-Emprendedores-y-Universidades.jpg?resize=350%2C200&ssl=1 1x, https:\/\/i0.wp.com\/lasprimeras.com.do\/wp-content\/uploads\/2025\/11\/Feria-Emprendedores-y-Universidades.jpg?resize=525%2C300&ssl=1 1.5x, https:\/\/i0.wp.com\/lasprimeras.com.do\/wp-content\/uploads\/2025\/11\/Feria-Emprendedores-y-Universidades.jpg?resize=700%2C400&ssl=1 2x"},"classes":[]},{"id":90456,"url":"https:\/\/lasprimeras.com.do\/index.php\/2024\/10\/21\/federacion-de-comerciantes-galardona-a-pepin-corripio-en-su-50-aniversario\/","url_meta":{"origin":79280,"position":2},"title":"Federaci\u00f3n de Comerciantes galardona a Pep\u00edn Corripio en su 50 Aniversario","author":"Nelson Feliz","date":"21 de octubre de 2024","format":false,"excerpt":"La Federaci\u00f3n Dominicana de Comerciantes (FDC) otorg\u00f3 al empresario Jos\u00e9 Lu\u00eds Corripio Estrada (Pep\u00edn) el Gran Premio a la Excelencia Comercial en la Gran Gala de Oro realizada en el Teatro Nacional con motivo de su 50 aniversario.\u00a0\u00a0\u00a0\u00a0\u00a0\u00a0\u00a0\u00a0\u00a0\u00a0\u00a0\u00a0\u00a0\u00a0\u00a0\u00a0\u00a0 La actividad fue encabezada por el presidente de la entidad, Iv\u00e1n de\u2026","rel":"","context":"En \u00abECONOM\u00cdA\u00bb","block_context":{"text":"ECONOM\u00cdA","link":"https:\/\/lasprimeras.com.do\/index.php\/category\/economia\/"},"img":{"alt_text":"Jos\u00e9 Lu\u00eds Corripio Estrada","src":"https:\/\/i0.wp.com\/lasprimeras.com.do\/wp-content\/uploads\/2024\/10\/Jose-Luis-Corripio-Estrada.jpg?resize=350%2C200&ssl=1","width":350,"height":200,"srcset":"https:\/\/i0.wp.com\/lasprimeras.com.do\/wp-content\/uploads\/2024\/10\/Jose-Luis-Corripio-Estrada.jpg?resize=350%2C200&ssl=1 1x, https:\/\/i0.wp.com\/lasprimeras.com.do\/wp-content\/uploads\/2024\/10\/Jose-Luis-Corripio-Estrada.jpg?resize=525%2C300&ssl=1 1.5x"},"classes":[]},{"id":93731,"url":"https:\/\/lasprimeras.com.do\/index.php\/2025\/02\/19\/venus-williams-recibe-una-invitacion-para-el-torneo-de-indian-wells-a-los-44-anos\/","url_meta":{"origin":79280,"position":3},"title":"Venus Williams recibe una invitaci\u00f3n para el torneo de Indian Wells a los 44 a\u00f1os","author":"Nelson Feliz","date":"19 de febrero de 2025","format":false,"excerpt":"INDIAN WELLS, California, EE.UU. (AP) \u2014 Venus Williams recibi\u00f3 una invitaci\u00f3n wild card el mi\u00e9rcoles para el BNP Paribas Open, lo que har\u00eda que el torneo del pr\u00f3ximo mes en Indian Wells, California, sea el primer evento de la campeona de siete t\u00edtulos de Grand Slam en casi un a\u00f1o\u2026","rel":"","context":"En \u00abDEPORTES\u00bb","block_context":{"text":"DEPORTES","link":"https:\/\/lasprimeras.com.do\/index.php\/category\/deportes\/"},"img":{"alt_text":"","src":"https:\/\/i0.wp.com\/lasprimeras.com.do\/wp-content\/uploads\/2025\/02\/Venus-Williams.jpg?resize=350%2C200&ssl=1","width":350,"height":200,"srcset":"https:\/\/i0.wp.com\/lasprimeras.com.do\/wp-content\/uploads\/2025\/02\/Venus-Williams.jpg?resize=350%2C200&ssl=1 1x, https:\/\/i0.wp.com\/lasprimeras.com.do\/wp-content\/uploads\/2025\/02\/Venus-Williams.jpg?resize=525%2C300&ssl=1 1.5x, https:\/\/i0.wp.com\/lasprimeras.com.do\/wp-content\/uploads\/2025\/02\/Venus-Williams.jpg?resize=700%2C400&ssl=1 2x"},"classes":[]},{"id":116904,"url":"https:\/\/lasprimeras.com.do\/index.php\/2025\/12\/05\/el-poder-ejecutivo-declara-procer-de-la-patria-a-la-educadora-ercilia-pepin-mediante-una-nueva-ley\/","url_meta":{"origin":79280,"position":4},"title":"El Poder Ejecutivo declara Pr\u00f3cer de la Patria a la educadora Ercilia Pep\u00edn mediante una nueva ley","author":"Nelson Feliz","date":"5 de diciembre de 2025","format":false,"excerpt":"Promulg\u00f3 la Ley 96-25, que tambi\u00e9n establece el 7 de diciembre como el \"D\u00eda de Ercilia Pep\u00edn\", en reconocimiento a su legado patri\u00f3tico. El Poder Ejecutivo promulg\u00f3 la Ley n\u00fam. 96-25, que declara a la educadora y activista Ercilia Pep\u00edn como Pr\u00f3cer de la Patria y establece el 7 de\u2026","rel":"","context":"En \u00abNACIONALES\u00bb","block_context":{"text":"NACIONALES","link":"https:\/\/lasprimeras.com.do\/index.php\/category\/nacionales\/"},"img":{"alt_text":"","src":"https:\/\/i0.wp.com\/lasprimeras.com.do\/wp-content\/uploads\/2025\/12\/Ercilia-Pepin.jpg?resize=350%2C200&ssl=1","width":350,"height":200,"srcset":"https:\/\/i0.wp.com\/lasprimeras.com.do\/wp-content\/uploads\/2025\/12\/Ercilia-Pepin.jpg?resize=350%2C200&ssl=1 1x, https:\/\/i0.wp.com\/lasprimeras.com.do\/wp-content\/uploads\/2025\/12\/Ercilia-Pepin.jpg?resize=525%2C300&ssl=1 1.5x, https:\/\/i0.wp.com\/lasprimeras.com.do\/wp-content\/uploads\/2025\/12\/Ercilia-Pepin.jpg?resize=700%2C400&ssl=1 2x"},"classes":[]},{"id":103198,"url":"https:\/\/lasprimeras.com.do\/index.php\/2025\/07\/13\/minerd-celebra-por-primera-vez-en-el-pais-el-campeonato-mundial-de-debate\/","url_meta":{"origin":79280,"position":5},"title":"MINERD celebra por primera vez en el pa\u00eds el &#8221;Campeonato Mundial de Debate&#8221;","author":"Nelson Feliz","date":"13 de julio de 2025","format":false,"excerpt":"El pa\u00eds acoge por primera vez el mayor encuentro internacional de oratoria, con temas clave para el futuro de la democracia y la educaci\u00f3n El Ministerio de Educaci\u00f3n de la Rep\u00fablica Dominicana (MINERD) celebra por primera vez en la historia del pa\u00eds la XV edici\u00f3n del Campeonato Mundial Universitario de\u2026","rel":"","context":"En \u00abNACIONALES\u00bb","block_context":{"text":"NACIONALES","link":"https:\/\/lasprimeras.com.do\/index.php\/category\/nacionales\/"},"img":{"alt_text":"","src":"https:\/\/i0.wp.com\/lasprimeras.com.do\/wp-content\/uploads\/2025\/07\/educacion.jpg?resize=350%2C200&ssl=1","width":350,"height":200,"srcset":"https:\/\/i0.wp.com\/lasprimeras.com.do\/wp-content\/uploads\/2025\/07\/educacion.jpg?resize=350%2C200&ssl=1 1x, https:\/\/i0.wp.com\/lasprimeras.com.do\/wp-content\/uploads\/2025\/07\/educacion.jpg?resize=525%2C300&ssl=1 1.5x, https:\/\/i0.wp.com\/lasprimeras.com.do\/wp-content\/uploads\/2025\/07\/educacion.jpg?resize=700%2C400&ssl=1 2x"},"classes":[]}],"jetpack_sharing_enabled":true,"_links":{"self":[{"href":"https:\/\/lasprimeras.com.do\/index.php\/wp-json\/wp\/v2\/posts\/79280","targetHints":{"allow":["GET"]}}],"collection":[{"href":"https:\/\/lasprimeras.com.do\/index.php\/wp-json\/wp\/v2\/posts"}],"about":[{"href":"https:\/\/lasprimeras.com.do\/index.php\/wp-json\/wp\/v2\/types\/post"}],"author":[{"embeddable":true,"href":"https:\/\/lasprimeras.com.do\/index.php\/wp-json\/wp\/v2\/users\/2"}],"replies":[{"embeddable":true,"href":"https:\/\/lasprimeras.com.do\/index.php\/wp-json\/wp\/v2\/comments?post=79280"}],"version-history":[{"count":1,"href":"https:\/\/lasprimeras.com.do\/index.php\/wp-json\/wp\/v2\/posts\/79280\/revisions"}],"predecessor-version":[{"id":79283,"href":"https:\/\/lasprimeras.com.do\/index.php\/wp-json\/wp\/v2\/posts\/79280\/revisions\/79283"}],"wp:featuredmedia":[{"embeddable":true,"href":"https:\/\/lasprimeras.com.do\/index.php\/wp-json\/wp\/v2\/media\/79281"}],"wp:attachment":[{"href":"https:\/\/lasprimeras.com.do\/index.php\/wp-json\/wp\/v2\/media?parent=79280"}],"wp:term":[{"taxonomy":"category","embeddable":true,"href":"https:\/\/lasprimeras.com.do\/index.php\/wp-json\/wp\/v2\/categories?post=79280"},{"taxonomy":"post_tag","embeddable":true,"href":"https:\/\/lasprimeras.com.do\/index.php\/wp-json\/wp\/v2\/tags?post=79280"}],"curies":[{"name":"wp","href":"https:\/\/api.w.org\/{rel}","templated":true}]}}