{"id":79287,"date":"2024-03-25T19:33:55","date_gmt":"2024-03-25T23:33:55","guid":{"rendered":"https:\/\/lasprimeras.com.do\/?p=79287"},"modified":"2024-03-25T19:33:56","modified_gmt":"2024-03-25T23:33:56","slug":"desantis-firma-ley-que-prohibe-redes-sociales-a-menores-de-14-anos","status":"publish","type":"post","link":"https:\/\/lasprimeras.com.do\/index.php\/2024\/03\/25\/desantis-firma-ley-que-prohibe-redes-sociales-a-menores-de-14-anos\/","title":{"rendered":"DeSantis firma ley que proh\u00edbe redes sociales a menores de 14 a\u00f1os"},"content":{"rendered":"\n<p>FLORIDA- El gobernador de Florida, Ron DeSantis, firm\u00f3 este lunes un proyecto de ley que proh\u00edbe a los ni\u00f1os menores de 14 a\u00f1os tener cuentas en las redes sociales.<\/p>\n\n\n\n<p>DeSantis firm\u00f3 la HB 3, tambi\u00e9n conocida como el proyecto de ley de \u201cProtecciones en l\u00ednea para menores\u201d, que fue respaldado por varios l\u00edderes locales y estatales.<\/p>\n\n\n\n<p>Seg\u00fan la HB 3, las empresas de redes sociales tendr\u00e1n la obligaci\u00f3n de prohibir a las personas menores de 14 a\u00f1os tener cuentas en plataformas como Instagram y TikTok.<\/p>\n\n\n\n<p>Los j\u00f3venes mayores de 14 a\u00f1os tambi\u00e9n deber\u00e1n obtener el consentimiento de los padres para el uso de Redes Sociales.<\/p>\n\n\n\n<p>DeSantis habl\u00f3 en Cornerstone Classical Academy, una escuela ch\u00e1rter en Jacksonville, y estuvo acompa\u00f1ado por la fiscal general Ashley Moody, el comisionado de Educaci\u00f3n Manny D\u00edaz Jr. y el presidente de la C\u00e1mara de Representantes, Paul Renner.<\/p>\n\n\n\n<p>\u201cNinguno de nosotros puede quedarse al margen cuando se trata de las redes sociales y cuando se trata de la pornograf\u00eda dura a la que nuestros hijos est\u00e1n siendo expuestos\u201d, dijo Renner.<\/p>\n\n\n\n<p>Paul Renner asegur\u00f3 que las redes sociales son la principal plataforma en la que se trafica con ni\u00f1os, y en las redes sociales se cometen m\u00e1s delitos contra los ni\u00f1os que en cualquier otro lugar.<\/p>\n\n\n\n<p>Dijo que el uso \u201cexcesivo\u201d de las redes sociales por parte de los ni\u00f1os ha causado un efecto devastador en el bienestar mental de los ni\u00f1os y ha llevado a pensamientos de depresi\u00f3n, suicidio y autolesiones.<\/p>\n\n\n\n<p>Los legisladores se unieron a DeSantis para desarrollar una legislaci\u00f3n que se alinee con su aprobaci\u00f3n la cual involucra a los padres en el proceso de toma de decisiones.<\/p>\n\n\n\n<p>\u201cPor favor, encuentren su comunidad de apoyo. Como madre, ayudar\u00e9 a hacer todo lo posible para defender este proyecto de ley\u201d, dijo Moody.<\/p>\n\n\n\n<p>El proyecto de ley requiere la verificaci\u00f3n de edad para tratar de evitar que los menores de 18 a\u00f1os tengan acceso a sitios pornogr\u00e1ficos en l\u00ednea.<\/p>\n\n\n\n<p>La ley entrar\u00e1 en vigor el 1 de julio.<\/p>\n","protected":false},"excerpt":{"rendered":"<p>FLORIDA- El gobernador de Florida, Ron DeSantis, firm\u00f3 este lunes un proyecto de ley que proh\u00edbe a los ni\u00f1os menores de 14 a\u00f1os tener cuentas en las redes sociales. DeSantis&hellip;<\/p>\n","protected":false},"author":2,"featured_media":79288,"comment_status":"open","ping_status":"open","sticky":false,"template":"","format":"standard","meta":{"content-type":"","jetpack_post_was_ever_published":false,"_jetpack_newsletter_access":"","_jetpack_dont_email_post_to_subs":false,"_jetpack_newsletter_tier_id":0,"_jetpack_memberships_contains_paywalled_content":false,"_jetpack_memberships_contains_paid_content":false,"footnotes":""},"categories":[1],"tags":[411,3439,4700,1934,4107],"class_list":["post-79287","post","type-post","status-publish","format-standard","has-post-thumbnail","hentry","category-sin-categoria","tag-ley","tag-menores","tag-prohibe","tag-redes-sociales","tag-ron-desantis"],"jetpack_featured_media_url":"https:\/\/lasprimeras.com.do\/wp-content\/uploads\/2024\/03\/Ron-deSantis.jpg","jetpack-related-posts":[{"id":53702,"url":"https:\/\/lasprimeras.com.do\/index.php\/2023\/06\/30\/desantis-promulga-ley-que-permite-construir-nuevas-calles-con-desechos-mineros-radioactivos-vinculados-al-cancer\/","url_meta":{"origin":79287,"position":0},"title":"DeSantis promulga ley que permite construir nuevas calles con desechos mineros \u2018radioactivos\u2019 vinculados al c\u00e1ncer","author":"Nelson Feliz","date":"30 de junio de 2023","format":false,"excerpt":"Por Olafimihan Oshin, The Hill El gobernador de Florida, Ron DeSantis (R), firm\u00f3 un proyecto de ley el jueves que permitir\u00e1 que se construyan nuevas carreteras en el estado con desechos mineros \u201cradiactivos\u201d que se han relacionado con el c\u00e1ncer. HB 1191 agrega fosfoyeso a una lista de \u201cmateriales reciclables\u201d\u2026","rel":"","context":"En \u00abSin categor\u00eda\u00bb","block_context":{"text":"Sin categor\u00eda","link":"https:\/\/lasprimeras.com.do\/index.php\/category\/sin-categoria\/"},"img":{"alt_text":"Ron DeSantis","src":"https:\/\/i0.wp.com\/lasprimeras.com.do\/wp-content\/uploads\/2023\/06\/Ron-DeSantis.jpg?resize=350%2C200&ssl=1","width":350,"height":200},"classes":[]},{"id":67843,"url":"https:\/\/lasprimeras.com.do\/index.php\/2023\/11\/19\/desantis-se-niega-a-condenar-publicacion-de-musk-sobre-antisemitismo\/","url_meta":{"origin":79287,"position":1},"title":"DeSantis se niega a condenar publicaci\u00f3n de Musk sobre antisemitismo","author":"Nelson Feliz","date":"19 de noviembre de 2023","format":false,"excerpt":"El candidato presidencial republicano Ron DeSantis se neg\u00f3 a condenar la publicaci\u00f3n de Elon Musk que respalda una teor\u00eda de conspiraci\u00f3n antisemita y sostuvo el domingo que no estaba familiarizado con la publicaci\u00f3n, que llev\u00f3 a grandes empresas a retirar publicidad de la red social X. \u201cNo vi el comentario\u201d,\u2026","rel":"","context":"En \u00abSin categor\u00eda\u00bb","block_context":{"text":"Sin categor\u00eda","link":"https:\/\/lasprimeras.com.do\/index.php\/category\/sin-categoria\/"},"img":{"alt_text":"Ron DeSantis habla durante el Foro Familiar de Acci\u00f3n de Gracias de L\u00edderes de la Familia, el 17 de noviembre de 2023, en Des Moines, Iowa. (AP\/CHARLIE NEIBERGALL)","src":"https:\/\/i0.wp.com\/lasprimeras.com.do\/wp-content\/uploads\/2023\/11\/Ron-DeSantis.jpg?resize=350%2C200&ssl=1","width":350,"height":200,"srcset":"https:\/\/i0.wp.com\/lasprimeras.com.do\/wp-content\/uploads\/2023\/11\/Ron-DeSantis.jpg?resize=350%2C200&ssl=1 1x, https:\/\/i0.wp.com\/lasprimeras.com.do\/wp-content\/uploads\/2023\/11\/Ron-DeSantis.jpg?resize=525%2C300&ssl=1 1.5x, https:\/\/i0.wp.com\/lasprimeras.com.do\/wp-content\/uploads\/2023\/11\/Ron-DeSantis.jpg?resize=700%2C400&ssl=1 2x"},"classes":[]},{"id":54945,"url":"https:\/\/lasprimeras.com.do\/index.php\/2023\/07\/16\/desantis-esta-recortando-personal-a-medida-que-surge-una-nueva-presion-financiera\/","url_meta":{"origin":79287,"position":2},"title":"DeSantis est\u00e1 recortando personal a medida que surge una nueva presi\u00f3n financiera","author":"Nelson Feliz","date":"16 de julio de 2023","format":false,"excerpt":"POR STEVE GENTE El aspirante republicano a la presidencia, Ron DeSantis, est\u00e1 recortando personal de campa\u00f1a mientras lucha por atrapar al expresidente Donald Trump en las concurridas elecciones primarias del Partido Republicano mientras enfrenta una presi\u00f3n financiera inesperada. El gobernador de Florida, DeSantis, despidi\u00f3 a menos de 10 empleados pagados\u2026","rel":"","context":"En \u00abSin categor\u00eda\u00bb","block_context":{"text":"Sin categor\u00eda","link":"https:\/\/lasprimeras.com.do\/index.php\/category\/sin-categoria\/"},"img":{"alt_text":"Ron DeSantis","src":"https:\/\/i0.wp.com\/lasprimeras.com.do\/wp-content\/uploads\/2023\/07\/Ron-DeSantis-1.jpg?resize=350%2C200&ssl=1","width":350,"height":200,"srcset":"https:\/\/i0.wp.com\/lasprimeras.com.do\/wp-content\/uploads\/2023\/07\/Ron-DeSantis-1.jpg?resize=350%2C200&ssl=1 1x, https:\/\/i0.wp.com\/lasprimeras.com.do\/wp-content\/uploads\/2023\/07\/Ron-DeSantis-1.jpg?resize=525%2C300&ssl=1 1.5x, https:\/\/i0.wp.com\/lasprimeras.com.do\/wp-content\/uploads\/2023\/07\/Ron-DeSantis-1.jpg?resize=700%2C400&ssl=1 2x"},"classes":[]},{"id":105230,"url":"https:\/\/lasprimeras.com.do\/index.php\/2025\/07\/31\/australia-incluye-a-youtube-en-su-prohibicion-de-redes-sociales-para-menores-de-16-anos\/","url_meta":{"origin":79287,"position":3},"title":"Australia incluye a YouTube en su prohibici\u00f3n de redes sociales para menores de 16 a\u00f1os","author":"Nelson Feliz","date":"31 de julio de 2025","format":false,"excerpt":"Canberra desaf\u00eda a Alphabet y endurece las restricciones a las plataformas digitales; otras naciones siguen con atenci\u00f3n la iniciativa Australia - Australia ha ampliado su ofensiva contra el uso de redes sociales por parte de menores de edad al incluir a YouTube en la lista de plataformas prohibidas para adolescentes\u2026","rel":"","context":"En \u00abINTERNACIONALES\u00bb","block_context":{"text":"INTERNACIONALES","link":"https:\/\/lasprimeras.com.do\/index.php\/category\/sin-categoria\/internacionales\/"},"img":{"alt_text":"","src":"https:\/\/i0.wp.com\/lasprimeras.com.do\/wp-content\/uploads\/2025\/07\/youtube.jpg?resize=350%2C200&ssl=1","width":350,"height":200,"srcset":"https:\/\/i0.wp.com\/lasprimeras.com.do\/wp-content\/uploads\/2025\/07\/youtube.jpg?resize=350%2C200&ssl=1 1x, https:\/\/i0.wp.com\/lasprimeras.com.do\/wp-content\/uploads\/2025\/07\/youtube.jpg?resize=525%2C300&ssl=1 1.5x, https:\/\/i0.wp.com\/lasprimeras.com.do\/wp-content\/uploads\/2025\/07\/youtube.jpg?resize=700%2C400&ssl=1 2x"},"classes":[]},{"id":53905,"url":"https:\/\/lasprimeras.com.do\/index.php\/2023\/07\/03\/trump-y-desantis-buscan-demostrar-quien-es-mas-duro-con-la-inmigracion\/","url_meta":{"origin":79287,"position":4},"title":"Trump y DeSantis buscan demostrar qui\u00e9n es m\u00e1s duro con la inmigraci\u00f3n","author":"Nelson Feliz","date":"3 de julio de 2023","format":false,"excerpt":"Por Julia Manchester, Rafael Bernal, The Hill El expresidente Donald Trump y el gobernador de Florida, Ron DeSantis (R), est\u00e1n involucrados en una escalada de ida y vuelta sobre sus respectivos planes de inmigraci\u00f3n, compitiendo por qui\u00e9n presenta la visi\u00f3n m\u00e1s agresiva en la frontera. El martes, DeSantis present\u00f3 su\u2026","rel":"","context":"En \u00abSin categor\u00eda\u00bb","block_context":{"text":"Sin categor\u00eda","link":"https:\/\/lasprimeras.com.do\/index.php\/category\/sin-categoria\/"},"img":{"alt_text":"Trump y DeSantis","src":"https:\/\/i0.wp.com\/lasprimeras.com.do\/wp-content\/uploads\/2023\/07\/Trump-y-DeSantis.jpg?resize=350%2C200&ssl=1","width":350,"height":200},"classes":[]},{"id":51822,"url":"https:\/\/lasprimeras.com.do\/index.php\/2023\/06\/04\/biden-promulga-la-ley-del-nuevo-techo-de-endeudamiento\/","url_meta":{"origin":79287,"position":5},"title":"Biden promulga la ley del nuevo techo de endeudamiento","author":"prenxa100","date":"4 de junio de 2023","format":false,"excerpt":"El presidente estadounidense, Joe Biden, ha firmado la promulgaci\u00f3n de la Ley de Responsabilidad Fiscal de 2023, fruto de las negociaciones mantenidas con los republicanos que son mayor\u00eda en la C\u00e1mara de Representantes y que permite elevar el techo de endeudamiento del Estado. Biden ha destacado la \u00abvictoria\u00bb que supone\u2026","rel":"","context":"En \u00abSin categor\u00eda\u00bb","block_context":{"text":"Sin categor\u00eda","link":"https:\/\/lasprimeras.com.do\/index.php\/category\/sin-categoria\/"},"img":{"alt_text":"","src":"","width":0,"height":0},"classes":[]}],"jetpack_sharing_enabled":true,"_links":{"self":[{"href":"https:\/\/lasprimeras.com.do\/index.php\/wp-json\/wp\/v2\/posts\/79287","targetHints":{"allow":["GET"]}}],"collection":[{"href":"https:\/\/lasprimeras.com.do\/index.php\/wp-json\/wp\/v2\/posts"}],"about":[{"href":"https:\/\/lasprimeras.com.do\/index.php\/wp-json\/wp\/v2\/types\/post"}],"author":[{"embeddable":true,"href":"https:\/\/lasprimeras.com.do\/index.php\/wp-json\/wp\/v2\/users\/2"}],"replies":[{"embeddable":true,"href":"https:\/\/lasprimeras.com.do\/index.php\/wp-json\/wp\/v2\/comments?post=79287"}],"version-history":[{"count":1,"href":"https:\/\/lasprimeras.com.do\/index.php\/wp-json\/wp\/v2\/posts\/79287\/revisions"}],"predecessor-version":[{"id":79289,"href":"https:\/\/lasprimeras.com.do\/index.php\/wp-json\/wp\/v2\/posts\/79287\/revisions\/79289"}],"wp:featuredmedia":[{"embeddable":true,"href":"https:\/\/lasprimeras.com.do\/index.php\/wp-json\/wp\/v2\/media\/79288"}],"wp:attachment":[{"href":"https:\/\/lasprimeras.com.do\/index.php\/wp-json\/wp\/v2\/media?parent=79287"}],"wp:term":[{"taxonomy":"category","embeddable":true,"href":"https:\/\/lasprimeras.com.do\/index.php\/wp-json\/wp\/v2\/categories?post=79287"},{"taxonomy":"post_tag","embeddable":true,"href":"https:\/\/lasprimeras.com.do\/index.php\/wp-json\/wp\/v2\/tags?post=79287"}],"curies":[{"name":"wp","href":"https:\/\/api.w.org\/{rel}","templated":true}]}}