{"id":79299,"date":"2024-03-25T22:20:16","date_gmt":"2024-03-26T02:20:16","guid":{"rendered":"https:\/\/lasprimeras.com.do\/?p=79299"},"modified":"2024-03-25T22:20:17","modified_gmt":"2024-03-26T02:20:17","slug":"semana-santa-sin-prisa-y-sin-alcohol","status":"publish","type":"post","link":"https:\/\/lasprimeras.com.do\/index.php\/2024\/03\/25\/semana-santa-sin-prisa-y-sin-alcohol\/","title":{"rendered":"Semana Santa sin prisa y sin alcohol"},"content":{"rendered":"\n<p><strong>Por MARCOS DOMINICI B.<\/strong><\/p>\n\n\n\n<p><strong>La Semana Santa es un tiempo de asueto y reflexi\u00f3n.<\/strong> Entramos en la celebraci\u00f3n de Semana Santa, la Semana Mayor. Un asueto que bien se presta no solo para el descanso sino tambi\u00e9n para la reflexi\u00f3n.<\/p>\n\n\n\n<p>Es un momento para el recogimiento y recordaci\u00f3n de lo que constituy\u00f3 para la humanidad el acontecimiento m\u00e1s significativo que registra la historia; la pasi\u00f3n, crucifixi\u00f3n y muerte y posterior resurrecci\u00f3n de Cristo Jes\u00fas, de quien se dice en la Biblia que vino al mundo para salvarnos de nuestros pecados.<\/p>\n\n\n\n<p>Celebramos la vida ejemplar de aquel que se apart\u00f3 del lado del trono del Creador para venir al mundo a nacer y manifestar cu\u00e1n grande es el amor de Dios para los hombres muriendo en una cruz por sus pecados.<\/p>\n\n\n\n<p>&#8220;Porque de tal manera am\u00f3 Dios al mundo que ha dado a su \u00fanico hijo para que todo aquel que en \u00e9l cree, no se pierda, m\u00e1s tenga vida eterna&#8221;. Dice en el libro de Juan 3:16.<\/p>\n\n\n\n<p>Por eso creemos que es un buen momento para ponernos a pensar en que tal sacrificio merece tambi\u00e9n que nos tomemos un tiempo para el recogimiento y no para la exacerbaci\u00f3n. Un tiempo sin discusiones, ni peleas, sin diatribas y sin egos.<\/p>\n\n\n\n<p>Quiz\u00e1 nos pudiera servir para el descanso o para el preg\u00f3n, para la risa sincera, para dar vida y amor. Para olvidar las ofensas que da\u00f1an el coraz\u00f3n, para borrar nuestras penas y para darnos perd\u00f3n. Para cuidar a nuestros seres queridos con armon\u00eda y uni\u00f3n. Tambi\u00e9n podr\u00edamos tomarnos esta Semana Santa sin prisa y sin alcohol.<\/p>\n","protected":false},"excerpt":{"rendered":"<p>Por MARCOS DOMINICI B. La Semana Santa es un tiempo de asueto y reflexi\u00f3n. Entramos en la celebraci\u00f3n de Semana Santa, la Semana Mayor. Un asueto que bien se presta&hellip;<\/p>\n","protected":false},"author":2,"featured_media":79300,"comment_status":"open","ping_status":"open","sticky":false,"template":"","format":"standard","meta":{"content-type":"","jetpack_post_was_ever_published":false,"_jetpack_newsletter_access":"","_jetpack_dont_email_post_to_subs":false,"_jetpack_newsletter_tier_id":0,"_jetpack_memberships_contains_paywalled_content":false,"_jetpack_memberships_contains_paid_content":false,"footnotes":""},"categories":[95],"tags":[12292],"class_list":["post-79299","post","type-post","status-publish","format-standard","has-post-thumbnail","hentry","category-opinion","tag-semana-santa-sin-prisa-y-sin-alcohol"],"jetpack_featured_media_url":"https:\/\/lasprimeras.com.do\/wp-content\/uploads\/2024\/03\/Marcos-Dominici-B.-21.jpeg","jetpack-related-posts":[{"id":79159,"url":"https:\/\/lasprimeras.com.do\/index.php\/2024\/03\/24\/reynaldo-franco-llama-a-meditar-en-la-palabra-de-dios-durante-asueto-de-semana-santa\/","url_meta":{"origin":79299,"position":0},"title":"Reynaldo Franco llama a \u00a0meditar en la \u201cPalabra de Dios\u201d durante asueto de Semana Santa","author":"Nelson Feliz","date":"24 de marzo de 2024","format":false,"excerpt":"El obispo Nacional de las Iglesias Pentecostales de Jesucristo IPJ y la Comunidad Apost\u00f3lica Internacional COAPIN, doctor Reynaldo Franco Aquino, hizo un llamado a la poblaci\u00f3n a la reflexi\u00f3n durante el tiempo de asueto por la Semana Santa. El l\u00edder evang\u00e9lico inst\u00f3 a los ciudadanos a dedicar tiempo de calidad\u2026","rel":"","context":"En \u00abNACIONALES\u00bb","block_context":{"text":"NACIONALES","link":"https:\/\/lasprimeras.com.do\/index.php\/category\/nacionales\/"},"img":{"alt_text":"Reynaldo Franco Aquino","src":"https:\/\/i0.wp.com\/lasprimeras.com.do\/wp-content\/uploads\/2024\/03\/Reynaldo-Franco-Aquino.jpg?resize=350%2C200&ssl=1","width":350,"height":200,"srcset":"https:\/\/i0.wp.com\/lasprimeras.com.do\/wp-content\/uploads\/2024\/03\/Reynaldo-Franco-Aquino.jpg?resize=350%2C200&ssl=1 1x, https:\/\/i0.wp.com\/lasprimeras.com.do\/wp-content\/uploads\/2024\/03\/Reynaldo-Franco-Aquino.jpg?resize=525%2C300&ssl=1 1.5x, https:\/\/i0.wp.com\/lasprimeras.com.do\/wp-content\/uploads\/2024\/03\/Reynaldo-Franco-Aquino.jpg?resize=700%2C400&ssl=1 2x"},"classes":[]},{"id":97191,"url":"https:\/\/lasprimeras.com.do\/index.php\/2025\/04\/17\/garcia-fermin-invita-a-reflexionar-sobre-la-semana-santa\/","url_meta":{"origin":79299,"position":1},"title":"Garc\u00eda Ferm\u00edn invita a reflexionar sobre la Semana Santa","author":"Nelson Feliz","date":"17 de abril de 2025","format":false,"excerpt":"El ministro de Educaci\u00f3n Superior (MESCyT), doctor Franklin Garc\u00eda Ferm\u00edn, exhort\u00f3 a los dominicanos a aprovechar el asueto de Semana Santa para reflexionar sobre el sacrificio y el amor de Jesucristo, reencontrarse con uno mismo y reorientar sus acciones como ciudadanos. \"Los animo a hacer una pausa y aprovechar este\u2026","rel":"","context":"En \u00abNACIONALES\u00bb","block_context":{"text":"NACIONALES","link":"https:\/\/lasprimeras.com.do\/index.php\/category\/nacionales\/"},"img":{"alt_text":"Franklin Garc\u00eda Ferm\u00edn","src":"https:\/\/i0.wp.com\/lasprimeras.com.do\/wp-content\/uploads\/2025\/04\/Franklin-Garcia-Fermin.jpg?resize=350%2C200&ssl=1","width":350,"height":200,"srcset":"https:\/\/i0.wp.com\/lasprimeras.com.do\/wp-content\/uploads\/2025\/04\/Franklin-Garcia-Fermin.jpg?resize=350%2C200&ssl=1 1x, https:\/\/i0.wp.com\/lasprimeras.com.do\/wp-content\/uploads\/2025\/04\/Franklin-Garcia-Fermin.jpg?resize=525%2C300&ssl=1 1.5x, https:\/\/i0.wp.com\/lasprimeras.com.do\/wp-content\/uploads\/2025\/04\/Franklin-Garcia-Fermin.jpg?resize=700%2C400&ssl=1 2x"},"classes":[]},{"id":79380,"url":"https:\/\/lasprimeras.com.do\/index.php\/2024\/03\/26\/secretario-del-sntp-sde-llama-respetar-asueto-de-la-semana-santa\/","url_meta":{"origin":79299,"position":2},"title":"Secretario del SNTP-SDE \u00a0llama respetar asueto de la Semana Santa","author":"Nelson Feliz","date":"26 de marzo de 2024","format":false,"excerpt":"Tambi\u00e9n hizo un llamado de reflexi\u00f3n a periodistas y dem\u00e1s trabajadores de la prensa a actuar con \u00e9tica prudencia y servir con humildad al ejercer sus funciones de informar a la ciudadan\u00eda. El Secretario General del Sindicato Nacional de Trabajadores de la Prensa, Filial Santo Domingo Este (SNTP-SDE), Wilson Guerrero\u2026","rel":"","context":"En \u00abPORTADA\u00bb","block_context":{"text":"PORTADA","link":"https:\/\/lasprimeras.com.do\/index.php\/category\/portada\/"},"img":{"alt_text":"Wilson Guerrero","src":"https:\/\/i0.wp.com\/lasprimeras.com.do\/wp-content\/uploads\/2024\/03\/Wilson-Guerrero-1.jpg?resize=350%2C200&ssl=1","width":350,"height":200,"srcset":"https:\/\/i0.wp.com\/lasprimeras.com.do\/wp-content\/uploads\/2024\/03\/Wilson-Guerrero-1.jpg?resize=350%2C200&ssl=1 1x, https:\/\/i0.wp.com\/lasprimeras.com.do\/wp-content\/uploads\/2024\/03\/Wilson-Guerrero-1.jpg?resize=525%2C300&ssl=1 1.5x"},"classes":[]},{"id":79599,"url":"https:\/\/lasprimeras.com.do\/index.php\/2024\/03\/29\/politicos-exhortan-a-la-poblacion-a-reflexionar-durante-la-semana-santa\/","url_meta":{"origin":79299,"position":3},"title":"Pol\u00edticos exhortan a la poblaci\u00f3n a reflexionar durante la Semana Santa","author":"BIMARY DE JES\u00daS Matos","date":"29 de marzo de 2024","format":false,"excerpt":"Santo Domingo.-Dirigentes pol\u00edticos de diversas organizaciones enviaron su tradicional mensaje por el asueto de Semana Santa donde exhortaron a la poblaci\u00f3n dominicana a pasar este tiempo en reflexi\u00f3n y actuar con precauci\u00f3n. El candidato presidencial del partido Fuerza del Pueblo, Leonel Fern\u00e1ndez, invit\u00f3 a los dominicanos a \"recogerse en esp\u00edritu\u2026","rel":"","context":"En \u00abSin categor\u00eda\u00bb","block_context":{"text":"Sin categor\u00eda","link":"https:\/\/lasprimeras.com.do\/index.php\/category\/sin-categoria\/"},"img":{"alt_text":"","src":"https:\/\/i0.wp.com\/lasprimeras.com.do\/wp-content\/uploads\/2024\/03\/6a0c8a05-4f4b-48f5-a1d9-1ad180753c4a-3.jpg?resize=350%2C200&ssl=1","width":350,"height":200,"srcset":"https:\/\/i0.wp.com\/lasprimeras.com.do\/wp-content\/uploads\/2024\/03\/6a0c8a05-4f4b-48f5-a1d9-1ad180753c4a-3.jpg?resize=350%2C200&ssl=1 1x, https:\/\/i0.wp.com\/lasprimeras.com.do\/wp-content\/uploads\/2024\/03\/6a0c8a05-4f4b-48f5-a1d9-1ad180753c4a-3.jpg?resize=525%2C300&ssl=1 1.5x, https:\/\/i0.wp.com\/lasprimeras.com.do\/wp-content\/uploads\/2024\/03\/6a0c8a05-4f4b-48f5-a1d9-1ad180753c4a-3.jpg?resize=700%2C400&ssl=1 2x"},"classes":[]},{"id":79471,"url":"https:\/\/lasprimeras.com.do\/index.php\/2024\/03\/27\/izquierdo-exhorta-a-la-prudencia-y-responsabilidad-en-feriado-de-semana-santa\/","url_meta":{"origin":79299,"position":4},"title":"Izquierdo exhorta a la prudencia y responsabilidad en feriado de Semana Santa","author":"BIMARY DE JES\u00daS Matos","date":"27 de marzo de 2024","format":false,"excerpt":"Santo Domingo, Rep. Dom.- La dirigente pol\u00edtica Alexandra Izquierdo, exhort\u00f3 a la poblaci\u00f3n de Rep\u00fablica Dominicana compartir en el feriado de la Semana Santa con los seres queridos con prudencia y responsabilidad, para evitar situaciones lamentables para que el pr\u00f3ximo lunes se puedan integrar a las labores productivas sin mayores\u2026","rel":"","context":"En \u00abSin categor\u00eda\u00bb","block_context":{"text":"Sin categor\u00eda","link":"https:\/\/lasprimeras.com.do\/index.php\/category\/sin-categoria\/"},"img":{"alt_text":"","src":"https:\/\/i0.wp.com\/lasprimeras.com.do\/wp-content\/uploads\/2024\/03\/WhatsApp-Image-2024-03-27-at-11.14.18-AM.webp?resize=350%2C200&ssl=1","width":350,"height":200,"srcset":"https:\/\/i0.wp.com\/lasprimeras.com.do\/wp-content\/uploads\/2024\/03\/WhatsApp-Image-2024-03-27-at-11.14.18-AM.webp?resize=350%2C200&ssl=1 1x, https:\/\/i0.wp.com\/lasprimeras.com.do\/wp-content\/uploads\/2024\/03\/WhatsApp-Image-2024-03-27-at-11.14.18-AM.webp?resize=525%2C300&ssl=1 1.5x"},"classes":[]},{"id":79635,"url":"https:\/\/lasprimeras.com.do\/index.php\/2024\/03\/28\/el-hospital-dario-contreras-preparado-ante-asueto-de-semana-santa\/","url_meta":{"origin":79299,"position":5},"title":"El hospital Dar\u00edo Contreras preparado ante asueto de Semana Santa","author":"Nelson Feliz","date":"28 de marzo de 2024","format":false,"excerpt":"En el hospital Dar\u00edo Contreras est\u00e1n preparados con 100 camas disponibles, aproximadamente 40 m\u00e9dicos especializados en diferentes \u00e1reas y la emergencia abierta 24 horas para brindar asistencia m\u00e9dica durante el asueto de Semana Santa. Neurocirujano, traumat\u00f3logo, maxilofaciales, cirujano general y tor\u00e1cico son de los especialistas que conforman el equipo que\u2026","rel":"","context":"En \u00abSin categor\u00eda\u00bb","block_context":{"text":"Sin categor\u00eda","link":"https:\/\/lasprimeras.com.do\/index.php\/category\/sin-categoria\/"},"img":{"alt_text":"Dario Contreras","src":"https:\/\/i0.wp.com\/lasprimeras.com.do\/wp-content\/uploads\/2024\/03\/Dario-Contreras.jpg?resize=350%2C200&ssl=1","width":350,"height":200},"classes":[]}],"jetpack_sharing_enabled":true,"_links":{"self":[{"href":"https:\/\/lasprimeras.com.do\/index.php\/wp-json\/wp\/v2\/posts\/79299","targetHints":{"allow":["GET"]}}],"collection":[{"href":"https:\/\/lasprimeras.com.do\/index.php\/wp-json\/wp\/v2\/posts"}],"about":[{"href":"https:\/\/lasprimeras.com.do\/index.php\/wp-json\/wp\/v2\/types\/post"}],"author":[{"embeddable":true,"href":"https:\/\/lasprimeras.com.do\/index.php\/wp-json\/wp\/v2\/users\/2"}],"replies":[{"embeddable":true,"href":"https:\/\/lasprimeras.com.do\/index.php\/wp-json\/wp\/v2\/comments?post=79299"}],"version-history":[{"count":1,"href":"https:\/\/lasprimeras.com.do\/index.php\/wp-json\/wp\/v2\/posts\/79299\/revisions"}],"predecessor-version":[{"id":79301,"href":"https:\/\/lasprimeras.com.do\/index.php\/wp-json\/wp\/v2\/posts\/79299\/revisions\/79301"}],"wp:featuredmedia":[{"embeddable":true,"href":"https:\/\/lasprimeras.com.do\/index.php\/wp-json\/wp\/v2\/media\/79300"}],"wp:attachment":[{"href":"https:\/\/lasprimeras.com.do\/index.php\/wp-json\/wp\/v2\/media?parent=79299"}],"wp:term":[{"taxonomy":"category","embeddable":true,"href":"https:\/\/lasprimeras.com.do\/index.php\/wp-json\/wp\/v2\/categories?post=79299"},{"taxonomy":"post_tag","embeddable":true,"href":"https:\/\/lasprimeras.com.do\/index.php\/wp-json\/wp\/v2\/tags?post=79299"}],"curies":[{"name":"wp","href":"https:\/\/api.w.org\/{rel}","templated":true}]}}