{"id":79308,"date":"2024-03-26T07:34:32","date_gmt":"2024-03-26T11:34:32","guid":{"rendered":"https:\/\/lasprimeras.com.do\/?p=79308"},"modified":"2024-03-26T07:34:32","modified_gmt":"2024-03-26T11:34:32","slug":"colapsa-parte-de-un-puente-en-baltimore-maryland-al-ser-golpeado-por-un-carguero-rescatistas-buscan-a-7-en-el-rio","status":"publish","type":"post","link":"https:\/\/lasprimeras.com.do\/index.php\/2024\/03\/26\/colapsa-parte-de-un-puente-en-baltimore-maryland-al-ser-golpeado-por-un-carguero-rescatistas-buscan-a-7-en-el-rio\/","title":{"rendered":"Colapsa parte de un puente en Baltimore, Maryland, al ser golpeado por un carguero; rescatistas buscan a 7 en el r\u00edo"},"content":{"rendered":"\n<p>BALTIMORE, MARYLAND, EEUU \u2014\u00a0Un importante puente de Baltimore se parti\u00f3 y derrumb\u00f3 luego de que un barco portacontenedores se estrell\u00f3 contra la infraestructura en la madrugada del martes, y varios autos cayeron al r\u00edo.<\/p>\n\n\n\n<p> Los rescatistas buscaban a al menos siete personas en el agua.<\/p>\n\n\n\n<p>Al parecer, la embarcaci\u00f3n habr\u00eda impactado contra uno de los pilares del puente Francis Scott Key, lo que hizo que la calzada se partiese en varios puntos y que cayera al agua, seg\u00fan un video publicado en X, antes Twitter. <\/p>\n\n\n\n<p>El buque se incendi\u00f3 y pareci\u00f3 hundirse.<\/p>\n\n\n\n<p>El puente, que se inaugur\u00f3 en 1977, cruza el r\u00edo Patapsco, una arteria vital que, junto con el puerto de Baltimore, es un centro neur\u00e1lgico para el transporte mar\u00edtimo en la costa este.<\/p>\n\n\n\n<p> Fue bautizado en honor del autor de himno de Estados Unidos, \u201cThe Star-Spangled Banner\u201d (&#8220;La bandera de estrellas centelleantes&#8221;).<\/p>\n\n\n\n<p>\u201cEsta es una emergencia grave\u201d, indic\u00f3 Kevin Cartwright, director de comunicaci\u00f3n del Departamento de Bomberos de Baltimore, a The Associated Press. <\/p>\n\n\n\n<p>\u201cAhora mismo, nuestro objetivo es tratar de rescatar y recuperar a esa gente\u201d.<\/p>\n\n\n\n<p>Adem\u00e1s, parec\u00eda haber algunas mercanc\u00edas colgando del puente, a\u00f1adi\u00f3.<\/p>\n\n\n\n<p>Los equipos de emergencias estaban buscando a al menos siete personas que se cree que estar\u00edan en el agua, afirm\u00f3 Cartwright, que a\u00f1adi\u00f3 que era demasiado pronto para saber cu\u00e1ntas personas se hab\u00edan visto afectadas.<\/p>\n\n\n\n<p>Las agencias de emergencias recibieron llamadas de aviso en torno a la 01:30 que reportaban que una embarcaci\u00f3n que sal\u00eda de Baltimore hab\u00eda golpeado uno de los pilares del puente, apunt\u00f3. <\/p>\n\n\n\n<p>En ese momento, sobre el puente hab\u00eda varios veh\u00edculos, incluyendo uno del tama\u00f1o de un cami\u00f3n con remolque.<\/p>\n\n\n\n<p>El alcalde, Brandon M. Scott, y el ejecutivo del condado de Baltimore, Johnny Olszewski Jr., publicaron en redes sociales que los equipos de emergencias estaban en la zona y que hab\u00eda una operaci\u00f3n de rescate en marcha.<\/p>\n\n\n\n<p>\u201cTodos los carriles en ambas direcciones est\u00e1n cerrados por un incidente en el puente Key de la I-695.<\/p>\n\n\n\n<p> El tr\u00e1fico est\u00e1 siendo desviado\u201d, explic\u00f3 la Autoridad de Transporte de Maryland en X.<\/p>\n\n\n\n<p><\/p>\n","protected":false},"excerpt":{"rendered":"<p>BALTIMORE, MARYLAND, EEUU \u2014\u00a0Un importante puente de Baltimore se parti\u00f3 y derrumb\u00f3 luego de que un barco portacontenedores se estrell\u00f3 contra la infraestructura en la madrugada del martes, y varios&hellip;<\/p>\n","protected":false},"author":3,"featured_media":79309,"comment_status":"open","ping_status":"open","sticky":false,"template":"","format":"standard","meta":{"content-type":"","jetpack_post_was_ever_published":false,"_jetpack_newsletter_access":"","_jetpack_dont_email_post_to_subs":false,"_jetpack_newsletter_tier_id":0,"_jetpack_memberships_contains_paywalled_content":false,"_jetpack_memberships_contains_paid_content":false,"footnotes":""},"categories":[1],"tags":[4236],"class_list":["post-79308","post","type-post","status-publish","format-standard","has-post-thumbnail","hentry","category-sin-categoria","tag-baltimore"],"jetpack_featured_media_url":"https:\/\/lasprimeras.com.do\/wp-content\/uploads\/2024\/03\/1db13835-f4a8-4152-8f8e-c30ff89cb382_w650_r1_s.jpg","jetpack-related-posts":[{"id":79344,"url":"https:\/\/lasprimeras.com.do\/index.php\/2024\/03\/26\/declaran-estado-de-emergencia-en-baltimore-tras-colapso-de-puente\/","url_meta":{"origin":79308,"position":0},"title":"Declaran estado de emergencia en Baltimore tras colapso de puente","author":"BIMARY DE JES\u00daS Matos","date":"26 de marzo de 2024","format":false,"excerpt":"MALTIMORE.- El alcalde de Baltimore, Brandon Scott, declar\u00f3 el estado de emergencia en respuesta al colapso del puente. El edil democrata emiti\u00f3 una orden ejecutiva el martes por la ma\u00f1ana para desplegar y ampliar los recursos de emergencia. El estado de emergencia permanecer\u00e1 vigente durante 30 d\u00edas y est\u00e1 sujeto\u2026","rel":"","context":"En \u00abSin categor\u00eda\u00bb","block_context":{"text":"Sin categor\u00eda","link":"https:\/\/lasprimeras.com.do\/index.php\/category\/sin-categoria\/"},"img":{"alt_text":"","src":"https:\/\/i0.wp.com\/lasprimeras.com.do\/wp-content\/uploads\/2024\/03\/GJm7hGbWsAA2sAD.jpg?resize=350%2C200&ssl=1","width":350,"height":200,"srcset":"https:\/\/i0.wp.com\/lasprimeras.com.do\/wp-content\/uploads\/2024\/03\/GJm7hGbWsAA2sAD.jpg?resize=350%2C200&ssl=1 1x, https:\/\/i0.wp.com\/lasprimeras.com.do\/wp-content\/uploads\/2024\/03\/GJm7hGbWsAA2sAD.jpg?resize=525%2C300&ssl=1 1.5x, https:\/\/i0.wp.com\/lasprimeras.com.do\/wp-content\/uploads\/2024\/03\/GJm7hGbWsAA2sAD.jpg?resize=700%2C400&ssl=1 2x"},"classes":[]},{"id":79887,"url":"https:\/\/lasprimeras.com.do\/index.php\/2024\/04\/01\/en-pascua-recuerdan-a-trabajadores-que-fallecieron-tras-colapso-de-puente-en-baltimore\/","url_meta":{"origin":79308,"position":1},"title":"En Pascua, recuerdan a trabajadores que fallecieron tras colapso de puente en Baltimore","author":"BIMARY DE JES\u00daS Matos","date":"1 de abril de 2024","format":false,"excerpt":"BALTIMORE, MARYLAND, EEUU \u2014\u00a0Mientras las cuadrillas continuaban la complicada y meticulosa operaci\u00f3n de retirar el acero y el concreto del puente Francis Scott Key que se desplom\u00f3 en Baltimore, algunos cerca del sitio se tomaron un tiempo el domingo de Pascua para reflexionar sobre los seis trabajadores que fallecieron. El\u2026","rel":"","context":"En \u00abSin categor\u00eda\u00bb","block_context":{"text":"Sin categor\u00eda","link":"https:\/\/lasprimeras.com.do\/index.php\/category\/sin-categoria\/"},"img":{"alt_text":"","src":"https:\/\/i0.wp.com\/lasprimeras.com.do\/wp-content\/uploads\/2024\/04\/97152a4a-ac42-484a-b35b-dcf173d6fe14_w650_r1_s.jpg?resize=350%2C200&ssl=1","width":350,"height":200,"srcset":"https:\/\/i0.wp.com\/lasprimeras.com.do\/wp-content\/uploads\/2024\/04\/97152a4a-ac42-484a-b35b-dcf173d6fe14_w650_r1_s.jpg?resize=350%2C200&ssl=1 1x, https:\/\/i0.wp.com\/lasprimeras.com.do\/wp-content\/uploads\/2024\/04\/97152a4a-ac42-484a-b35b-dcf173d6fe14_w650_r1_s.jpg?resize=525%2C300&ssl=1 1.5x"},"classes":[]},{"id":79542,"url":"https:\/\/lasprimeras.com.do\/index.php\/2024\/03\/28\/recuperan-los-cadaveres-de-dos-de-los-seis-latinos-desaparecidos-por-colapso-de-puente-en-baltimore\/","url_meta":{"origin":79308,"position":2},"title":"Recuperan los cad\u00e1veres de dos de los seis latinos desaparecidos por colapso de puente en Baltimore","author":"BIMARY DE JES\u00daS Matos","date":"28 de marzo de 2024","format":false,"excerpt":"Baltimore.-Dos cad\u00e1veres fueron encontrados atrapados en un veh\u00edculo sumergido tras el derrumbe del puente Francis Scott Key en Baltimore, Maryland. Las autoridades estadounidenses confirmaron este mi\u00e9rcoles el hallazgo de dos cad\u00e1veres atrapados en el interior de un veh\u00edculo en la zona del derrumbe del puente Francis Scott Key, en Baltimore,\u2026","rel":"","context":"En \u00abSin categor\u00eda\u00bb","block_context":{"text":"Sin categor\u00eda","link":"https:\/\/lasprimeras.com.do\/index.php\/category\/sin-categoria\/"},"img":{"alt_text":"","src":"https:\/\/i0.wp.com\/lasprimeras.com.do\/wp-content\/uploads\/2024\/03\/Captura-de-pantalla-2024-01-26-121155.webp?resize=350%2C200&ssl=1","width":350,"height":200,"srcset":"https:\/\/i0.wp.com\/lasprimeras.com.do\/wp-content\/uploads\/2024\/03\/Captura-de-pantalla-2024-01-26-121155.webp?resize=350%2C200&ssl=1 1x, https:\/\/i0.wp.com\/lasprimeras.com.do\/wp-content\/uploads\/2024\/03\/Captura-de-pantalla-2024-01-26-121155.webp?resize=525%2C300&ssl=1 1.5x, https:\/\/i0.wp.com\/lasprimeras.com.do\/wp-content\/uploads\/2024\/03\/Captura-de-pantalla-2024-01-26-121155.webp?resize=700%2C400&ssl=1 2x, https:\/\/i0.wp.com\/lasprimeras.com.do\/wp-content\/uploads\/2024\/03\/Captura-de-pantalla-2024-01-26-121155.webp?resize=1050%2C600&ssl=1 3x, https:\/\/i0.wp.com\/lasprimeras.com.do\/wp-content\/uploads\/2024\/03\/Captura-de-pantalla-2024-01-26-121155.webp?resize=1400%2C800&ssl=1 4x"},"classes":[]},{"id":80989,"url":"https:\/\/lasprimeras.com.do\/index.php\/2024\/04\/15\/autoridades-estadounidenses-hallan-un-nuevo-cuerpo-del-accidente-en-el-puente-de-baltimore\/","url_meta":{"origin":79308,"position":3},"title":"Autoridades estadounidenses hallan un nuevo cuerpo del accidente en el puente de Baltimore","author":"BIMARY DE JES\u00daS Matos","date":"15 de abril de 2024","format":false,"excerpt":"Washington.- Las autoridades estadounidenses informaron este lunes de que se ha hallado un nuevo cuerpo de las v\u00edctimas del accidente en el puente de Baltimore, en el que murieron seis trabajadores de origen latinoamericano. El comunicado del comando que coordina esas labores apunt\u00f3 que, por petici\u00f3n de la familia, no\u2026","rel":"","context":"En \u00abSin categor\u00eda\u00bb","block_context":{"text":"Sin categor\u00eda","link":"https:\/\/lasprimeras.com.do\/index.php\/category\/sin-categoria\/"},"img":{"alt_text":"","src":"https:\/\/i0.wp.com\/lasprimeras.com.do\/wp-content\/uploads\/2024\/04\/WhatsApp-Image-2024-04-15-at-8.14.52-AM-1.jpeg?resize=350%2C200&ssl=1","width":350,"height":200,"srcset":"https:\/\/i0.wp.com\/lasprimeras.com.do\/wp-content\/uploads\/2024\/04\/WhatsApp-Image-2024-04-15-at-8.14.52-AM-1.jpeg?resize=350%2C200&ssl=1 1x, https:\/\/i0.wp.com\/lasprimeras.com.do\/wp-content\/uploads\/2024\/04\/WhatsApp-Image-2024-04-15-at-8.14.52-AM-1.jpeg?resize=525%2C300&ssl=1 1.5x, https:\/\/i0.wp.com\/lasprimeras.com.do\/wp-content\/uploads\/2024\/04\/WhatsApp-Image-2024-04-15-at-8.14.52-AM-1.jpeg?resize=700%2C400&ssl=1 2x"},"classes":[]},{"id":80052,"url":"https:\/\/lasprimeras.com.do\/index.php\/2024\/04\/03\/abren-canal-temporal-para-buques-comerciales-tras-colapso-del-puente-de-baltimore\/","url_meta":{"origin":79308,"position":4},"title":"Abren canal temporal para buques comerciales tras colapso del puente de Baltimore","author":"BIMARY DE JES\u00daS Matos","date":"3 de abril de 2024","format":false,"excerpt":"Los \u00c1ngeles.- La Guardia Costera de Estados Unidos abri\u00f3 este martes un canal temporal alternativo para buques comerciales y esenciales en el r\u00edo Patapsco tras el derrumbamiento del puente Key, de Baltimore. El nuevo canal de 4 metros (14 pies) situado al sur del lugar de la cat\u00e1strofe permitir\u00e1 a\u2026","rel":"","context":"En \u00abSin categor\u00eda\u00bb","block_context":{"text":"Sin categor\u00eda","link":"https:\/\/lasprimeras.com.do\/index.php\/category\/sin-categoria\/"},"img":{"alt_text":"","src":"https:\/\/i0.wp.com\/lasprimeras.com.do\/wp-content\/uploads\/2024\/04\/6a0c8a05-4f4b-48f5-a1d9-1ad180753c4a-1.webp?resize=350%2C200&ssl=1","width":350,"height":200,"srcset":"https:\/\/i0.wp.com\/lasprimeras.com.do\/wp-content\/uploads\/2024\/04\/6a0c8a05-4f4b-48f5-a1d9-1ad180753c4a-1.webp?resize=350%2C200&ssl=1 1x, https:\/\/i0.wp.com\/lasprimeras.com.do\/wp-content\/uploads\/2024\/04\/6a0c8a05-4f4b-48f5-a1d9-1ad180753c4a-1.webp?resize=525%2C300&ssl=1 1.5x, https:\/\/i0.wp.com\/lasprimeras.com.do\/wp-content\/uploads\/2024\/04\/6a0c8a05-4f4b-48f5-a1d9-1ad180753c4a-1.webp?resize=700%2C400&ssl=1 2x, https:\/\/i0.wp.com\/lasprimeras.com.do\/wp-content\/uploads\/2024\/04\/6a0c8a05-4f4b-48f5-a1d9-1ad180753c4a-1.webp?resize=1050%2C600&ssl=1 3x, https:\/\/i0.wp.com\/lasprimeras.com.do\/wp-content\/uploads\/2024\/04\/6a0c8a05-4f4b-48f5-a1d9-1ad180753c4a-1.webp?resize=1400%2C800&ssl=1 4x"},"classes":[]},{"id":79675,"url":"https:\/\/lasprimeras.com.do\/index.php\/2024\/03\/30\/la-comunidad-de-baltimore-reune-unos-98-000-dolares-para-las-familias-de-los-fallecidos\/","url_meta":{"origin":79308,"position":5},"title":"La comunidad de Baltimore re\u00fane unos 98.000 d\u00f3lares para las familias de los fallecidos","author":"BIMARY DE JES\u00daS Matos","date":"30 de marzo de 2024","format":false,"excerpt":"Los \u00c1ngeles (EE.UU.).- La comunidad de Baltimore recolect\u00f3 este jueves unos 98.000 d\u00f3lares (90.826 euros) en solidaridad con las familias de las v\u00edctimas del colapso del puente Francis Scott Key el martes pasado, que se sald\u00f3 con la muerte de seis trabajadores, todos latinoamericanos, y dej\u00f3 a dos m\u00e1s heridos.\u2026","rel":"","context":"En \u00abSin categor\u00eda\u00bb","block_context":{"text":"Sin categor\u00eda","link":"https:\/\/lasprimeras.com.do\/index.php\/category\/sin-categoria\/"},"img":{"alt_text":"","src":"https:\/\/i0.wp.com\/lasprimeras.com.do\/wp-content\/uploads\/2024\/03\/1-millon-de-jovenes-votaran-en-las-elecciones-municipales-2-22.jpg?resize=350%2C200&ssl=1","width":350,"height":200,"srcset":"https:\/\/i0.wp.com\/lasprimeras.com.do\/wp-content\/uploads\/2024\/03\/1-millon-de-jovenes-votaran-en-las-elecciones-municipales-2-22.jpg?resize=350%2C200&ssl=1 1x, https:\/\/i0.wp.com\/lasprimeras.com.do\/wp-content\/uploads\/2024\/03\/1-millon-de-jovenes-votaran-en-las-elecciones-municipales-2-22.jpg?resize=525%2C300&ssl=1 1.5x, https:\/\/i0.wp.com\/lasprimeras.com.do\/wp-content\/uploads\/2024\/03\/1-millon-de-jovenes-votaran-en-las-elecciones-municipales-2-22.jpg?resize=700%2C400&ssl=1 2x, https:\/\/i0.wp.com\/lasprimeras.com.do\/wp-content\/uploads\/2024\/03\/1-millon-de-jovenes-votaran-en-las-elecciones-municipales-2-22.jpg?resize=1050%2C600&ssl=1 3x, https:\/\/i0.wp.com\/lasprimeras.com.do\/wp-content\/uploads\/2024\/03\/1-millon-de-jovenes-votaran-en-las-elecciones-municipales-2-22.jpg?resize=1400%2C800&ssl=1 4x"},"classes":[]}],"jetpack_sharing_enabled":true,"_links":{"self":[{"href":"https:\/\/lasprimeras.com.do\/index.php\/wp-json\/wp\/v2\/posts\/79308","targetHints":{"allow":["GET"]}}],"collection":[{"href":"https:\/\/lasprimeras.com.do\/index.php\/wp-json\/wp\/v2\/posts"}],"about":[{"href":"https:\/\/lasprimeras.com.do\/index.php\/wp-json\/wp\/v2\/types\/post"}],"author":[{"embeddable":true,"href":"https:\/\/lasprimeras.com.do\/index.php\/wp-json\/wp\/v2\/users\/3"}],"replies":[{"embeddable":true,"href":"https:\/\/lasprimeras.com.do\/index.php\/wp-json\/wp\/v2\/comments?post=79308"}],"version-history":[{"count":1,"href":"https:\/\/lasprimeras.com.do\/index.php\/wp-json\/wp\/v2\/posts\/79308\/revisions"}],"predecessor-version":[{"id":79310,"href":"https:\/\/lasprimeras.com.do\/index.php\/wp-json\/wp\/v2\/posts\/79308\/revisions\/79310"}],"wp:featuredmedia":[{"embeddable":true,"href":"https:\/\/lasprimeras.com.do\/index.php\/wp-json\/wp\/v2\/media\/79309"}],"wp:attachment":[{"href":"https:\/\/lasprimeras.com.do\/index.php\/wp-json\/wp\/v2\/media?parent=79308"}],"wp:term":[{"taxonomy":"category","embeddable":true,"href":"https:\/\/lasprimeras.com.do\/index.php\/wp-json\/wp\/v2\/categories?post=79308"},{"taxonomy":"post_tag","embeddable":true,"href":"https:\/\/lasprimeras.com.do\/index.php\/wp-json\/wp\/v2\/tags?post=79308"}],"curies":[{"name":"wp","href":"https:\/\/api.w.org\/{rel}","templated":true}]}}