{"id":79317,"date":"2024-03-26T07:44:43","date_gmt":"2024-03-26T11:44:43","guid":{"rendered":"https:\/\/lasprimeras.com.do\/?p=79317"},"modified":"2024-03-26T07:44:44","modified_gmt":"2024-03-26T11:44:44","slug":"danilo-arremete-contra-delegados-cobardes-y-blandengues","status":"publish","type":"post","link":"https:\/\/lasprimeras.com.do\/index.php\/2024\/03\/26\/danilo-arremete-contra-delegados-cobardes-y-blandengues\/","title":{"rendered":"Danilo arremete contra delegados \u201ccobardes\u201d y \u201cblandengues\u201d"},"content":{"rendered":"\n<p>Santo Domingo.-El presidente del Partido de la Liberaci\u00f3n Dominicana (PLD), Danilo Medina, afirm\u00f3 que no van a tolerar que delegados \u201cblandengues, cobardes y sin car\u00e1cter\u201d impidan que esa organizaci\u00f3n partidaria gane de nuevo las elecciones, por lo que deben ser sacados de la lista de representaci\u00f3n para las elecciones de mayo.<\/p>\n\n\n\n<p>\u201cTodos esos delegados que ni siquiera se quedaron a contar los votos en las mesas, los delegados que estaban afuera que ten\u00edan gafetes y lo vendieron, hay que sacarlos de la lista de representaci\u00f3n del PLD\u201d, precis\u00f3.<\/p>\n\n\n\n<p>El expresidente Medina se refiri\u00f3 al tema durante su participaci\u00f3n en una actividad con candidatos de la la provincia Puerto Plata.<\/p>\n","protected":false},"excerpt":{"rendered":"<p>Santo Domingo.-El presidente del Partido de la Liberaci\u00f3n Dominicana (PLD), Danilo Medina, afirm\u00f3 que no van a tolerar que delegados \u201cblandengues, cobardes y sin car\u00e1cter\u201d impidan que esa organizaci\u00f3n partidaria&hellip;<\/p>\n","protected":false},"author":3,"featured_media":79318,"comment_status":"open","ping_status":"open","sticky":false,"template":"","format":"standard","meta":{"content-type":"","jetpack_post_was_ever_published":false,"_jetpack_newsletter_access":"","_jetpack_dont_email_post_to_subs":false,"_jetpack_newsletter_tier_id":0,"_jetpack_memberships_contains_paywalled_content":false,"_jetpack_memberships_contains_paid_content":false,"footnotes":""},"categories":[1],"tags":[501],"class_list":["post-79317","post","type-post","status-publish","format-standard","has-post-thumbnail","hentry","category-sin-categoria","tag-danilo-medina"],"jetpack_featured_media_url":"https:\/\/lasprimeras.com.do\/wp-content\/uploads\/2024\/03\/1-millon-de-jovenes-votaran-en-las-elecciones-municipales-2-10.jpg","jetpack-related-posts":[{"id":120408,"url":"https:\/\/lasprimeras.com.do\/index.php\/2026\/01\/23\/danilo-medina-juramentara-direccion-de-dignidad-juridica\/","url_meta":{"origin":79317,"position":0},"title":"Danilo Medina juramentar\u00e1 direcci\u00f3n de Dignidad Jur\u00eddica","author":"Nelson Feliz","date":"23 de enero de 2026","format":false,"excerpt":"Con la juramentaci\u00f3n de Dignidad Jur\u00eddica, el PLD fortalece su estructura gremial y defiende el ejercicio del derecho. Con la juramentaci\u00f3n de la nueva direcci\u00f3n nacional de la corriente gremial Dignidad Jur\u00eddica, el Partido de la Liberaci\u00f3n Dominicana fortalece su estructura gremial y se prepara para defender el ejercicio del\u2026","rel":"","context":"En \u00abPOLITICA\u00bb","block_context":{"text":"POLITICA","link":"https:\/\/lasprimeras.com.do\/index.php\/category\/politica\/"},"img":{"alt_text":"","src":"https:\/\/i0.wp.com\/lasprimeras.com.do\/wp-content\/uploads\/2025\/10\/Danilo-Medina-1.jpg?resize=350%2C200&ssl=1","width":350,"height":200,"srcset":"https:\/\/i0.wp.com\/lasprimeras.com.do\/wp-content\/uploads\/2025\/10\/Danilo-Medina-1.jpg?resize=350%2C200&ssl=1 1x, https:\/\/i0.wp.com\/lasprimeras.com.do\/wp-content\/uploads\/2025\/10\/Danilo-Medina-1.jpg?resize=525%2C300&ssl=1 1.5x, https:\/\/i0.wp.com\/lasprimeras.com.do\/wp-content\/uploads\/2025\/10\/Danilo-Medina-1.jpg?resize=700%2C400&ssl=1 2x"},"classes":[]},{"id":122155,"url":"https:\/\/lasprimeras.com.do\/index.php\/2026\/02\/14\/barahona-preparada-para-gran-asamblea-del-pld-alli\/","url_meta":{"origin":79317,"position":1},"title":"Barahona preparada para Gran Asamblea del PLD all\u00ed","author":"Nelson Feliz","date":"14 de febrero de 2026","format":false,"excerpt":"Danilo Medina y Johnny Pujols","rel":"","context":"En \u00abPOLITICA\u00bb","block_context":{"text":"POLITICA","link":"https:\/\/lasprimeras.com.do\/index.php\/category\/politica\/"},"img":{"alt_text":"Danilo Medina y Johnny Pujols","src":"https:\/\/i0.wp.com\/lasprimeras.com.do\/wp-content\/uploads\/2026\/02\/Danilo-Medina-y-Johnny-Pujols.jpg?resize=350%2C200&ssl=1","width":350,"height":200,"srcset":"https:\/\/i0.wp.com\/lasprimeras.com.do\/wp-content\/uploads\/2026\/02\/Danilo-Medina-y-Johnny-Pujols.jpg?resize=350%2C200&ssl=1 1x, https:\/\/i0.wp.com\/lasprimeras.com.do\/wp-content\/uploads\/2026\/02\/Danilo-Medina-y-Johnny-Pujols.jpg?resize=525%2C300&ssl=1 1.5x, https:\/\/i0.wp.com\/lasprimeras.com.do\/wp-content\/uploads\/2026\/02\/Danilo-Medina-y-Johnny-Pujols.jpg?resize=700%2C400&ssl=1 2x"},"classes":[]},{"id":127340,"url":"https:\/\/lasprimeras.com.do\/index.php\/2026\/04\/10\/danilo-medina-se-muestra-esperanzado-de-que-conflicto-del-medio-oriente-llegue-a-su-fin\/","url_meta":{"origin":79317,"position":2},"title":"Danilo Medina se muestra esperanzado de que conflicto del medio oriente llegue a su fin","author":"Nelson Feliz","date":"10 de abril de 2026","format":false,"excerpt":"-Danilo Medina valora el acercamiento del Gobierno y asegura que el PLD analizar\u00e1 las propuestas que les presenten para hacer llegar sus ideas o sugerencias. El ex presidente de la Rep\u00fablica y presidente del Partido de la Liberaci\u00f3n Dominicana (PLD), Danilo Medina, explic\u00f3 que en lo personal y la direcci\u00f3n\u2026","rel":"","context":"En \u00abPOLITICA\u00bb","block_context":{"text":"POLITICA","link":"https:\/\/lasprimeras.com.do\/index.php\/category\/politica\/"},"img":{"alt_text":"Danilo Medina","src":"https:\/\/i0.wp.com\/lasprimeras.com.do\/wp-content\/uploads\/2026\/04\/Reu-con-representacion-Gobierno-3.jpeg?resize=350%2C200&ssl=1","width":350,"height":200,"srcset":"https:\/\/i0.wp.com\/lasprimeras.com.do\/wp-content\/uploads\/2026\/04\/Reu-con-representacion-Gobierno-3.jpeg?resize=350%2C200&ssl=1 1x, https:\/\/i0.wp.com\/lasprimeras.com.do\/wp-content\/uploads\/2026\/04\/Reu-con-representacion-Gobierno-3.jpeg?resize=525%2C300&ssl=1 1.5x, https:\/\/i0.wp.com\/lasprimeras.com.do\/wp-content\/uploads\/2026\/04\/Reu-con-representacion-Gobierno-3.jpeg?resize=700%2C400&ssl=1 2x, https:\/\/i0.wp.com\/lasprimeras.com.do\/wp-content\/uploads\/2026\/04\/Reu-con-representacion-Gobierno-3.jpeg?resize=1050%2C600&ssl=1 3x"},"classes":[]},{"id":105311,"url":"https:\/\/lasprimeras.com.do\/index.php\/2025\/08\/01\/danilo-medina-y-johnny-pujols-encabezaran-asamblea-del-pld-en-la-vega-el-domingo\/","url_meta":{"origin":79317,"position":3},"title":"Danilo Medina y Johnny Pujols encabezar\u00e1n asamblea del PLD en La Vega el domingo","author":"Nelson Feliz","date":"1 de agosto de 2025","format":false,"excerpt":"El PLD en La Vega se prepara para la realizaci\u00f3n de la asamblea provincial programada para el pr\u00f3ximo domingo. El Partido de la Liberaci\u00f3n Dominicana (PLD) en La Vega afina los detalles para celebrar este domingo 3 de agosto la asamblea correspondiente a dicha provincia en la que participar\u00e1n miembros\u2026","rel":"","context":"En \u00abPOLITICA\u00bb","block_context":{"text":"POLITICA","link":"https:\/\/lasprimeras.com.do\/index.php\/category\/politica\/"},"img":{"alt_text":"Danilo Medina y Johnny Pujols","src":"https:\/\/i0.wp.com\/lasprimeras.com.do\/wp-content\/uploads\/2025\/08\/Danilo-Medina-y-Johnny-Pujols.jpg?resize=350%2C200&ssl=1","width":350,"height":200,"srcset":"https:\/\/i0.wp.com\/lasprimeras.com.do\/wp-content\/uploads\/2025\/08\/Danilo-Medina-y-Johnny-Pujols.jpg?resize=350%2C200&ssl=1 1x, https:\/\/i0.wp.com\/lasprimeras.com.do\/wp-content\/uploads\/2025\/08\/Danilo-Medina-y-Johnny-Pujols.jpg?resize=525%2C300&ssl=1 1.5x, https:\/\/i0.wp.com\/lasprimeras.com.do\/wp-content\/uploads\/2025\/08\/Danilo-Medina-y-Johnny-Pujols.jpg?resize=700%2C400&ssl=1 2x"},"classes":[]},{"id":89526,"url":"https:\/\/lasprimeras.com.do\/index.php\/2024\/09\/26\/pld-prepara-plenaria-apertura-de-su-congreso\/","url_meta":{"origin":79317,"position":4},"title":"PLD prepara Plenaria Apertura de su Congreso","author":"Nelson Feliz","date":"26 de septiembre de 2024","format":false,"excerpt":"Danilo Medina, presidente del PLD, Charles Mariotti, secretario general y los miembros del CP, acompa\u00f1ar\u00e1n a la Comisi\u00f3n de X Congreso en el acto de apertura de la Plenaria, este s\u00e1bado. Este s\u00e1bado 28 de septiembre a las nueve de la ma\u00f1ana se realizar\u00e1 el acto de apertura de la\u2026","rel":"","context":"En \u00abPORTADA\u00bb","block_context":{"text":"PORTADA","link":"https:\/\/lasprimeras.com.do\/index.php\/category\/portada\/"},"img":{"alt_text":"PLD","src":"https:\/\/i0.wp.com\/lasprimeras.com.do\/wp-content\/uploads\/2024\/05\/PLD.jpg?resize=350%2C200&ssl=1","width":350,"height":200,"srcset":"https:\/\/i0.wp.com\/lasprimeras.com.do\/wp-content\/uploads\/2024\/05\/PLD.jpg?resize=350%2C200&ssl=1 1x, https:\/\/i0.wp.com\/lasprimeras.com.do\/wp-content\/uploads\/2024\/05\/PLD.jpg?resize=525%2C300&ssl=1 1.5x, https:\/\/i0.wp.com\/lasprimeras.com.do\/wp-content\/uploads\/2024\/05\/PLD.jpg?resize=700%2C400&ssl=1 2x"},"classes":[]},{"id":123124,"url":"https:\/\/lasprimeras.com.do\/index.php\/2026\/02\/25\/gobierno-del-prm-ignora-la-importancia-de-los-profesionales-agropecuarios\/","url_meta":{"origin":79317,"position":5},"title":"Gobierno del PRM ignora la importancia de los profesionales agropecuarios","author":"Nelson Feliz","date":"25 de febrero de 2026","format":false,"excerpt":"Danilo Medina brinda el respaldo del Partido de la Liberaci\u00f3n Dominicana (PLD) a los reclamos de la Asociaci\u00f3n Nacional de Profesionales Agr\u00edcolas (ANPA). El Presidente del Partido de la Liberaci\u00f3n Dominicana (PLD), Danilo Medina, declar\u00f3 que esa organizaci\u00f3n pol\u00edtica brinda su inquebrantable respaldo a la Asociaci\u00f3n Nacional de Profesionales Agr\u00edcolas\u2026","rel":"","context":"En \u00abSin categor\u00eda\u00bb","block_context":{"text":"Sin categor\u00eda","link":"https:\/\/lasprimeras.com.do\/index.php\/category\/sin-categoria\/"},"img":{"alt_text":"","src":"https:\/\/i0.wp.com\/lasprimeras.com.do\/wp-content\/uploads\/2026\/02\/profesionales-agropecuarios.jpg?resize=350%2C200&ssl=1","width":350,"height":200,"srcset":"https:\/\/i0.wp.com\/lasprimeras.com.do\/wp-content\/uploads\/2026\/02\/profesionales-agropecuarios.jpg?resize=350%2C200&ssl=1 1x, https:\/\/i0.wp.com\/lasprimeras.com.do\/wp-content\/uploads\/2026\/02\/profesionales-agropecuarios.jpg?resize=525%2C300&ssl=1 1.5x, https:\/\/i0.wp.com\/lasprimeras.com.do\/wp-content\/uploads\/2026\/02\/profesionales-agropecuarios.jpg?resize=700%2C400&ssl=1 2x"},"classes":[]}],"jetpack_sharing_enabled":true,"_links":{"self":[{"href":"https:\/\/lasprimeras.com.do\/index.php\/wp-json\/wp\/v2\/posts\/79317","targetHints":{"allow":["GET"]}}],"collection":[{"href":"https:\/\/lasprimeras.com.do\/index.php\/wp-json\/wp\/v2\/posts"}],"about":[{"href":"https:\/\/lasprimeras.com.do\/index.php\/wp-json\/wp\/v2\/types\/post"}],"author":[{"embeddable":true,"href":"https:\/\/lasprimeras.com.do\/index.php\/wp-json\/wp\/v2\/users\/3"}],"replies":[{"embeddable":true,"href":"https:\/\/lasprimeras.com.do\/index.php\/wp-json\/wp\/v2\/comments?post=79317"}],"version-history":[{"count":1,"href":"https:\/\/lasprimeras.com.do\/index.php\/wp-json\/wp\/v2\/posts\/79317\/revisions"}],"predecessor-version":[{"id":79319,"href":"https:\/\/lasprimeras.com.do\/index.php\/wp-json\/wp\/v2\/posts\/79317\/revisions\/79319"}],"wp:featuredmedia":[{"embeddable":true,"href":"https:\/\/lasprimeras.com.do\/index.php\/wp-json\/wp\/v2\/media\/79318"}],"wp:attachment":[{"href":"https:\/\/lasprimeras.com.do\/index.php\/wp-json\/wp\/v2\/media?parent=79317"}],"wp:term":[{"taxonomy":"category","embeddable":true,"href":"https:\/\/lasprimeras.com.do\/index.php\/wp-json\/wp\/v2\/categories?post=79317"},{"taxonomy":"post_tag","embeddable":true,"href":"https:\/\/lasprimeras.com.do\/index.php\/wp-json\/wp\/v2\/tags?post=79317"}],"curies":[{"name":"wp","href":"https:\/\/api.w.org\/{rel}","templated":true}]}}