{"id":79332,"date":"2024-03-26T10:21:10","date_gmt":"2024-03-26T14:21:10","guid":{"rendered":"https:\/\/lasprimeras.com.do\/?p=79332"},"modified":"2024-03-26T20:01:11","modified_gmt":"2024-03-27T00:01:11","slug":"luis-el-gallo-pide-apoyo-popular-a-luis-abinader-por-rechazo-a-campamentos-de-refugiados","status":"publish","type":"post","link":"https:\/\/lasprimeras.com.do\/index.php\/2024\/03\/26\/luis-el-gallo-pide-apoyo-popular-a-luis-abinader-por-rechazo-a-campamentos-de-refugiados\/","title":{"rendered":"Luis \u201cEl Gallo\u201d pide apoyo para Abinader por rechazo a campamentos de refugiados"},"content":{"rendered":"\n<p>Santo Domingo.-El presidente de la Uni\u00f3n Dem\u00f3crata Cristiana UDC-, Luis Acosta Moreta, Luis \u201cEl Gallo\u201d, pidi\u00f3 hoy a todo el pueblo dominicano que de su apoyo a la pol\u00edtica nacionalista y democr\u00e1tica del presidente Luis Abinader, en relaci\u00f3n a las provocaciones de los haitianos.<\/p>\n\n\n\n<p>A\u00f1adi\u00f3 que el presidente Abinader ha rechazado todas las presiones de organismos internacionales, Estados Unidos y Canad\u00e1, que quieren echar la crisis haitiana sobre los hombros de los dominicanos.<\/p>\n\n\n\n<p>Adem\u00e1s, se\u00f1al\u00f3, el presidente Abinader ha sido claro de que en el pa\u00eds no se van a permitir los campamentos de refugiados haitianos, que es una de las grandes presiones de las Naciones Unidas.<\/p>\n\n\n\n<p>La UDC desde hace meses levanta la bandera de que es inaceptable que en la Rep\u00fablica Dominicana se abran campamentos para refugiar a haitianos, como lo tienen planificado los organismos internacionales.<\/p>\n\n\n\n<p>Asegur\u00f3 que esa presi\u00f3n de los Estados Unidos y las Naciones Unidas no ha bajado de intensidad, sino que el presidente Abinader sigue siendo firme de que ni un solo metro del territorio nacional se va a destinar a campamentos de refugiados..<\/p>\n\n\n\n<p>Si La ONU y los norteamericanos quieren campamentos de refugiados los pueden establecer en Hait\u00ed, o sencillamente llev\u00e1rselo a territorios inhabitados que hay en los Estados Unidos y Canad\u00e1.<\/p>\n\n\n\n<p>Tambi\u00e9n pidi\u00f3 que el pueblo respalde la pol\u00edtica migratoria del presidente Abinader, que es claro y tajante de que se deportar\u00e1 a todos los extranjeros indocumentados que hay en el pa\u00eds.<\/p>\n\n\n\n<p>Destac\u00f3 que los organismos migratorios de las Naciones Unidas est\u00e1n presionando al gobierno para que detengan las deportaciones de los haitianos ilegales, y que los convierte en una opci\u00f3n que va desde refugiados hasta exiliados.<\/p>\n\n\n\n<p>En la Rep\u00fablica Dominicana no se debe permitir un solo indocumentado y se debe ejercer el derecho a aplicar nuestras leyes migratorias, y lo que manda la Constituci\u00f3n.<\/p>\n","protected":false},"excerpt":{"rendered":"<p>Santo Domingo.-El presidente de la Uni\u00f3n Dem\u00f3crata Cristiana UDC-, Luis Acosta Moreta, Luis \u201cEl Gallo\u201d, pidi\u00f3 hoy a todo el pueblo dominicano que de su apoyo a la pol\u00edtica nacionalista&hellip;<\/p>\n","protected":false},"author":3,"featured_media":79333,"comment_status":"open","ping_status":"open","sticky":false,"template":"","format":"standard","meta":{"content-type":"","jetpack_post_was_ever_published":false,"_jetpack_newsletter_access":"","_jetpack_dont_email_post_to_subs":false,"_jetpack_newsletter_tier_id":0,"_jetpack_memberships_contains_paywalled_content":false,"_jetpack_memberships_contains_paid_content":false,"footnotes":""},"categories":[1],"tags":[1208,8214],"class_list":["post-79332","post","type-post","status-publish","format-standard","has-post-thumbnail","hentry","category-sin-categoria","tag-luis-el-gallo","tag-refugiados"],"jetpack_featured_media_url":"https:\/\/lasprimeras.com.do\/wp-content\/uploads\/2024\/03\/WhatsApp-Image-2024-03-26-at-8.48.04-AM-1-scaled.jpeg","jetpack-related-posts":[{"id":103250,"url":"https:\/\/lasprimeras.com.do\/index.php\/2025\/07\/13\/luis-el-gallo-ve-preocupante-posicion-de-los-obispos-y-amnistia-internacional\/","url_meta":{"origin":79332,"position":0},"title":"Luis \u201cEl Gallo\u201d ve preocupante posici\u00f3n de los obispos y Amnist\u00eda Internacional","author":"Nelson Feliz","date":"13 de julio de 2025","format":false,"excerpt":"El presidente de la Uni\u00f3n Dem\u00f3crata Cristiana \u2013UDC-, Luis Acosta Moreta, Luis \u201cEl Gallo\u201d, pidi\u00f3 hoy el rechazo a las presiones para la fijaci\u00f3n de cuotas de braceros haitianos, que hacen los obispos cat\u00f3licos y Amnist\u00eda Internacional. Afirm\u00f3 que llama la atenci\u00f3n que al tratar el problema haitiano en el\u2026","rel":"","context":"En \u00abPOLITICA\u00bb","block_context":{"text":"POLITICA","link":"https:\/\/lasprimeras.com.do\/index.php\/category\/politica\/"},"img":{"alt_text":"","src":"https:\/\/i0.wp.com\/lasprimeras.com.do\/wp-content\/uploads\/2025\/07\/OBISPO.jpg?resize=350%2C200&ssl=1","width":350,"height":200,"srcset":"https:\/\/i0.wp.com\/lasprimeras.com.do\/wp-content\/uploads\/2025\/07\/OBISPO.jpg?resize=350%2C200&ssl=1 1x, https:\/\/i0.wp.com\/lasprimeras.com.do\/wp-content\/uploads\/2025\/07\/OBISPO.jpg?resize=525%2C300&ssl=1 1.5x, https:\/\/i0.wp.com\/lasprimeras.com.do\/wp-content\/uploads\/2025\/07\/OBISPO.jpg?resize=700%2C400&ssl=1 2x"},"classes":[]},{"id":110091,"url":"https:\/\/lasprimeras.com.do\/index.php\/2025\/09\/25\/udc-respalda-a-presidente-abinader-al-pedir-comunidad-internacional-acuda-en-auxilio-de-haiti\/","url_meta":{"origin":79332,"position":1},"title":"UDC respalda a presidente Abinader, al pedir comunidad internacional acuda en auxilio de Hait\u00ed","author":"Nelson Feliz","date":"25 de septiembre de 2025","format":false,"excerpt":"El presidente de la Uni\u00f3n Dem\u00f3crata Cristiana \u2013UDC-, Luis Acosta Moreta, Luis \u201cEl Gallo\u201d salud\u00f3 y apoy\u00f3 hoy los pronunciamientos hechos por el presidente Luis Abinader de que una fuerza multinacional es la que debe buscar la paz y la soluci\u00f3n de los problemas haitianos. Tambi\u00e9n se\u00f1al\u00f3 como trascendente la\u2026","rel":"","context":"En \u00abPOLITICA\u00bb","block_context":{"text":"POLITICA","link":"https:\/\/lasprimeras.com.do\/index.php\/category\/politica\/"},"img":{"alt_text":"","src":"https:\/\/i0.wp.com\/lasprimeras.com.do\/wp-content\/uploads\/2025\/09\/Luis-Abinader-3-1.jpg?resize=350%2C200&ssl=1","width":350,"height":200,"srcset":"https:\/\/i0.wp.com\/lasprimeras.com.do\/wp-content\/uploads\/2025\/09\/Luis-Abinader-3-1.jpg?resize=350%2C200&ssl=1 1x, https:\/\/i0.wp.com\/lasprimeras.com.do\/wp-content\/uploads\/2025\/09\/Luis-Abinader-3-1.jpg?resize=525%2C300&ssl=1 1.5x, https:\/\/i0.wp.com\/lasprimeras.com.do\/wp-content\/uploads\/2025\/09\/Luis-Abinader-3-1.jpg?resize=700%2C400&ssl=1 2x"},"classes":[]},{"id":79412,"url":"https:\/\/lasprimeras.com.do\/index.php\/2024\/03\/27\/presidente-udc-pide-apoyo-al-gobierno-frente-a-crisis-en-haiti\/","url_meta":{"origin":79332,"position":2},"title":"Presidente UDC pide apoyo al Gobierno frente a crisis en Hait\u00ed","author":"BIMARY DE JES\u00daS Matos","date":"27 de marzo de 2024","format":false,"excerpt":"Santo Domingo.- El presidente de la organizaci\u00f3n Uni\u00f3n Dem\u00f3crata Cristiana (UDC) Luis Acosta Moreta (Luis El Gallo), pidi\u00f3 al pueblo dominicano que ofrezca su apoyo a la pol\u00edtica nacionalista y democr\u00e1tica del presidente Luis Abinader, ante lo que consider\u00f3 \u00abprovocaciones de los haitianos\u00bb. Tambi\u00e9n pidi\u00f3 que el pueblo respalde la\u2026","rel":"","context":"En \u00abSin categor\u00eda\u00bb","block_context":{"text":"Sin categor\u00eda","link":"https:\/\/lasprimeras.com.do\/index.php\/category\/sin-categoria\/"},"img":{"alt_text":"","src":"","width":0,"height":0},"classes":[]},{"id":100262,"url":"https:\/\/lasprimeras.com.do\/index.php\/2025\/06\/04\/luis-el-gallo-felicita-a-migracion-por-deportar-a-cientos-de-miles-de-haitianos\/","url_meta":{"origin":79332,"position":3},"title":"Luis \u201cEl Gallo\u201d felicita a Migraci\u00f3n por deportar a cientos de miles de haitianos","author":"Nelson Feliz","date":"4 de junio de 2025","format":false,"excerpt":"El presidente de la Uni\u00f3n Dem\u00f3crata Cristiana \u2013UDC-, Luis Acosta Moreta, Luis \u201cEl Gallo\u201d, dio hoy su respaldo a la Direcci\u00f3n General de Migraci\u00f3n, por el excelente trabajo que realiza con la deportaci\u00f3n de indocumentados. Destac\u00f3 que el vicealmirante Luis Rafael Lee Ballester ejecuta una gran labor al frente de\u2026","rel":"","context":"En \u00abPOLITICA\u00bb","block_context":{"text":"POLITICA","link":"https:\/\/lasprimeras.com.do\/index.php\/category\/politica\/"},"img":{"alt_text":"Luis Acosta Moreta","src":"https:\/\/i0.wp.com\/lasprimeras.com.do\/wp-content\/uploads\/2025\/06\/Luis-Acosta-Moreta.jpg?resize=350%2C200&ssl=1","width":350,"height":200,"srcset":"https:\/\/i0.wp.com\/lasprimeras.com.do\/wp-content\/uploads\/2025\/06\/Luis-Acosta-Moreta.jpg?resize=350%2C200&ssl=1 1x, https:\/\/i0.wp.com\/lasprimeras.com.do\/wp-content\/uploads\/2025\/06\/Luis-Acosta-Moreta.jpg?resize=525%2C300&ssl=1 1.5x, https:\/\/i0.wp.com\/lasprimeras.com.do\/wp-content\/uploads\/2025\/06\/Luis-Acosta-Moreta.jpg?resize=700%2C400&ssl=1 2x"},"classes":[]},{"id":53953,"url":"https:\/\/lasprimeras.com.do\/index.php\/2023\/07\/03\/luis-el-gallo-apoya-accion-patriotica-de-abinader-rechazar-rd-cargue-con-problemas-haitianos\/","url_meta":{"origin":79332,"position":4},"title":"Luis \u201cEl Gallo\u201d apoya acci\u00f3n patri\u00f3tica de Abinader, rechazar RD cargue con problemas haitianos","author":"Nelson Feliz","date":"3 de julio de 2023","format":false,"excerpt":"El presidente de la Uni\u00f3n Dem\u00f3crata Cristiana -UDC-, Luis Acosta Moreta, \u201cEl Gallo\u201d respald\u00f3 hoy por ser\u00a0 un\u00a0 gesto\u00a0 patri\u00f3tico y nacionalista, el rechazo del presidente Luis Abinader a las presiones para que los dominicanos echen sobre sus hombros la crisis haitiana. Dijo que\u00a0 los dominicanos que les duele el\u2026","rel":"","context":"En \u00abPORTADA\u00bb","block_context":{"text":"PORTADA","link":"https:\/\/lasprimeras.com.do\/index.php\/category\/portada\/"},"img":{"alt_text":"Luis Abinader","src":"https:\/\/i0.wp.com\/lasprimeras.com.do\/wp-content\/uploads\/2023\/07\/Luis-Abinader-PP-1.jpg?resize=350%2C200&ssl=1","width":350,"height":200,"srcset":"https:\/\/i0.wp.com\/lasprimeras.com.do\/wp-content\/uploads\/2023\/07\/Luis-Abinader-PP-1.jpg?resize=350%2C200&ssl=1 1x, https:\/\/i0.wp.com\/lasprimeras.com.do\/wp-content\/uploads\/2023\/07\/Luis-Abinader-PP-1.jpg?resize=525%2C300&ssl=1 1.5x"},"classes":[]},{"id":124784,"url":"https:\/\/lasprimeras.com.do\/index.php\/2026\/03\/16\/luis-el-gallo-dominicanos-deben-apartarse-de-la-crisis-haitiana\/","url_meta":{"origin":79332,"position":5},"title":"Luis \u201cEl Gallo\u201d: Dominicanos deben apartarse de la crisis haitiana","author":"Nelson Feliz","date":"16 de marzo de 2026","format":false,"excerpt":"El presidente de la Uni\u00f3n Dem\u00f3\u00e7rata Cristiana \u2013UDC-, Luis Acosta Moreta, \u201cLuis El Gallo\u201d, consider\u00f3 hoy que los dominicanos se deben mantener apartados de la crisis interna de Hait\u00ed, y seguir aplicando la pol\u00edtica de deportaci\u00f3n de migrantes indocumentados. Dijo que cualquier conversaci\u00f3n que tenga lugar entre las autoridades haitianas\u2026","rel":"","context":"En \u00abPOLITICA\u00bb","block_context":{"text":"POLITICA","link":"https:\/\/lasprimeras.com.do\/index.php\/category\/politica\/"},"img":{"alt_text":"Luis Acosta Moreta","src":"https:\/\/i0.wp.com\/lasprimeras.com.do\/wp-content\/uploads\/2025\/07\/Luis-Acosta-Moreta.png?resize=350%2C200&ssl=1","width":350,"height":200},"classes":[]}],"jetpack_sharing_enabled":true,"_links":{"self":[{"href":"https:\/\/lasprimeras.com.do\/index.php\/wp-json\/wp\/v2\/posts\/79332","targetHints":{"allow":["GET"]}}],"collection":[{"href":"https:\/\/lasprimeras.com.do\/index.php\/wp-json\/wp\/v2\/posts"}],"about":[{"href":"https:\/\/lasprimeras.com.do\/index.php\/wp-json\/wp\/v2\/types\/post"}],"author":[{"embeddable":true,"href":"https:\/\/lasprimeras.com.do\/index.php\/wp-json\/wp\/v2\/users\/3"}],"replies":[{"embeddable":true,"href":"https:\/\/lasprimeras.com.do\/index.php\/wp-json\/wp\/v2\/comments?post=79332"}],"version-history":[{"count":2,"href":"https:\/\/lasprimeras.com.do\/index.php\/wp-json\/wp\/v2\/posts\/79332\/revisions"}],"predecessor-version":[{"id":79370,"href":"https:\/\/lasprimeras.com.do\/index.php\/wp-json\/wp\/v2\/posts\/79332\/revisions\/79370"}],"wp:featuredmedia":[{"embeddable":true,"href":"https:\/\/lasprimeras.com.do\/index.php\/wp-json\/wp\/v2\/media\/79333"}],"wp:attachment":[{"href":"https:\/\/lasprimeras.com.do\/index.php\/wp-json\/wp\/v2\/media?parent=79332"}],"wp:term":[{"taxonomy":"category","embeddable":true,"href":"https:\/\/lasprimeras.com.do\/index.php\/wp-json\/wp\/v2\/categories?post=79332"},{"taxonomy":"post_tag","embeddable":true,"href":"https:\/\/lasprimeras.com.do\/index.php\/wp-json\/wp\/v2\/tags?post=79332"}],"curies":[{"name":"wp","href":"https:\/\/api.w.org\/{rel}","templated":true}]}}